{"id":73901,"date":"2022-06-17T14:39:54","date_gmt":"2022-06-17T14:39:54","guid":{"rendered":"http:\/\/www.noticiasradioreflejos.com.ar\/2021\/?p=73901"},"modified":"2022-06-17T14:39:54","modified_gmt":"2022-06-17T14:39:54","slug":"cobran-en-junio-la-segunda-cuota-del-refuerzo-de-ingresos-75-millones-de-personas","status":"publish","type":"post","link":"https:\/\/www.noticiasradioreflejos.com.ar\/2021\/cobran-en-junio-la-segunda-cuota-del-refuerzo-de-ingresos-75-millones-de-personas\/","title":{"rendered":"Cobran en junio la segunda cuota del refuerzo de ingresos 7,5 millones de personas"},"content":{"rendered":"<p>Los beneficiarios recibir\u00e1n los $9.000 en la misma cuenta en la que cobraron el primer pago. \u00abLa medida representa una inversi\u00f3n social de 206 mil millones de pesos, afirm\u00f3 la titular de Anses, Fernanda Raverta.<!--more--><\/p>\n<figure class=\"mb-3\"><img decoding=\"async\" src=\"https:\/\/www.telam.com.ar\/thumbs\/bluesteel\/advf\/imagenes\/2020\/09\/5f560de1317d9_900.jpg\" alt=\"75 millones de personas cobrarn este mes la segunda cuota de 9000 pesos\" width=\"100%\" height=\"100%\" \/><\/p>\n<div class=\"media-icons\"><\/div><figcaption>7,5 millones de personas cobrar\u00e1n este mes la segunda cuota de 9.000 pesos.<\/figcaption><\/figure>\n<p><strong>Un total de 7,5 millones de personas<\/strong>\u00a0cobrar\u00e1n este mes la\u00a0<strong>segunda cuota de 9.000<\/strong>\u00a0pesos del Refuerzo de Ingresos dispuesto por el Gobierno Nacional para mejorar el poder adquisitivo de la poblaci\u00f3n, anunci\u00f3 la Administraci\u00f3n Nacional de la Seguridad Social (Anses).<\/p>\n<p>\u00abEn el marco de las pol\u00edticas econ\u00f3micas llevadas adelante por el Gobierno nacional para proteger y mejorar el poder adquisitivo, en todo el pa\u00eds,<strong>\u00a07,5 millones de personas cobran en el mes de junio la segunda cuota de 9.000 pesos del Refuerzo de Ingresos<\/strong>\u00ab, destac\u00f3 en un comunicado el organismo que conduce Fernanda Raverta.<\/p>\n<p>En ese sentido, indic\u00f3 la Anses que \u00abla medida representa a nivel pa\u00eds una inversi\u00f3n social de 206 mil millones de pesos del Estado nacional, considerando las dos cuotas correspondientes a mayo y junio,\u00a0<strong>para fortalecer los ingresos de m\u00e1s de 6.1 millones de jubilados y pensionados y 7,5 millones de trabajadoras y trabajadores sin ingresos formales<\/strong>, de casas particulares, monotributistas sociales y de las categor\u00edas A y B\u00bb.<\/p>\n<p>Adem\u00e1s, 240 mil porte\u00f1os cobrar\u00e1n en junio la segunda cuota del Refuerzo de Ingresos, y la medida representa una inversi\u00f3n social del Estado Nacional en la Ciudad Aut\u00f3noma de Buenos Aires de 2.160 millones de pesos.<\/p>\n<p>A nivel pa\u00eds, entre mayo y junio, con el Refuerzo de Ingresos el Estado nacional totaliza una inversi\u00f3n social de 206 mil millones de pesos para fortalecer los ingresos de m\u00e1s de 6.1 millones de jubilados y pensionados y 7,5 millones de trabajadoras y trabajadores sin ingresos formales, de casas particulares, monotributistas sociales y de las categor\u00edas A y B.<\/p>\n<p>El cronograma de cobro del segundo pago del Refuerzo de Ingresos comenz\u00f3 el 15 de junio seg\u00fan terminaci\u00f3n de Documento Nacional de Identidad (DNI).<\/p>\n<p>Los beneficiarios recibir\u00e1n los $9.000 en la misma CBU en la que cobraron el primer pago, y que informaron al momento de completar la inscripci\u00f3n.<\/p>\n","protected":false},"excerpt":{"rendered":"<p>Los beneficiarios recibir\u00e1n los $9.000 en la misma cuenta en la que cobraron el primer pago. \u00abLa medida representa una inversi\u00f3n social de 206 mil millones de pesos, afirm\u00f3 la titular de Anses, Fernanda Raverta.<\/p>\n","protected":false},"author":3,"featured_media":0,"comment_status":"closed","ping_status":"closed","sticky":false,"template":"","format":"standard","meta":{"footnotes":""},"categories":[34,33],"tags":[],"class_list":["post-73901","post","type-post","status-publish","format-standard","hentry","category-educacion","category-turismo"],"yoast_head":"<!-- This site is optimized with the Yoast SEO plugin v25.9 - https:\/\/yoast.com\/wordpress\/plugins\/seo\/ -->\n<title>Cobran en junio la segunda cuota del refuerzo de ingresos 7,5 millones de personas - Noticias Radio Reflejos<\/title>\n<meta name=\"robots\" content=\"index, follow, max-snippet:-1, max-image-preview:large, max-video-preview:-1\" \/>\n<link rel=\"canonical\" href=\"https:\/\/www.noticiasradioreflejos.com.ar\/2021\/cobran-en-junio-la-segunda-cuota-del-refuerzo-de-ingresos-75-millones-de-personas\/\" \/>\n<meta property=\"og:locale\" content=\"es_ES\" \/>\n<meta property=\"og:type\" content=\"article\" \/>\n<meta property=\"og:title\" content=\"Cobran en junio la segunda cuota del refuerzo de ingresos 7,5 millones de personas - Noticias Radio Reflejos\" \/>\n<meta property=\"og:description\" content=\"Los beneficiarios recibir\u00e1n los $9.000 en la misma cuenta en la que cobraron el primer pago. \u00abLa medida representa una inversi\u00f3n social de 206 mil millones de pesos, afirm\u00f3 la titular de Anses, Fernanda Raverta.\" \/>\n<meta property=\"og:url\" content=\"https:\/\/www.noticiasradioreflejos.com.ar\/2021\/cobran-en-junio-la-segunda-cuota-del-refuerzo-de-ingresos-75-millones-de-personas\/\" \/>\n<meta property=\"og:site_name\" content=\"Noticias Radio Reflejos\" \/>\n<meta property=\"article:published_time\" content=\"2022-06-17T14:39:54+00:00\" \/>\n<meta property=\"og:image\" content=\"https:\/\/www.telam.com.ar\/thumbs\/bluesteel\/advf\/imagenes\/2020\/09\/5f560de1317d9_900.jpg\" \/>\n<meta name=\"author\" content=\"Arnaldo Botto\" \/>\n<meta name=\"twitter:card\" content=\"summary_large_image\" \/>\n<script type=\"application\/ld+json\" class=\"yoast-schema-graph\">{\"@context\":\"https:\/\/schema.org\",\"@graph\":[{\"@type\":\"WebPage\",\"@id\":\"https:\/\/www.noticiasradioreflejos.com.ar\/2021\/cobran-en-junio-la-segunda-cuota-del-refuerzo-de-ingresos-75-millones-de-personas\/\",\"url\":\"https:\/\/www.noticiasradioreflejos.com.ar\/2021\/cobran-en-junio-la-segunda-cuota-del-refuerzo-de-ingresos-75-millones-de-personas\/\",\"name\":\"Cobran en junio la segunda cuota del refuerzo de ingresos 7,5 millones de personas - Noticias Radio Reflejos\",\"isPartOf\":{\"@id\":\"https:\/\/www.noticiasradioreflejos.com.ar\/2021\/#website\"},\"primaryImageOfPage\":{\"@id\":\"https:\/\/www.noticiasradioreflejos.com.ar\/2021\/cobran-en-junio-la-segunda-cuota-del-refuerzo-de-ingresos-75-millones-de-personas\/#primaryimage\"},\"image\":{\"@id\":\"https:\/\/www.noticiasradioreflejos.com.ar\/2021\/cobran-en-junio-la-segunda-cuota-del-refuerzo-de-ingresos-75-millones-de-personas\/#primaryimage\"},\"thumbnailUrl\":\"https:\/\/www.telam.com.ar\/thumbs\/bluesteel\/advf\/imagenes\/2020\/09\/5f560de1317d9_900.jpg\",\"datePublished\":\"2022-06-17T14:39:54+00:00\",\"author\":{\"@id\":\"https:\/\/www.noticiasradioreflejos.com.ar\/2021\/#\/schema\/person\/ad82545263dcc5ec0996818884fd5fb1\"},\"breadcrumb\":{\"@id\":\"https:\/\/www.noticiasradioreflejos.com.ar\/2021\/cobran-en-junio-la-segunda-cuota-del-refuerzo-de-ingresos-75-millones-de-personas\/#breadcrumb\"},\"inLanguage\":\"es\",\"potentialAction\":[{\"@type\":\"ReadAction\",\"target\":[\"https:\/\/www.noticiasradioreflejos.com.ar\/2021\/cobran-en-junio-la-segunda-cuota-del-refuerzo-de-ingresos-75-millones-de-personas\/\"]}]},{\"@type\":\"ImageObject\",\"inLanguage\":\"es\",\"@id\":\"https:\/\/www.noticiasradioreflejos.com.ar\/2021\/cobran-en-junio-la-segunda-cuota-del-refuerzo-de-ingresos-75-millones-de-personas\/#primaryimage\",\"url\":\"https:\/\/www.telam.com.ar\/thumbs\/bluesteel\/advf\/imagenes\/2020\/09\/5f560de1317d9_900.jpg\",\"contentUrl\":\"https:\/\/www.telam.com.ar\/thumbs\/bluesteel\/advf\/imagenes\/2020\/09\/5f560de1317d9_900.jpg\"},{\"@type\":\"BreadcrumbList\",\"@id\":\"https:\/\/www.noticiasradioreflejos.com.ar\/2021\/cobran-en-junio-la-segunda-cuota-del-refuerzo-de-ingresos-75-millones-de-personas\/#breadcrumb\",\"itemListElement\":[{\"@type\":\"ListItem\",\"position\":1,\"name\":\"Portada\",\"item\":\"https:\/\/www.noticiasradioreflejos.com.ar\/2021\/\"},{\"@type\":\"ListItem\",\"position\":2,\"name\":\"Cobran en junio la segunda cuota del refuerzo de ingresos 7,5 millones de personas\"}]},{\"@type\":\"WebSite\",\"@id\":\"https:\/\/www.noticiasradioreflejos.com.ar\/2021\/#website\",\"url\":\"https:\/\/www.noticiasradioreflejos.com.ar\/2021\/\",\"name\":\"Noticias Radio Reflejos\",\"description\":\"Las noticias de mi comarca\",\"potentialAction\":[{\"@type\":\"SearchAction\",\"target\":{\"@type\":\"EntryPoint\",\"urlTemplate\":\"https:\/\/www.noticiasradioreflejos.com.ar\/2021\/?s={search_term_string}\"},\"query-input\":{\"@type\":\"PropertyValueSpecification\",\"valueRequired\":true,\"valueName\":\"search_term_string\"}}],\"inLanguage\":\"es\"},{\"@type\":\"Person\",\"@id\":\"https:\/\/www.noticiasradioreflejos.com.ar\/2021\/#\/schema\/person\/ad82545263dcc5ec0996818884fd5fb1\",\"name\":\"Arnaldo Botto\",\"image\":{\"@type\":\"ImageObject\",\"inLanguage\":\"es\",\"@id\":\"https:\/\/www.noticiasradioreflejos.com.ar\/2021\/#\/schema\/person\/image\/\",\"url\":\"https:\/\/secure.gravatar.com\/avatar\/55cb5e37c1efa326397366e6974cb338056df65cb50e7d64d1cf314e87504837?s=96&d=mm&r=g\",\"contentUrl\":\"https:\/\/secure.gravatar.com\/avatar\/55cb5e37c1efa326397366e6974cb338056df65cb50e7d64d1cf314e87504837?s=96&d=mm&r=g\",\"caption\":\"Arnaldo Botto\"},\"url\":\"https:\/\/www.noticiasradioreflejos.com.ar\/2021\/author\/arnaldo\/\"}]}<\/script>\n<!-- \/ Yoast SEO plugin. -->","yoast_head_json":{"title":"Cobran en junio la segunda cuota del refuerzo de ingresos 7,5 millones de personas - Noticias Radio Reflejos","robots":{"index":"index","follow":"follow","max-snippet":"max-snippet:-1","max-image-preview":"max-image-preview:large","max-video-preview":"max-video-preview:-1"},"canonical":"https:\/\/www.noticiasradioreflejos.com.ar\/2021\/cobran-en-junio-la-segunda-cuota-del-refuerzo-de-ingresos-75-millones-de-personas\/","og_locale":"es_ES","og_type":"article","og_title":"Cobran en junio la segunda cuota del refuerzo de ingresos 7,5 millones de personas - Noticias Radio Reflejos","og_description":"Los beneficiarios recibir\u00e1n los $9.000 en la misma cuenta en la que cobraron el primer pago. \u00abLa medida representa una inversi\u00f3n social de 206 mil millones de pesos, afirm\u00f3 la titular de Anses, Fernanda Raverta.","og_url":"https:\/\/www.noticiasradioreflejos.com.ar\/2021\/cobran-en-junio-la-segunda-cuota-del-refuerzo-de-ingresos-75-millones-de-personas\/","og_site_name":"Noticias Radio Reflejos","article_published_time":"2022-06-17T14:39:54+00:00","og_image":[{"url":"https:\/\/www.telam.com.ar\/thumbs\/bluesteel\/advf\/imagenes\/2020\/09\/5f560de1317d9_900.jpg","type":"","width":"","height":""}],"author":"Arnaldo Botto","twitter_card":"summary_large_image","schema":{"@context":"https:\/\/schema.org","@graph":[{"@type":"WebPage","@id":"https:\/\/www.noticiasradioreflejos.com.ar\/2021\/cobran-en-junio-la-segunda-cuota-del-refuerzo-de-ingresos-75-millones-de-personas\/","url":"https:\/\/www.noticiasradioreflejos.com.ar\/2021\/cobran-en-junio-la-segunda-cuota-del-refuerzo-de-ingresos-75-millones-de-personas\/","name":"Cobran en junio la segunda cuota del refuerzo de ingresos 7,5 millones de personas - Noticias Radio Reflejos","isPartOf":{"@id":"https:\/\/www.noticiasradioreflejos.com.ar\/2021\/#website"},"primaryImageOfPage":{"@id":"https:\/\/www.noticiasradioreflejos.com.ar\/2021\/cobran-en-junio-la-segunda-cuota-del-refuerzo-de-ingresos-75-millones-de-personas\/#primaryimage"},"image":{"@id":"https:\/\/www.noticiasradioreflejos.com.ar\/2021\/cobran-en-junio-la-segunda-cuota-del-refuerzo-de-ingresos-75-millones-de-personas\/#primaryimage"},"thumbnailUrl":"https:\/\/www.telam.com.ar\/thumbs\/bluesteel\/advf\/imagenes\/2020\/09\/5f560de1317d9_900.jpg","datePublished":"2022-06-17T14:39:54+00:00","author":{"@id":"https:\/\/www.noticiasradioreflejos.com.ar\/2021\/#\/schema\/person\/ad82545263dcc5ec0996818884fd5fb1"},"breadcrumb":{"@id":"https:\/\/www.noticiasradioreflejos.com.ar\/2021\/cobran-en-junio-la-segunda-cuota-del-refuerzo-de-ingresos-75-millones-de-personas\/#breadcrumb"},"inLanguage":"es","potentialAction":[{"@type":"ReadAction","target":["https:\/\/www.noticiasradioreflejos.com.ar\/2021\/cobran-en-junio-la-segunda-cuota-del-refuerzo-de-ingresos-75-millones-de-personas\/"]}]},{"@type":"ImageObject","inLanguage":"es","@id":"https:\/\/www.noticiasradioreflejos.com.ar\/2021\/cobran-en-junio-la-segunda-cuota-del-refuerzo-de-ingresos-75-millones-de-personas\/#primaryimage","url":"https:\/\/www.telam.com.ar\/thumbs\/bluesteel\/advf\/imagenes\/2020\/09\/5f560de1317d9_900.jpg","contentUrl":"https:\/\/www.telam.com.ar\/thumbs\/bluesteel\/advf\/imagenes\/2020\/09\/5f560de1317d9_900.jpg"},{"@type":"BreadcrumbList","@id":"https:\/\/www.noticiasradioreflejos.com.ar\/2021\/cobran-en-junio-la-segunda-cuota-del-refuerzo-de-ingresos-75-millones-de-personas\/#breadcrumb","itemListElement":[{"@type":"ListItem","position":1,"name":"Portada","item":"https:\/\/www.noticiasradioreflejos.com.ar\/2021\/"},{"@type":"ListItem","position":2,"name":"Cobran en junio la segunda cuota del refuerzo de ingresos 7,5 millones de personas"}]},{"@type":"WebSite","@id":"https:\/\/www.noticiasradioreflejos.com.ar\/2021\/#website","url":"https:\/\/www.noticiasradioreflejos.com.ar\/2021\/","name":"Noticias Radio Reflejos","description":"Las noticias de mi comarca","potentialAction":[{"@type":"SearchAction","target":{"@type":"EntryPoint","urlTemplate":"https:\/\/www.noticiasradioreflejos.com.ar\/2021\/?s={search_term_string}"},"query-input":{"@type":"PropertyValueSpecification","valueRequired":true,"valueName":"search_term_string"}}],"inLanguage":"es"},{"@type":"Person","@id":"https:\/\/www.noticiasradioreflejos.com.ar\/2021\/#\/schema\/person\/ad82545263dcc5ec0996818884fd5fb1","name":"Arnaldo Botto","image":{"@type":"ImageObject","inLanguage":"es","@id":"https:\/\/www.noticiasradioreflejos.com.ar\/2021\/#\/schema\/person\/image\/","url":"https:\/\/secure.gravatar.com\/avatar\/55cb5e37c1efa326397366e6974cb338056df65cb50e7d64d1cf314e87504837?s=96&d=mm&r=g","contentUrl":"https:\/\/secure.gravatar.com\/avatar\/55cb5e37c1efa326397366e6974cb338056df65cb50e7d64d1cf314e87504837?s=96&d=mm&r=g","caption":"Arnaldo Botto"},"url":"https:\/\/www.noticiasradioreflejos.com.ar\/2021\/author\/arnaldo\/"}]}},"_links":{"self":[{"href":"https:\/\/www.noticiasradioreflejos.com.ar\/2021\/wp-json\/wp\/v2\/posts\/73901","targetHints":{"allow":["GET"]}}],"collection":[{"href":"https:\/\/www.noticiasradioreflejos.com.ar\/2021\/wp-json\/wp\/v2\/posts"}],"about":[{"href":"https:\/\/www.noticiasradioreflejos.com.ar\/2021\/wp-json\/wp\/v2\/types\/post"}],"author":[{"embeddable":true,"href":"https:\/\/www.noticiasradioreflejos.com.ar\/2021\/wp-json\/wp\/v2\/users\/3"}],"replies":[{"embeddable":true,"href":"https:\/\/www.noticiasradioreflejos.com.ar\/2021\/wp-json\/wp\/v2\/comments?post=73901"}],"version-history":[{"count":1,"href":"https:\/\/www.noticiasradioreflejos.com.ar\/2021\/wp-json\/wp\/v2\/posts\/73901\/revisions"}],"predecessor-version":[{"id":73903,"href":"https:\/\/www.noticiasradioreflejos.com.ar\/2021\/wp-json\/wp\/v2\/posts\/73901\/revisions\/73903"}],"wp:attachment":[{"href":"https:\/\/www.noticiasradioreflejos.com.ar\/2021\/wp-json\/wp\/v2\/media?parent=73901"}],"wp:term":[{"taxonomy":"category","embeddable":true,"href":"https:\/\/www.noticiasradioreflejos.com.ar\/2021\/wp-json\/wp\/v2\/categories?post=73901"},{"taxonomy":"post_tag","embeddable":true,"href":"https:\/\/www.noticiasradioreflejos.com.ar\/2021\/wp-json\/wp\/v2\/tags?post=73901"}],"curies":[{"name":"wp","href":"https:\/\/api.w.org\/{rel}","templated":true}]}}