{"id":73877,"date":"2022-06-17T10:24:36","date_gmt":"2022-06-17T10:24:36","guid":{"rendered":"http:\/\/www.noticiasradioreflejos.com.ar\/2021\/?p=73877"},"modified":"2022-06-17T10:24:36","modified_gmt":"2022-06-17T10:24:36","slug":"se-esperan-temperaturas-frias-y-tiempo-nublado-para-la-mayoria-de-los-destinos-turisticos","status":"publish","type":"post","link":"https:\/\/www.noticiasradioreflejos.com.ar\/2021\/se-esperan-temperaturas-frias-y-tiempo-nublado-para-la-mayoria-de-los-destinos-turisticos\/","title":{"rendered":"Se esperan temperaturas fr\u00edas y tiempo nublado para la mayor\u00eda de los destinos tur\u00edsticos"},"content":{"rendered":"<p>As\u00ed lo inform\u00f3 el Servicio Meteorol\u00f3gico Nacional, que anticip\u00f3 tambi\u00e9n que habr\u00e1 presencia de nevadas en algunas provincias patag\u00f3nicas. No obstante, hay reservas de entre un 60% a 90% de ocupaci\u00f3n en varios destinos.<!--more--><\/p>\n<figure class=\"mb-3\"><img decoding=\"async\" src=\"https:\/\/www.telam.com.ar\/thumbs\/bluesteel\/advf\/imagenes\/2022\/05\/628eb85910945_900.jpg\" alt=\"Ushuaia se prepara para recibir nevadas este fin de semana\" width=\"100%\" height=\"100%\" \/><\/p>\n<div class=\"media-icons\"><\/div><figcaption>Ushuaia se prepara para recibir nevadas este fin de semana.<\/figcaption><\/figure>\n<p>Los principales destinos tur\u00edsticos del pa\u00eds esperan para este fin de semana largo, por los feriados del\u00a0<strong>viernes 17 y el lunes 20 de junio<\/strong>, temperaturas bajas y nubosidad variable, con presencia de nevadas en algunas provincias patag\u00f3nicas, inform\u00f3 este jueves el\u00a0<strong>Servicio Meteorol\u00f3gico Nacional (SMN<\/strong>).<\/p>\n<p>En\u00a0<strong>Mar del Plata<\/strong>, se espera un viernes mayormente nublado con probabilidad de\u00a0<strong>chaparrones\u00a0<\/strong>y\u00a0<strong>ventoso<\/strong>, con temperaturas de entre\u00a0<strong>4 y 12 grado<\/strong>s, con descenso de temperatura hacia el domingo con una m\u00ednima de 2 y m\u00e1xima de 13, mientras que el lunes se espera una jornada fr\u00eda con -2 de m\u00ednima y 9 de m\u00e1xima.<\/p>\n<p>Las condiciones clim\u00e1ticas se presentan similares en otros destinos de la costa atl\u00e1ntica como\u00a0<strong>Villa Gesell y Pinamar<\/strong>, donde se esperan chaparrones y nubosidad variable, con -3 grados para el lunes en ambas ciudades.<\/p>\n<figure class=\"mb-3\"><img decoding=\"async\" src=\"https:\/\/www.telam.com.ar\/thumbs\/bluesteel\/advf\/imagenes\/2022\/05\/629656a516e49_900.jpg\" alt=\"Mar del Plata brinda una variada oferta cultural y gastronomica para los das fros Foto Diego Izquierdo\" width=\"100%\" height=\"100%\" \/><\/p>\n<div class=\"media-icons\"><\/div><figcaption>Mar del Plata brinda una variada oferta cultural y gastronomica para los d\u00edas fr\u00edos. \/\/ Foto: Diego Izquierdo<\/figcaption><\/figure>\n<p>En\u00a0<strong>Tandil<\/strong>, el SMN inform\u00f3 m\u00e1ximas que oscilar\u00e1 los\u00a0<strong>4 grados<\/strong>\u00a0el d\u00eda viernes y descender\u00e1 durante todo el fin de semana, con una m\u00ednima de\u00a0<strong>-4 pronosticada para el lunes<\/strong>, y m\u00e1ximas que variar\u00e1n entre los 10 y 12 grados.<\/p>\n<p>En las provincias de\u00a0<strong>C\u00f3rdoba\u00a0<\/strong>y\u00a0<strong>San Luis<\/strong>\u00a0las m\u00e1ximas oscilar\u00e1n entre los 16 y 21 grados, con una\u00a0<strong>m\u00ednima de 3 grados<\/strong>\u00a0para el d\u00eda viernes en ambas provincias, y el cielo se mantendr\u00e1 con nubosidad variable durante todo el fin de semana.<\/p>\n<p>Por su parte, en\u00a0<strong>Gualeguaych\u00fa\u00a0<\/strong>se espera una m\u00e1xima de entre 14 y 15 grados, con\u00a0<strong>m\u00ednimas que van desde los 0 grados el d\u00eda s\u00e1bado y 7 el d\u00eda lunes<\/strong>.<\/p>\n<p>En tanto, en el noroeste argentino y en la regi\u00f3n de\u00a0<strong>Cuyo<\/strong>, se esperan d\u00edas con cielo parcialmente nublado a despejado, en un fin de semana que contar\u00e1 con temperaturas que oscilar\u00e1n entre los\u00a0<strong>3 y 7 de m\u00ednima<\/strong>\u00a0y m\u00e1ximas entre 15 y 22, mientras que, la provincia de San Juan, por su parte, tendr\u00e1 el d\u00eda viernes una jornada fr\u00eda y una m\u00ednima de -1 grado.<\/p>\n<figure class=\"mb-3\"><img decoding=\"async\" src=\"https:\/\/www.telam.com.ar\/thumbs\/bluesteel\/advf\/imagenes\/2022\/06\/62ab9e9a6ce7e_900.jpg\" alt=\"El gobernador del Chubut dej oficialmente inaugurada la temporada de ballenas Foto Jonas Maxi\" width=\"100%\" height=\"100%\" \/><\/p>\n<div class=\"media-icons\"><\/div><figcaption>El gobernador del Chubut dej\u00f3 oficialmente inaugurada la temporada de ballenas. \/\/ Foto: Jonas Maxi<\/figcaption><\/figure>\n<p>En\u00a0<strong>El Calafate<\/strong>, el viernes permanecer\u00e1 parcialmente nublado con probabilidad de\u00a0<strong>lluvias\u00a0<\/strong>y\u00a0<strong>nevadas<\/strong>\u00a0por la tarde con una m\u00e1xima de 5 grados, mientras que los d\u00edas s\u00e1bado, domingo y lunes permanecer\u00e1 nublado, con<strong>\u00a0m\u00ednimas de -4 y -2<\/strong>\u00a0y una m\u00e1xima de 2 grados durante todo el fin de semana.<\/p>\n<p>Seg\u00fan consign\u00f3 el SMN, en\u00a0<strong>Puerto Iguaz\u00fa<\/strong>\u00a0se espera un viernes con\u00a0<strong>tormentas<\/strong>, s\u00e1bado y domingo parcialmente\u00a0<strong>nublado<\/strong>\u00a0a despejado, con probabilidad de chaparrones el d\u00eda lunes, con una m\u00ednima de entre 7 y 14 grados y m\u00e1ximas que se elevar\u00e1n entre los 17 y 20 grados.<\/p>\n<p>A su vez, en\u00a0<strong>Mendoza\u00a0<\/strong>se espera un fin de semana parcialmente nublado con temperaturas\u00a0<strong>m\u00ednimas de entre 1 y 3 grados<\/strong>\u00a0y una m\u00e1xima de 17.<\/p>\n<p>En\u00a0<a href=\"https:\/\/www.telam.com.ar\/notas\/202206\/595715-gobernador-chubut-inauguracion-temporada-ballenas.html\" target=\"_blank\" rel=\"noopener\">Puerto Madryn<\/a>\u00a0se espera probabilidad de\u00a0<strong>chaparrones\u00a0<\/strong>durante la madrugada y ma\u00f1ana del viernes, con una\u00a0<strong>m\u00ednima de 3 grados que desciende a -1 el d\u00eda domingo<\/strong>\u00a0y una m\u00e1xima que oscila entre los 8 y 10 grados, mientras que se pronostica mayormente nublado entre el s\u00e1bado y el lunes.<\/p>\n<blockquote class=\"twitter-tweet\" data-width=\"500\" data-dnt=\"true\">\n<p lang=\"es\" dir=\"ltr\">\ud83c\udf2c\ufe0f\u26a0\ufe0fDesde hoy el avance de un sistema frontal provocar\u00e1 condiciones muy ventosas en Patagonia, con r\u00e1fagas superiores a 90 km\/h.<\/p>\n<p>El viernes el fen\u00f3meno afectar\u00e1 a la regi\u00f3n central, con r\u00e1fagas por encima de los 70 km\/h en parte de La Pampa y Bs As.<\/p>\n<p>\ud83d\udc49\ud83c\udffb<a href=\"https:\/\/t.co\/GRjfngol65\">https:\/\/t.co\/GRjfngol65<\/a> <a href=\"https:\/\/t.co\/S1CB5We7do\">pic.twitter.com\/S1CB5We7do<\/a><\/p>\n<p>&mdash; SMN Argentina (@SMN_Argentina) <a href=\"https:\/\/twitter.com\/SMN_Argentina\/status\/1537434354548232192?ref_src=twsrc%5Etfw\">June 16, 2022<\/a><\/p><\/blockquote>\n<p><script async src=\"https:\/\/platform.twitter.com\/widgets.js\" charset=\"utf-8\"><\/script><\/p>\n<p>En\u00a0<strong>Bariloche<\/strong>, el viernes hay probabilidad de\u00a0<strong>lluvias\u00a0<\/strong>y\u00a0<strong>nevadas\u00a0<\/strong>durante la madrugada y la ma\u00f1ana, mientras que para el d\u00eda lunes se reitera este pron\u00f3stico agregando tambi\u00e9n lluvias y nevadas durante la tarde\/noche.<\/p>\n<p>Los d\u00edas s\u00e1bado y domingo se mantendr\u00e1n parcialmente nublados, con una temperatura m\u00ednima de -4 que incrementar\u00e1 hasta -1 el d\u00eda lunes, y temperatura m\u00e1xima de 4 grados.<\/p>\n<p>Por \u00faltimo, seg\u00fan el SMN,\u00a0<strong>Ushuaia<\/strong>\u00a0tendr\u00e1 un d\u00eda viernes con probabilidad de lluvias y nevadas durante todo el d\u00eda, manteni\u00e9ndose la probabilidad de nevada los d\u00edas s\u00e1bado y lunes, con temperaturas<strong>\u00a0m\u00ednimas de -3 grados<\/strong>\u00a0y m\u00e1ximas entre -1 y 0 grados.<\/p>\n","protected":false},"excerpt":{"rendered":"<p>As\u00ed lo inform\u00f3 el Servicio Meteorol\u00f3gico Nacional, que anticip\u00f3 tambi\u00e9n que habr\u00e1 presencia de nevadas en algunas provincias patag\u00f3nicas. No obstante, hay reservas de entre un 60% a 90% de ocupaci\u00f3n en varios destinos.<\/p>\n","protected":false},"author":3,"featured_media":59921,"comment_status":"closed","ping_status":"closed","sticky":false,"template":"","format":"standard","meta":{"footnotes":""},"categories":[46,26,33],"tags":[48],"class_list":["post-73877","post","type-post","status-publish","format-standard","has-post-thumbnail","hentry","category-ciencia-y-tecnologia","category-sociedad","category-turismo","tag-destacada"],"yoast_head":"<!-- This site is optimized with the Yoast SEO plugin v25.9 - https:\/\/yoast.com\/wordpress\/plugins\/seo\/ -->\n<title>Se esperan temperaturas fr\u00edas y tiempo nublado para la mayor\u00eda de los destinos tur\u00edsticos - Noticias Radio Reflejos<\/title>\n<meta name=\"robots\" content=\"index, follow, max-snippet:-1, max-image-preview:large, max-video-preview:-1\" \/>\n<link rel=\"canonical\" href=\"https:\/\/www.noticiasradioreflejos.com.ar\/2021\/se-esperan-temperaturas-frias-y-tiempo-nublado-para-la-mayoria-de-los-destinos-turisticos\/\" \/>\n<meta property=\"og:locale\" content=\"es_ES\" \/>\n<meta property=\"og:type\" content=\"article\" \/>\n<meta property=\"og:title\" content=\"Se esperan temperaturas fr\u00edas y tiempo nublado para la mayor\u00eda de los destinos tur\u00edsticos - Noticias Radio Reflejos\" \/>\n<meta property=\"og:description\" content=\"As\u00ed lo inform\u00f3 el Servicio Meteorol\u00f3gico Nacional, que anticip\u00f3 tambi\u00e9n que habr\u00e1 presencia de nevadas en algunas provincias patag\u00f3nicas. No obstante, hay reservas de entre un 60% a 90% de ocupaci\u00f3n en varios destinos.\" \/>\n<meta property=\"og:url\" content=\"https:\/\/www.noticiasradioreflejos.com.ar\/2021\/se-esperan-temperaturas-frias-y-tiempo-nublado-para-la-mayoria-de-los-destinos-turisticos\/\" \/>\n<meta property=\"og:site_name\" content=\"Noticias Radio Reflejos\" \/>\n<meta property=\"article:published_time\" content=\"2022-06-17T10:24:36+00:00\" \/>\n<meta property=\"og:image\" content=\"https:\/\/www.noticiasradioreflejos.com.ar\/2021\/wp-content\/uploads\/2021\/07\/Sierras-nevadas.jpg\" \/>\n\t<meta property=\"og:image:width\" content=\"2048\" \/>\n\t<meta property=\"og:image:height\" content=\"1365\" \/>\n\t<meta property=\"og:image:type\" content=\"image\/jpeg\" \/>\n<meta name=\"author\" content=\"Arnaldo Botto\" \/>\n<meta name=\"twitter:card\" content=\"summary_large_image\" \/>\n<script type=\"application\/ld+json\" class=\"yoast-schema-graph\">{\"@context\":\"https:\/\/schema.org\",\"@graph\":[{\"@type\":\"WebPage\",\"@id\":\"https:\/\/www.noticiasradioreflejos.com.ar\/2021\/se-esperan-temperaturas-frias-y-tiempo-nublado-para-la-mayoria-de-los-destinos-turisticos\/\",\"url\":\"https:\/\/www.noticiasradioreflejos.com.ar\/2021\/se-esperan-temperaturas-frias-y-tiempo-nublado-para-la-mayoria-de-los-destinos-turisticos\/\",\"name\":\"Se esperan temperaturas fr\u00edas y tiempo nublado para la mayor\u00eda de los destinos tur\u00edsticos - Noticias Radio Reflejos\",\"isPartOf\":{\"@id\":\"https:\/\/www.noticiasradioreflejos.com.ar\/2021\/#website\"},\"primaryImageOfPage\":{\"@id\":\"https:\/\/www.noticiasradioreflejos.com.ar\/2021\/se-esperan-temperaturas-frias-y-tiempo-nublado-para-la-mayoria-de-los-destinos-turisticos\/#primaryimage\"},\"image\":{\"@id\":\"https:\/\/www.noticiasradioreflejos.com.ar\/2021\/se-esperan-temperaturas-frias-y-tiempo-nublado-para-la-mayoria-de-los-destinos-turisticos\/#primaryimage\"},\"thumbnailUrl\":\"https:\/\/www.noticiasradioreflejos.com.ar\/2021\/wp-content\/uploads\/2021\/07\/Sierras-nevadas.jpg\",\"datePublished\":\"2022-06-17T10:24:36+00:00\",\"author\":{\"@id\":\"https:\/\/www.noticiasradioreflejos.com.ar\/2021\/#\/schema\/person\/ad82545263dcc5ec0996818884fd5fb1\"},\"breadcrumb\":{\"@id\":\"https:\/\/www.noticiasradioreflejos.com.ar\/2021\/se-esperan-temperaturas-frias-y-tiempo-nublado-para-la-mayoria-de-los-destinos-turisticos\/#breadcrumb\"},\"inLanguage\":\"es\",\"potentialAction\":[{\"@type\":\"ReadAction\",\"target\":[\"https:\/\/www.noticiasradioreflejos.com.ar\/2021\/se-esperan-temperaturas-frias-y-tiempo-nublado-para-la-mayoria-de-los-destinos-turisticos\/\"]}]},{\"@type\":\"ImageObject\",\"inLanguage\":\"es\",\"@id\":\"https:\/\/www.noticiasradioreflejos.com.ar\/2021\/se-esperan-temperaturas-frias-y-tiempo-nublado-para-la-mayoria-de-los-destinos-turisticos\/#primaryimage\",\"url\":\"https:\/\/www.noticiasradioreflejos.com.ar\/2021\/wp-content\/uploads\/2021\/07\/Sierras-nevadas.jpg\",\"contentUrl\":\"https:\/\/www.noticiasradioreflejos.com.ar\/2021\/wp-content\/uploads\/2021\/07\/Sierras-nevadas.jpg\",\"width\":2048,\"height\":1365},{\"@type\":\"BreadcrumbList\",\"@id\":\"https:\/\/www.noticiasradioreflejos.com.ar\/2021\/se-esperan-temperaturas-frias-y-tiempo-nublado-para-la-mayoria-de-los-destinos-turisticos\/#breadcrumb\",\"itemListElement\":[{\"@type\":\"ListItem\",\"position\":1,\"name\":\"Portada\",\"item\":\"https:\/\/www.noticiasradioreflejos.com.ar\/2021\/\"},{\"@type\":\"ListItem\",\"position\":2,\"name\":\"Se esperan temperaturas fr\u00edas y tiempo nublado para la mayor\u00eda de los destinos tur\u00edsticos\"}]},{\"@type\":\"WebSite\",\"@id\":\"https:\/\/www.noticiasradioreflejos.com.ar\/2021\/#website\",\"url\":\"https:\/\/www.noticiasradioreflejos.com.ar\/2021\/\",\"name\":\"Noticias Radio Reflejos\",\"description\":\"Las noticias de mi comarca\",\"potentialAction\":[{\"@type\":\"SearchAction\",\"target\":{\"@type\":\"EntryPoint\",\"urlTemplate\":\"https:\/\/www.noticiasradioreflejos.com.ar\/2021\/?s={search_term_string}\"},\"query-input\":{\"@type\":\"PropertyValueSpecification\",\"valueRequired\":true,\"valueName\":\"search_term_string\"}}],\"inLanguage\":\"es\"},{\"@type\":\"Person\",\"@id\":\"https:\/\/www.noticiasradioreflejos.com.ar\/2021\/#\/schema\/person\/ad82545263dcc5ec0996818884fd5fb1\",\"name\":\"Arnaldo Botto\",\"image\":{\"@type\":\"ImageObject\",\"inLanguage\":\"es\",\"@id\":\"https:\/\/www.noticiasradioreflejos.com.ar\/2021\/#\/schema\/person\/image\/\",\"url\":\"https:\/\/secure.gravatar.com\/avatar\/55cb5e37c1efa326397366e6974cb338056df65cb50e7d64d1cf314e87504837?s=96&d=mm&r=g\",\"contentUrl\":\"https:\/\/secure.gravatar.com\/avatar\/55cb5e37c1efa326397366e6974cb338056df65cb50e7d64d1cf314e87504837?s=96&d=mm&r=g\",\"caption\":\"Arnaldo Botto\"},\"url\":\"https:\/\/www.noticiasradioreflejos.com.ar\/2021\/author\/arnaldo\/\"}]}<\/script>\n<!-- \/ Yoast SEO plugin. -->","yoast_head_json":{"title":"Se esperan temperaturas fr\u00edas y tiempo nublado para la mayor\u00eda de los destinos tur\u00edsticos - Noticias Radio Reflejos","robots":{"index":"index","follow":"follow","max-snippet":"max-snippet:-1","max-image-preview":"max-image-preview:large","max-video-preview":"max-video-preview:-1"},"canonical":"https:\/\/www.noticiasradioreflejos.com.ar\/2021\/se-esperan-temperaturas-frias-y-tiempo-nublado-para-la-mayoria-de-los-destinos-turisticos\/","og_locale":"es_ES","og_type":"article","og_title":"Se esperan temperaturas fr\u00edas y tiempo nublado para la mayor\u00eda de los destinos tur\u00edsticos - Noticias Radio Reflejos","og_description":"As\u00ed lo inform\u00f3 el Servicio Meteorol\u00f3gico Nacional, que anticip\u00f3 tambi\u00e9n que habr\u00e1 presencia de nevadas en algunas provincias patag\u00f3nicas. No obstante, hay reservas de entre un 60% a 90% de ocupaci\u00f3n en varios destinos.","og_url":"https:\/\/www.noticiasradioreflejos.com.ar\/2021\/se-esperan-temperaturas-frias-y-tiempo-nublado-para-la-mayoria-de-los-destinos-turisticos\/","og_site_name":"Noticias Radio Reflejos","article_published_time":"2022-06-17T10:24:36+00:00","og_image":[{"width":2048,"height":1365,"url":"https:\/\/www.noticiasradioreflejos.com.ar\/2021\/wp-content\/uploads\/2021\/07\/Sierras-nevadas.jpg","type":"image\/jpeg"}],"author":"Arnaldo Botto","twitter_card":"summary_large_image","schema":{"@context":"https:\/\/schema.org","@graph":[{"@type":"WebPage","@id":"https:\/\/www.noticiasradioreflejos.com.ar\/2021\/se-esperan-temperaturas-frias-y-tiempo-nublado-para-la-mayoria-de-los-destinos-turisticos\/","url":"https:\/\/www.noticiasradioreflejos.com.ar\/2021\/se-esperan-temperaturas-frias-y-tiempo-nublado-para-la-mayoria-de-los-destinos-turisticos\/","name":"Se esperan temperaturas fr\u00edas y tiempo nublado para la mayor\u00eda de los destinos tur\u00edsticos - Noticias Radio Reflejos","isPartOf":{"@id":"https:\/\/www.noticiasradioreflejos.com.ar\/2021\/#website"},"primaryImageOfPage":{"@id":"https:\/\/www.noticiasradioreflejos.com.ar\/2021\/se-esperan-temperaturas-frias-y-tiempo-nublado-para-la-mayoria-de-los-destinos-turisticos\/#primaryimage"},"image":{"@id":"https:\/\/www.noticiasradioreflejos.com.ar\/2021\/se-esperan-temperaturas-frias-y-tiempo-nublado-para-la-mayoria-de-los-destinos-turisticos\/#primaryimage"},"thumbnailUrl":"https:\/\/www.noticiasradioreflejos.com.ar\/2021\/wp-content\/uploads\/2021\/07\/Sierras-nevadas.jpg","datePublished":"2022-06-17T10:24:36+00:00","author":{"@id":"https:\/\/www.noticiasradioreflejos.com.ar\/2021\/#\/schema\/person\/ad82545263dcc5ec0996818884fd5fb1"},"breadcrumb":{"@id":"https:\/\/www.noticiasradioreflejos.com.ar\/2021\/se-esperan-temperaturas-frias-y-tiempo-nublado-para-la-mayoria-de-los-destinos-turisticos\/#breadcrumb"},"inLanguage":"es","potentialAction":[{"@type":"ReadAction","target":["https:\/\/www.noticiasradioreflejos.com.ar\/2021\/se-esperan-temperaturas-frias-y-tiempo-nublado-para-la-mayoria-de-los-destinos-turisticos\/"]}]},{"@type":"ImageObject","inLanguage":"es","@id":"https:\/\/www.noticiasradioreflejos.com.ar\/2021\/se-esperan-temperaturas-frias-y-tiempo-nublado-para-la-mayoria-de-los-destinos-turisticos\/#primaryimage","url":"https:\/\/www.noticiasradioreflejos.com.ar\/2021\/wp-content\/uploads\/2021\/07\/Sierras-nevadas.jpg","contentUrl":"https:\/\/www.noticiasradioreflejos.com.ar\/2021\/wp-content\/uploads\/2021\/07\/Sierras-nevadas.jpg","width":2048,"height":1365},{"@type":"BreadcrumbList","@id":"https:\/\/www.noticiasradioreflejos.com.ar\/2021\/se-esperan-temperaturas-frias-y-tiempo-nublado-para-la-mayoria-de-los-destinos-turisticos\/#breadcrumb","itemListElement":[{"@type":"ListItem","position":1,"name":"Portada","item":"https:\/\/www.noticiasradioreflejos.com.ar\/2021\/"},{"@type":"ListItem","position":2,"name":"Se esperan temperaturas fr\u00edas y tiempo nublado para la mayor\u00eda de los destinos tur\u00edsticos"}]},{"@type":"WebSite","@id":"https:\/\/www.noticiasradioreflejos.com.ar\/2021\/#website","url":"https:\/\/www.noticiasradioreflejos.com.ar\/2021\/","name":"Noticias Radio Reflejos","description":"Las noticias de mi comarca","potentialAction":[{"@type":"SearchAction","target":{"@type":"EntryPoint","urlTemplate":"https:\/\/www.noticiasradioreflejos.com.ar\/2021\/?s={search_term_string}"},"query-input":{"@type":"PropertyValueSpecification","valueRequired":true,"valueName":"search_term_string"}}],"inLanguage":"es"},{"@type":"Person","@id":"https:\/\/www.noticiasradioreflejos.com.ar\/2021\/#\/schema\/person\/ad82545263dcc5ec0996818884fd5fb1","name":"Arnaldo Botto","image":{"@type":"ImageObject","inLanguage":"es","@id":"https:\/\/www.noticiasradioreflejos.com.ar\/2021\/#\/schema\/person\/image\/","url":"https:\/\/secure.gravatar.com\/avatar\/55cb5e37c1efa326397366e6974cb338056df65cb50e7d64d1cf314e87504837?s=96&d=mm&r=g","contentUrl":"https:\/\/secure.gravatar.com\/avatar\/55cb5e37c1efa326397366e6974cb338056df65cb50e7d64d1cf314e87504837?s=96&d=mm&r=g","caption":"Arnaldo Botto"},"url":"https:\/\/www.noticiasradioreflejos.com.ar\/2021\/author\/arnaldo\/"}]}},"_links":{"self":[{"href":"https:\/\/www.noticiasradioreflejos.com.ar\/2021\/wp-json\/wp\/v2\/posts\/73877","targetHints":{"allow":["GET"]}}],"collection":[{"href":"https:\/\/www.noticiasradioreflejos.com.ar\/2021\/wp-json\/wp\/v2\/posts"}],"about":[{"href":"https:\/\/www.noticiasradioreflejos.com.ar\/2021\/wp-json\/wp\/v2\/types\/post"}],"author":[{"embeddable":true,"href":"https:\/\/www.noticiasradioreflejos.com.ar\/2021\/wp-json\/wp\/v2\/users\/3"}],"replies":[{"embeddable":true,"href":"https:\/\/www.noticiasradioreflejos.com.ar\/2021\/wp-json\/wp\/v2\/comments?post=73877"}],"version-history":[{"count":1,"href":"https:\/\/www.noticiasradioreflejos.com.ar\/2021\/wp-json\/wp\/v2\/posts\/73877\/revisions"}],"predecessor-version":[{"id":73878,"href":"https:\/\/www.noticiasradioreflejos.com.ar\/2021\/wp-json\/wp\/v2\/posts\/73877\/revisions\/73878"}],"wp:featuredmedia":[{"embeddable":true,"href":"https:\/\/www.noticiasradioreflejos.com.ar\/2021\/wp-json\/wp\/v2\/media\/59921"}],"wp:attachment":[{"href":"https:\/\/www.noticiasradioreflejos.com.ar\/2021\/wp-json\/wp\/v2\/media?parent=73877"}],"wp:term":[{"taxonomy":"category","embeddable":true,"href":"https:\/\/www.noticiasradioreflejos.com.ar\/2021\/wp-json\/wp\/v2\/categories?post=73877"},{"taxonomy":"post_tag","embeddable":true,"href":"https:\/\/www.noticiasradioreflejos.com.ar\/2021\/wp-json\/wp\/v2\/tags?post=73877"}],"curies":[{"name":"wp","href":"https:\/\/api.w.org\/{rel}","templated":true}]}}