{"id":7387,"date":"2017-02-28T23:33:28","date_gmt":"2017-03-01T02:33:28","guid":{"rendered":"http:\/\/noticiasradioreflejos.com.ar\/noticias\/?p=7387"},"modified":"2017-02-28T23:33:28","modified_gmt":"2017-03-01T02:33:28","slug":"opinion-profesional-sobre-plaza-tornquist","status":"publish","type":"post","link":"https:\/\/www.noticiasradioreflejos.com.ar\/2021\/opinion-profesional-sobre-plaza-tornquist\/","title":{"rendered":"Opini\u00f3n profesional sobre Plaza Tornquist: &quot;podr\u00edan haber evitado un accionar agresivo&quot;."},"content":{"rendered":"<div>\u00a0\u00abExisten estudios, procedimientos y profesionales habilitados que podr\u00edan haber evitado un accionar agresivo\u00bb manifiesta a traves de un documento\u00a0LiPAA:\u00a0La Asociaci\u00f3n Profesional de Licenciados en Planificaci\u00f3n y Dise\u00f1o del Paisaje de la Universidad de Buenos Aires que representa a los graduados y estudiantes de dicha carrera y tiene como objetivo emitir opini\u00f3n sobre temas que est\u00e1n alcanzados por nuestra formaci\u00f3n acad\u00e9mica.<\/div>\n<p><!--more--><\/p>\n<div>\u00a0El a\u00f1o pasado, a ra\u00edz de la intervenci\u00f3n de la Plaza Ernesto Tornquist, se gener\u00f3 un fuerte cruce social y pol\u00edtico que dej\u00f3, a \u00a0entender de los profesionales, cuestiones que conforman al espacio verde p\u00fablico en un segundo plano.<\/div>\n<div>\u00a0Es por ello que se adjunta una carta donde LiPAA plantea una reflexi\u00f3n constructiva hacia las buenas pr\u00e1cticas que se podr\u00edan llevar adelante en la tem\u00e1tica del paisaje.<\/div>\n<div><\/div>\n<div>Entre sus expresiones y an\u00e1lisis LiPAA asegura: \u00abLos centenarios pinos eran la expresi\u00f3n material -visible y tangible- de los inicios del pueblo. Justificar la extracci\u00f3n de los ejemplares por temas de seguridad o, peor a\u00fan, recurrir a apreciaciones est\u00e9ticas -subjetivas- como las expresadas por el Secretario de Gobierno es realizar un vacuo y apresurado recorte de la realidad. Existen estudios, procedimientos y profesionales habilitados que podr\u00edan haber evitado un accionar agresivo.\u00bb<\/div>\n<div><\/div>\n<div><em>Ver texto completo<\/em>:\u00a0<a href=\"http:\/\/noticiasradioreflejos.com.ar\/noticias\/wp-content\/uploads\/2017\/02\/Sobre-la-Plaza-Tornquist-opini\u00f3n-LiPAA.pdf\">Sobre la Plaza Tornquist &#8211; opini\u00f3n LiPAA<\/a><\/div>\n<p>&nbsp;<\/p>\n","protected":false},"excerpt":{"rendered":"<p>\u00a0\u00abExisten estudios, procedimientos y profesionales habilitados que podr\u00edan haber evitado un accionar agresivo\u00bb manifiesta a traves de un documento\u00a0LiPAA:\u00a0La Asociaci\u00f3n Profesional de Licenciados en Planificaci\u00f3n y Dise\u00f1o del Paisaje de la Universidad de Buenos Aires que representa a los graduados y estudiantes de dicha carrera y tiene como objetivo emitir opini\u00f3n sobre temas que est\u00e1n [&hellip;]<\/p>\n","protected":false},"author":3,"featured_media":383,"comment_status":"closed","ping_status":"open","sticky":false,"template":"","format":"standard","meta":{"footnotes":""},"categories":[26],"tags":[],"class_list":["post-7387","post","type-post","status-publish","format-standard","has-post-thumbnail","hentry","category-sociedad"],"yoast_head":"<!-- This site is optimized with the Yoast SEO plugin v25.9 - https:\/\/yoast.com\/wordpress\/plugins\/seo\/ -->\n<title>Opini\u00f3n profesional sobre Plaza Tornquist: &quot;podr\u00edan haber evitado un accionar agresivo&quot;. - Noticias Radio Reflejos<\/title>\n<meta name=\"robots\" content=\"index, follow, max-snippet:-1, max-image-preview:large, max-video-preview:-1\" \/>\n<link rel=\"canonical\" href=\"https:\/\/www.noticiasradioreflejos.com.ar\/2021\/opinion-profesional-sobre-plaza-tornquist\/\" \/>\n<meta property=\"og:locale\" content=\"es_ES\" \/>\n<meta property=\"og:type\" content=\"article\" \/>\n<meta property=\"og:title\" content=\"Opini\u00f3n profesional sobre Plaza Tornquist: &quot;podr\u00edan haber evitado un accionar agresivo&quot;. - Noticias Radio Reflejos\" \/>\n<meta property=\"og:description\" content=\"\u00a0\u00abExisten estudios, procedimientos y profesionales habilitados que podr\u00edan haber evitado un accionar agresivo\u00bb manifiesta a traves de un documento\u00a0LiPAA:\u00a0La Asociaci\u00f3n Profesional de Licenciados en Planificaci\u00f3n y Dise\u00f1o del Paisaje de la Universidad de Buenos Aires que representa a los graduados y estudiantes de dicha carrera y tiene como objetivo emitir opini\u00f3n sobre temas que est\u00e1n [&hellip;]\" \/>\n<meta property=\"og:url\" content=\"https:\/\/www.noticiasradioreflejos.com.ar\/2021\/opinion-profesional-sobre-plaza-tornquist\/\" \/>\n<meta property=\"og:site_name\" content=\"Noticias Radio Reflejos\" \/>\n<meta property=\"article:published_time\" content=\"2017-03-01T02:33:28+00:00\" \/>\n<meta property=\"og:image\" content=\"https:\/\/www.noticiasradioreflejos.com.ar\/2021\/wp-content\/uploads\/2016\/09\/su-linea-arquitectonica.jpg\" \/>\n\t<meta property=\"og:image:width\" content=\"1024\" \/>\n\t<meta property=\"og:image:height\" content=\"768\" \/>\n\t<meta property=\"og:image:type\" content=\"image\/jpeg\" \/>\n<meta name=\"author\" content=\"Arnaldo Botto\" \/>\n<meta name=\"twitter:card\" content=\"summary_large_image\" \/>\n<script type=\"application\/ld+json\" class=\"yoast-schema-graph\">{\"@context\":\"https:\/\/schema.org\",\"@graph\":[{\"@type\":\"WebPage\",\"@id\":\"https:\/\/www.noticiasradioreflejos.com.ar\/2021\/opinion-profesional-sobre-plaza-tornquist\/\",\"url\":\"https:\/\/www.noticiasradioreflejos.com.ar\/2021\/opinion-profesional-sobre-plaza-tornquist\/\",\"name\":\"Opini\u00f3n profesional sobre Plaza Tornquist: &quot;podr\u00edan haber evitado un accionar agresivo&quot;. - Noticias Radio Reflejos\",\"isPartOf\":{\"@id\":\"https:\/\/www.noticiasradioreflejos.com.ar\/2021\/#website\"},\"primaryImageOfPage\":{\"@id\":\"https:\/\/www.noticiasradioreflejos.com.ar\/2021\/opinion-profesional-sobre-plaza-tornquist\/#primaryimage\"},\"image\":{\"@id\":\"https:\/\/www.noticiasradioreflejos.com.ar\/2021\/opinion-profesional-sobre-plaza-tornquist\/#primaryimage\"},\"thumbnailUrl\":\"https:\/\/www.noticiasradioreflejos.com.ar\/2021\/wp-content\/uploads\/2016\/09\/su-linea-arquitectonica.jpg\",\"datePublished\":\"2017-03-01T02:33:28+00:00\",\"author\":{\"@id\":\"https:\/\/www.noticiasradioreflejos.com.ar\/2021\/#\/schema\/person\/ad82545263dcc5ec0996818884fd5fb1\"},\"breadcrumb\":{\"@id\":\"https:\/\/www.noticiasradioreflejos.com.ar\/2021\/opinion-profesional-sobre-plaza-tornquist\/#breadcrumb\"},\"inLanguage\":\"es\",\"potentialAction\":[{\"@type\":\"ReadAction\",\"target\":[\"https:\/\/www.noticiasradioreflejos.com.ar\/2021\/opinion-profesional-sobre-plaza-tornquist\/\"]}]},{\"@type\":\"ImageObject\",\"inLanguage\":\"es\",\"@id\":\"https:\/\/www.noticiasradioreflejos.com.ar\/2021\/opinion-profesional-sobre-plaza-tornquist\/#primaryimage\",\"url\":\"https:\/\/www.noticiasradioreflejos.com.ar\/2021\/wp-content\/uploads\/2016\/09\/su-linea-arquitectonica.jpg\",\"contentUrl\":\"https:\/\/www.noticiasradioreflejos.com.ar\/2021\/wp-content\/uploads\/2016\/09\/su-linea-arquitectonica.jpg\",\"width\":1024,\"height\":768},{\"@type\":\"BreadcrumbList\",\"@id\":\"https:\/\/www.noticiasradioreflejos.com.ar\/2021\/opinion-profesional-sobre-plaza-tornquist\/#breadcrumb\",\"itemListElement\":[{\"@type\":\"ListItem\",\"position\":1,\"name\":\"Portada\",\"item\":\"https:\/\/www.noticiasradioreflejos.com.ar\/2021\/\"},{\"@type\":\"ListItem\",\"position\":2,\"name\":\"Opini\u00f3n profesional sobre Plaza Tornquist: &quot;podr\u00edan haber evitado un accionar agresivo&quot;.\"}]},{\"@type\":\"WebSite\",\"@id\":\"https:\/\/www.noticiasradioreflejos.com.ar\/2021\/#website\",\"url\":\"https:\/\/www.noticiasradioreflejos.com.ar\/2021\/\",\"name\":\"Noticias Radio Reflejos\",\"description\":\"Las noticias de mi comarca\",\"potentialAction\":[{\"@type\":\"SearchAction\",\"target\":{\"@type\":\"EntryPoint\",\"urlTemplate\":\"https:\/\/www.noticiasradioreflejos.com.ar\/2021\/?s={search_term_string}\"},\"query-input\":{\"@type\":\"PropertyValueSpecification\",\"valueRequired\":true,\"valueName\":\"search_term_string\"}}],\"inLanguage\":\"es\"},{\"@type\":\"Person\",\"@id\":\"https:\/\/www.noticiasradioreflejos.com.ar\/2021\/#\/schema\/person\/ad82545263dcc5ec0996818884fd5fb1\",\"name\":\"Arnaldo Botto\",\"image\":{\"@type\":\"ImageObject\",\"inLanguage\":\"es\",\"@id\":\"https:\/\/www.noticiasradioreflejos.com.ar\/2021\/#\/schema\/person\/image\/\",\"url\":\"https:\/\/secure.gravatar.com\/avatar\/55cb5e37c1efa326397366e6974cb338056df65cb50e7d64d1cf314e87504837?s=96&d=mm&r=g\",\"contentUrl\":\"https:\/\/secure.gravatar.com\/avatar\/55cb5e37c1efa326397366e6974cb338056df65cb50e7d64d1cf314e87504837?s=96&d=mm&r=g\",\"caption\":\"Arnaldo Botto\"},\"url\":\"https:\/\/www.noticiasradioreflejos.com.ar\/2021\/author\/arnaldo\/\"}]}<\/script>\n<!-- \/ Yoast SEO plugin. -->","yoast_head_json":{"title":"Opini\u00f3n profesional sobre Plaza Tornquist: &quot;podr\u00edan haber evitado un accionar agresivo&quot;. - Noticias Radio Reflejos","robots":{"index":"index","follow":"follow","max-snippet":"max-snippet:-1","max-image-preview":"max-image-preview:large","max-video-preview":"max-video-preview:-1"},"canonical":"https:\/\/www.noticiasradioreflejos.com.ar\/2021\/opinion-profesional-sobre-plaza-tornquist\/","og_locale":"es_ES","og_type":"article","og_title":"Opini\u00f3n profesional sobre Plaza Tornquist: &quot;podr\u00edan haber evitado un accionar agresivo&quot;. - Noticias Radio Reflejos","og_description":"\u00a0\u00abExisten estudios, procedimientos y profesionales habilitados que podr\u00edan haber evitado un accionar agresivo\u00bb manifiesta a traves de un documento\u00a0LiPAA:\u00a0La Asociaci\u00f3n Profesional de Licenciados en Planificaci\u00f3n y Dise\u00f1o del Paisaje de la Universidad de Buenos Aires que representa a los graduados y estudiantes de dicha carrera y tiene como objetivo emitir opini\u00f3n sobre temas que est\u00e1n [&hellip;]","og_url":"https:\/\/www.noticiasradioreflejos.com.ar\/2021\/opinion-profesional-sobre-plaza-tornquist\/","og_site_name":"Noticias Radio Reflejos","article_published_time":"2017-03-01T02:33:28+00:00","og_image":[{"width":1024,"height":768,"url":"https:\/\/www.noticiasradioreflejos.com.ar\/2021\/wp-content\/uploads\/2016\/09\/su-linea-arquitectonica.jpg","type":"image\/jpeg"}],"author":"Arnaldo Botto","twitter_card":"summary_large_image","schema":{"@context":"https:\/\/schema.org","@graph":[{"@type":"WebPage","@id":"https:\/\/www.noticiasradioreflejos.com.ar\/2021\/opinion-profesional-sobre-plaza-tornquist\/","url":"https:\/\/www.noticiasradioreflejos.com.ar\/2021\/opinion-profesional-sobre-plaza-tornquist\/","name":"Opini\u00f3n profesional sobre Plaza Tornquist: &quot;podr\u00edan haber evitado un accionar agresivo&quot;. - Noticias Radio Reflejos","isPartOf":{"@id":"https:\/\/www.noticiasradioreflejos.com.ar\/2021\/#website"},"primaryImageOfPage":{"@id":"https:\/\/www.noticiasradioreflejos.com.ar\/2021\/opinion-profesional-sobre-plaza-tornquist\/#primaryimage"},"image":{"@id":"https:\/\/www.noticiasradioreflejos.com.ar\/2021\/opinion-profesional-sobre-plaza-tornquist\/#primaryimage"},"thumbnailUrl":"https:\/\/www.noticiasradioreflejos.com.ar\/2021\/wp-content\/uploads\/2016\/09\/su-linea-arquitectonica.jpg","datePublished":"2017-03-01T02:33:28+00:00","author":{"@id":"https:\/\/www.noticiasradioreflejos.com.ar\/2021\/#\/schema\/person\/ad82545263dcc5ec0996818884fd5fb1"},"breadcrumb":{"@id":"https:\/\/www.noticiasradioreflejos.com.ar\/2021\/opinion-profesional-sobre-plaza-tornquist\/#breadcrumb"},"inLanguage":"es","potentialAction":[{"@type":"ReadAction","target":["https:\/\/www.noticiasradioreflejos.com.ar\/2021\/opinion-profesional-sobre-plaza-tornquist\/"]}]},{"@type":"ImageObject","inLanguage":"es","@id":"https:\/\/www.noticiasradioreflejos.com.ar\/2021\/opinion-profesional-sobre-plaza-tornquist\/#primaryimage","url":"https:\/\/www.noticiasradioreflejos.com.ar\/2021\/wp-content\/uploads\/2016\/09\/su-linea-arquitectonica.jpg","contentUrl":"https:\/\/www.noticiasradioreflejos.com.ar\/2021\/wp-content\/uploads\/2016\/09\/su-linea-arquitectonica.jpg","width":1024,"height":768},{"@type":"BreadcrumbList","@id":"https:\/\/www.noticiasradioreflejos.com.ar\/2021\/opinion-profesional-sobre-plaza-tornquist\/#breadcrumb","itemListElement":[{"@type":"ListItem","position":1,"name":"Portada","item":"https:\/\/www.noticiasradioreflejos.com.ar\/2021\/"},{"@type":"ListItem","position":2,"name":"Opini\u00f3n profesional sobre Plaza Tornquist: &quot;podr\u00edan haber evitado un accionar agresivo&quot;."}]},{"@type":"WebSite","@id":"https:\/\/www.noticiasradioreflejos.com.ar\/2021\/#website","url":"https:\/\/www.noticiasradioreflejos.com.ar\/2021\/","name":"Noticias Radio Reflejos","description":"Las noticias de mi comarca","potentialAction":[{"@type":"SearchAction","target":{"@type":"EntryPoint","urlTemplate":"https:\/\/www.noticiasradioreflejos.com.ar\/2021\/?s={search_term_string}"},"query-input":{"@type":"PropertyValueSpecification","valueRequired":true,"valueName":"search_term_string"}}],"inLanguage":"es"},{"@type":"Person","@id":"https:\/\/www.noticiasradioreflejos.com.ar\/2021\/#\/schema\/person\/ad82545263dcc5ec0996818884fd5fb1","name":"Arnaldo Botto","image":{"@type":"ImageObject","inLanguage":"es","@id":"https:\/\/www.noticiasradioreflejos.com.ar\/2021\/#\/schema\/person\/image\/","url":"https:\/\/secure.gravatar.com\/avatar\/55cb5e37c1efa326397366e6974cb338056df65cb50e7d64d1cf314e87504837?s=96&d=mm&r=g","contentUrl":"https:\/\/secure.gravatar.com\/avatar\/55cb5e37c1efa326397366e6974cb338056df65cb50e7d64d1cf314e87504837?s=96&d=mm&r=g","caption":"Arnaldo Botto"},"url":"https:\/\/www.noticiasradioreflejos.com.ar\/2021\/author\/arnaldo\/"}]}},"_links":{"self":[{"href":"https:\/\/www.noticiasradioreflejos.com.ar\/2021\/wp-json\/wp\/v2\/posts\/7387","targetHints":{"allow":["GET"]}}],"collection":[{"href":"https:\/\/www.noticiasradioreflejos.com.ar\/2021\/wp-json\/wp\/v2\/posts"}],"about":[{"href":"https:\/\/www.noticiasradioreflejos.com.ar\/2021\/wp-json\/wp\/v2\/types\/post"}],"author":[{"embeddable":true,"href":"https:\/\/www.noticiasradioreflejos.com.ar\/2021\/wp-json\/wp\/v2\/users\/3"}],"replies":[{"embeddable":true,"href":"https:\/\/www.noticiasradioreflejos.com.ar\/2021\/wp-json\/wp\/v2\/comments?post=7387"}],"version-history":[{"count":0,"href":"https:\/\/www.noticiasradioreflejos.com.ar\/2021\/wp-json\/wp\/v2\/posts\/7387\/revisions"}],"wp:featuredmedia":[{"embeddable":true,"href":"https:\/\/www.noticiasradioreflejos.com.ar\/2021\/wp-json\/wp\/v2\/media\/383"}],"wp:attachment":[{"href":"https:\/\/www.noticiasradioreflejos.com.ar\/2021\/wp-json\/wp\/v2\/media?parent=7387"}],"wp:term":[{"taxonomy":"category","embeddable":true,"href":"https:\/\/www.noticiasradioreflejos.com.ar\/2021\/wp-json\/wp\/v2\/categories?post=7387"},{"taxonomy":"post_tag","embeddable":true,"href":"https:\/\/www.noticiasradioreflejos.com.ar\/2021\/wp-json\/wp\/v2\/tags?post=7387"}],"curies":[{"name":"wp","href":"https:\/\/api.w.org\/{rel}","templated":true}]}}