{"id":73868,"date":"2022-06-16T20:54:07","date_gmt":"2022-06-16T20:54:07","guid":{"rendered":"http:\/\/www.noticiasradioreflejos.com.ar\/2021\/?p=73868"},"modified":"2022-06-16T21:25:00","modified_gmt":"2022-06-16T21:25:00","slug":"ganadores-del-concurso-fotografico-del-jardin-de-infantes-de-saldungaray","status":"publish","type":"post","link":"https:\/\/www.noticiasradioreflejos.com.ar\/2021\/ganadores-del-concurso-fotografico-del-jardin-de-infantes-de-saldungaray\/","title":{"rendered":"Ganadores del concurso fotogr\u00e1fico del Jard\u00edn de Infantes de Saldungaray"},"content":{"rendered":"<p>Concurso fotogr\u00e1fico \u00abLOS COLORES DE LA BANDERA EN LA NATURALEZA Y EN LA COMARCA\u00bb<br \/>\nLos ni\u00f1os y ni\u00f1as de sala verde y amarilla realizaron la pre selecci\u00f3n de las 20 mejores fotos para su impresi\u00f3n, entre todas las enviadas.<!--more--><\/p>\n<p><a title=\"Concurso Fotogr\u00e1fico (1)\" href=\"https:\/\/www.flickr.com\/photos\/182279889@N02\/52150702417\/in\/dateposted-public\/\" data-flickr-embed=\"true\"><img loading=\"lazy\" decoding=\"async\" src=\"https:\/\/live.staticflickr.com\/65535\/52150702417_5df085ab6d_c.jpg\" alt=\"Concurso Fotogr\u00e1fico (1)\" width=\"800\" height=\"800\" \/><\/a><script async src=\"\/\/embedr.flickr.com\/assets\/client-code.js\" charset=\"utf-8\"><\/script><\/p>\n<p>Posteriormente recibieron al Jurado integrado por Antonella Pelorosso, Paola Rojas Lopez, Sonia Far\u00edas, Roberto Dube y el Delegado Municipal Gerardo Rohlmann que nos acompa\u00f1aron en la elecci\u00f3n definitiva de los ganadores.<br \/>\nAs\u00ed obtuvo el primer premio la fotograf\u00eda de Bernardo Chiuca titulada <strong>\u00abA caminar Argentina \u00ab<\/strong>,<br \/>\nel segundo premio fue de Gabriela Spagnolatti con la fotograf\u00eda <strong>\u00abPatria m\u00eda en oto\u00f1o\u00bb<\/strong> y el jurado solicit\u00f3 una menci\u00f3n especial para la fotograf\u00eda de Gisela Federici titulada <strong>\u00abNubes de libertad\u00bb<\/strong>. Felicitaciones a todos los que acompa\u00f1aron esta hermosa propuesta de los ni\u00f1os\/as del jard\u00edn enviando maravillosas im\u00e1genes.<\/p>\n<p>Los esperamos el 20 de Junio en el jard\u00edn, luego de izar el Pabell\u00f3n Nacional en la plaza, para participar del acto y entrega de premios y exposici\u00f3n. Luego las 20 seleccionadas ser\u00e1n expuestas en la Oficina de Turismo Saldungaray.<\/p>\n<p><a title=\"Cocnurso\" href=\"https:\/\/www.flickr.com\/photos\/182279889@N02\/52151769881\/in\/dateposted-public\/\" data-flickr-embed=\"true\"><img loading=\"lazy\" decoding=\"async\" src=\"https:\/\/live.staticflickr.com\/65535\/52151769881_9b939baa9e_c.jpg\" alt=\"Cocnurso\" width=\"800\" height=\"360\" \/><\/a><script async src=\"\/\/embedr.flickr.com\/assets\/client-code.js\" charset=\"utf-8\"><\/script><\/p>\n<p><a title=\"Concurso Fotogr\u00e1fico (2)\" href=\"https:\/\/www.flickr.com\/photos\/182279889@N02\/52150702432\/in\/dateposted-public\/\" data-flickr-embed=\"true\"><img loading=\"lazy\" decoding=\"async\" src=\"https:\/\/live.staticflickr.com\/65535\/52150702432_234725d207_c.jpg\" alt=\"Concurso Fotogr\u00e1fico (2)\" width=\"800\" height=\"360\" \/><\/a><script async src=\"\/\/embedr.flickr.com\/assets\/client-code.js\" charset=\"utf-8\"><\/script><\/p>\n","protected":false},"excerpt":{"rendered":"<p>Concurso fotogr\u00e1fico \u00abLOS COLORES DE LA BANDERA EN LA NATURALEZA Y EN LA COMARCA\u00bb Los ni\u00f1os y ni\u00f1as de sala verde y amarilla realizaron la pre selecci\u00f3n de las 20 mejores fotos para su impresi\u00f3n, entre todas las enviadas.<\/p>\n","protected":false},"author":3,"featured_media":0,"comment_status":"closed","ping_status":"closed","sticky":false,"template":"","format":"standard","meta":{"footnotes":""},"categories":[34,26],"tags":[],"class_list":["post-73868","post","type-post","status-publish","format-standard","hentry","category-educacion","category-sociedad"],"yoast_head":"<!-- This site is optimized with the Yoast SEO plugin v25.9 - https:\/\/yoast.com\/wordpress\/plugins\/seo\/ -->\n<title>Ganadores del concurso fotogr\u00e1fico del Jard\u00edn de Infantes de Saldungaray - Noticias Radio Reflejos<\/title>\n<meta name=\"robots\" content=\"index, follow, max-snippet:-1, max-image-preview:large, max-video-preview:-1\" \/>\n<link rel=\"canonical\" href=\"https:\/\/www.noticiasradioreflejos.com.ar\/2021\/ganadores-del-concurso-fotografico-del-jardin-de-infantes-de-saldungaray\/\" \/>\n<meta property=\"og:locale\" content=\"es_ES\" \/>\n<meta property=\"og:type\" content=\"article\" \/>\n<meta property=\"og:title\" content=\"Ganadores del concurso fotogr\u00e1fico del Jard\u00edn de Infantes de Saldungaray - Noticias Radio Reflejos\" \/>\n<meta property=\"og:description\" content=\"Concurso fotogr\u00e1fico \u00abLOS COLORES DE LA BANDERA EN LA NATURALEZA Y EN LA COMARCA\u00bb Los ni\u00f1os y ni\u00f1as de sala verde y amarilla realizaron la pre selecci\u00f3n de las 20 mejores fotos para su impresi\u00f3n, entre todas las enviadas.\" \/>\n<meta property=\"og:url\" content=\"https:\/\/www.noticiasradioreflejos.com.ar\/2021\/ganadores-del-concurso-fotografico-del-jardin-de-infantes-de-saldungaray\/\" \/>\n<meta property=\"og:site_name\" content=\"Noticias Radio Reflejos\" \/>\n<meta property=\"article:published_time\" content=\"2022-06-16T20:54:07+00:00\" \/>\n<meta property=\"article:modified_time\" content=\"2022-06-16T21:25:00+00:00\" \/>\n<meta property=\"og:image\" content=\"https:\/\/live.staticflickr.com\/65535\/52150702417_5df085ab6d_c.jpg\" \/>\n<meta name=\"author\" content=\"Arnaldo Botto\" \/>\n<meta name=\"twitter:card\" content=\"summary_large_image\" \/>\n<script type=\"application\/ld+json\" class=\"yoast-schema-graph\">{\"@context\":\"https:\/\/schema.org\",\"@graph\":[{\"@type\":\"WebPage\",\"@id\":\"https:\/\/www.noticiasradioreflejos.com.ar\/2021\/ganadores-del-concurso-fotografico-del-jardin-de-infantes-de-saldungaray\/\",\"url\":\"https:\/\/www.noticiasradioreflejos.com.ar\/2021\/ganadores-del-concurso-fotografico-del-jardin-de-infantes-de-saldungaray\/\",\"name\":\"Ganadores del concurso fotogr\u00e1fico del Jard\u00edn de Infantes de Saldungaray - Noticias Radio Reflejos\",\"isPartOf\":{\"@id\":\"https:\/\/www.noticiasradioreflejos.com.ar\/2021\/#website\"},\"primaryImageOfPage\":{\"@id\":\"https:\/\/www.noticiasradioreflejos.com.ar\/2021\/ganadores-del-concurso-fotografico-del-jardin-de-infantes-de-saldungaray\/#primaryimage\"},\"image\":{\"@id\":\"https:\/\/www.noticiasradioreflejos.com.ar\/2021\/ganadores-del-concurso-fotografico-del-jardin-de-infantes-de-saldungaray\/#primaryimage\"},\"thumbnailUrl\":\"https:\/\/live.staticflickr.com\/65535\/52150702417_5df085ab6d_c.jpg\",\"datePublished\":\"2022-06-16T20:54:07+00:00\",\"dateModified\":\"2022-06-16T21:25:00+00:00\",\"author\":{\"@id\":\"https:\/\/www.noticiasradioreflejos.com.ar\/2021\/#\/schema\/person\/ad82545263dcc5ec0996818884fd5fb1\"},\"breadcrumb\":{\"@id\":\"https:\/\/www.noticiasradioreflejos.com.ar\/2021\/ganadores-del-concurso-fotografico-del-jardin-de-infantes-de-saldungaray\/#breadcrumb\"},\"inLanguage\":\"es\",\"potentialAction\":[{\"@type\":\"ReadAction\",\"target\":[\"https:\/\/www.noticiasradioreflejos.com.ar\/2021\/ganadores-del-concurso-fotografico-del-jardin-de-infantes-de-saldungaray\/\"]}]},{\"@type\":\"ImageObject\",\"inLanguage\":\"es\",\"@id\":\"https:\/\/www.noticiasradioreflejos.com.ar\/2021\/ganadores-del-concurso-fotografico-del-jardin-de-infantes-de-saldungaray\/#primaryimage\",\"url\":\"https:\/\/live.staticflickr.com\/65535\/52150702417_5df085ab6d_c.jpg\",\"contentUrl\":\"https:\/\/live.staticflickr.com\/65535\/52150702417_5df085ab6d_c.jpg\"},{\"@type\":\"BreadcrumbList\",\"@id\":\"https:\/\/www.noticiasradioreflejos.com.ar\/2021\/ganadores-del-concurso-fotografico-del-jardin-de-infantes-de-saldungaray\/#breadcrumb\",\"itemListElement\":[{\"@type\":\"ListItem\",\"position\":1,\"name\":\"Portada\",\"item\":\"https:\/\/www.noticiasradioreflejos.com.ar\/2021\/\"},{\"@type\":\"ListItem\",\"position\":2,\"name\":\"Ganadores del concurso fotogr\u00e1fico del Jard\u00edn de Infantes de Saldungaray\"}]},{\"@type\":\"WebSite\",\"@id\":\"https:\/\/www.noticiasradioreflejos.com.ar\/2021\/#website\",\"url\":\"https:\/\/www.noticiasradioreflejos.com.ar\/2021\/\",\"name\":\"Noticias Radio Reflejos\",\"description\":\"Las noticias de mi comarca\",\"potentialAction\":[{\"@type\":\"SearchAction\",\"target\":{\"@type\":\"EntryPoint\",\"urlTemplate\":\"https:\/\/www.noticiasradioreflejos.com.ar\/2021\/?s={search_term_string}\"},\"query-input\":{\"@type\":\"PropertyValueSpecification\",\"valueRequired\":true,\"valueName\":\"search_term_string\"}}],\"inLanguage\":\"es\"},{\"@type\":\"Person\",\"@id\":\"https:\/\/www.noticiasradioreflejos.com.ar\/2021\/#\/schema\/person\/ad82545263dcc5ec0996818884fd5fb1\",\"name\":\"Arnaldo Botto\",\"image\":{\"@type\":\"ImageObject\",\"inLanguage\":\"es\",\"@id\":\"https:\/\/www.noticiasradioreflejos.com.ar\/2021\/#\/schema\/person\/image\/\",\"url\":\"https:\/\/secure.gravatar.com\/avatar\/55cb5e37c1efa326397366e6974cb338056df65cb50e7d64d1cf314e87504837?s=96&d=mm&r=g\",\"contentUrl\":\"https:\/\/secure.gravatar.com\/avatar\/55cb5e37c1efa326397366e6974cb338056df65cb50e7d64d1cf314e87504837?s=96&d=mm&r=g\",\"caption\":\"Arnaldo Botto\"},\"url\":\"https:\/\/www.noticiasradioreflejos.com.ar\/2021\/author\/arnaldo\/\"}]}<\/script>\n<!-- \/ Yoast SEO plugin. -->","yoast_head_json":{"title":"Ganadores del concurso fotogr\u00e1fico del Jard\u00edn de Infantes de Saldungaray - Noticias Radio Reflejos","robots":{"index":"index","follow":"follow","max-snippet":"max-snippet:-1","max-image-preview":"max-image-preview:large","max-video-preview":"max-video-preview:-1"},"canonical":"https:\/\/www.noticiasradioreflejos.com.ar\/2021\/ganadores-del-concurso-fotografico-del-jardin-de-infantes-de-saldungaray\/","og_locale":"es_ES","og_type":"article","og_title":"Ganadores del concurso fotogr\u00e1fico del Jard\u00edn de Infantes de Saldungaray - Noticias Radio Reflejos","og_description":"Concurso fotogr\u00e1fico \u00abLOS COLORES DE LA BANDERA EN LA NATURALEZA Y EN LA COMARCA\u00bb Los ni\u00f1os y ni\u00f1as de sala verde y amarilla realizaron la pre selecci\u00f3n de las 20 mejores fotos para su impresi\u00f3n, entre todas las enviadas.","og_url":"https:\/\/www.noticiasradioreflejos.com.ar\/2021\/ganadores-del-concurso-fotografico-del-jardin-de-infantes-de-saldungaray\/","og_site_name":"Noticias Radio Reflejos","article_published_time":"2022-06-16T20:54:07+00:00","article_modified_time":"2022-06-16T21:25:00+00:00","og_image":[{"url":"https:\/\/live.staticflickr.com\/65535\/52150702417_5df085ab6d_c.jpg","type":"","width":"","height":""}],"author":"Arnaldo Botto","twitter_card":"summary_large_image","schema":{"@context":"https:\/\/schema.org","@graph":[{"@type":"WebPage","@id":"https:\/\/www.noticiasradioreflejos.com.ar\/2021\/ganadores-del-concurso-fotografico-del-jardin-de-infantes-de-saldungaray\/","url":"https:\/\/www.noticiasradioreflejos.com.ar\/2021\/ganadores-del-concurso-fotografico-del-jardin-de-infantes-de-saldungaray\/","name":"Ganadores del concurso fotogr\u00e1fico del Jard\u00edn de Infantes de Saldungaray - Noticias Radio Reflejos","isPartOf":{"@id":"https:\/\/www.noticiasradioreflejos.com.ar\/2021\/#website"},"primaryImageOfPage":{"@id":"https:\/\/www.noticiasradioreflejos.com.ar\/2021\/ganadores-del-concurso-fotografico-del-jardin-de-infantes-de-saldungaray\/#primaryimage"},"image":{"@id":"https:\/\/www.noticiasradioreflejos.com.ar\/2021\/ganadores-del-concurso-fotografico-del-jardin-de-infantes-de-saldungaray\/#primaryimage"},"thumbnailUrl":"https:\/\/live.staticflickr.com\/65535\/52150702417_5df085ab6d_c.jpg","datePublished":"2022-06-16T20:54:07+00:00","dateModified":"2022-06-16T21:25:00+00:00","author":{"@id":"https:\/\/www.noticiasradioreflejos.com.ar\/2021\/#\/schema\/person\/ad82545263dcc5ec0996818884fd5fb1"},"breadcrumb":{"@id":"https:\/\/www.noticiasradioreflejos.com.ar\/2021\/ganadores-del-concurso-fotografico-del-jardin-de-infantes-de-saldungaray\/#breadcrumb"},"inLanguage":"es","potentialAction":[{"@type":"ReadAction","target":["https:\/\/www.noticiasradioreflejos.com.ar\/2021\/ganadores-del-concurso-fotografico-del-jardin-de-infantes-de-saldungaray\/"]}]},{"@type":"ImageObject","inLanguage":"es","@id":"https:\/\/www.noticiasradioreflejos.com.ar\/2021\/ganadores-del-concurso-fotografico-del-jardin-de-infantes-de-saldungaray\/#primaryimage","url":"https:\/\/live.staticflickr.com\/65535\/52150702417_5df085ab6d_c.jpg","contentUrl":"https:\/\/live.staticflickr.com\/65535\/52150702417_5df085ab6d_c.jpg"},{"@type":"BreadcrumbList","@id":"https:\/\/www.noticiasradioreflejos.com.ar\/2021\/ganadores-del-concurso-fotografico-del-jardin-de-infantes-de-saldungaray\/#breadcrumb","itemListElement":[{"@type":"ListItem","position":1,"name":"Portada","item":"https:\/\/www.noticiasradioreflejos.com.ar\/2021\/"},{"@type":"ListItem","position":2,"name":"Ganadores del concurso fotogr\u00e1fico del Jard\u00edn de Infantes de Saldungaray"}]},{"@type":"WebSite","@id":"https:\/\/www.noticiasradioreflejos.com.ar\/2021\/#website","url":"https:\/\/www.noticiasradioreflejos.com.ar\/2021\/","name":"Noticias Radio Reflejos","description":"Las noticias de mi comarca","potentialAction":[{"@type":"SearchAction","target":{"@type":"EntryPoint","urlTemplate":"https:\/\/www.noticiasradioreflejos.com.ar\/2021\/?s={search_term_string}"},"query-input":{"@type":"PropertyValueSpecification","valueRequired":true,"valueName":"search_term_string"}}],"inLanguage":"es"},{"@type":"Person","@id":"https:\/\/www.noticiasradioreflejos.com.ar\/2021\/#\/schema\/person\/ad82545263dcc5ec0996818884fd5fb1","name":"Arnaldo Botto","image":{"@type":"ImageObject","inLanguage":"es","@id":"https:\/\/www.noticiasradioreflejos.com.ar\/2021\/#\/schema\/person\/image\/","url":"https:\/\/secure.gravatar.com\/avatar\/55cb5e37c1efa326397366e6974cb338056df65cb50e7d64d1cf314e87504837?s=96&d=mm&r=g","contentUrl":"https:\/\/secure.gravatar.com\/avatar\/55cb5e37c1efa326397366e6974cb338056df65cb50e7d64d1cf314e87504837?s=96&d=mm&r=g","caption":"Arnaldo Botto"},"url":"https:\/\/www.noticiasradioreflejos.com.ar\/2021\/author\/arnaldo\/"}]}},"_links":{"self":[{"href":"https:\/\/www.noticiasradioreflejos.com.ar\/2021\/wp-json\/wp\/v2\/posts\/73868","targetHints":{"allow":["GET"]}}],"collection":[{"href":"https:\/\/www.noticiasradioreflejos.com.ar\/2021\/wp-json\/wp\/v2\/posts"}],"about":[{"href":"https:\/\/www.noticiasradioreflejos.com.ar\/2021\/wp-json\/wp\/v2\/types\/post"}],"author":[{"embeddable":true,"href":"https:\/\/www.noticiasradioreflejos.com.ar\/2021\/wp-json\/wp\/v2\/users\/3"}],"replies":[{"embeddable":true,"href":"https:\/\/www.noticiasradioreflejos.com.ar\/2021\/wp-json\/wp\/v2\/comments?post=73868"}],"version-history":[{"count":4,"href":"https:\/\/www.noticiasradioreflejos.com.ar\/2021\/wp-json\/wp\/v2\/posts\/73868\/revisions"}],"predecessor-version":[{"id":73873,"href":"https:\/\/www.noticiasradioreflejos.com.ar\/2021\/wp-json\/wp\/v2\/posts\/73868\/revisions\/73873"}],"wp:attachment":[{"href":"https:\/\/www.noticiasradioreflejos.com.ar\/2021\/wp-json\/wp\/v2\/media?parent=73868"}],"wp:term":[{"taxonomy":"category","embeddable":true,"href":"https:\/\/www.noticiasradioreflejos.com.ar\/2021\/wp-json\/wp\/v2\/categories?post=73868"},{"taxonomy":"post_tag","embeddable":true,"href":"https:\/\/www.noticiasradioreflejos.com.ar\/2021\/wp-json\/wp\/v2\/tags?post=73868"}],"curies":[{"name":"wp","href":"https:\/\/api.w.org\/{rel}","templated":true}]}}