{"id":73830,"date":"2022-06-16T17:40:52","date_gmt":"2022-06-16T17:40:52","guid":{"rendered":"http:\/\/www.noticiasradioreflejos.com.ar\/2021\/?p=73830"},"modified":"2022-06-16T17:40:52","modified_gmt":"2022-06-16T17:40:52","slug":"la-reserva-rionegrina-islote-lobos-fue-convertida-en-parque-nacional","status":"publish","type":"post","link":"https:\/\/www.noticiasradioreflejos.com.ar\/2021\/la-reserva-rionegrina-islote-lobos-fue-convertida-en-parque-nacional\/","title":{"rendered":"La reserva rionegrina Islote Lobos fue convertida en Parque Nacional"},"content":{"rendered":"<p>El complejo es un ecosistema con una gran biodiversidad de fauna marina y vegetaci\u00f3n. El cambio favorecer\u00e1 el cuidado de los espacios ocupados por los lobos marinos y la colonia reproductiva de ping\u00fcinos de Magallanes.<\/p>\n<p><!--more--><\/p>\n<div class=\"wrapper-editable-content\">\n<div class=\"wrapper-info-note\">\n<div class=\"col-md-12\">\n<div class=\"wrapper-author-social\">\n<div class=\"author-box mb-4\">\n<div class=\"image\"><\/div>\n<div class=\"info\">\n<div class=\"name\">POR LUIS D\u00cdAZ<\/div>\n<div class=\"time\"><\/div>\n<\/div>\n<\/div>\n<\/div>\n<\/div>\n<\/div>\n<div>\n<div class=\"wrapper-editable-content\">\n<div>\n<div class=\"container-md\">\n<div class=\"row\">\n<div class=\"col-md-12 speak\">\n<div class=\"paragraph\">\n<figure class=\"mb-3\"><img decoding=\"async\" src=\"https:\/\/www.telam.com.ar\/thumbs\/bluesteel\/advf\/imagenes\/2022\/06\/62ab2eaa5e46e_900.jpg\" alt=\"En el complejo hay un sitio de cra del gaviotn real una colonia de gaviota cocinera y especies como bigus garzas brujas las moras y las blancas\" width=\"100%\" height=\"100%\" \/><\/figure>\n<\/div>\n<\/div>\n<\/div>\n<\/div>\n<\/div>\n<\/div>\n<\/div>\n<\/div>\n<div class=\"media-icons\"><\/div>\n<p>En el complejo hay un sitio de cr\u00eda del gaviot\u00edn real, una colonia de gaviota cocinera y especies como bigu\u00e1s, garzas brujas, las moras y las blancas.<\/p>\n<p>El\u00a0<strong>Complejo Islote Lobos<\/strong>, un \u00e1rea natural protegida de\u00a0<strong>R\u00edo Negro<\/strong>\u00a0ubicada\u00a0<strong>en el centro del golfo San Mat\u00edas<\/strong>, reserva de lobos marinos de un pelo, ping\u00fcinos, aves y moluscos,\u00a0<strong>qued\u00f3 convertido este jueves en parque nacional, el n\u00famero 40 del pa\u00eds<\/strong>\u00a0y segundo en el territorio provincial, merced a una ley sancionada por unanimidad por la C\u00e1mara de Diputados, que potencia sus proyectos para el desarrollo del turismo y la econom\u00eda regional, adem\u00e1s de la posible creaci\u00f3n de un corredor tur\u00edstico que lo conecte con el Nahuel Huapi, el primer parque creado en el pa\u00eds.<\/p>\n<p>El sitio es\u00a0<strong>un archipi\u00e9lago conformado por seis pe\u00f1ascos rocosos<\/strong>\u00a0que reciben los nombres de\u00a0<strong>Lobos, La Pastosa, Ortiz Norte, Ortiz Sur, Redondo y De los P\u00e1jaros<\/strong>, ba\u00f1ados por las c\u00e1lidas aguas del golfo, en el departamento de San Antonio Oeste, a unos 50 kil\u00f3metros de la localidad de Sierra Grande y de Playas Doradas, un balneario famoso por sus arenas finas generadas por cuarzo y s\u00edlice que se ba\u00f1an de color oro ante los rayos del Sol.<\/p>\n<figure class=\"mb-3\"><img decoding=\"async\" src=\"https:\/\/www.telam.com.ar\/thumbs\/bluesteel\/advf\/imagenes\/2022\/06\/62ab2eaa302d3_900.jpg\" alt=\"El Complejo Islote de Lobos que funciona como reserva provincial desde 1977\" width=\"100%\" height=\"100%\" \/><\/p>\n<div class=\"media-icons\"><\/div><figcaption>El Complejo Islote de Lobos que funciona como reserva provincial desde 1977.<\/figcaption><\/figure>\n<p>En el camino a convertirse en parque nacional, en noviembre de 2020, la Legislatura de R\u00edo Negro aprob\u00f3 por unanimidad un proyecto de la gobernadora Arabela Carreras para\u00a0<strong>ceder al Estado Nacional el dominio y la jurisdicci\u00f3n del \u00c1rea Natural Protegida \u00abComplejo Islote Lobos\u00bb<\/strong>, mientras en octubre de 2021 el Senado de la Naci\u00f3n dio media sanci\u00f3n a la iniciativa para elevar el complejo a la m\u00e1xima categor\u00eda de \u00e1rea a conservar en su estado natural.<\/p>\n<p>La secretaria de Ambiente y Cambio Clim\u00e1tico de R\u00edo Negro, Dina Lina Migani, explic\u00f3 a T\u00e9lam que, \u00abdesde el comienzo, siempre se trabaj\u00f3 en conjunto con el municipio (de San Antonio) y, luego, con referentes de parques nacionales que realizaron talleres con los vecinos de la zona\u00bb.<\/p>\n<figure class=\"mb-3\"><img decoding=\"async\" src=\"https:\/\/www.telam.com.ar\/thumbs\/bluesteel\/advf\/imagenes\/2022\/06\/62ab2eaa1eedf_900.jpg\" alt=\"El pingino de Magallanes o pingino patagnico es la colonia ms al norte hallada de esa especie y est en pleno crecimiento\" width=\"100%\" height=\"100%\" \/><\/p>\n<div class=\"media-icons\"><\/div><figcaption>\u00abEl ping\u00fcino de Magallanes o ping\u00fcino patag\u00f3nico es la colonia m\u00e1s al norte hallada de esa especie y est\u00e1 en pleno crecimiento\u00bb<\/figcaption><\/figure>\n<p>\u00abSe trabaj\u00f3 en ese tema tambi\u00e9n con los propietarios de los campos de alrededor y ese fue el trabajo, unirnos, justamente para potenciar el lugar, la zona, todo lo que tiene que ver con lo social, lo econ\u00f3mico y lo tur\u00edstico\u00bb, enfatiz\u00f3 la funcionaria.<\/p>\n<p>Con la declaraci\u00f3n de parque nacional se busca brindar mayor protecci\u00f3n a los espacios ocupados por los lobos marinos de un pelo, a la colonia reproductiva ubicada m\u00e1s al norte de ping\u00fcinos de Magallanes y a los sitios de nidificaci\u00f3n de aves de manera integral.<\/p>\n<blockquote class=\"\"><p>\u00abSe trabaj\u00f3 en ese tema tambi\u00e9n con los propietarios de los campos de alrededor y ese fue el trabajo, unirnos, justamente para potenciar el lugar, la zona, todo lo que tiene que ver con lo social, lo econ\u00f3mico y lo tur\u00edstico\u00bb<cite class=\"author\">Dina Lina Migani<\/cite><\/p><\/blockquote>\n<p>Islote Lobos es desde ahora el segundo Parque Nacional de la provincia, dado que en R\u00edo Negro se encuentra el primero en su tipo creado en el pa\u00eds en 1930, el Nahuel Huapi, ubicado en la zona de lagos glaciares entre San Carlos de Bariloche y la ciudad neuquina de Villa La Angostura.<\/p>\n<figure class=\"mb-3\"><img decoding=\"async\" src=\"https:\/\/www.telam.com.ar\/thumbs\/bluesteel\/advf\/imagenes\/2022\/06\/62ab2eaa0d167_900.jpg\" alt=\"Islote Lobos es desde ahora el segundo Parque Nacional de la provincia de Ro Negro\" width=\"100%\" height=\"100%\" \/><\/p>\n<div class=\"media-icons\"><\/div><figcaption>Islote Lobos es desde ahora el segundo Parque Nacional de la provincia de R\u00edo Negro.<\/figcaption><\/figure>\n<p>Ante ello, Migani apunt\u00f3 que de esta forma Islote Lobos \u00abse unir\u00e1 con el primer parque nacional que se cre\u00f3 en la Argentina que fue el Nahuel Huapi\u00bb.<\/p>\n<p>La ingeniera qu\u00edmica y vicepresidenta del Consejo Federal de Medio Ambiente (Cofema) tambi\u00e9n destac\u00f3 que la aprobaci\u00f3n del Parque Nacional permitir\u00e1 \u00aba trav\u00e9s de un corredor, que podr\u00eda ser la ruta 23, hacer un desarrollo del lugar y unir los dos parques nacionales a trav\u00e9s de esa ruta provincial, y crear as\u00ed un gran circuito tur\u00edstico en la provincia\u00bb.<\/p>\n<figure class=\"mb-3\"><img decoding=\"async\" src=\"https:\/\/www.telam.com.ar\/thumbs\/bluesteel\/advf\/imagenes\/2022\/06\/62ab190d10247_900.jpg\" alt=\"El Complejo Islote de Lobos funciona como reserva provincial desde 1977\" width=\"100%\" height=\"100%\" \/><\/p>\n<div class=\"media-icons\"><\/div><figcaption>El Complejo Islote de Lobos funciona como reserva provincial desde 1977.<\/figcaption><\/figure>\n<p>El Complejo Islote de Lobos, que funciona como reserva provincial desde 1977, es un ecosistema con una gran biodiversidad de fauna marina y vegetaci\u00f3n, entre la que se destacan las variedades de arbustos resistentes a la salinidad de la zona.<\/p>\n<p>Al respecto, el investigador asistente del Conicet e integrante de la Escuela Superior de Ciencias Marinas de San Antonio Oeste, Guillermo Svendesen, explic\u00f3 a T\u00e9lam que los estudios sobre los mam\u00edferos marinos que se realizan desde 2007 en la zona \u00abhan permitido evidenciar la convivencia de dos clases: los conocidos como lobos de un pelo, los m\u00e1s habituales en las playas sudamericanas, y los de dos pelos que son nativos de la regi\u00f3n Ant\u00e1rtica\u00bb.<\/p>\n<figure class=\"mb-3\"><img decoding=\"async\" src=\"https:\/\/www.telam.com.ar\/thumbs\/bluesteel\/advf\/imagenes\/2022\/06\/62ab2eaa4ef43_900.jpg\" alt=\"Parque Nacional Islote Lobos\" width=\"100%\" height=\"100%\" \/><\/p>\n<div class=\"media-icons\"><\/div><figcaption>Parque Nacional Islote Lobos.<\/figcaption><\/figure>\n<p>\u00abNosotros reportamos la presencia de esos lobos en nuestro trabajo, de c\u00f3mo disminuyeron, que no es un apostadero reproductivo de la especie pero es un apostadero de esa especie en el golfo San Mat\u00edas, esa es la importancia del Islote\u00bb, a\u00f1adi\u00f3.<\/p>\n<p>Otra de las especies m\u00e1s emblem\u00e1ticas de la reserva son los ping\u00fcinos de Magallanes, si bien es una colonia joven, de unos 20 a\u00f1os, es una de las m\u00e1s importantes y consolidadas del pa\u00eds.<\/p>\n<figure class=\"mb-3\"><img decoding=\"async\" src=\"https:\/\/www.telam.com.ar\/thumbs\/bluesteel\/advf\/imagenes\/2022\/06\/62ab190d2a872_900.jpg\" alt=\"Islote Lobos es desde ahora el segundo Parque Nacional de la provincia de Ro Negro\" width=\"100%\" height=\"100%\" \/><\/p>\n<div class=\"media-icons\"><\/div><figcaption>Islote Lobos es desde ahora el segundo Parque Nacional de la provincia de R\u00edo Negro.<\/figcaption><\/figure>\n<p>\u00abEl ping\u00fcino de Magallanes o ping\u00fcino patag\u00f3nico es la colonia m\u00e1s al norte hallada de esa especie y est\u00e1 en pleno crecimiento\u00bb, asegur\u00f3 el especialista.<\/p>\n<p>Adem\u00e1s, en el complejo hay muchas especies de aves, incluido un sitio de cr\u00eda del gaviot\u00edn real, una importante colonia de gaviota cocinera o nidificaciones de especies de ambiente h\u00famedo como bigu\u00e1s, garzas brujas, las moras y las blancas.<\/p>\n<p>En esta zona tambi\u00e9n se encuentran variedades de arbustos resistentes a la salinidad marina como la vidriera y el espartillo, alternadas en algunas zonas por molle, llaoll\u00edn, zampa, jume, jarilla y flechilla blanca.<\/p>\n<figure class=\"mb-3\"><img decoding=\"async\" src=\"https:\/\/www.telam.com.ar\/thumbs\/bluesteel\/advf\/imagenes\/2022\/06\/62ab2eaa3f8f4_900.jpg\" alt=\"Parque Nacional Islote Lobos\" width=\"100%\" height=\"100%\" \/><\/p>\n<div class=\"media-icons\"><\/div><figcaption>Parque Nacional Islote Lobos.<\/figcaption><\/figure>\n<p>De acuerdo con la Ley 22.351 de Parques Nacionales, Monumentos Naturales y Reservas Nacionales, la principal categor\u00eda dentro del Sistema Nacional de \u00c1reas Protegidas es la de Parque Nacional, dado que representa a una regi\u00f3n fitozoogeogr\u00e1fica y tiene gran atractivo en bellezas esc\u00e9nicas o inter\u00e9s cient\u00edfico que deben mantenerse sin alteraciones, m\u00e1s all\u00e1 de las necesarias para asegurar su control, al visitante y la seguridad nacional.<\/p>\n<p>La norma tambi\u00e9n advierte que en los parques nacionales est\u00e1 \u00abprohibida toda explotaci\u00f3n econ\u00f3mica con excepci\u00f3n de la vinculada al turismo\u00bb, que tambi\u00e9n puede realizarse en base a reglamentaciones espec\u00edficas.<\/p>\n<figure class=\"mb-3\"><img decoding=\"async\" src=\"https:\/\/www.telam.com.ar\/thumbs\/bluesteel\/advf\/imagenes\/2022\/06\/62ab1f0bc8567_900.jpg\" alt=\"En la reserva hay lobos de un pelo y de dos pelos que son nativos de la regin Antrtica\" width=\"100%\" height=\"100%\" \/><\/p>\n<div class=\"media-icons\"><\/div><figcaption>En la reserva hay lobos de un pelo y de dos pelos que son nativos de la regi\u00f3n Ant\u00e1rtica.<\/figcaption><\/figure>\n","protected":false},"excerpt":{"rendered":"<p>El complejo es un ecosistema con una gran biodiversidad de fauna marina y vegetaci\u00f3n. El cambio favorecer\u00e1 el cuidado de los espacios ocupados por los lobos marinos y la colonia reproductiva de ping\u00fcinos de Magallanes.<\/p>\n","protected":false},"author":3,"featured_media":0,"comment_status":"closed","ping_status":"closed","sticky":false,"template":"","format":"standard","meta":{"footnotes":""},"categories":[46,58,26,33],"tags":[],"class_list":["post-73830","post","type-post","status-publish","format-standard","hentry","category-ciencia-y-tecnologia","category-gobierno","category-sociedad","category-turismo"],"yoast_head":"<!-- This site is optimized with the Yoast SEO plugin v25.9 - https:\/\/yoast.com\/wordpress\/plugins\/seo\/ -->\n<title>La reserva rionegrina Islote Lobos fue convertida en Parque Nacional - Noticias Radio Reflejos<\/title>\n<meta name=\"robots\" content=\"index, follow, max-snippet:-1, max-image-preview:large, max-video-preview:-1\" \/>\n<link rel=\"canonical\" href=\"https:\/\/www.noticiasradioreflejos.com.ar\/2021\/la-reserva-rionegrina-islote-lobos-fue-convertida-en-parque-nacional\/\" \/>\n<meta property=\"og:locale\" content=\"es_ES\" \/>\n<meta property=\"og:type\" content=\"article\" \/>\n<meta property=\"og:title\" content=\"La reserva rionegrina Islote Lobos fue convertida en Parque Nacional - Noticias Radio Reflejos\" \/>\n<meta property=\"og:description\" content=\"El complejo es un ecosistema con una gran biodiversidad de fauna marina y vegetaci\u00f3n. El cambio favorecer\u00e1 el cuidado de los espacios ocupados por los lobos marinos y la colonia reproductiva de ping\u00fcinos de Magallanes.\" \/>\n<meta property=\"og:url\" content=\"https:\/\/www.noticiasradioreflejos.com.ar\/2021\/la-reserva-rionegrina-islote-lobos-fue-convertida-en-parque-nacional\/\" \/>\n<meta property=\"og:site_name\" content=\"Noticias Radio Reflejos\" \/>\n<meta property=\"article:published_time\" content=\"2022-06-16T17:40:52+00:00\" \/>\n<meta property=\"og:image\" content=\"https:\/\/www.telam.com.ar\/thumbs\/bluesteel\/advf\/imagenes\/2022\/06\/62ab2eaa5e46e_900.jpg\" \/>\n<meta name=\"author\" content=\"Arnaldo Botto\" \/>\n<meta name=\"twitter:card\" content=\"summary_large_image\" \/>\n<script type=\"application\/ld+json\" class=\"yoast-schema-graph\">{\"@context\":\"https:\/\/schema.org\",\"@graph\":[{\"@type\":\"WebPage\",\"@id\":\"https:\/\/www.noticiasradioreflejos.com.ar\/2021\/la-reserva-rionegrina-islote-lobos-fue-convertida-en-parque-nacional\/\",\"url\":\"https:\/\/www.noticiasradioreflejos.com.ar\/2021\/la-reserva-rionegrina-islote-lobos-fue-convertida-en-parque-nacional\/\",\"name\":\"La reserva rionegrina Islote Lobos fue convertida en Parque Nacional - Noticias Radio Reflejos\",\"isPartOf\":{\"@id\":\"https:\/\/www.noticiasradioreflejos.com.ar\/2021\/#website\"},\"primaryImageOfPage\":{\"@id\":\"https:\/\/www.noticiasradioreflejos.com.ar\/2021\/la-reserva-rionegrina-islote-lobos-fue-convertida-en-parque-nacional\/#primaryimage\"},\"image\":{\"@id\":\"https:\/\/www.noticiasradioreflejos.com.ar\/2021\/la-reserva-rionegrina-islote-lobos-fue-convertida-en-parque-nacional\/#primaryimage\"},\"thumbnailUrl\":\"https:\/\/www.telam.com.ar\/thumbs\/bluesteel\/advf\/imagenes\/2022\/06\/62ab2eaa5e46e_900.jpg\",\"datePublished\":\"2022-06-16T17:40:52+00:00\",\"author\":{\"@id\":\"https:\/\/www.noticiasradioreflejos.com.ar\/2021\/#\/schema\/person\/ad82545263dcc5ec0996818884fd5fb1\"},\"breadcrumb\":{\"@id\":\"https:\/\/www.noticiasradioreflejos.com.ar\/2021\/la-reserva-rionegrina-islote-lobos-fue-convertida-en-parque-nacional\/#breadcrumb\"},\"inLanguage\":\"es\",\"potentialAction\":[{\"@type\":\"ReadAction\",\"target\":[\"https:\/\/www.noticiasradioreflejos.com.ar\/2021\/la-reserva-rionegrina-islote-lobos-fue-convertida-en-parque-nacional\/\"]}]},{\"@type\":\"ImageObject\",\"inLanguage\":\"es\",\"@id\":\"https:\/\/www.noticiasradioreflejos.com.ar\/2021\/la-reserva-rionegrina-islote-lobos-fue-convertida-en-parque-nacional\/#primaryimage\",\"url\":\"https:\/\/www.telam.com.ar\/thumbs\/bluesteel\/advf\/imagenes\/2022\/06\/62ab2eaa5e46e_900.jpg\",\"contentUrl\":\"https:\/\/www.telam.com.ar\/thumbs\/bluesteel\/advf\/imagenes\/2022\/06\/62ab2eaa5e46e_900.jpg\"},{\"@type\":\"BreadcrumbList\",\"@id\":\"https:\/\/www.noticiasradioreflejos.com.ar\/2021\/la-reserva-rionegrina-islote-lobos-fue-convertida-en-parque-nacional\/#breadcrumb\",\"itemListElement\":[{\"@type\":\"ListItem\",\"position\":1,\"name\":\"Portada\",\"item\":\"https:\/\/www.noticiasradioreflejos.com.ar\/2021\/\"},{\"@type\":\"ListItem\",\"position\":2,\"name\":\"La reserva rionegrina Islote Lobos fue convertida en Parque Nacional\"}]},{\"@type\":\"WebSite\",\"@id\":\"https:\/\/www.noticiasradioreflejos.com.ar\/2021\/#website\",\"url\":\"https:\/\/www.noticiasradioreflejos.com.ar\/2021\/\",\"name\":\"Noticias Radio Reflejos\",\"description\":\"Las noticias de mi comarca\",\"potentialAction\":[{\"@type\":\"SearchAction\",\"target\":{\"@type\":\"EntryPoint\",\"urlTemplate\":\"https:\/\/www.noticiasradioreflejos.com.ar\/2021\/?s={search_term_string}\"},\"query-input\":{\"@type\":\"PropertyValueSpecification\",\"valueRequired\":true,\"valueName\":\"search_term_string\"}}],\"inLanguage\":\"es\"},{\"@type\":\"Person\",\"@id\":\"https:\/\/www.noticiasradioreflejos.com.ar\/2021\/#\/schema\/person\/ad82545263dcc5ec0996818884fd5fb1\",\"name\":\"Arnaldo Botto\",\"image\":{\"@type\":\"ImageObject\",\"inLanguage\":\"es\",\"@id\":\"https:\/\/www.noticiasradioreflejos.com.ar\/2021\/#\/schema\/person\/image\/\",\"url\":\"https:\/\/secure.gravatar.com\/avatar\/55cb5e37c1efa326397366e6974cb338056df65cb50e7d64d1cf314e87504837?s=96&d=mm&r=g\",\"contentUrl\":\"https:\/\/secure.gravatar.com\/avatar\/55cb5e37c1efa326397366e6974cb338056df65cb50e7d64d1cf314e87504837?s=96&d=mm&r=g\",\"caption\":\"Arnaldo Botto\"},\"url\":\"https:\/\/www.noticiasradioreflejos.com.ar\/2021\/author\/arnaldo\/\"}]}<\/script>\n<!-- \/ Yoast SEO plugin. -->","yoast_head_json":{"title":"La reserva rionegrina Islote Lobos fue convertida en Parque Nacional - Noticias Radio Reflejos","robots":{"index":"index","follow":"follow","max-snippet":"max-snippet:-1","max-image-preview":"max-image-preview:large","max-video-preview":"max-video-preview:-1"},"canonical":"https:\/\/www.noticiasradioreflejos.com.ar\/2021\/la-reserva-rionegrina-islote-lobos-fue-convertida-en-parque-nacional\/","og_locale":"es_ES","og_type":"article","og_title":"La reserva rionegrina Islote Lobos fue convertida en Parque Nacional - Noticias Radio Reflejos","og_description":"El complejo es un ecosistema con una gran biodiversidad de fauna marina y vegetaci\u00f3n. El cambio favorecer\u00e1 el cuidado de los espacios ocupados por los lobos marinos y la colonia reproductiva de ping\u00fcinos de Magallanes.","og_url":"https:\/\/www.noticiasradioreflejos.com.ar\/2021\/la-reserva-rionegrina-islote-lobos-fue-convertida-en-parque-nacional\/","og_site_name":"Noticias Radio Reflejos","article_published_time":"2022-06-16T17:40:52+00:00","og_image":[{"url":"https:\/\/www.telam.com.ar\/thumbs\/bluesteel\/advf\/imagenes\/2022\/06\/62ab2eaa5e46e_900.jpg","type":"","width":"","height":""}],"author":"Arnaldo Botto","twitter_card":"summary_large_image","schema":{"@context":"https:\/\/schema.org","@graph":[{"@type":"WebPage","@id":"https:\/\/www.noticiasradioreflejos.com.ar\/2021\/la-reserva-rionegrina-islote-lobos-fue-convertida-en-parque-nacional\/","url":"https:\/\/www.noticiasradioreflejos.com.ar\/2021\/la-reserva-rionegrina-islote-lobos-fue-convertida-en-parque-nacional\/","name":"La reserva rionegrina Islote Lobos fue convertida en Parque Nacional - Noticias Radio Reflejos","isPartOf":{"@id":"https:\/\/www.noticiasradioreflejos.com.ar\/2021\/#website"},"primaryImageOfPage":{"@id":"https:\/\/www.noticiasradioreflejos.com.ar\/2021\/la-reserva-rionegrina-islote-lobos-fue-convertida-en-parque-nacional\/#primaryimage"},"image":{"@id":"https:\/\/www.noticiasradioreflejos.com.ar\/2021\/la-reserva-rionegrina-islote-lobos-fue-convertida-en-parque-nacional\/#primaryimage"},"thumbnailUrl":"https:\/\/www.telam.com.ar\/thumbs\/bluesteel\/advf\/imagenes\/2022\/06\/62ab2eaa5e46e_900.jpg","datePublished":"2022-06-16T17:40:52+00:00","author":{"@id":"https:\/\/www.noticiasradioreflejos.com.ar\/2021\/#\/schema\/person\/ad82545263dcc5ec0996818884fd5fb1"},"breadcrumb":{"@id":"https:\/\/www.noticiasradioreflejos.com.ar\/2021\/la-reserva-rionegrina-islote-lobos-fue-convertida-en-parque-nacional\/#breadcrumb"},"inLanguage":"es","potentialAction":[{"@type":"ReadAction","target":["https:\/\/www.noticiasradioreflejos.com.ar\/2021\/la-reserva-rionegrina-islote-lobos-fue-convertida-en-parque-nacional\/"]}]},{"@type":"ImageObject","inLanguage":"es","@id":"https:\/\/www.noticiasradioreflejos.com.ar\/2021\/la-reserva-rionegrina-islote-lobos-fue-convertida-en-parque-nacional\/#primaryimage","url":"https:\/\/www.telam.com.ar\/thumbs\/bluesteel\/advf\/imagenes\/2022\/06\/62ab2eaa5e46e_900.jpg","contentUrl":"https:\/\/www.telam.com.ar\/thumbs\/bluesteel\/advf\/imagenes\/2022\/06\/62ab2eaa5e46e_900.jpg"},{"@type":"BreadcrumbList","@id":"https:\/\/www.noticiasradioreflejos.com.ar\/2021\/la-reserva-rionegrina-islote-lobos-fue-convertida-en-parque-nacional\/#breadcrumb","itemListElement":[{"@type":"ListItem","position":1,"name":"Portada","item":"https:\/\/www.noticiasradioreflejos.com.ar\/2021\/"},{"@type":"ListItem","position":2,"name":"La reserva rionegrina Islote Lobos fue convertida en Parque Nacional"}]},{"@type":"WebSite","@id":"https:\/\/www.noticiasradioreflejos.com.ar\/2021\/#website","url":"https:\/\/www.noticiasradioreflejos.com.ar\/2021\/","name":"Noticias Radio Reflejos","description":"Las noticias de mi comarca","potentialAction":[{"@type":"SearchAction","target":{"@type":"EntryPoint","urlTemplate":"https:\/\/www.noticiasradioreflejos.com.ar\/2021\/?s={search_term_string}"},"query-input":{"@type":"PropertyValueSpecification","valueRequired":true,"valueName":"search_term_string"}}],"inLanguage":"es"},{"@type":"Person","@id":"https:\/\/www.noticiasradioreflejos.com.ar\/2021\/#\/schema\/person\/ad82545263dcc5ec0996818884fd5fb1","name":"Arnaldo Botto","image":{"@type":"ImageObject","inLanguage":"es","@id":"https:\/\/www.noticiasradioreflejos.com.ar\/2021\/#\/schema\/person\/image\/","url":"https:\/\/secure.gravatar.com\/avatar\/55cb5e37c1efa326397366e6974cb338056df65cb50e7d64d1cf314e87504837?s=96&d=mm&r=g","contentUrl":"https:\/\/secure.gravatar.com\/avatar\/55cb5e37c1efa326397366e6974cb338056df65cb50e7d64d1cf314e87504837?s=96&d=mm&r=g","caption":"Arnaldo Botto"},"url":"https:\/\/www.noticiasradioreflejos.com.ar\/2021\/author\/arnaldo\/"}]}},"_links":{"self":[{"href":"https:\/\/www.noticiasradioreflejos.com.ar\/2021\/wp-json\/wp\/v2\/posts\/73830","targetHints":{"allow":["GET"]}}],"collection":[{"href":"https:\/\/www.noticiasradioreflejos.com.ar\/2021\/wp-json\/wp\/v2\/posts"}],"about":[{"href":"https:\/\/www.noticiasradioreflejos.com.ar\/2021\/wp-json\/wp\/v2\/types\/post"}],"author":[{"embeddable":true,"href":"https:\/\/www.noticiasradioreflejos.com.ar\/2021\/wp-json\/wp\/v2\/users\/3"}],"replies":[{"embeddable":true,"href":"https:\/\/www.noticiasradioreflejos.com.ar\/2021\/wp-json\/wp\/v2\/comments?post=73830"}],"version-history":[{"count":1,"href":"https:\/\/www.noticiasradioreflejos.com.ar\/2021\/wp-json\/wp\/v2\/posts\/73830\/revisions"}],"predecessor-version":[{"id":73832,"href":"https:\/\/www.noticiasradioreflejos.com.ar\/2021\/wp-json\/wp\/v2\/posts\/73830\/revisions\/73832"}],"wp:attachment":[{"href":"https:\/\/www.noticiasradioreflejos.com.ar\/2021\/wp-json\/wp\/v2\/media?parent=73830"}],"wp:term":[{"taxonomy":"category","embeddable":true,"href":"https:\/\/www.noticiasradioreflejos.com.ar\/2021\/wp-json\/wp\/v2\/categories?post=73830"},{"taxonomy":"post_tag","embeddable":true,"href":"https:\/\/www.noticiasradioreflejos.com.ar\/2021\/wp-json\/wp\/v2\/tags?post=73830"}],"curies":[{"name":"wp","href":"https:\/\/api.w.org\/{rel}","templated":true}]}}