{"id":73825,"date":"2022-06-16T17:29:58","date_gmt":"2022-06-16T17:29:58","guid":{"rendered":"http:\/\/www.noticiasradioreflejos.com.ar\/2021\/?p=73825"},"modified":"2022-06-16T19:03:08","modified_gmt":"2022-06-16T19:03:08","slug":"filmaron-una-publicidad-en-la-ruta-76-y-ni-ginobili-se-salvo-de-la-grieta-politica","status":"publish","type":"post","link":"https:\/\/www.noticiasradioreflejos.com.ar\/2021\/filmaron-una-publicidad-en-la-ruta-76-y-ni-ginobili-se-salvo-de-la-grieta-politica\/","title":{"rendered":"Filmaron una publicidad en la ruta 76 y ni Gin\u00f3bili se salv\u00f3 de la grieta pol\u00edtica"},"content":{"rendered":"<p>El edil<strong> Luis Castro de Juntos por el Cambio<\/strong> fue quien lanz\u00f3 la primera piedra en redes, y a partir de all\u00ed el fuego cruzado no par\u00f3. Una firma de autos film\u00f3 una publicidad y para hacerlo debi\u00f3 cortar moment\u00e1neamente la ruta. El vecino<strong> Luis Chandia<\/strong> se sum\u00f3 a dar su punto de vista, y del otro lado, el Secretario de Gobierno y\u00a0 Seguridad dej\u00f3 en clara la postura oficial.<!--more--><\/p>\n<p>&nbsp;<\/p>\n<p><a href=\"http:\/\/www.noticiasradioreflejos.com.ar\/2021\/algunos-sectores-de-la-comarca-se-encuentran-cortados-por-la-filmacion-de-una-publicidad-con-emanuel-ginobili\/manu-2-jpg_1024\/\" rel=\"attachment wp-att-73768\"><img loading=\"lazy\" decoding=\"async\" class=\"aligncenter size-full wp-image-73768\" src=\"http:\/\/www.noticiasradioreflejos.com.ar\/2021\/wp-content\/uploads\/2022\/06\/manu-2.jpg_1024.jpg\" alt=\"\" width=\"1024\" height=\"768\" \/><\/a><\/p>\n<p>Ya no deber\u00eda sorprender. Cualquier motivo es bueno para confrontar y generar divisi\u00f3n. Ahora, hasta el mism\u00edsimo <strong>Emanuel David Gin\u00f3bili<\/strong> cay\u00f3 en la volteada, por haber filmado una publicidad en la ruta 76, en donde moment\u00e1neamente se debi\u00f3 cortar el tr\u00e1fico.<\/p>\n<p>El mi\u00e9rcoles el edil de<strong> Juntos por el Cambio Luis Castro<\/strong> expres\u00f3 su malestar al respecto, y el vecino<strong> Luis Chandia<\/strong>, a fin a esa l\u00ednea pol\u00edtica, dio su visi\u00f3n de lo ocurrido.<\/p>\n<p>\u201cSe pudo haber cortado media hora la ruta, pero el beneficio que tiene Villa Ventana por la venida de Emanuel Gin\u00f3bili y la empresa Renault a hacer este trabajo de publicidad es muy importante\u201d sostuvo Luis.<\/p>\n<p>Aunque en la misma l\u00ednea mencion\u00f3 que \u201cen lo que se equivoca el edil es que la queja se la tiene que hacer al Secretario de Gobierno que es quien maneja la seguridad del distrito. A veces hay que quejarse con nombre y apellido para que tenga mayor fuerza\u201d.<\/p>\n<p>Usando el sentido com\u00fan reconoci\u00f3 que \u201cno fue una idea de la empresa de cortar la ruta 76. Hay un trabajo previo. No es un capricho de la empresa. Tenemos que hablar con qui\u00e9n est\u00e1 a cargo de la seguridad. Calculo que \u00e9l estar\u00eda al tanto. Si \u00e9l no sab\u00eda, ah\u00ed s\u00ed ten\u00e9s que averiguar. Tenemos que ser coherentes al momento de decir las cosas\u201d.<\/p>\n<p>Por \u00faltimo, y agradeciendo el espacio, Chandia admiti\u00f3 que \u201cac\u00e1 el problema es la irresponsabilidad del funcionario en cuesti\u00f3n, que no inform\u00f3 en tiempo y forma lo que iba a pasar. Tenemos que tratar de sumar para que se conozca mucho m\u00e1s el destino tur\u00edstico, pero si tenemos un funcionario que no funciona estamos al horno\u201d.<\/p>\n<p>&nbsp;<\/p>\n<p><iframe loading=\"lazy\" src=\"https:\/\/w.soundcloud.com\/player\/?url=https%3A\/\/api.soundcloud.com\/tracks\/1288027318&amp;color=%23ff5500&amp;auto_play=false&amp;hide_related=false&amp;show_comments=true&amp;show_user=true&amp;show_reposts=false&amp;show_teaser=true\" width=\"100%\" height=\"166\" frameborder=\"no\" scrolling=\"no\"><\/iframe><\/p>\n<div style=\"font-size: 10px; color: #cccccc; line-break: anywhere; word-break: normal; overflow: hidden; white-space: nowrap; text-overflow: ellipsis; font-family: Interstate,Lucida Grande,Lucida Sans Unicode,Lucida Sans,Garuda,Verdana,Tahoma,sans-serif; font-weight: 100;\"><a style=\"color: #cccccc; text-decoration: none;\" title=\"fmreflejos 103.7\" href=\"https:\/\/soundcloud.com\/fmreflejos-103-7\" target=\"_blank\" rel=\"noopener\">fmreflejos 103.7<\/a> \u00b7 <a style=\"color: #cccccc; text-decoration: none;\" title=\"Luis Chandia\" href=\"https:\/\/soundcloud.com\/fmreflejos-103-7\/luis-chandia\" target=\"_blank\" rel=\"noopener\">Luis Chandia<\/a><\/div>\n<h4><strong>Recogiendo el guante y dando su visi\u00f3n, el Secretario de Gobierno de Tornquist, Ezequiel Gabella orden\u00f3 cronol\u00f3gicamente lo ocurrido.<\/strong><\/h4>\n<p>\u201cLos primeros contactos con la empresa productora de la filmaci\u00f3n de la publicidad fueron hace unos diez d\u00edas. Es de Buenos Aires, con un enlace con una productora de Bah\u00eda Blanca, algo que es muy com\u00fan, ya que ayuda a manejar cuestiones de log\u00edstica\u201d cont\u00f3.<\/p>\n<p>\u201cDesde un principio se habl\u00f3 de la reserva que merec\u00eda el caso. Primero por una cuesti\u00f3n comercial, ya que la empresa se est\u00e1 jugando el lanzamiento de un producto. Y por otro lado, por m\u00e1s que suene cholula, que se sab\u00eda que la iba a protagonizar Manu Gin\u00f3bili, y como trasciende mundialmente, pidieron reserva por su visita\u201d coment\u00f3.<\/p>\n<p><a title=\"ema.jpg_1600\" href=\"https:\/\/www.flickr.com\/photos\/182279889@N02\/52150312272\/in\/dateposted-public\/\" data-flickr-embed=\"true\"><img loading=\"lazy\" decoding=\"async\" src=\"https:\/\/live.staticflickr.com\/65535\/52150312272_9417acf963_c.jpg\" alt=\"ema.jpg_1600\" width=\"800\" height=\"600\" \/><\/a><\/p>\n<p>Siguiendo con el relato confirm\u00f3 que \u201cel lunes tuvimos una reuni\u00f3n presencial donde estuvo el encargado de los inspectores municipales. Como se iba a filmar mayoritariamente en la ruta, no \u00edbamos a dejar nada librado al azar. Debido al estilo del rodaje es que era necesario cortar la ruta, con un operativo minucioso y detallado. Se utilizan camiones, cambios de carriles, y ser\u00eda muy peligroso si hubiese estado habilitada\u201d.<\/p>\n<p>Aunque en esa l\u00ednea ratific\u00f3 que \u201cning\u00fan corte super\u00f3 los 14 minutos, por lo que estaba cronometrado hasta eso. Se hac\u00eda un peque\u00f1o reten, se le explicaba a la gente, y luego se liberaba\u201d.<\/p>\n<p>Por \u00faltimo, y a modo de reflexi\u00f3n, sostuvo que \u201cla comarca serrana est\u00e1 siendo elegida, no para un fin de semana, sino para un sinf\u00edn de actividades. Se va a correr la voz, y ese boca en boca ayudar\u00e1 a que vengan otras productoras. Hubo una veintena de personas alojadas cerca de cuatro d\u00edas, que consumieron y recomendar\u00e1n la comarca\u201d.<\/p>\n<p>&nbsp;<\/p>\n<h4>Y se hizo la luz<\/h4>\n<p>En otro pasaje de la charla el Secretario de Gobierno confirm\u00f3 el arribo a Sierra de la Ventana de un generador que actuar\u00e1 como plan \u201cB\u201d, entendiendo que a partir de ahora no deber\u00edan producirse nuevos cortes de suministro el\u00e9ctrico.<\/p>\n<p><a href=\"http:\/\/www.noticiasradioreflejos.com.ar\/2021\/arribo-a-sierra-de-la-ventana-el-generador-de-energia-gestionado-por-bordoni-en-el-oceba\/generador-sdlv-1\/\" rel=\"attachment wp-att-73780\"><img loading=\"lazy\" decoding=\"async\" class=\"aligncenter wp-image-73780\" src=\"http:\/\/www.noticiasradioreflejos.com.ar\/2021\/wp-content\/uploads\/2022\/06\/generador-sdlv-1.jpeg\" alt=\"\" width=\"650\" height=\"488\" \/><\/a><\/p>\n<p>\u201cNos reunimos con el OCEBA y el intendente les dijo que quer\u00eda que se avance con la ampliaci\u00f3n de la planta transformadora, pero al mismo tiempo, solicit\u00f3 un plan \u201cB\u201d, ya que no quiero m\u00e1s cortes en los fines de semana largo. Por tal motivo solicit\u00f3 un generador en Sierra de la Ventana porque no quiere correr riesgos. Es por eso que ayer lleg\u00f3 ese generador, que permite justamente eso, tener un plan B\u201d coment\u00f3.<\/p>\n<p>Sobre esa tem\u00e1tica el funcionario rememor\u00f3 que \u201cel verano pasado pasamos un muy feo momento en Sierra de la Ventana por los cortes de luz que hubo, por las temperaturas y el consumo. No era un tema de transportar energ\u00eda, sino de generarla\u201d.<\/p>\n<p>\u201cEl intendente pudo hablar personalmente con el gobernador sobre este tema y le entreg\u00f3 dos proyectos. Uno, ambicioso, que es la construcci\u00f3n de una planta transformadora nueva, que rondar\u00e1 el mill\u00f3n de d\u00f3lares. Y por el otro la duplicaci\u00f3n de capacidad, que asciende a 500 mil d\u00f3lares, y que est\u00e1 el compromiso pol\u00edtico que se va a hacer y qu\u00e9 ocurrir\u00e1 antes de fin de a\u00f1o. Esa inversi\u00f3n ser\u00eda una soluci\u00f3n definitiva por varias d\u00e9cadas, no solo para la comarca, sino tambi\u00e9n para ciudades vecinas a nosotros\u201d cerr\u00f3 Gabella.<\/p>\n<p><iframe loading=\"lazy\" src=\"https:\/\/w.soundcloud.com\/player\/?url=https%3A\/\/api.soundcloud.com\/tracks\/1288588888&amp;color=%23ff5500&amp;auto_play=false&amp;hide_related=false&amp;show_comments=true&amp;show_user=true&amp;show_reposts=false&amp;show_teaser=true\" width=\"100%\" height=\"166\" frameborder=\"no\" scrolling=\"no\"><\/iframe><\/p>\n<div style=\"font-size: 10px; color: #cccccc; line-break: anywhere; word-break: normal; overflow: hidden; white-space: nowrap; text-overflow: ellipsis; font-family: Interstate,Lucida Grande,Lucida Sans Unicode,Lucida Sans,Garuda,Verdana,Tahoma,sans-serif; font-weight: 100;\"><a style=\"color: #cccccc; text-decoration: none;\" title=\"fmreflejos 103.7\" href=\"https:\/\/soundcloud.com\/fmreflejos-103-7\" target=\"_blank\" rel=\"noopener\">fmreflejos 103.7<\/a> \u00b7 <a style=\"color: #cccccc; text-decoration: none;\" title=\"Ezequiel Gabella\" href=\"https:\/\/soundcloud.com\/fmreflejos-103-7\/ezequiel-gabella-29518917\" target=\"_blank\" rel=\"noopener\">Ezequiel Gabella<\/a><\/div>\n","protected":false},"excerpt":{"rendered":"<p>El edil Luis Castro de Juntos por el Cambio fue quien lanz\u00f3 la primera piedra en redes, y a partir de all\u00ed el fuego cruzado no par\u00f3. Una firma de autos film\u00f3 una publicidad y para hacerlo debi\u00f3 cortar moment\u00e1neamente la ruta. El vecino Luis Chandia se sum\u00f3 a dar su punto de vista, y [&hellip;]<\/p>\n","protected":false},"author":3,"featured_media":0,"comment_status":"closed","ping_status":"closed","sticky":false,"template":"","format":"standard","meta":{"footnotes":""},"categories":[24,26],"tags":[48],"class_list":["post-73825","post","type-post","status-publish","format-standard","hentry","category-politica","category-sociedad","tag-destacada"],"yoast_head":"<!-- This site is optimized with the Yoast SEO plugin v25.9 - https:\/\/yoast.com\/wordpress\/plugins\/seo\/ -->\n<title>Filmaron una publicidad en la ruta 76 y ni Gin\u00f3bili se salv\u00f3 de la grieta pol\u00edtica - Noticias Radio Reflejos<\/title>\n<meta name=\"robots\" content=\"index, follow, max-snippet:-1, max-image-preview:large, max-video-preview:-1\" \/>\n<link rel=\"canonical\" href=\"https:\/\/www.noticiasradioreflejos.com.ar\/2021\/filmaron-una-publicidad-en-la-ruta-76-y-ni-ginobili-se-salvo-de-la-grieta-politica\/\" \/>\n<meta property=\"og:locale\" content=\"es_ES\" \/>\n<meta property=\"og:type\" content=\"article\" \/>\n<meta property=\"og:title\" content=\"Filmaron una publicidad en la ruta 76 y ni Gin\u00f3bili se salv\u00f3 de la grieta pol\u00edtica - Noticias Radio Reflejos\" \/>\n<meta property=\"og:description\" content=\"El edil Luis Castro de Juntos por el Cambio fue quien lanz\u00f3 la primera piedra en redes, y a partir de all\u00ed el fuego cruzado no par\u00f3. Una firma de autos film\u00f3 una publicidad y para hacerlo debi\u00f3 cortar moment\u00e1neamente la ruta. El vecino Luis Chandia se sum\u00f3 a dar su punto de vista, y [&hellip;]\" \/>\n<meta property=\"og:url\" content=\"https:\/\/www.noticiasradioreflejos.com.ar\/2021\/filmaron-una-publicidad-en-la-ruta-76-y-ni-ginobili-se-salvo-de-la-grieta-politica\/\" \/>\n<meta property=\"og:site_name\" content=\"Noticias Radio Reflejos\" \/>\n<meta property=\"article:published_time\" content=\"2022-06-16T17:29:58+00:00\" \/>\n<meta property=\"article:modified_time\" content=\"2022-06-16T19:03:08+00:00\" \/>\n<meta property=\"og:image\" content=\"http:\/\/www.noticiasradioreflejos.com.ar\/2021\/wp-content\/uploads\/2022\/06\/manu-2.jpg_1024.jpg\" \/>\n<meta name=\"author\" content=\"Arnaldo Botto\" \/>\n<meta name=\"twitter:card\" content=\"summary_large_image\" \/>\n<script type=\"application\/ld+json\" class=\"yoast-schema-graph\">{\"@context\":\"https:\/\/schema.org\",\"@graph\":[{\"@type\":\"WebPage\",\"@id\":\"https:\/\/www.noticiasradioreflejos.com.ar\/2021\/filmaron-una-publicidad-en-la-ruta-76-y-ni-ginobili-se-salvo-de-la-grieta-politica\/\",\"url\":\"https:\/\/www.noticiasradioreflejos.com.ar\/2021\/filmaron-una-publicidad-en-la-ruta-76-y-ni-ginobili-se-salvo-de-la-grieta-politica\/\",\"name\":\"Filmaron una publicidad en la ruta 76 y ni Gin\u00f3bili se salv\u00f3 de la grieta pol\u00edtica - Noticias Radio Reflejos\",\"isPartOf\":{\"@id\":\"https:\/\/www.noticiasradioreflejos.com.ar\/2021\/#website\"},\"primaryImageOfPage\":{\"@id\":\"https:\/\/www.noticiasradioreflejos.com.ar\/2021\/filmaron-una-publicidad-en-la-ruta-76-y-ni-ginobili-se-salvo-de-la-grieta-politica\/#primaryimage\"},\"image\":{\"@id\":\"https:\/\/www.noticiasradioreflejos.com.ar\/2021\/filmaron-una-publicidad-en-la-ruta-76-y-ni-ginobili-se-salvo-de-la-grieta-politica\/#primaryimage\"},\"thumbnailUrl\":\"http:\/\/www.noticiasradioreflejos.com.ar\/2021\/wp-content\/uploads\/2022\/06\/manu-2.jpg_1024.jpg\",\"datePublished\":\"2022-06-16T17:29:58+00:00\",\"dateModified\":\"2022-06-16T19:03:08+00:00\",\"author\":{\"@id\":\"https:\/\/www.noticiasradioreflejos.com.ar\/2021\/#\/schema\/person\/ad82545263dcc5ec0996818884fd5fb1\"},\"breadcrumb\":{\"@id\":\"https:\/\/www.noticiasradioreflejos.com.ar\/2021\/filmaron-una-publicidad-en-la-ruta-76-y-ni-ginobili-se-salvo-de-la-grieta-politica\/#breadcrumb\"},\"inLanguage\":\"es\",\"potentialAction\":[{\"@type\":\"ReadAction\",\"target\":[\"https:\/\/www.noticiasradioreflejos.com.ar\/2021\/filmaron-una-publicidad-en-la-ruta-76-y-ni-ginobili-se-salvo-de-la-grieta-politica\/\"]}]},{\"@type\":\"ImageObject\",\"inLanguage\":\"es\",\"@id\":\"https:\/\/www.noticiasradioreflejos.com.ar\/2021\/filmaron-una-publicidad-en-la-ruta-76-y-ni-ginobili-se-salvo-de-la-grieta-politica\/#primaryimage\",\"url\":\"\",\"contentUrl\":\"\"},{\"@type\":\"BreadcrumbList\",\"@id\":\"https:\/\/www.noticiasradioreflejos.com.ar\/2021\/filmaron-una-publicidad-en-la-ruta-76-y-ni-ginobili-se-salvo-de-la-grieta-politica\/#breadcrumb\",\"itemListElement\":[{\"@type\":\"ListItem\",\"position\":1,\"name\":\"Portada\",\"item\":\"https:\/\/www.noticiasradioreflejos.com.ar\/2021\/\"},{\"@type\":\"ListItem\",\"position\":2,\"name\":\"Filmaron una publicidad en la ruta 76 y ni Gin\u00f3bili se salv\u00f3 de la grieta pol\u00edtica\"}]},{\"@type\":\"WebSite\",\"@id\":\"https:\/\/www.noticiasradioreflejos.com.ar\/2021\/#website\",\"url\":\"https:\/\/www.noticiasradioreflejos.com.ar\/2021\/\",\"name\":\"Noticias Radio Reflejos\",\"description\":\"Las noticias de mi comarca\",\"potentialAction\":[{\"@type\":\"SearchAction\",\"target\":{\"@type\":\"EntryPoint\",\"urlTemplate\":\"https:\/\/www.noticiasradioreflejos.com.ar\/2021\/?s={search_term_string}\"},\"query-input\":{\"@type\":\"PropertyValueSpecification\",\"valueRequired\":true,\"valueName\":\"search_term_string\"}}],\"inLanguage\":\"es\"},{\"@type\":\"Person\",\"@id\":\"https:\/\/www.noticiasradioreflejos.com.ar\/2021\/#\/schema\/person\/ad82545263dcc5ec0996818884fd5fb1\",\"name\":\"Arnaldo Botto\",\"image\":{\"@type\":\"ImageObject\",\"inLanguage\":\"es\",\"@id\":\"https:\/\/www.noticiasradioreflejos.com.ar\/2021\/#\/schema\/person\/image\/\",\"url\":\"https:\/\/secure.gravatar.com\/avatar\/55cb5e37c1efa326397366e6974cb338056df65cb50e7d64d1cf314e87504837?s=96&d=mm&r=g\",\"contentUrl\":\"https:\/\/secure.gravatar.com\/avatar\/55cb5e37c1efa326397366e6974cb338056df65cb50e7d64d1cf314e87504837?s=96&d=mm&r=g\",\"caption\":\"Arnaldo Botto\"},\"url\":\"https:\/\/www.noticiasradioreflejos.com.ar\/2021\/author\/arnaldo\/\"}]}<\/script>\n<!-- \/ Yoast SEO plugin. -->","yoast_head_json":{"title":"Filmaron una publicidad en la ruta 76 y ni Gin\u00f3bili se salv\u00f3 de la grieta pol\u00edtica - Noticias Radio Reflejos","robots":{"index":"index","follow":"follow","max-snippet":"max-snippet:-1","max-image-preview":"max-image-preview:large","max-video-preview":"max-video-preview:-1"},"canonical":"https:\/\/www.noticiasradioreflejos.com.ar\/2021\/filmaron-una-publicidad-en-la-ruta-76-y-ni-ginobili-se-salvo-de-la-grieta-politica\/","og_locale":"es_ES","og_type":"article","og_title":"Filmaron una publicidad en la ruta 76 y ni Gin\u00f3bili se salv\u00f3 de la grieta pol\u00edtica - Noticias Radio Reflejos","og_description":"El edil Luis Castro de Juntos por el Cambio fue quien lanz\u00f3 la primera piedra en redes, y a partir de all\u00ed el fuego cruzado no par\u00f3. Una firma de autos film\u00f3 una publicidad y para hacerlo debi\u00f3 cortar moment\u00e1neamente la ruta. El vecino Luis Chandia se sum\u00f3 a dar su punto de vista, y [&hellip;]","og_url":"https:\/\/www.noticiasradioreflejos.com.ar\/2021\/filmaron-una-publicidad-en-la-ruta-76-y-ni-ginobili-se-salvo-de-la-grieta-politica\/","og_site_name":"Noticias Radio Reflejos","article_published_time":"2022-06-16T17:29:58+00:00","article_modified_time":"2022-06-16T19:03:08+00:00","og_image":[{"url":"http:\/\/www.noticiasradioreflejos.com.ar\/2021\/wp-content\/uploads\/2022\/06\/manu-2.jpg_1024.jpg","type":"","width":"","height":""}],"author":"Arnaldo Botto","twitter_card":"summary_large_image","schema":{"@context":"https:\/\/schema.org","@graph":[{"@type":"WebPage","@id":"https:\/\/www.noticiasradioreflejos.com.ar\/2021\/filmaron-una-publicidad-en-la-ruta-76-y-ni-ginobili-se-salvo-de-la-grieta-politica\/","url":"https:\/\/www.noticiasradioreflejos.com.ar\/2021\/filmaron-una-publicidad-en-la-ruta-76-y-ni-ginobili-se-salvo-de-la-grieta-politica\/","name":"Filmaron una publicidad en la ruta 76 y ni Gin\u00f3bili se salv\u00f3 de la grieta pol\u00edtica - Noticias Radio Reflejos","isPartOf":{"@id":"https:\/\/www.noticiasradioreflejos.com.ar\/2021\/#website"},"primaryImageOfPage":{"@id":"https:\/\/www.noticiasradioreflejos.com.ar\/2021\/filmaron-una-publicidad-en-la-ruta-76-y-ni-ginobili-se-salvo-de-la-grieta-politica\/#primaryimage"},"image":{"@id":"https:\/\/www.noticiasradioreflejos.com.ar\/2021\/filmaron-una-publicidad-en-la-ruta-76-y-ni-ginobili-se-salvo-de-la-grieta-politica\/#primaryimage"},"thumbnailUrl":"http:\/\/www.noticiasradioreflejos.com.ar\/2021\/wp-content\/uploads\/2022\/06\/manu-2.jpg_1024.jpg","datePublished":"2022-06-16T17:29:58+00:00","dateModified":"2022-06-16T19:03:08+00:00","author":{"@id":"https:\/\/www.noticiasradioreflejos.com.ar\/2021\/#\/schema\/person\/ad82545263dcc5ec0996818884fd5fb1"},"breadcrumb":{"@id":"https:\/\/www.noticiasradioreflejos.com.ar\/2021\/filmaron-una-publicidad-en-la-ruta-76-y-ni-ginobili-se-salvo-de-la-grieta-politica\/#breadcrumb"},"inLanguage":"es","potentialAction":[{"@type":"ReadAction","target":["https:\/\/www.noticiasradioreflejos.com.ar\/2021\/filmaron-una-publicidad-en-la-ruta-76-y-ni-ginobili-se-salvo-de-la-grieta-politica\/"]}]},{"@type":"ImageObject","inLanguage":"es","@id":"https:\/\/www.noticiasradioreflejos.com.ar\/2021\/filmaron-una-publicidad-en-la-ruta-76-y-ni-ginobili-se-salvo-de-la-grieta-politica\/#primaryimage","url":"","contentUrl":""},{"@type":"BreadcrumbList","@id":"https:\/\/www.noticiasradioreflejos.com.ar\/2021\/filmaron-una-publicidad-en-la-ruta-76-y-ni-ginobili-se-salvo-de-la-grieta-politica\/#breadcrumb","itemListElement":[{"@type":"ListItem","position":1,"name":"Portada","item":"https:\/\/www.noticiasradioreflejos.com.ar\/2021\/"},{"@type":"ListItem","position":2,"name":"Filmaron una publicidad en la ruta 76 y ni Gin\u00f3bili se salv\u00f3 de la grieta pol\u00edtica"}]},{"@type":"WebSite","@id":"https:\/\/www.noticiasradioreflejos.com.ar\/2021\/#website","url":"https:\/\/www.noticiasradioreflejos.com.ar\/2021\/","name":"Noticias Radio Reflejos","description":"Las noticias de mi comarca","potentialAction":[{"@type":"SearchAction","target":{"@type":"EntryPoint","urlTemplate":"https:\/\/www.noticiasradioreflejos.com.ar\/2021\/?s={search_term_string}"},"query-input":{"@type":"PropertyValueSpecification","valueRequired":true,"valueName":"search_term_string"}}],"inLanguage":"es"},{"@type":"Person","@id":"https:\/\/www.noticiasradioreflejos.com.ar\/2021\/#\/schema\/person\/ad82545263dcc5ec0996818884fd5fb1","name":"Arnaldo Botto","image":{"@type":"ImageObject","inLanguage":"es","@id":"https:\/\/www.noticiasradioreflejos.com.ar\/2021\/#\/schema\/person\/image\/","url":"https:\/\/secure.gravatar.com\/avatar\/55cb5e37c1efa326397366e6974cb338056df65cb50e7d64d1cf314e87504837?s=96&d=mm&r=g","contentUrl":"https:\/\/secure.gravatar.com\/avatar\/55cb5e37c1efa326397366e6974cb338056df65cb50e7d64d1cf314e87504837?s=96&d=mm&r=g","caption":"Arnaldo Botto"},"url":"https:\/\/www.noticiasradioreflejos.com.ar\/2021\/author\/arnaldo\/"}]}},"_links":{"self":[{"href":"https:\/\/www.noticiasradioreflejos.com.ar\/2021\/wp-json\/wp\/v2\/posts\/73825","targetHints":{"allow":["GET"]}}],"collection":[{"href":"https:\/\/www.noticiasradioreflejos.com.ar\/2021\/wp-json\/wp\/v2\/posts"}],"about":[{"href":"https:\/\/www.noticiasradioreflejos.com.ar\/2021\/wp-json\/wp\/v2\/types\/post"}],"author":[{"embeddable":true,"href":"https:\/\/www.noticiasradioreflejos.com.ar\/2021\/wp-json\/wp\/v2\/users\/3"}],"replies":[{"embeddable":true,"href":"https:\/\/www.noticiasradioreflejos.com.ar\/2021\/wp-json\/wp\/v2\/comments?post=73825"}],"version-history":[{"count":4,"href":"https:\/\/www.noticiasradioreflejos.com.ar\/2021\/wp-json\/wp\/v2\/posts\/73825\/revisions"}],"predecessor-version":[{"id":73834,"href":"https:\/\/www.noticiasradioreflejos.com.ar\/2021\/wp-json\/wp\/v2\/posts\/73825\/revisions\/73834"}],"wp:attachment":[{"href":"https:\/\/www.noticiasradioreflejos.com.ar\/2021\/wp-json\/wp\/v2\/media?parent=73825"}],"wp:term":[{"taxonomy":"category","embeddable":true,"href":"https:\/\/www.noticiasradioreflejos.com.ar\/2021\/wp-json\/wp\/v2\/categories?post=73825"},{"taxonomy":"post_tag","embeddable":true,"href":"https:\/\/www.noticiasradioreflejos.com.ar\/2021\/wp-json\/wp\/v2\/tags?post=73825"}],"curies":[{"name":"wp","href":"https:\/\/api.w.org\/{rel}","templated":true}]}}