{"id":73815,"date":"2022-06-16T16:30:26","date_gmt":"2022-06-16T16:30:26","guid":{"rendered":"http:\/\/www.noticiasradioreflejos.com.ar\/2021\/?p=73815"},"modified":"2022-06-17T14:49:46","modified_gmt":"2022-06-17T14:49:46","slug":"con-los-beneficios-que-trae-tu-proximo-vehiculo-tiene-que-ser-un-volkswagen-de-hauswagen-olavarria","status":"publish","type":"post","link":"https:\/\/www.noticiasradioreflejos.com.ar\/2021\/con-los-beneficios-que-trae-tu-proximo-vehiculo-tiene-que-ser-un-volkswagen-de-hauswagen-olavarria\/","title":{"rendered":"Con los beneficios que trae tu pr\u00f3ximo veh\u00edculo tiene que ser un Volkswagen de Hauswagen Olavarr\u00eda"},"content":{"rendered":"<p>La concesionaria oficial m\u00e1s grande de la provincia se volvi\u00f3 loca y trajo a la comarca todos sus beneficios. Descuentos incre\u00edbles, bonificaciones, regalos y el plan de ahorro m\u00e1s accesible del mercado.<!--more--><\/p>\n<p>Aseguramos que la informaci\u00f3n fue chequeada un par de veces.<strong> No es una Fake News. Hauswagen Olavarr\u00eda<\/strong> desembarc\u00f3 en la comarca y trajo consigo una locura de descuentos y bonificaciones que hace irresistible pensar en tener un Volkswagen como pr\u00f3ximo veh\u00edculo.<\/p>\n<p>Al respecto<strong> Nicol\u00e1s Leyr\u00eda<\/strong> explic\u00f3 que \u201ccomo concesionario oficial de Volkswagen Argentina tenemos venta de 0km y tenemos un departamento de m\u00e1s de 150 usados, el cual tambi\u00e9n es financiado, con cuotas fijas en pesos, a trav\u00e9s de un cr\u00e9dito prendario\u201d.<\/p>\n<p>En su frenes\u00ed informativo, confirm\u00f3 que \u201cen el 0km tenes dos caminos. Por un lado, la venta convencional, contado o llave por llave y el resto puede ser financiado por un cr\u00e9dito bancario. Y sino ten\u00e9s una financiaci\u00f3n de f\u00e1brica, respaldada por <strong>Autoahorro Volkswagen Argentina<\/strong>, que es un camino que lleva un poquito m\u00e1s de tiempo, pero es m\u00e1s accesible para la gente que no puede comprar de contado\u201d.<\/p>\n<p>Reafirmando todo esto asegur\u00f3 que \u201csomos el concesionario m\u00e1s grande de la Provincia de Buenos Aires, como estructura y en formato de venta. Estamos muy bien en el ranking de ventas de toda la Argentina\u201d.<\/p>\n<p>De igual manera mencion\u00f3 que \u201cla idea es que si alguien quiera adquirir una camioneta o un auto, que me llamen, que coordinemos una entrevista y charlamos. Ah\u00ed vemos que pueden entregar, qu\u00e9 monto de cuota puede abonar, y llegamos a un arreglo enseguida\u201d.<\/p>\n<p>Buscando una mayor comodidad para todos clientes, remarc\u00f3 que \u201ctrabajamos mucho online, pero de igual manera visitaremos toda la comarca e incluso iremos hasta Pringles y Saavedra. La idea es charlar un poco con la gente y que se empapen de nuestros beneficios\u201d.<\/p>\n<p>Por \u00faltimo cont\u00f3 que<strong> \u201clas v\u00edas de contacto m\u00e1s \u00e1giles son a trav\u00e9s de whatsapp. Pueden escribirme al 2914709859 o 2284697399 <\/strong>y ya nos ponemos a despejar dudas y trabajar en conjunto. Este mes tenemos varios beneficios, por ser el mes del d\u00eda del padre. Hay bonificaciones en accesorios, hay descuentos, bonificaciones en sumas de dinero\u2026 todos muy buenos\u201d.<\/p>\n<p>&nbsp;<\/p>\n<p><iframe loading=\"lazy\" src=\"https:\/\/w.soundcloud.com\/player\/?url=https%3A\/\/api.soundcloud.com\/tracks\/1288614919&amp;color=%23ff5500&amp;auto_play=false&amp;hide_related=false&amp;show_comments=true&amp;show_user=true&amp;show_reposts=false&amp;show_teaser=true\" width=\"100%\" height=\"166\" frameborder=\"no\" scrolling=\"no\"><\/iframe><\/p>\n<div style=\"font-size: 10px; color: #cccccc; line-break: anywhere; word-break: normal; overflow: hidden; white-space: nowrap; text-overflow: ellipsis; font-family: Interstate,Lucida Grande,Lucida Sans Unicode,Lucida Sans,Garuda,Verdana,Tahoma,sans-serif; font-weight: 100;\"><a style=\"color: #cccccc; text-decoration: none;\" title=\"fmreflejos 103.7\" href=\"https:\/\/soundcloud.com\/fmreflejos-103-7\" target=\"_blank\" rel=\"noopener\">fmreflejos 103.7<\/a> \u00b7 <a style=\"color: #cccccc; text-decoration: none;\" title=\"Nota Hauswagen\" href=\"https:\/\/soundcloud.com\/fmreflejos-103-7\/nota-hauswagen\" target=\"_blank\" rel=\"noopener\">Nota Hauswagen<\/a><\/div>\n","protected":false},"excerpt":{"rendered":"<p>La concesionaria oficial m\u00e1s grande de la provincia se volvi\u00f3 loca y trajo a la comarca todos sus beneficios. Descuentos incre\u00edbles, bonificaciones, regalos y el plan de ahorro m\u00e1s accesible del mercado.<\/p>\n","protected":false},"author":3,"featured_media":0,"comment_status":"closed","ping_status":"closed","sticky":false,"template":"","format":"standard","meta":{"footnotes":""},"categories":[37,26],"tags":[],"class_list":["post-73815","post","type-post","status-publish","format-standard","hentry","category-clasificados","category-sociedad"],"yoast_head":"<!-- This site is optimized with the Yoast SEO plugin v25.9 - https:\/\/yoast.com\/wordpress\/plugins\/seo\/ -->\n<title>Con los beneficios que trae tu pr\u00f3ximo veh\u00edculo tiene que ser un Volkswagen de Hauswagen Olavarr\u00eda - Noticias Radio Reflejos<\/title>\n<meta name=\"robots\" content=\"index, follow, max-snippet:-1, max-image-preview:large, max-video-preview:-1\" \/>\n<link rel=\"canonical\" href=\"https:\/\/www.noticiasradioreflejos.com.ar\/2021\/con-los-beneficios-que-trae-tu-proximo-vehiculo-tiene-que-ser-un-volkswagen-de-hauswagen-olavarria\/\" \/>\n<meta property=\"og:locale\" content=\"es_ES\" \/>\n<meta property=\"og:type\" content=\"article\" \/>\n<meta property=\"og:title\" content=\"Con los beneficios que trae tu pr\u00f3ximo veh\u00edculo tiene que ser un Volkswagen de Hauswagen Olavarr\u00eda - Noticias Radio Reflejos\" \/>\n<meta property=\"og:description\" content=\"La concesionaria oficial m\u00e1s grande de la provincia se volvi\u00f3 loca y trajo a la comarca todos sus beneficios. Descuentos incre\u00edbles, bonificaciones, regalos y el plan de ahorro m\u00e1s accesible del mercado.\" \/>\n<meta property=\"og:url\" content=\"https:\/\/www.noticiasradioreflejos.com.ar\/2021\/con-los-beneficios-que-trae-tu-proximo-vehiculo-tiene-que-ser-un-volkswagen-de-hauswagen-olavarria\/\" \/>\n<meta property=\"og:site_name\" content=\"Noticias Radio Reflejos\" \/>\n<meta property=\"article:published_time\" content=\"2022-06-16T16:30:26+00:00\" \/>\n<meta property=\"article:modified_time\" content=\"2022-06-17T14:49:46+00:00\" \/>\n<meta property=\"og:image\" content=\"https:\/\/www.noticiasradioreflejos.com.ar\/2021\/wp-content\/uploads\/2021\/07\/logosol300x200.png\" \/>\n\t<meta property=\"og:image:width\" content=\"300\" \/>\n\t<meta property=\"og:image:height\" content=\"200\" \/>\n\t<meta property=\"og:image:type\" content=\"image\/png\" \/>\n<meta name=\"author\" content=\"Arnaldo Botto\" \/>\n<meta name=\"twitter:card\" content=\"summary_large_image\" \/>\n<script type=\"application\/ld+json\" class=\"yoast-schema-graph\">{\"@context\":\"https:\/\/schema.org\",\"@graph\":[{\"@type\":\"WebPage\",\"@id\":\"https:\/\/www.noticiasradioreflejos.com.ar\/2021\/con-los-beneficios-que-trae-tu-proximo-vehiculo-tiene-que-ser-un-volkswagen-de-hauswagen-olavarria\/\",\"url\":\"https:\/\/www.noticiasradioreflejos.com.ar\/2021\/con-los-beneficios-que-trae-tu-proximo-vehiculo-tiene-que-ser-un-volkswagen-de-hauswagen-olavarria\/\",\"name\":\"Con los beneficios que trae tu pr\u00f3ximo veh\u00edculo tiene que ser un Volkswagen de Hauswagen Olavarr\u00eda - Noticias Radio Reflejos\",\"isPartOf\":{\"@id\":\"https:\/\/www.noticiasradioreflejos.com.ar\/2021\/#website\"},\"datePublished\":\"2022-06-16T16:30:26+00:00\",\"dateModified\":\"2022-06-17T14:49:46+00:00\",\"author\":{\"@id\":\"https:\/\/www.noticiasradioreflejos.com.ar\/2021\/#\/schema\/person\/ad82545263dcc5ec0996818884fd5fb1\"},\"breadcrumb\":{\"@id\":\"https:\/\/www.noticiasradioreflejos.com.ar\/2021\/con-los-beneficios-que-trae-tu-proximo-vehiculo-tiene-que-ser-un-volkswagen-de-hauswagen-olavarria\/#breadcrumb\"},\"inLanguage\":\"es\",\"potentialAction\":[{\"@type\":\"ReadAction\",\"target\":[\"https:\/\/www.noticiasradioreflejos.com.ar\/2021\/con-los-beneficios-que-trae-tu-proximo-vehiculo-tiene-que-ser-un-volkswagen-de-hauswagen-olavarria\/\"]}]},{\"@type\":\"BreadcrumbList\",\"@id\":\"https:\/\/www.noticiasradioreflejos.com.ar\/2021\/con-los-beneficios-que-trae-tu-proximo-vehiculo-tiene-que-ser-un-volkswagen-de-hauswagen-olavarria\/#breadcrumb\",\"itemListElement\":[{\"@type\":\"ListItem\",\"position\":1,\"name\":\"Portada\",\"item\":\"https:\/\/www.noticiasradioreflejos.com.ar\/2021\/\"},{\"@type\":\"ListItem\",\"position\":2,\"name\":\"Con los beneficios que trae tu pr\u00f3ximo veh\u00edculo tiene que ser un Volkswagen de Hauswagen Olavarr\u00eda\"}]},{\"@type\":\"WebSite\",\"@id\":\"https:\/\/www.noticiasradioreflejos.com.ar\/2021\/#website\",\"url\":\"https:\/\/www.noticiasradioreflejos.com.ar\/2021\/\",\"name\":\"Noticias Radio Reflejos\",\"description\":\"Las noticias de mi comarca\",\"potentialAction\":[{\"@type\":\"SearchAction\",\"target\":{\"@type\":\"EntryPoint\",\"urlTemplate\":\"https:\/\/www.noticiasradioreflejos.com.ar\/2021\/?s={search_term_string}\"},\"query-input\":{\"@type\":\"PropertyValueSpecification\",\"valueRequired\":true,\"valueName\":\"search_term_string\"}}],\"inLanguage\":\"es\"},{\"@type\":\"Person\",\"@id\":\"https:\/\/www.noticiasradioreflejos.com.ar\/2021\/#\/schema\/person\/ad82545263dcc5ec0996818884fd5fb1\",\"name\":\"Arnaldo Botto\",\"image\":{\"@type\":\"ImageObject\",\"inLanguage\":\"es\",\"@id\":\"https:\/\/www.noticiasradioreflejos.com.ar\/2021\/#\/schema\/person\/image\/\",\"url\":\"https:\/\/secure.gravatar.com\/avatar\/55cb5e37c1efa326397366e6974cb338056df65cb50e7d64d1cf314e87504837?s=96&d=mm&r=g\",\"contentUrl\":\"https:\/\/secure.gravatar.com\/avatar\/55cb5e37c1efa326397366e6974cb338056df65cb50e7d64d1cf314e87504837?s=96&d=mm&r=g\",\"caption\":\"Arnaldo Botto\"},\"url\":\"https:\/\/www.noticiasradioreflejos.com.ar\/2021\/author\/arnaldo\/\"}]}<\/script>\n<!-- \/ Yoast SEO plugin. -->","yoast_head_json":{"title":"Con los beneficios que trae tu pr\u00f3ximo veh\u00edculo tiene que ser un Volkswagen de Hauswagen Olavarr\u00eda - Noticias Radio Reflejos","robots":{"index":"index","follow":"follow","max-snippet":"max-snippet:-1","max-image-preview":"max-image-preview:large","max-video-preview":"max-video-preview:-1"},"canonical":"https:\/\/www.noticiasradioreflejos.com.ar\/2021\/con-los-beneficios-que-trae-tu-proximo-vehiculo-tiene-que-ser-un-volkswagen-de-hauswagen-olavarria\/","og_locale":"es_ES","og_type":"article","og_title":"Con los beneficios que trae tu pr\u00f3ximo veh\u00edculo tiene que ser un Volkswagen de Hauswagen Olavarr\u00eda - Noticias Radio Reflejos","og_description":"La concesionaria oficial m\u00e1s grande de la provincia se volvi\u00f3 loca y trajo a la comarca todos sus beneficios. Descuentos incre\u00edbles, bonificaciones, regalos y el plan de ahorro m\u00e1s accesible del mercado.","og_url":"https:\/\/www.noticiasradioreflejos.com.ar\/2021\/con-los-beneficios-que-trae-tu-proximo-vehiculo-tiene-que-ser-un-volkswagen-de-hauswagen-olavarria\/","og_site_name":"Noticias Radio Reflejos","article_published_time":"2022-06-16T16:30:26+00:00","article_modified_time":"2022-06-17T14:49:46+00:00","og_image":[{"width":300,"height":200,"url":"https:\/\/www.noticiasradioreflejos.com.ar\/2021\/wp-content\/uploads\/2021\/07\/logosol300x200.png","type":"image\/png"}],"author":"Arnaldo Botto","twitter_card":"summary_large_image","schema":{"@context":"https:\/\/schema.org","@graph":[{"@type":"WebPage","@id":"https:\/\/www.noticiasradioreflejos.com.ar\/2021\/con-los-beneficios-que-trae-tu-proximo-vehiculo-tiene-que-ser-un-volkswagen-de-hauswagen-olavarria\/","url":"https:\/\/www.noticiasradioreflejos.com.ar\/2021\/con-los-beneficios-que-trae-tu-proximo-vehiculo-tiene-que-ser-un-volkswagen-de-hauswagen-olavarria\/","name":"Con los beneficios que trae tu pr\u00f3ximo veh\u00edculo tiene que ser un Volkswagen de Hauswagen Olavarr\u00eda - Noticias Radio Reflejos","isPartOf":{"@id":"https:\/\/www.noticiasradioreflejos.com.ar\/2021\/#website"},"datePublished":"2022-06-16T16:30:26+00:00","dateModified":"2022-06-17T14:49:46+00:00","author":{"@id":"https:\/\/www.noticiasradioreflejos.com.ar\/2021\/#\/schema\/person\/ad82545263dcc5ec0996818884fd5fb1"},"breadcrumb":{"@id":"https:\/\/www.noticiasradioreflejos.com.ar\/2021\/con-los-beneficios-que-trae-tu-proximo-vehiculo-tiene-que-ser-un-volkswagen-de-hauswagen-olavarria\/#breadcrumb"},"inLanguage":"es","potentialAction":[{"@type":"ReadAction","target":["https:\/\/www.noticiasradioreflejos.com.ar\/2021\/con-los-beneficios-que-trae-tu-proximo-vehiculo-tiene-que-ser-un-volkswagen-de-hauswagen-olavarria\/"]}]},{"@type":"BreadcrumbList","@id":"https:\/\/www.noticiasradioreflejos.com.ar\/2021\/con-los-beneficios-que-trae-tu-proximo-vehiculo-tiene-que-ser-un-volkswagen-de-hauswagen-olavarria\/#breadcrumb","itemListElement":[{"@type":"ListItem","position":1,"name":"Portada","item":"https:\/\/www.noticiasradioreflejos.com.ar\/2021\/"},{"@type":"ListItem","position":2,"name":"Con los beneficios que trae tu pr\u00f3ximo veh\u00edculo tiene que ser un Volkswagen de Hauswagen Olavarr\u00eda"}]},{"@type":"WebSite","@id":"https:\/\/www.noticiasradioreflejos.com.ar\/2021\/#website","url":"https:\/\/www.noticiasradioreflejos.com.ar\/2021\/","name":"Noticias Radio Reflejos","description":"Las noticias de mi comarca","potentialAction":[{"@type":"SearchAction","target":{"@type":"EntryPoint","urlTemplate":"https:\/\/www.noticiasradioreflejos.com.ar\/2021\/?s={search_term_string}"},"query-input":{"@type":"PropertyValueSpecification","valueRequired":true,"valueName":"search_term_string"}}],"inLanguage":"es"},{"@type":"Person","@id":"https:\/\/www.noticiasradioreflejos.com.ar\/2021\/#\/schema\/person\/ad82545263dcc5ec0996818884fd5fb1","name":"Arnaldo Botto","image":{"@type":"ImageObject","inLanguage":"es","@id":"https:\/\/www.noticiasradioreflejos.com.ar\/2021\/#\/schema\/person\/image\/","url":"https:\/\/secure.gravatar.com\/avatar\/55cb5e37c1efa326397366e6974cb338056df65cb50e7d64d1cf314e87504837?s=96&d=mm&r=g","contentUrl":"https:\/\/secure.gravatar.com\/avatar\/55cb5e37c1efa326397366e6974cb338056df65cb50e7d64d1cf314e87504837?s=96&d=mm&r=g","caption":"Arnaldo Botto"},"url":"https:\/\/www.noticiasradioreflejos.com.ar\/2021\/author\/arnaldo\/"}]}},"_links":{"self":[{"href":"https:\/\/www.noticiasradioreflejos.com.ar\/2021\/wp-json\/wp\/v2\/posts\/73815","targetHints":{"allow":["GET"]}}],"collection":[{"href":"https:\/\/www.noticiasradioreflejos.com.ar\/2021\/wp-json\/wp\/v2\/posts"}],"about":[{"href":"https:\/\/www.noticiasradioreflejos.com.ar\/2021\/wp-json\/wp\/v2\/types\/post"}],"author":[{"embeddable":true,"href":"https:\/\/www.noticiasradioreflejos.com.ar\/2021\/wp-json\/wp\/v2\/users\/3"}],"replies":[{"embeddable":true,"href":"https:\/\/www.noticiasradioreflejos.com.ar\/2021\/wp-json\/wp\/v2\/comments?post=73815"}],"version-history":[{"count":4,"href":"https:\/\/www.noticiasradioreflejos.com.ar\/2021\/wp-json\/wp\/v2\/posts\/73815\/revisions"}],"predecessor-version":[{"id":73824,"href":"https:\/\/www.noticiasradioreflejos.com.ar\/2021\/wp-json\/wp\/v2\/posts\/73815\/revisions\/73824"}],"wp:attachment":[{"href":"https:\/\/www.noticiasradioreflejos.com.ar\/2021\/wp-json\/wp\/v2\/media?parent=73815"}],"wp:term":[{"taxonomy":"category","embeddable":true,"href":"https:\/\/www.noticiasradioreflejos.com.ar\/2021\/wp-json\/wp\/v2\/categories?post=73815"},{"taxonomy":"post_tag","embeddable":true,"href":"https:\/\/www.noticiasradioreflejos.com.ar\/2021\/wp-json\/wp\/v2\/tags?post=73815"}],"curies":[{"name":"wp","href":"https:\/\/api.w.org\/{rel}","templated":true}]}}