{"id":73779,"date":"2022-06-15T19:20:11","date_gmt":"2022-06-15T19:20:11","guid":{"rendered":"http:\/\/www.noticiasradioreflejos.com.ar\/2021\/?p=73779"},"modified":"2022-06-15T21:50:13","modified_gmt":"2022-06-15T21:50:13","slug":"arribo-a-sierra-de-la-ventana-el-generador-de-energia-gestionado-por-bordoni-en-el-oceba","status":"publish","type":"post","link":"https:\/\/www.noticiasradioreflejos.com.ar\/2021\/arribo-a-sierra-de-la-ventana-el-generador-de-energia-gestionado-por-bordoni-en-el-oceba\/","title":{"rendered":"Arrib\u00f3 a Sierra de la Ventana el generador de energ\u00eda gestionado por Bordoni en el OCEBA"},"content":{"rendered":"<p>Comenz\u00f3 este mi\u00e9rcoles la instalaci\u00f3n de un equipo generador de energ\u00eda solicitado por el intendente Sergio Bordoni la semana pasada ante el Organismo de Control de Energ\u00eda El\u00e9ctrica de la Provincia de Buenos Aires (OCEBA).<!--more--><\/p>\n<p>El equipamiento permitir\u00e1 ampliar la capacidad energ\u00e9tica de la ciudad ante la llegada de un nuevo fin de semana largo y de las vacaciones de invierno, donde se espera una importante cantidad de visitantes y, en consecuencia, una mayor demanda del servicio.<\/p>\n<p>De esta manera, el generador de 1,2 megavatios garantizar\u00e1 la provisi\u00f3n el\u00e9ctrica, sobre todo en caso de que, en los momentos de picos de consumo, la energ\u00eda de la subestaci\u00f3n actual sea insuficiente.<\/p>\n<p>El generador pertenece a la empresa EDES S.A., que ser\u00e1 la encargada de operarlo, y la conexi\u00f3n es realizada por personal de la Cooperativa El\u00e9ctrica de Sierra de la Ventana<br \/>\n(COOPERSIVE).<\/p>\n","protected":false},"excerpt":{"rendered":"<p>Comenz\u00f3 este mi\u00e9rcoles la instalaci\u00f3n de un equipo generador de energ\u00eda solicitado por el intendente Sergio Bordoni la semana pasada ante el Organismo de Control de Energ\u00eda El\u00e9ctrica de la Provincia de Buenos Aires (OCEBA).<\/p>\n","protected":false},"author":3,"featured_media":0,"comment_status":"closed","ping_status":"closed","sticky":false,"template":"","format":"standard","meta":{"footnotes":""},"categories":[28],"tags":[48],"class_list":["post-73779","post","type-post","status-publish","format-standard","hentry","category-municipales","tag-destacada"],"yoast_head":"<!-- This site is optimized with the Yoast SEO plugin v25.9 - https:\/\/yoast.com\/wordpress\/plugins\/seo\/ -->\n<title>Arrib\u00f3 a Sierra de la Ventana el generador de energ\u00eda gestionado por Bordoni en el OCEBA - Noticias Radio Reflejos<\/title>\n<meta name=\"robots\" content=\"index, follow, max-snippet:-1, max-image-preview:large, max-video-preview:-1\" \/>\n<link rel=\"canonical\" href=\"https:\/\/www.noticiasradioreflejos.com.ar\/2021\/arribo-a-sierra-de-la-ventana-el-generador-de-energia-gestionado-por-bordoni-en-el-oceba\/\" \/>\n<meta property=\"og:locale\" content=\"es_ES\" \/>\n<meta property=\"og:type\" content=\"article\" \/>\n<meta property=\"og:title\" content=\"Arrib\u00f3 a Sierra de la Ventana el generador de energ\u00eda gestionado por Bordoni en el OCEBA - Noticias Radio Reflejos\" \/>\n<meta property=\"og:description\" content=\"Comenz\u00f3 este mi\u00e9rcoles la instalaci\u00f3n de un equipo generador de energ\u00eda solicitado por el intendente Sergio Bordoni la semana pasada ante el Organismo de Control de Energ\u00eda El\u00e9ctrica de la Provincia de Buenos Aires (OCEBA).\" \/>\n<meta property=\"og:url\" content=\"https:\/\/www.noticiasradioreflejos.com.ar\/2021\/arribo-a-sierra-de-la-ventana-el-generador-de-energia-gestionado-por-bordoni-en-el-oceba\/\" \/>\n<meta property=\"og:site_name\" content=\"Noticias Radio Reflejos\" \/>\n<meta property=\"article:published_time\" content=\"2022-06-15T19:20:11+00:00\" \/>\n<meta property=\"article:modified_time\" content=\"2022-06-15T21:50:13+00:00\" \/>\n<meta property=\"og:image\" content=\"https:\/\/www.noticiasradioreflejos.com.ar\/2021\/wp-content\/uploads\/2021\/07\/logosol300x200.png\" \/>\n\t<meta property=\"og:image:width\" content=\"300\" \/>\n\t<meta property=\"og:image:height\" content=\"200\" \/>\n\t<meta property=\"og:image:type\" content=\"image\/png\" \/>\n<meta name=\"author\" content=\"Arnaldo Botto\" \/>\n<meta name=\"twitter:card\" content=\"summary_large_image\" \/>\n<script type=\"application\/ld+json\" class=\"yoast-schema-graph\">{\"@context\":\"https:\/\/schema.org\",\"@graph\":[{\"@type\":\"WebPage\",\"@id\":\"https:\/\/www.noticiasradioreflejos.com.ar\/2021\/arribo-a-sierra-de-la-ventana-el-generador-de-energia-gestionado-por-bordoni-en-el-oceba\/\",\"url\":\"https:\/\/www.noticiasradioreflejos.com.ar\/2021\/arribo-a-sierra-de-la-ventana-el-generador-de-energia-gestionado-por-bordoni-en-el-oceba\/\",\"name\":\"Arrib\u00f3 a Sierra de la Ventana el generador de energ\u00eda gestionado por Bordoni en el OCEBA - Noticias Radio Reflejos\",\"isPartOf\":{\"@id\":\"https:\/\/www.noticiasradioreflejos.com.ar\/2021\/#website\"},\"datePublished\":\"2022-06-15T19:20:11+00:00\",\"dateModified\":\"2022-06-15T21:50:13+00:00\",\"author\":{\"@id\":\"https:\/\/www.noticiasradioreflejos.com.ar\/2021\/#\/schema\/person\/ad82545263dcc5ec0996818884fd5fb1\"},\"breadcrumb\":{\"@id\":\"https:\/\/www.noticiasradioreflejos.com.ar\/2021\/arribo-a-sierra-de-la-ventana-el-generador-de-energia-gestionado-por-bordoni-en-el-oceba\/#breadcrumb\"},\"inLanguage\":\"es\",\"potentialAction\":[{\"@type\":\"ReadAction\",\"target\":[\"https:\/\/www.noticiasradioreflejos.com.ar\/2021\/arribo-a-sierra-de-la-ventana-el-generador-de-energia-gestionado-por-bordoni-en-el-oceba\/\"]}]},{\"@type\":\"BreadcrumbList\",\"@id\":\"https:\/\/www.noticiasradioreflejos.com.ar\/2021\/arribo-a-sierra-de-la-ventana-el-generador-de-energia-gestionado-por-bordoni-en-el-oceba\/#breadcrumb\",\"itemListElement\":[{\"@type\":\"ListItem\",\"position\":1,\"name\":\"Portada\",\"item\":\"https:\/\/www.noticiasradioreflejos.com.ar\/2021\/\"},{\"@type\":\"ListItem\",\"position\":2,\"name\":\"Arrib\u00f3 a Sierra de la Ventana el generador de energ\u00eda gestionado por Bordoni en el OCEBA\"}]},{\"@type\":\"WebSite\",\"@id\":\"https:\/\/www.noticiasradioreflejos.com.ar\/2021\/#website\",\"url\":\"https:\/\/www.noticiasradioreflejos.com.ar\/2021\/\",\"name\":\"Noticias Radio Reflejos\",\"description\":\"Las noticias de mi comarca\",\"potentialAction\":[{\"@type\":\"SearchAction\",\"target\":{\"@type\":\"EntryPoint\",\"urlTemplate\":\"https:\/\/www.noticiasradioreflejos.com.ar\/2021\/?s={search_term_string}\"},\"query-input\":{\"@type\":\"PropertyValueSpecification\",\"valueRequired\":true,\"valueName\":\"search_term_string\"}}],\"inLanguage\":\"es\"},{\"@type\":\"Person\",\"@id\":\"https:\/\/www.noticiasradioreflejos.com.ar\/2021\/#\/schema\/person\/ad82545263dcc5ec0996818884fd5fb1\",\"name\":\"Arnaldo Botto\",\"image\":{\"@type\":\"ImageObject\",\"inLanguage\":\"es\",\"@id\":\"https:\/\/www.noticiasradioreflejos.com.ar\/2021\/#\/schema\/person\/image\/\",\"url\":\"https:\/\/secure.gravatar.com\/avatar\/55cb5e37c1efa326397366e6974cb338056df65cb50e7d64d1cf314e87504837?s=96&d=mm&r=g\",\"contentUrl\":\"https:\/\/secure.gravatar.com\/avatar\/55cb5e37c1efa326397366e6974cb338056df65cb50e7d64d1cf314e87504837?s=96&d=mm&r=g\",\"caption\":\"Arnaldo Botto\"},\"url\":\"https:\/\/www.noticiasradioreflejos.com.ar\/2021\/author\/arnaldo\/\"}]}<\/script>\n<!-- \/ Yoast SEO plugin. -->","yoast_head_json":{"title":"Arrib\u00f3 a Sierra de la Ventana el generador de energ\u00eda gestionado por Bordoni en el OCEBA - Noticias Radio Reflejos","robots":{"index":"index","follow":"follow","max-snippet":"max-snippet:-1","max-image-preview":"max-image-preview:large","max-video-preview":"max-video-preview:-1"},"canonical":"https:\/\/www.noticiasradioreflejos.com.ar\/2021\/arribo-a-sierra-de-la-ventana-el-generador-de-energia-gestionado-por-bordoni-en-el-oceba\/","og_locale":"es_ES","og_type":"article","og_title":"Arrib\u00f3 a Sierra de la Ventana el generador de energ\u00eda gestionado por Bordoni en el OCEBA - Noticias Radio Reflejos","og_description":"Comenz\u00f3 este mi\u00e9rcoles la instalaci\u00f3n de un equipo generador de energ\u00eda solicitado por el intendente Sergio Bordoni la semana pasada ante el Organismo de Control de Energ\u00eda El\u00e9ctrica de la Provincia de Buenos Aires (OCEBA).","og_url":"https:\/\/www.noticiasradioreflejos.com.ar\/2021\/arribo-a-sierra-de-la-ventana-el-generador-de-energia-gestionado-por-bordoni-en-el-oceba\/","og_site_name":"Noticias Radio Reflejos","article_published_time":"2022-06-15T19:20:11+00:00","article_modified_time":"2022-06-15T21:50:13+00:00","og_image":[{"width":300,"height":200,"url":"https:\/\/www.noticiasradioreflejos.com.ar\/2021\/wp-content\/uploads\/2021\/07\/logosol300x200.png","type":"image\/png"}],"author":"Arnaldo Botto","twitter_card":"summary_large_image","schema":{"@context":"https:\/\/schema.org","@graph":[{"@type":"WebPage","@id":"https:\/\/www.noticiasradioreflejos.com.ar\/2021\/arribo-a-sierra-de-la-ventana-el-generador-de-energia-gestionado-por-bordoni-en-el-oceba\/","url":"https:\/\/www.noticiasradioreflejos.com.ar\/2021\/arribo-a-sierra-de-la-ventana-el-generador-de-energia-gestionado-por-bordoni-en-el-oceba\/","name":"Arrib\u00f3 a Sierra de la Ventana el generador de energ\u00eda gestionado por Bordoni en el OCEBA - Noticias Radio Reflejos","isPartOf":{"@id":"https:\/\/www.noticiasradioreflejos.com.ar\/2021\/#website"},"datePublished":"2022-06-15T19:20:11+00:00","dateModified":"2022-06-15T21:50:13+00:00","author":{"@id":"https:\/\/www.noticiasradioreflejos.com.ar\/2021\/#\/schema\/person\/ad82545263dcc5ec0996818884fd5fb1"},"breadcrumb":{"@id":"https:\/\/www.noticiasradioreflejos.com.ar\/2021\/arribo-a-sierra-de-la-ventana-el-generador-de-energia-gestionado-por-bordoni-en-el-oceba\/#breadcrumb"},"inLanguage":"es","potentialAction":[{"@type":"ReadAction","target":["https:\/\/www.noticiasradioreflejos.com.ar\/2021\/arribo-a-sierra-de-la-ventana-el-generador-de-energia-gestionado-por-bordoni-en-el-oceba\/"]}]},{"@type":"BreadcrumbList","@id":"https:\/\/www.noticiasradioreflejos.com.ar\/2021\/arribo-a-sierra-de-la-ventana-el-generador-de-energia-gestionado-por-bordoni-en-el-oceba\/#breadcrumb","itemListElement":[{"@type":"ListItem","position":1,"name":"Portada","item":"https:\/\/www.noticiasradioreflejos.com.ar\/2021\/"},{"@type":"ListItem","position":2,"name":"Arrib\u00f3 a Sierra de la Ventana el generador de energ\u00eda gestionado por Bordoni en el OCEBA"}]},{"@type":"WebSite","@id":"https:\/\/www.noticiasradioreflejos.com.ar\/2021\/#website","url":"https:\/\/www.noticiasradioreflejos.com.ar\/2021\/","name":"Noticias Radio Reflejos","description":"Las noticias de mi comarca","potentialAction":[{"@type":"SearchAction","target":{"@type":"EntryPoint","urlTemplate":"https:\/\/www.noticiasradioreflejos.com.ar\/2021\/?s={search_term_string}"},"query-input":{"@type":"PropertyValueSpecification","valueRequired":true,"valueName":"search_term_string"}}],"inLanguage":"es"},{"@type":"Person","@id":"https:\/\/www.noticiasradioreflejos.com.ar\/2021\/#\/schema\/person\/ad82545263dcc5ec0996818884fd5fb1","name":"Arnaldo Botto","image":{"@type":"ImageObject","inLanguage":"es","@id":"https:\/\/www.noticiasradioreflejos.com.ar\/2021\/#\/schema\/person\/image\/","url":"https:\/\/secure.gravatar.com\/avatar\/55cb5e37c1efa326397366e6974cb338056df65cb50e7d64d1cf314e87504837?s=96&d=mm&r=g","contentUrl":"https:\/\/secure.gravatar.com\/avatar\/55cb5e37c1efa326397366e6974cb338056df65cb50e7d64d1cf314e87504837?s=96&d=mm&r=g","caption":"Arnaldo Botto"},"url":"https:\/\/www.noticiasradioreflejos.com.ar\/2021\/author\/arnaldo\/"}]}},"_links":{"self":[{"href":"https:\/\/www.noticiasradioreflejos.com.ar\/2021\/wp-json\/wp\/v2\/posts\/73779","targetHints":{"allow":["GET"]}}],"collection":[{"href":"https:\/\/www.noticiasradioreflejos.com.ar\/2021\/wp-json\/wp\/v2\/posts"}],"about":[{"href":"https:\/\/www.noticiasradioreflejos.com.ar\/2021\/wp-json\/wp\/v2\/types\/post"}],"author":[{"embeddable":true,"href":"https:\/\/www.noticiasradioreflejos.com.ar\/2021\/wp-json\/wp\/v2\/users\/3"}],"replies":[{"embeddable":true,"href":"https:\/\/www.noticiasradioreflejos.com.ar\/2021\/wp-json\/wp\/v2\/comments?post=73779"}],"version-history":[{"count":2,"href":"https:\/\/www.noticiasradioreflejos.com.ar\/2021\/wp-json\/wp\/v2\/posts\/73779\/revisions"}],"predecessor-version":[{"id":73786,"href":"https:\/\/www.noticiasradioreflejos.com.ar\/2021\/wp-json\/wp\/v2\/posts\/73779\/revisions\/73786"}],"wp:attachment":[{"href":"https:\/\/www.noticiasradioreflejos.com.ar\/2021\/wp-json\/wp\/v2\/media?parent=73779"}],"wp:term":[{"taxonomy":"category","embeddable":true,"href":"https:\/\/www.noticiasradioreflejos.com.ar\/2021\/wp-json\/wp\/v2\/categories?post=73779"},{"taxonomy":"post_tag","embeddable":true,"href":"https:\/\/www.noticiasradioreflejos.com.ar\/2021\/wp-json\/wp\/v2\/tags?post=73779"}],"curies":[{"name":"wp","href":"https:\/\/api.w.org\/{rel}","templated":true}]}}