{"id":73777,"date":"2022-06-15T19:17:44","date_gmt":"2022-06-15T19:17:44","guid":{"rendered":"http:\/\/www.noticiasradioreflejos.com.ar\/2021\/?p=73777"},"modified":"2022-06-15T19:17:44","modified_gmt":"2022-06-15T19:17:44","slug":"coopersive-ltda-instalacion-de-generadores-en-sub-estacion-transformadora","status":"publish","type":"post","link":"https:\/\/www.noticiasradioreflejos.com.ar\/2021\/coopersive-ltda-instalacion-de-generadores-en-sub-estacion-transformadora\/","title":{"rendered":"Coopersive Ltda: Instalaci\u00f3n de generadores en sub estaci\u00f3n transformadora"},"content":{"rendered":"<p>Se informa a la poblaci\u00f3n que durante el d\u00eda de hoy, y gracias a la gesti\u00f3n conjunta de Coopersive y el Municipio de Tornquist (a trav\u00e9s de su Ejecutivo y Concejo Deliberante), el proveedor EDES SA est\u00e1 instalando tres generadores en la Sub Estaci\u00f3n Transformadora que posibilitar\u00e1n atender la demanda ante cualquier eventualidad que sufra el suministro de energ\u00eda como consecuencia del aumento de consumo por bajas temperaturas.<!--more--><\/p>\n<p>En principio, estas m\u00e1quinas permanecer\u00e1n all\u00ed hasta que terminen las vacaciones de invierno, \u00e9poca del a\u00f1o en que<br \/>\nse verifica una importante afluencia de turistas a las localidades atendidas por nuestra Cooperativa.<br \/>\nIndependientemente de esta alternativa temporal a la problem\u00e1tica, nuestra entidad contin\u00faa activamente con las<br \/>\ngestiones necesarias para conseguir la soluci\u00f3n definitiva al tema del suministro de energ\u00eda para todos nuestros<br \/>\nasociados.<\/p>\n","protected":false},"excerpt":{"rendered":"<p>Se informa a la poblaci\u00f3n que durante el d\u00eda de hoy, y gracias a la gesti\u00f3n conjunta de Coopersive y el Municipio de Tornquist (a trav\u00e9s de su Ejecutivo y Concejo Deliberante), el proveedor EDES SA est\u00e1 instalando tres generadores en la Sub Estaci\u00f3n Transformadora que posibilitar\u00e1n atender la demanda ante cualquier eventualidad que sufra [&hellip;]<\/p>\n","protected":false},"author":3,"featured_media":0,"comment_status":"closed","ping_status":"closed","sticky":false,"template":"","format":"standard","meta":{"footnotes":""},"categories":[25],"tags":[],"class_list":["post-73777","post","type-post","status-publish","format-standard","hentry","category-uncategorized"],"yoast_head":"<!-- This site is optimized with the Yoast SEO plugin v25.9 - https:\/\/yoast.com\/wordpress\/plugins\/seo\/ -->\n<title>Coopersive Ltda: Instalaci\u00f3n de generadores en sub estaci\u00f3n transformadora - Noticias Radio Reflejos<\/title>\n<meta name=\"robots\" content=\"index, follow, max-snippet:-1, max-image-preview:large, max-video-preview:-1\" \/>\n<link rel=\"canonical\" href=\"https:\/\/www.noticiasradioreflejos.com.ar\/2021\/coopersive-ltda-instalacion-de-generadores-en-sub-estacion-transformadora\/\" \/>\n<meta property=\"og:locale\" content=\"es_ES\" \/>\n<meta property=\"og:type\" content=\"article\" \/>\n<meta property=\"og:title\" content=\"Coopersive Ltda: Instalaci\u00f3n de generadores en sub estaci\u00f3n transformadora - Noticias Radio Reflejos\" \/>\n<meta property=\"og:description\" content=\"Se informa a la poblaci\u00f3n que durante el d\u00eda de hoy, y gracias a la gesti\u00f3n conjunta de Coopersive y el Municipio de Tornquist (a trav\u00e9s de su Ejecutivo y Concejo Deliberante), el proveedor EDES SA est\u00e1 instalando tres generadores en la Sub Estaci\u00f3n Transformadora que posibilitar\u00e1n atender la demanda ante cualquier eventualidad que sufra [&hellip;]\" \/>\n<meta property=\"og:url\" content=\"https:\/\/www.noticiasradioreflejos.com.ar\/2021\/coopersive-ltda-instalacion-de-generadores-en-sub-estacion-transformadora\/\" \/>\n<meta property=\"og:site_name\" content=\"Noticias Radio Reflejos\" \/>\n<meta property=\"article:published_time\" content=\"2022-06-15T19:17:44+00:00\" \/>\n<meta property=\"og:image\" content=\"https:\/\/www.noticiasradioreflejos.com.ar\/2021\/wp-content\/uploads\/2017\/07\/Coopersive.jpg\" \/>\n\t<meta property=\"og:image:width\" content=\"484\" \/>\n\t<meta property=\"og:image:height\" content=\"480\" \/>\n\t<meta property=\"og:image:type\" content=\"image\/jpeg\" \/>\n<meta name=\"author\" content=\"Arnaldo Botto\" \/>\n<meta name=\"twitter:card\" content=\"summary_large_image\" \/>\n<script type=\"application\/ld+json\" class=\"yoast-schema-graph\">{\"@context\":\"https:\/\/schema.org\",\"@graph\":[{\"@type\":\"WebPage\",\"@id\":\"https:\/\/www.noticiasradioreflejos.com.ar\/2021\/coopersive-ltda-instalacion-de-generadores-en-sub-estacion-transformadora\/\",\"url\":\"https:\/\/www.noticiasradioreflejos.com.ar\/2021\/coopersive-ltda-instalacion-de-generadores-en-sub-estacion-transformadora\/\",\"name\":\"Coopersive Ltda: Instalaci\u00f3n de generadores en sub estaci\u00f3n transformadora - Noticias Radio Reflejos\",\"isPartOf\":{\"@id\":\"https:\/\/www.noticiasradioreflejos.com.ar\/2021\/#website\"},\"datePublished\":\"2022-06-15T19:17:44+00:00\",\"author\":{\"@id\":\"https:\/\/www.noticiasradioreflejos.com.ar\/2021\/#\/schema\/person\/ad82545263dcc5ec0996818884fd5fb1\"},\"breadcrumb\":{\"@id\":\"https:\/\/www.noticiasradioreflejos.com.ar\/2021\/coopersive-ltda-instalacion-de-generadores-en-sub-estacion-transformadora\/#breadcrumb\"},\"inLanguage\":\"es\",\"potentialAction\":[{\"@type\":\"ReadAction\",\"target\":[\"https:\/\/www.noticiasradioreflejos.com.ar\/2021\/coopersive-ltda-instalacion-de-generadores-en-sub-estacion-transformadora\/\"]}]},{\"@type\":\"BreadcrumbList\",\"@id\":\"https:\/\/www.noticiasradioreflejos.com.ar\/2021\/coopersive-ltda-instalacion-de-generadores-en-sub-estacion-transformadora\/#breadcrumb\",\"itemListElement\":[{\"@type\":\"ListItem\",\"position\":1,\"name\":\"Portada\",\"item\":\"https:\/\/www.noticiasradioreflejos.com.ar\/2021\/\"},{\"@type\":\"ListItem\",\"position\":2,\"name\":\"Coopersive Ltda: Instalaci\u00f3n de generadores en sub estaci\u00f3n transformadora\"}]},{\"@type\":\"WebSite\",\"@id\":\"https:\/\/www.noticiasradioreflejos.com.ar\/2021\/#website\",\"url\":\"https:\/\/www.noticiasradioreflejos.com.ar\/2021\/\",\"name\":\"Noticias Radio Reflejos\",\"description\":\"Las noticias de mi comarca\",\"potentialAction\":[{\"@type\":\"SearchAction\",\"target\":{\"@type\":\"EntryPoint\",\"urlTemplate\":\"https:\/\/www.noticiasradioreflejos.com.ar\/2021\/?s={search_term_string}\"},\"query-input\":{\"@type\":\"PropertyValueSpecification\",\"valueRequired\":true,\"valueName\":\"search_term_string\"}}],\"inLanguage\":\"es\"},{\"@type\":\"Person\",\"@id\":\"https:\/\/www.noticiasradioreflejos.com.ar\/2021\/#\/schema\/person\/ad82545263dcc5ec0996818884fd5fb1\",\"name\":\"Arnaldo Botto\",\"image\":{\"@type\":\"ImageObject\",\"inLanguage\":\"es\",\"@id\":\"https:\/\/www.noticiasradioreflejos.com.ar\/2021\/#\/schema\/person\/image\/\",\"url\":\"https:\/\/secure.gravatar.com\/avatar\/55cb5e37c1efa326397366e6974cb338056df65cb50e7d64d1cf314e87504837?s=96&d=mm&r=g\",\"contentUrl\":\"https:\/\/secure.gravatar.com\/avatar\/55cb5e37c1efa326397366e6974cb338056df65cb50e7d64d1cf314e87504837?s=96&d=mm&r=g\",\"caption\":\"Arnaldo Botto\"},\"url\":\"https:\/\/www.noticiasradioreflejos.com.ar\/2021\/author\/arnaldo\/\"}]}<\/script>\n<!-- \/ Yoast SEO plugin. -->","yoast_head_json":{"title":"Coopersive Ltda: Instalaci\u00f3n de generadores en sub estaci\u00f3n transformadora - Noticias Radio Reflejos","robots":{"index":"index","follow":"follow","max-snippet":"max-snippet:-1","max-image-preview":"max-image-preview:large","max-video-preview":"max-video-preview:-1"},"canonical":"https:\/\/www.noticiasradioreflejos.com.ar\/2021\/coopersive-ltda-instalacion-de-generadores-en-sub-estacion-transformadora\/","og_locale":"es_ES","og_type":"article","og_title":"Coopersive Ltda: Instalaci\u00f3n de generadores en sub estaci\u00f3n transformadora - Noticias Radio Reflejos","og_description":"Se informa a la poblaci\u00f3n que durante el d\u00eda de hoy, y gracias a la gesti\u00f3n conjunta de Coopersive y el Municipio de Tornquist (a trav\u00e9s de su Ejecutivo y Concejo Deliberante), el proveedor EDES SA est\u00e1 instalando tres generadores en la Sub Estaci\u00f3n Transformadora que posibilitar\u00e1n atender la demanda ante cualquier eventualidad que sufra [&hellip;]","og_url":"https:\/\/www.noticiasradioreflejos.com.ar\/2021\/coopersive-ltda-instalacion-de-generadores-en-sub-estacion-transformadora\/","og_site_name":"Noticias Radio Reflejos","article_published_time":"2022-06-15T19:17:44+00:00","og_image":[{"width":484,"height":480,"url":"https:\/\/www.noticiasradioreflejos.com.ar\/2021\/wp-content\/uploads\/2017\/07\/Coopersive.jpg","type":"image\/jpeg"}],"author":"Arnaldo Botto","twitter_card":"summary_large_image","schema":{"@context":"https:\/\/schema.org","@graph":[{"@type":"WebPage","@id":"https:\/\/www.noticiasradioreflejos.com.ar\/2021\/coopersive-ltda-instalacion-de-generadores-en-sub-estacion-transformadora\/","url":"https:\/\/www.noticiasradioreflejos.com.ar\/2021\/coopersive-ltda-instalacion-de-generadores-en-sub-estacion-transformadora\/","name":"Coopersive Ltda: Instalaci\u00f3n de generadores en sub estaci\u00f3n transformadora - Noticias Radio Reflejos","isPartOf":{"@id":"https:\/\/www.noticiasradioreflejos.com.ar\/2021\/#website"},"datePublished":"2022-06-15T19:17:44+00:00","author":{"@id":"https:\/\/www.noticiasradioreflejos.com.ar\/2021\/#\/schema\/person\/ad82545263dcc5ec0996818884fd5fb1"},"breadcrumb":{"@id":"https:\/\/www.noticiasradioreflejos.com.ar\/2021\/coopersive-ltda-instalacion-de-generadores-en-sub-estacion-transformadora\/#breadcrumb"},"inLanguage":"es","potentialAction":[{"@type":"ReadAction","target":["https:\/\/www.noticiasradioreflejos.com.ar\/2021\/coopersive-ltda-instalacion-de-generadores-en-sub-estacion-transformadora\/"]}]},{"@type":"BreadcrumbList","@id":"https:\/\/www.noticiasradioreflejos.com.ar\/2021\/coopersive-ltda-instalacion-de-generadores-en-sub-estacion-transformadora\/#breadcrumb","itemListElement":[{"@type":"ListItem","position":1,"name":"Portada","item":"https:\/\/www.noticiasradioreflejos.com.ar\/2021\/"},{"@type":"ListItem","position":2,"name":"Coopersive Ltda: Instalaci\u00f3n de generadores en sub estaci\u00f3n transformadora"}]},{"@type":"WebSite","@id":"https:\/\/www.noticiasradioreflejos.com.ar\/2021\/#website","url":"https:\/\/www.noticiasradioreflejos.com.ar\/2021\/","name":"Noticias Radio Reflejos","description":"Las noticias de mi comarca","potentialAction":[{"@type":"SearchAction","target":{"@type":"EntryPoint","urlTemplate":"https:\/\/www.noticiasradioreflejos.com.ar\/2021\/?s={search_term_string}"},"query-input":{"@type":"PropertyValueSpecification","valueRequired":true,"valueName":"search_term_string"}}],"inLanguage":"es"},{"@type":"Person","@id":"https:\/\/www.noticiasradioreflejos.com.ar\/2021\/#\/schema\/person\/ad82545263dcc5ec0996818884fd5fb1","name":"Arnaldo Botto","image":{"@type":"ImageObject","inLanguage":"es","@id":"https:\/\/www.noticiasradioreflejos.com.ar\/2021\/#\/schema\/person\/image\/","url":"https:\/\/secure.gravatar.com\/avatar\/55cb5e37c1efa326397366e6974cb338056df65cb50e7d64d1cf314e87504837?s=96&d=mm&r=g","contentUrl":"https:\/\/secure.gravatar.com\/avatar\/55cb5e37c1efa326397366e6974cb338056df65cb50e7d64d1cf314e87504837?s=96&d=mm&r=g","caption":"Arnaldo Botto"},"url":"https:\/\/www.noticiasradioreflejos.com.ar\/2021\/author\/arnaldo\/"}]}},"_links":{"self":[{"href":"https:\/\/www.noticiasradioreflejos.com.ar\/2021\/wp-json\/wp\/v2\/posts\/73777","targetHints":{"allow":["GET"]}}],"collection":[{"href":"https:\/\/www.noticiasradioreflejos.com.ar\/2021\/wp-json\/wp\/v2\/posts"}],"about":[{"href":"https:\/\/www.noticiasradioreflejos.com.ar\/2021\/wp-json\/wp\/v2\/types\/post"}],"author":[{"embeddable":true,"href":"https:\/\/www.noticiasradioreflejos.com.ar\/2021\/wp-json\/wp\/v2\/users\/3"}],"replies":[{"embeddable":true,"href":"https:\/\/www.noticiasradioreflejos.com.ar\/2021\/wp-json\/wp\/v2\/comments?post=73777"}],"version-history":[{"count":1,"href":"https:\/\/www.noticiasradioreflejos.com.ar\/2021\/wp-json\/wp\/v2\/posts\/73777\/revisions"}],"predecessor-version":[{"id":73778,"href":"https:\/\/www.noticiasradioreflejos.com.ar\/2021\/wp-json\/wp\/v2\/posts\/73777\/revisions\/73778"}],"wp:attachment":[{"href":"https:\/\/www.noticiasradioreflejos.com.ar\/2021\/wp-json\/wp\/v2\/media?parent=73777"}],"wp:term":[{"taxonomy":"category","embeddable":true,"href":"https:\/\/www.noticiasradioreflejos.com.ar\/2021\/wp-json\/wp\/v2\/categories?post=73777"},{"taxonomy":"post_tag","embeddable":true,"href":"https:\/\/www.noticiasradioreflejos.com.ar\/2021\/wp-json\/wp\/v2\/tags?post=73777"}],"curies":[{"name":"wp","href":"https:\/\/api.w.org\/{rel}","templated":true}]}}