{"id":73709,"date":"2022-06-14T11:41:13","date_gmt":"2022-06-14T11:41:13","guid":{"rendered":"http:\/\/www.noticiasradioreflejos.com.ar\/2021\/?p=73709"},"modified":"2022-06-14T11:42:04","modified_gmt":"2022-06-14T11:42:04","slug":"fin-de-semana-largo-confirmado-suman-nuevos-dias-y-se-alarga-el-feriado","status":"publish","type":"post","link":"https:\/\/www.noticiasradioreflejos.com.ar\/2021\/fin-de-semana-largo-confirmado-suman-nuevos-dias-y-se-alarga-el-feriado\/","title":{"rendered":"Fin de semana largo: confirmado, suman nuevos d\u00edas y se alarga el feriado"},"content":{"rendered":"<p>Se acerca un fin de semana XL. Habr\u00e1 dos d\u00edas feriados, el viernes 17 y el lunes 20, pero en las \u00faltimas horas se confirm\u00f3 que habr\u00e1 m\u00e1s jornadas festivas. Cu\u00e1les son.<!--more--><\/p>\n<p><a href=\"http:\/\/www.noticiasradioreflejos.com.ar\/2021\/fin-de-semana-largo-confirmado-suman-nuevos-dias-y-se-alarga-el-feriado\/viajes-y-turismo\/\" rel=\"attachment wp-att-73710\"><img loading=\"lazy\" decoding=\"async\" class=\"aligncenter size-full wp-image-73710\" src=\"http:\/\/www.noticiasradioreflejos.com.ar\/2021\/wp-content\/uploads\/2022\/06\/viajes-y-turismo.jpg\" alt=\"\" width=\"1200\" height=\"675\" \/><\/a><br \/>\n<span style=\"color: #ff6600;\"><em>Hay quienes tendr\u00e1n m\u00e1s d\u00edas de descanso porque que en algunas provincias se conmemoran aniversarios de fundaci\u00f3n o se recuerda a pr\u00f3ceres locales.<\/em><\/span><\/p>\n<div class=\"zoom\"><\/div>\n<div class=\"block-content\">\n<div id=\"interior-zleft\" class=\"zleft\">\n<div id=\"vsmcontent\" class=\"content vsmcontent\">\n<p>Se acerca un nuevo\u00a0<b><a href=\"https:\/\/www.cronista.com\/clase\/break\/fin-de-semana-largo-junio-2022-cuanto-sale-una-escapada\/\" target=\"_blank\" rel=\"noopener\">fin de semana<\/a>\u00a0largo.\u00a0<\/b>Ser\u00e1 a partir de este\u00a0<b>viernes 17\u00a0<\/b>y hasta el<b>\u00a0lunes 20<\/b>, inclusive<b>.\u00a0<\/b>En el primero se conmemora\u00a0el Paso a la Inmortalidad de\u00a0<b><a href=\"https:\/\/www.cronista.com\/finanzas-mercados\/billetes-quien-es-el-impostor-que-se-colo-entre-los-proceres\/\" target=\"_blank\" rel=\"noopener\">Mart\u00edn Miguel de G\u00fcemes<\/a><\/b>\u00a0mientras que el segundo recuerda el Paso a la Inmortalidad de\u00a0<b><a href=\"https:\/\/www.cronista.com\/columnistas\/Belgrano-ilustracion-economica-y-pragmatismo-20200619-0008.html\" target=\"_blank\" rel=\"noopener\">Manuel Belgrano<\/a><\/b>. Sin embargo, a estos dos se les sumar\u00e1n<b>\u00a0otros d\u00edas festivos.<\/b><\/p>\n<p>Efectivamente, hay quienes tendr\u00e1n m\u00e1s d\u00edas de descanso porque que\u00a0<b>en algunas provincias se conmemoran aniversarios de fundaci\u00f3n o se recuerda a\u00a0pr\u00f3ceres locales<\/b>.<\/p>\n<h2>QU\u00c9 D\u00cdAS SON FERIADOS EN JUNIO 2022<\/h2>\n<p>En las \u00faltimas horas surgi\u00f3 la duda en cuanto a si el\u00a0<b>lunes 13 de junio es feriado,\u00a0<\/b>lo ser\u00e1, pero en la\u00a0<b>provincia de\u00a0<a href=\"https:\/\/www.cronista.com\/economia-politica\/san-juan-estatales-percibiran-40-de-aumento-en-junio-en-un-solo-pago-y-con-impacto-en-aguinaldo\/\" target=\"_blank\" rel=\"noopener\">San Juan<\/a>\u00a0<\/b>porque celebrar\u00e1n los\u00a0<b>460 a\u00f1os de su fundaci\u00f3n.\u00a0<\/b><\/p>\n<figure class=\"vsmimage full\" contenteditable=\"false\"><img loading=\"lazy\" decoding=\"async\" id=\"imgv06517v33\" src=\"https:\/\/www.cronista.com\/files\/image\/457\/457396\/625d62c76ee1e_934_516!.webp?s=c65fc08bd3891b1358ef3e631c0e5ec4&amp;d=1655125268&amp;oe=jpg\" width=\"934\" height=\"516\" data-vsmid=\"457396\" data-owidth=\"1280\" data-oheight=\"720\" \/><\/figure>\n<\/div>\n<\/div>\n<\/div>\n<p><span style=\"color: #ff6600;\"><em>Hay quienes tendr\u00e1n m\u00e1s d\u00edas de descanso porque que en algunas provincias se conmemoran aniversarios de fundaci\u00f3n o se recuerda a pr\u00f3ceres locales.<\/em><\/span><\/p>\n<p>El feriado del 13 de junio afecta a las dependencias de administraci\u00f3n p\u00fablica, tanto de gesti\u00f3n provincial como municipal, tampoco habr\u00e1 clases y los bancos permanecer\u00e1n cerrados.<\/p>\n<p>En tanto, la actividad comercial se desarrollar\u00e1 con normalidad y el transporte p\u00fablico tendr\u00e1 cronograma de feriados. Los festejos principales se realizar\u00e1n en la\u00a0<b>Ciudad de San Juan\u00a0<\/b>y desde el municipio informaron que la recolecci\u00f3n de residuos y el cementerio funcionar\u00e1n con normalidad.<\/p>\n<figure class=\"vsmimage full\" contenteditable=\"false\"><img loading=\"lazy\" decoding=\"async\" id=\"imgv06517v34\" contenteditable=\"false\" src=\"https:\/\/www.cronista.com\/files\/image\/465\/465230\/62a66ede0537b_934_934!.webp?s=c6e4ec1efdadca6058e6e5d371fa1db8&amp;d=1655125281&amp;oe=jpg\" width=\"934\" height=\"934\" data-vsmid=\"465230\" data-owidth=\"1280\" data-oheight=\"1280\" \/><figcaption>El lunes 13 de junio ser\u00e1 feriado en San Juan..<\/figcaption><\/figure>\n<h2>FERIADO LARGO DE JUNIO CON UN D\u00cdA EXTRA<\/h2>\n<p>Por otra parte, la provincia de\u00a0<b>Jujuy<\/b>\u00a0tendr\u00e1 un\u00a0<b>feriado extra el pr\u00f3ximo jueves 16 de junio\u00a0<\/b>y as\u00ed el fin de semana largo de este mes tendr\u00e1 un d\u00eda m\u00e1s para quienes residen en el norte argentino.<\/p>\n<p>El 16 de junio se conmemora en Jujuy el\u00a0<b>Paso a la Inmortalidad del\u00a0<a href=\"https:\/\/www.cronista.com\/informacion-gral\/feriado-de-5-dias-en-junio-quien-fue-manuel-arias-el-jujeno-por-el-que-podria-haber-un-fin-de-semana-xxl\/\" target=\"_blank\" rel=\"noopener\">General Manuel Arias<\/a>,\u00a0<\/b>quien particip\u00f3 en la\u00a0<b>Guerra de la Independencia Argentina\u00a0<\/b>conocida como la\u00a0<b>Guerra Gaucha,<\/b>\u00a0que tuvo lugar entre 1810-1824 en el norte del pa\u00eds.<\/p>\n<figure class=\"vsmimage full\" contenteditable=\"false\"><img loading=\"lazy\" decoding=\"async\" id=\"imgv06517v35\" class=\"aligncenter\" contenteditable=\"false\" src=\"https:\/\/www.cronista.com\/files\/image\/465\/465231\/62a66fb36af16.webp?oe=png\" width=\"585\" height=\"776\" data-vsmid=\"465231\" data-owidth=\"462\" data-oheight=\"613\" \/><figcaption>El jueves 16 de junio ser\u00e1 feriado en Jujuy.<\/figcaption><\/figure>\n<p><b>Arias<\/b>\u00a0fue uno de los generales que form\u00f3 parte de las fuerzas de\u00a0<b>Mart\u00edn Miguel de G\u00fcemes,\u00a0<\/b>cuya conmemoraci\u00f3n ser\u00e1 el viernes 17 de junio, que daban pelea en\u00a0<b>Salta, Jujuy y Tarija\u00a0<\/b>en contra de las tropas realistas.<\/p>\n<h2>CU\u00c1NDO ES EL PR\u00d3XIMO FERIADO Y FIN DE SEMANA LARGO<\/h2>\n<p>El pr\u00f3ximo\u00a0<b>feriado\u00a0<\/b>ser\u00e1 el viernes 17 de junio y el lunes 20, los cuales conmemoran el\u00a0<b>Paso a la Inmortalidad de los generales Mart\u00edn Miguel de G\u00fcemes, Manuel Belgrano y el D\u00eda de la Bandera Argentina.<\/b><\/p>\n<div class=\"zone \"><\/div>\n<h2>CU\u00c1NTOS FERIADOS QUEDAN EN 2022<\/h2>\n<p>&nbsp;<\/p>\n<ul>\n<li>9 de julio &#8211;\u00a0<b>D\u00eda de la Independencia<\/b><\/li>\n<li>15 de agosto &#8211;\u00a0<b>Paso a la Inmortalidad del General Jos\u00e9 de San Mart\u00edn<\/b>\u00a0(17 de agosto).<\/li>\n<li>10 de octubre &#8211;\u00a0<b>D\u00eda del Respeto a la Diversidad Cultural<\/b><\/li>\n<li>20 de noviembre &#8211;<b>\u00a0D\u00eda de la Soberan\u00eda Nacional<\/b><\/li>\n<li>8 de diciembre &#8211;<b>\u00a0Inmaculada Concepci\u00f3n de Mar\u00eda<\/b><\/li>\n<li>25 de diciembre &#8211;\u00a0<b>Navidad<\/b><\/li>\n<\/ul>\n<p>&nbsp;<\/p>\n<figure class=\"vsmimage\" contenteditable=\"false\"><img loading=\"lazy\" decoding=\"async\" id=\"imgv06517v36\" src=\"https:\/\/www.cronista.com\/files\/image\/465\/465229\/62a66e54541c3.webp?oe=png\" width=\"574\" height=\"521\" data-vsmid=\"465229\" data-owidth=\"574\" data-oheight=\"521\" \/><figcaption>En 5 d\u00edas comenzar\u00e1 el fin de semana largo de junio 2022.<\/figcaption><\/figure>\n<h2>CU\u00c1NTOS FINES DE SEMANAS LARGOS QUEDAN EN 2022<\/h2>\n<p>&nbsp;<\/p>\n<ul>\n<li>7 de octubre, feriado con fines tur\u00edsticos:\u00a0<b>fin de semana largo del viernes 7 al lunes 10<\/b>.<\/li>\n<li>21 de noviembre, feriado con fines tur\u00edsticos:\u00a0<b>fin de semana largo del s\u00e1bado 19 al lunes 21<\/b>.<\/li>\n<li>9 de diciembre, feriado con fines tur\u00edstico:\u00a0<b>fin de semana largo del jueves 8 al domingo 11<\/b>.<\/li>\n<\/ul>\n<p>&nbsp;<\/p>\n<p><strong>Fuente Cronista.com<\/strong><\/p>\n","protected":false},"excerpt":{"rendered":"<p>Se acerca un fin de semana XL. Habr\u00e1 dos d\u00edas feriados, el viernes 17 y el lunes 20, pero en las \u00faltimas horas se confirm\u00f3 que habr\u00e1 m\u00e1s jornadas festivas. Cu\u00e1les son.<\/p>\n","protected":false},"author":3,"featured_media":0,"comment_status":"closed","ping_status":"closed","sticky":false,"template":"","format":"standard","meta":{"footnotes":""},"categories":[24,33],"tags":[],"class_list":["post-73709","post","type-post","status-publish","format-standard","hentry","category-politica","category-turismo"],"yoast_head":"<!-- This site is optimized with the Yoast SEO plugin v25.9 - https:\/\/yoast.com\/wordpress\/plugins\/seo\/ -->\n<title>Fin de semana largo: confirmado, suman nuevos d\u00edas y se alarga el feriado - Noticias Radio Reflejos<\/title>\n<meta name=\"robots\" content=\"index, follow, max-snippet:-1, max-image-preview:large, max-video-preview:-1\" \/>\n<link rel=\"canonical\" href=\"https:\/\/www.noticiasradioreflejos.com.ar\/2021\/fin-de-semana-largo-confirmado-suman-nuevos-dias-y-se-alarga-el-feriado\/\" \/>\n<meta property=\"og:locale\" content=\"es_ES\" \/>\n<meta property=\"og:type\" content=\"article\" \/>\n<meta property=\"og:title\" content=\"Fin de semana largo: confirmado, suman nuevos d\u00edas y se alarga el feriado - Noticias Radio Reflejos\" \/>\n<meta property=\"og:description\" content=\"Se acerca un fin de semana XL. Habr\u00e1 dos d\u00edas feriados, el viernes 17 y el lunes 20, pero en las \u00faltimas horas se confirm\u00f3 que habr\u00e1 m\u00e1s jornadas festivas. Cu\u00e1les son.\" \/>\n<meta property=\"og:url\" content=\"https:\/\/www.noticiasradioreflejos.com.ar\/2021\/fin-de-semana-largo-confirmado-suman-nuevos-dias-y-se-alarga-el-feriado\/\" \/>\n<meta property=\"og:site_name\" content=\"Noticias Radio Reflejos\" \/>\n<meta property=\"article:published_time\" content=\"2022-06-14T11:41:13+00:00\" \/>\n<meta property=\"article:modified_time\" content=\"2022-06-14T11:42:04+00:00\" \/>\n<meta property=\"og:image\" content=\"http:\/\/www.noticiasradioreflejos.com.ar\/2021\/wp-content\/uploads\/2022\/06\/viajes-y-turismo.jpg\" \/>\n<meta name=\"author\" content=\"Arnaldo Botto\" \/>\n<meta name=\"twitter:card\" content=\"summary_large_image\" \/>\n<script type=\"application\/ld+json\" class=\"yoast-schema-graph\">{\"@context\":\"https:\/\/schema.org\",\"@graph\":[{\"@type\":\"WebPage\",\"@id\":\"https:\/\/www.noticiasradioreflejos.com.ar\/2021\/fin-de-semana-largo-confirmado-suman-nuevos-dias-y-se-alarga-el-feriado\/\",\"url\":\"https:\/\/www.noticiasradioreflejos.com.ar\/2021\/fin-de-semana-largo-confirmado-suman-nuevos-dias-y-se-alarga-el-feriado\/\",\"name\":\"Fin de semana largo: confirmado, suman nuevos d\u00edas y se alarga el feriado - Noticias Radio Reflejos\",\"isPartOf\":{\"@id\":\"https:\/\/www.noticiasradioreflejos.com.ar\/2021\/#website\"},\"primaryImageOfPage\":{\"@id\":\"https:\/\/www.noticiasradioreflejos.com.ar\/2021\/fin-de-semana-largo-confirmado-suman-nuevos-dias-y-se-alarga-el-feriado\/#primaryimage\"},\"image\":{\"@id\":\"https:\/\/www.noticiasradioreflejos.com.ar\/2021\/fin-de-semana-largo-confirmado-suman-nuevos-dias-y-se-alarga-el-feriado\/#primaryimage\"},\"thumbnailUrl\":\"http:\/\/www.noticiasradioreflejos.com.ar\/2021\/wp-content\/uploads\/2022\/06\/viajes-y-turismo.jpg\",\"datePublished\":\"2022-06-14T11:41:13+00:00\",\"dateModified\":\"2022-06-14T11:42:04+00:00\",\"author\":{\"@id\":\"https:\/\/www.noticiasradioreflejos.com.ar\/2021\/#\/schema\/person\/ad82545263dcc5ec0996818884fd5fb1\"},\"breadcrumb\":{\"@id\":\"https:\/\/www.noticiasradioreflejos.com.ar\/2021\/fin-de-semana-largo-confirmado-suman-nuevos-dias-y-se-alarga-el-feriado\/#breadcrumb\"},\"inLanguage\":\"es\",\"potentialAction\":[{\"@type\":\"ReadAction\",\"target\":[\"https:\/\/www.noticiasradioreflejos.com.ar\/2021\/fin-de-semana-largo-confirmado-suman-nuevos-dias-y-se-alarga-el-feriado\/\"]}]},{\"@type\":\"ImageObject\",\"inLanguage\":\"es\",\"@id\":\"https:\/\/www.noticiasradioreflejos.com.ar\/2021\/fin-de-semana-largo-confirmado-suman-nuevos-dias-y-se-alarga-el-feriado\/#primaryimage\",\"url\":\"\",\"contentUrl\":\"\"},{\"@type\":\"BreadcrumbList\",\"@id\":\"https:\/\/www.noticiasradioreflejos.com.ar\/2021\/fin-de-semana-largo-confirmado-suman-nuevos-dias-y-se-alarga-el-feriado\/#breadcrumb\",\"itemListElement\":[{\"@type\":\"ListItem\",\"position\":1,\"name\":\"Portada\",\"item\":\"https:\/\/www.noticiasradioreflejos.com.ar\/2021\/\"},{\"@type\":\"ListItem\",\"position\":2,\"name\":\"Fin de semana largo: confirmado, suman nuevos d\u00edas y se alarga el feriado\"}]},{\"@type\":\"WebSite\",\"@id\":\"https:\/\/www.noticiasradioreflejos.com.ar\/2021\/#website\",\"url\":\"https:\/\/www.noticiasradioreflejos.com.ar\/2021\/\",\"name\":\"Noticias Radio Reflejos\",\"description\":\"Las noticias de mi comarca\",\"potentialAction\":[{\"@type\":\"SearchAction\",\"target\":{\"@type\":\"EntryPoint\",\"urlTemplate\":\"https:\/\/www.noticiasradioreflejos.com.ar\/2021\/?s={search_term_string}\"},\"query-input\":{\"@type\":\"PropertyValueSpecification\",\"valueRequired\":true,\"valueName\":\"search_term_string\"}}],\"inLanguage\":\"es\"},{\"@type\":\"Person\",\"@id\":\"https:\/\/www.noticiasradioreflejos.com.ar\/2021\/#\/schema\/person\/ad82545263dcc5ec0996818884fd5fb1\",\"name\":\"Arnaldo Botto\",\"image\":{\"@type\":\"ImageObject\",\"inLanguage\":\"es\",\"@id\":\"https:\/\/www.noticiasradioreflejos.com.ar\/2021\/#\/schema\/person\/image\/\",\"url\":\"https:\/\/secure.gravatar.com\/avatar\/55cb5e37c1efa326397366e6974cb338056df65cb50e7d64d1cf314e87504837?s=96&d=mm&r=g\",\"contentUrl\":\"https:\/\/secure.gravatar.com\/avatar\/55cb5e37c1efa326397366e6974cb338056df65cb50e7d64d1cf314e87504837?s=96&d=mm&r=g\",\"caption\":\"Arnaldo Botto\"},\"url\":\"https:\/\/www.noticiasradioreflejos.com.ar\/2021\/author\/arnaldo\/\"}]}<\/script>\n<!-- \/ Yoast SEO plugin. -->","yoast_head_json":{"title":"Fin de semana largo: confirmado, suman nuevos d\u00edas y se alarga el feriado - Noticias Radio Reflejos","robots":{"index":"index","follow":"follow","max-snippet":"max-snippet:-1","max-image-preview":"max-image-preview:large","max-video-preview":"max-video-preview:-1"},"canonical":"https:\/\/www.noticiasradioreflejos.com.ar\/2021\/fin-de-semana-largo-confirmado-suman-nuevos-dias-y-se-alarga-el-feriado\/","og_locale":"es_ES","og_type":"article","og_title":"Fin de semana largo: confirmado, suman nuevos d\u00edas y se alarga el feriado - Noticias Radio Reflejos","og_description":"Se acerca un fin de semana XL. Habr\u00e1 dos d\u00edas feriados, el viernes 17 y el lunes 20, pero en las \u00faltimas horas se confirm\u00f3 que habr\u00e1 m\u00e1s jornadas festivas. Cu\u00e1les son.","og_url":"https:\/\/www.noticiasradioreflejos.com.ar\/2021\/fin-de-semana-largo-confirmado-suman-nuevos-dias-y-se-alarga-el-feriado\/","og_site_name":"Noticias Radio Reflejos","article_published_time":"2022-06-14T11:41:13+00:00","article_modified_time":"2022-06-14T11:42:04+00:00","og_image":[{"url":"http:\/\/www.noticiasradioreflejos.com.ar\/2021\/wp-content\/uploads\/2022\/06\/viajes-y-turismo.jpg","type":"","width":"","height":""}],"author":"Arnaldo Botto","twitter_card":"summary_large_image","schema":{"@context":"https:\/\/schema.org","@graph":[{"@type":"WebPage","@id":"https:\/\/www.noticiasradioreflejos.com.ar\/2021\/fin-de-semana-largo-confirmado-suman-nuevos-dias-y-se-alarga-el-feriado\/","url":"https:\/\/www.noticiasradioreflejos.com.ar\/2021\/fin-de-semana-largo-confirmado-suman-nuevos-dias-y-se-alarga-el-feriado\/","name":"Fin de semana largo: confirmado, suman nuevos d\u00edas y se alarga el feriado - Noticias Radio Reflejos","isPartOf":{"@id":"https:\/\/www.noticiasradioreflejos.com.ar\/2021\/#website"},"primaryImageOfPage":{"@id":"https:\/\/www.noticiasradioreflejos.com.ar\/2021\/fin-de-semana-largo-confirmado-suman-nuevos-dias-y-se-alarga-el-feriado\/#primaryimage"},"image":{"@id":"https:\/\/www.noticiasradioreflejos.com.ar\/2021\/fin-de-semana-largo-confirmado-suman-nuevos-dias-y-se-alarga-el-feriado\/#primaryimage"},"thumbnailUrl":"http:\/\/www.noticiasradioreflejos.com.ar\/2021\/wp-content\/uploads\/2022\/06\/viajes-y-turismo.jpg","datePublished":"2022-06-14T11:41:13+00:00","dateModified":"2022-06-14T11:42:04+00:00","author":{"@id":"https:\/\/www.noticiasradioreflejos.com.ar\/2021\/#\/schema\/person\/ad82545263dcc5ec0996818884fd5fb1"},"breadcrumb":{"@id":"https:\/\/www.noticiasradioreflejos.com.ar\/2021\/fin-de-semana-largo-confirmado-suman-nuevos-dias-y-se-alarga-el-feriado\/#breadcrumb"},"inLanguage":"es","potentialAction":[{"@type":"ReadAction","target":["https:\/\/www.noticiasradioreflejos.com.ar\/2021\/fin-de-semana-largo-confirmado-suman-nuevos-dias-y-se-alarga-el-feriado\/"]}]},{"@type":"ImageObject","inLanguage":"es","@id":"https:\/\/www.noticiasradioreflejos.com.ar\/2021\/fin-de-semana-largo-confirmado-suman-nuevos-dias-y-se-alarga-el-feriado\/#primaryimage","url":"","contentUrl":""},{"@type":"BreadcrumbList","@id":"https:\/\/www.noticiasradioreflejos.com.ar\/2021\/fin-de-semana-largo-confirmado-suman-nuevos-dias-y-se-alarga-el-feriado\/#breadcrumb","itemListElement":[{"@type":"ListItem","position":1,"name":"Portada","item":"https:\/\/www.noticiasradioreflejos.com.ar\/2021\/"},{"@type":"ListItem","position":2,"name":"Fin de semana largo: confirmado, suman nuevos d\u00edas y se alarga el feriado"}]},{"@type":"WebSite","@id":"https:\/\/www.noticiasradioreflejos.com.ar\/2021\/#website","url":"https:\/\/www.noticiasradioreflejos.com.ar\/2021\/","name":"Noticias Radio Reflejos","description":"Las noticias de mi comarca","potentialAction":[{"@type":"SearchAction","target":{"@type":"EntryPoint","urlTemplate":"https:\/\/www.noticiasradioreflejos.com.ar\/2021\/?s={search_term_string}"},"query-input":{"@type":"PropertyValueSpecification","valueRequired":true,"valueName":"search_term_string"}}],"inLanguage":"es"},{"@type":"Person","@id":"https:\/\/www.noticiasradioreflejos.com.ar\/2021\/#\/schema\/person\/ad82545263dcc5ec0996818884fd5fb1","name":"Arnaldo Botto","image":{"@type":"ImageObject","inLanguage":"es","@id":"https:\/\/www.noticiasradioreflejos.com.ar\/2021\/#\/schema\/person\/image\/","url":"https:\/\/secure.gravatar.com\/avatar\/55cb5e37c1efa326397366e6974cb338056df65cb50e7d64d1cf314e87504837?s=96&d=mm&r=g","contentUrl":"https:\/\/secure.gravatar.com\/avatar\/55cb5e37c1efa326397366e6974cb338056df65cb50e7d64d1cf314e87504837?s=96&d=mm&r=g","caption":"Arnaldo Botto"},"url":"https:\/\/www.noticiasradioreflejos.com.ar\/2021\/author\/arnaldo\/"}]}},"_links":{"self":[{"href":"https:\/\/www.noticiasradioreflejos.com.ar\/2021\/wp-json\/wp\/v2\/posts\/73709","targetHints":{"allow":["GET"]}}],"collection":[{"href":"https:\/\/www.noticiasradioreflejos.com.ar\/2021\/wp-json\/wp\/v2\/posts"}],"about":[{"href":"https:\/\/www.noticiasradioreflejos.com.ar\/2021\/wp-json\/wp\/v2\/types\/post"}],"author":[{"embeddable":true,"href":"https:\/\/www.noticiasradioreflejos.com.ar\/2021\/wp-json\/wp\/v2\/users\/3"}],"replies":[{"embeddable":true,"href":"https:\/\/www.noticiasradioreflejos.com.ar\/2021\/wp-json\/wp\/v2\/comments?post=73709"}],"version-history":[{"count":3,"href":"https:\/\/www.noticiasradioreflejos.com.ar\/2021\/wp-json\/wp\/v2\/posts\/73709\/revisions"}],"predecessor-version":[{"id":73714,"href":"https:\/\/www.noticiasradioreflejos.com.ar\/2021\/wp-json\/wp\/v2\/posts\/73709\/revisions\/73714"}],"wp:attachment":[{"href":"https:\/\/www.noticiasradioreflejos.com.ar\/2021\/wp-json\/wp\/v2\/media?parent=73709"}],"wp:term":[{"taxonomy":"category","embeddable":true,"href":"https:\/\/www.noticiasradioreflejos.com.ar\/2021\/wp-json\/wp\/v2\/categories?post=73709"},{"taxonomy":"post_tag","embeddable":true,"href":"https:\/\/www.noticiasradioreflejos.com.ar\/2021\/wp-json\/wp\/v2\/tags?post=73709"}],"curies":[{"name":"wp","href":"https:\/\/api.w.org\/{rel}","templated":true}]}}