{"id":73703,"date":"2022-06-13T22:51:31","date_gmt":"2022-06-13T22:51:31","guid":{"rendered":"http:\/\/www.noticiasradioreflejos.com.ar\/2021\/?p=73703"},"modified":"2022-06-13T22:51:31","modified_gmt":"2022-06-13T22:51:31","slug":"insolito-habilitan-la-caza-de-animales-autoctonos-en-la-provincia-de-entre-rios","status":"publish","type":"post","link":"https:\/\/www.noticiasradioreflejos.com.ar\/2021\/insolito-habilitan-la-caza-de-animales-autoctonos-en-la-provincia-de-entre-rios\/","title":{"rendered":"Ins\u00f3lito: habilitan la caza de animales aut\u00f3ctonos en la provincia de Entre R\u00edos"},"content":{"rendered":"<p>En una decisi\u00f3n a contramano de lo que ocurre en el resto del mundo, La Direcci\u00f3n de Recursos Naturales de Entre R\u00edos habilit\u00f3 la temporada que permite la caza de cinco especies de aves aut\u00f3ctonas.<!--more--><\/p>\n<div class=\"cxmmr5t8 oygrvhab hcukyx3x c1et5uql o9v6fnle ii04i59q\">\n<div dir=\"auto\"><\/div>\n<div dir=\"auto\">Seg\u00fan alert\u00f3 la ONG entrerriana \u00abCentro para el estudio y defensa de las aves silvestres\u00bb (Ceydas), el<\/div>\n<div dir=\"auto\">pato cutir\u00ed, pato picazo, sirir\u00ed colorado, sirir\u00ed pampa e inamb\u00fa com\u00fan son las cinco aves aut\u00f3ctonas que la Direcci\u00f3n de Recursos Naturales -a cargo de Mariano Farall- decidi\u00f3 colocar en la lista de especies habilitadas para la caza. La temporada de caza tendr\u00e1 lugar durante tres meses desde el pasado 14 de mayo hasta el 15 de agosto.<\/div>\n<div dir=\"auto\"><a title=\"\" href=\"https:\/\/www.elmiercolesdigital.com.ar\/wp-content\/uploads\/2022\/05\/Pato2.jpg\" data-rel=\"lightbox-image-0\" data-rl_title=\"\" data-rl_caption=\"\"><img loading=\"lazy\" decoding=\"async\" class=\"size-full wp-image-91908 alignleft tie-appear\" src=\"https:\/\/www.elmiercolesdigital.com.ar\/wp-content\/uploads\/2022\/05\/Pato2.jpg\" sizes=\"auto, (max-width: 436px) 100vw, 436px\" srcset=\"https:\/\/www.elmiercolesdigital.com.ar\/wp-content\/uploads\/2022\/05\/Pato2.jpg 436w, https:\/\/www.elmiercolesdigital.com.ar\/wp-content\/uploads\/2022\/05\/Pato2-300x219.jpg 300w\" alt=\"\" width=\"436\" height=\"319\" \/><\/a><\/div>\n<\/div>\n<div class=\"cxmmr5t8 oygrvhab hcukyx3x c1et5uql o9v6fnle ii04i59q\">\n<div dir=\"auto\"><\/div>\n<div dir=\"auto\">La pol\u00e9mica decisi\u00f3n \u2013cuyos fundamentos t\u00e9cnicos no se dieron a difusi\u00f3n por parte del organismo- se toma luego de un a\u00f1o 2021 con una gran sequ\u00eda en toda la provincia y grav\u00edsimos incendios en el Delta que provocaron la disminuci\u00f3n de las poblaciones y la dificultad para reproducirse.<\/div>\n<h4><\/h4>\n<\/div>\n<h4><\/h4>\n<h4><a href=\"https:\/\/m.facebook.com\/story.php?story_fbid=pfbid0mnxjvxyXECK2rsjQ585bpRAFq4bSNYwe1JDkbM15cjt5iXhit5oqNwGRW7feuXWpl&amp;id=100008301065070\">Publicado en el Face de CEYDAS<\/a><\/h4>\n<p>&nbsp;<\/p>\n<p><a data-flickr-embed=\"true\" href=\"https:\/\/www.flickr.com\/photos\/182279889@N02\/52144522831\/in\/dateposted-public\/\" title=\"Entre Rios. Contra la Caza\"><img loading=\"lazy\" decoding=\"async\" src=\"https:\/\/live.staticflickr.com\/31337\/52144522831_609d38fc07_z.jpg\" width=\"640\" height=\"352\" alt=\"Entre Rios. Contra la Caza\"><\/a><script async src=\"\/\/embedr.flickr.com\/assets\/client-code.js\" charset=\"utf-8\"><\/script><\/p>\n<div class=\"cxmmr5t8 oygrvhab hcukyx3x c1et5uql o9v6fnle ii04i59q\">\n<h4>ESTE ES EL \u00abTURISMO\u00bb QUE ENTRE R\u00cdOS LE OFRECE AL MUNDO<\/h4>\n<p>En medio de la pol\u00e9mica por la habilitaci\u00f3n de la caza de animales aut\u00f3ctonos, el blog de noticias \u00abParan\u00e1 hacia el mundo\u00bb publica estas impactantes fotograf\u00edas sobre la actividad que desarrollan los establecimientos de caza menor en Entre R\u00edos.<\/p>\n<p><a title=\"entre rios\" href=\"https:\/\/www.flickr.com\/photos\/182279889@N02\/52144751684\/in\/dateposted-public\/\" data-flickr-embed=\"true\"><img loading=\"lazy\" decoding=\"async\" class=\"alignleft\" src=\"https:\/\/live.staticflickr.com\/65535\/52144751684_185f5f7ccc_c.jpg\" alt=\"entre rios\" width=\"494\" height=\"659\" \/><\/a>El blog menciona que los cazadores extranjeros tra\u00eddos por estas empresas del llamado \u00abturismo\u00bb cineg\u00e9tico \u00abpagan hasta 3000 d\u00f3lares por d\u00eda para venir a cazar patos\u00bb y menciona que las aterradoras im\u00e1genes difundidas son actuales y fueron tomadas en el departamento Victoria, en uno de estos cotos.<br \/>\nEl informe indica adem\u00e1s que estas empresas \u00abcrean cebaderos para atraer a mayor cantidad de aves\u00bb y que los cazadores extranjeros \u00abdisparan miles de balas por d\u00eda\u00bb.<br \/>\nEstos establecimientos cineg\u00e9ticos operan en distintas estancias ubicadas en varios puntos de la provincia como La Paz, Hernandarias, Gualeguaych\u00fa, Victoria y Gualeguay y obtienen importantes cantidades de dinero proveniente de cazadores europeos y estadounidenses.<br \/>\nD\u00edas atr\u00e1s, ambientalistas de la ONG CEYDAS hab\u00edan denunciado que las zonas habilitadas por la Direcci\u00f3n de Miner\u00eda, Medio Ambiente y Recursos Naturales de Entre R\u00edos para la caza de fauna aut\u00f3ctona coinciden exactamente con los sitios donde estos establecimientos de caza est\u00e1n instalados, circunstancia que resulta demasiado sospechosa como para que sean resultado de los supuestos estudios con los que este organismo p\u00fablico dice contar.<\/p>\n<p><a title=\"287445368_3351851121768224_806276976632613054_n\" href=\"https:\/\/www.flickr.com\/photos\/182279889@N02\/52143493377\/in\/dateposted-public\/\" data-flickr-embed=\"true\"><img loading=\"lazy\" decoding=\"async\" src=\"https:\/\/live.staticflickr.com\/65535\/52143493377_baf0de947d_c.jpg\" alt=\"287445368_3351851121768224_806276976632613054_n\" width=\"800\" height=\"600\" \/><\/a><script async src=\"\/\/embedr.flickr.com\/assets\/client-code.js\" charset=\"utf-8\"><\/script><\/p>\n<p><strong>Fuente \u00abEl mi\u00e9rcoles Digital \u00bb de Entre R\u00edos<\/strong><\/p>\n","protected":false},"excerpt":{"rendered":"<p>En una decisi\u00f3n a contramano de lo que ocurre en el resto del mundo, La Direcci\u00f3n de Recursos Naturales de Entre R\u00edos habilit\u00f3 la temporada que permite la caza de cinco especies de aves aut\u00f3ctonas.<\/p>\n","protected":false},"author":3,"featured_media":0,"comment_status":"closed","ping_status":"closed","sticky":false,"template":"","format":"standard","meta":{"footnotes":""},"categories":[26,33],"tags":[],"class_list":["post-73703","post","type-post","status-publish","format-standard","hentry","category-sociedad","category-turismo"],"yoast_head":"<!-- This site is optimized with the Yoast SEO plugin v25.9 - https:\/\/yoast.com\/wordpress\/plugins\/seo\/ -->\n<title>Ins\u00f3lito: habilitan la caza de animales aut\u00f3ctonos en la provincia de Entre R\u00edos - Noticias Radio Reflejos<\/title>\n<meta name=\"robots\" content=\"index, follow, max-snippet:-1, max-image-preview:large, max-video-preview:-1\" \/>\n<link rel=\"canonical\" href=\"https:\/\/www.noticiasradioreflejos.com.ar\/2021\/insolito-habilitan-la-caza-de-animales-autoctonos-en-la-provincia-de-entre-rios\/\" \/>\n<meta property=\"og:locale\" content=\"es_ES\" \/>\n<meta property=\"og:type\" content=\"article\" \/>\n<meta property=\"og:title\" content=\"Ins\u00f3lito: habilitan la caza de animales aut\u00f3ctonos en la provincia de Entre R\u00edos - Noticias Radio Reflejos\" \/>\n<meta property=\"og:description\" content=\"En una decisi\u00f3n a contramano de lo que ocurre en el resto del mundo, La Direcci\u00f3n de Recursos Naturales de Entre R\u00edos habilit\u00f3 la temporada que permite la caza de cinco especies de aves aut\u00f3ctonas.\" \/>\n<meta property=\"og:url\" content=\"https:\/\/www.noticiasradioreflejos.com.ar\/2021\/insolito-habilitan-la-caza-de-animales-autoctonos-en-la-provincia-de-entre-rios\/\" \/>\n<meta property=\"og:site_name\" content=\"Noticias Radio Reflejos\" \/>\n<meta property=\"article:published_time\" content=\"2022-06-13T22:51:31+00:00\" \/>\n<meta property=\"og:image\" content=\"https:\/\/www.elmiercolesdigital.com.ar\/wp-content\/uploads\/2022\/05\/Pato2.jpg\" \/>\n<meta name=\"author\" content=\"Arnaldo Botto\" \/>\n<meta name=\"twitter:card\" content=\"summary_large_image\" \/>\n<script type=\"application\/ld+json\" class=\"yoast-schema-graph\">{\"@context\":\"https:\/\/schema.org\",\"@graph\":[{\"@type\":\"WebPage\",\"@id\":\"https:\/\/www.noticiasradioreflejos.com.ar\/2021\/insolito-habilitan-la-caza-de-animales-autoctonos-en-la-provincia-de-entre-rios\/\",\"url\":\"https:\/\/www.noticiasradioreflejos.com.ar\/2021\/insolito-habilitan-la-caza-de-animales-autoctonos-en-la-provincia-de-entre-rios\/\",\"name\":\"Ins\u00f3lito: habilitan la caza de animales aut\u00f3ctonos en la provincia de Entre R\u00edos - Noticias Radio Reflejos\",\"isPartOf\":{\"@id\":\"https:\/\/www.noticiasradioreflejos.com.ar\/2021\/#website\"},\"primaryImageOfPage\":{\"@id\":\"https:\/\/www.noticiasradioreflejos.com.ar\/2021\/insolito-habilitan-la-caza-de-animales-autoctonos-en-la-provincia-de-entre-rios\/#primaryimage\"},\"image\":{\"@id\":\"https:\/\/www.noticiasradioreflejos.com.ar\/2021\/insolito-habilitan-la-caza-de-animales-autoctonos-en-la-provincia-de-entre-rios\/#primaryimage\"},\"thumbnailUrl\":\"https:\/\/www.elmiercolesdigital.com.ar\/wp-content\/uploads\/2022\/05\/Pato2.jpg\",\"datePublished\":\"2022-06-13T22:51:31+00:00\",\"author\":{\"@id\":\"https:\/\/www.noticiasradioreflejos.com.ar\/2021\/#\/schema\/person\/ad82545263dcc5ec0996818884fd5fb1\"},\"breadcrumb\":{\"@id\":\"https:\/\/www.noticiasradioreflejos.com.ar\/2021\/insolito-habilitan-la-caza-de-animales-autoctonos-en-la-provincia-de-entre-rios\/#breadcrumb\"},\"inLanguage\":\"es\",\"potentialAction\":[{\"@type\":\"ReadAction\",\"target\":[\"https:\/\/www.noticiasradioreflejos.com.ar\/2021\/insolito-habilitan-la-caza-de-animales-autoctonos-en-la-provincia-de-entre-rios\/\"]}]},{\"@type\":\"ImageObject\",\"inLanguage\":\"es\",\"@id\":\"https:\/\/www.noticiasradioreflejos.com.ar\/2021\/insolito-habilitan-la-caza-de-animales-autoctonos-en-la-provincia-de-entre-rios\/#primaryimage\",\"url\":\"https:\/\/www.elmiercolesdigital.com.ar\/wp-content\/uploads\/2022\/05\/Pato2.jpg\",\"contentUrl\":\"https:\/\/www.elmiercolesdigital.com.ar\/wp-content\/uploads\/2022\/05\/Pato2.jpg\"},{\"@type\":\"BreadcrumbList\",\"@id\":\"https:\/\/www.noticiasradioreflejos.com.ar\/2021\/insolito-habilitan-la-caza-de-animales-autoctonos-en-la-provincia-de-entre-rios\/#breadcrumb\",\"itemListElement\":[{\"@type\":\"ListItem\",\"position\":1,\"name\":\"Portada\",\"item\":\"https:\/\/www.noticiasradioreflejos.com.ar\/2021\/\"},{\"@type\":\"ListItem\",\"position\":2,\"name\":\"Ins\u00f3lito: habilitan la caza de animales aut\u00f3ctonos en la provincia de Entre R\u00edos\"}]},{\"@type\":\"WebSite\",\"@id\":\"https:\/\/www.noticiasradioreflejos.com.ar\/2021\/#website\",\"url\":\"https:\/\/www.noticiasradioreflejos.com.ar\/2021\/\",\"name\":\"Noticias Radio Reflejos\",\"description\":\"Las noticias de mi comarca\",\"potentialAction\":[{\"@type\":\"SearchAction\",\"target\":{\"@type\":\"EntryPoint\",\"urlTemplate\":\"https:\/\/www.noticiasradioreflejos.com.ar\/2021\/?s={search_term_string}\"},\"query-input\":{\"@type\":\"PropertyValueSpecification\",\"valueRequired\":true,\"valueName\":\"search_term_string\"}}],\"inLanguage\":\"es\"},{\"@type\":\"Person\",\"@id\":\"https:\/\/www.noticiasradioreflejos.com.ar\/2021\/#\/schema\/person\/ad82545263dcc5ec0996818884fd5fb1\",\"name\":\"Arnaldo Botto\",\"image\":{\"@type\":\"ImageObject\",\"inLanguage\":\"es\",\"@id\":\"https:\/\/www.noticiasradioreflejos.com.ar\/2021\/#\/schema\/person\/image\/\",\"url\":\"https:\/\/secure.gravatar.com\/avatar\/55cb5e37c1efa326397366e6974cb338056df65cb50e7d64d1cf314e87504837?s=96&d=mm&r=g\",\"contentUrl\":\"https:\/\/secure.gravatar.com\/avatar\/55cb5e37c1efa326397366e6974cb338056df65cb50e7d64d1cf314e87504837?s=96&d=mm&r=g\",\"caption\":\"Arnaldo Botto\"},\"url\":\"https:\/\/www.noticiasradioreflejos.com.ar\/2021\/author\/arnaldo\/\"}]}<\/script>\n<!-- \/ Yoast SEO plugin. -->","yoast_head_json":{"title":"Ins\u00f3lito: habilitan la caza de animales aut\u00f3ctonos en la provincia de Entre R\u00edos - Noticias Radio Reflejos","robots":{"index":"index","follow":"follow","max-snippet":"max-snippet:-1","max-image-preview":"max-image-preview:large","max-video-preview":"max-video-preview:-1"},"canonical":"https:\/\/www.noticiasradioreflejos.com.ar\/2021\/insolito-habilitan-la-caza-de-animales-autoctonos-en-la-provincia-de-entre-rios\/","og_locale":"es_ES","og_type":"article","og_title":"Ins\u00f3lito: habilitan la caza de animales aut\u00f3ctonos en la provincia de Entre R\u00edos - Noticias Radio Reflejos","og_description":"En una decisi\u00f3n a contramano de lo que ocurre en el resto del mundo, La Direcci\u00f3n de Recursos Naturales de Entre R\u00edos habilit\u00f3 la temporada que permite la caza de cinco especies de aves aut\u00f3ctonas.","og_url":"https:\/\/www.noticiasradioreflejos.com.ar\/2021\/insolito-habilitan-la-caza-de-animales-autoctonos-en-la-provincia-de-entre-rios\/","og_site_name":"Noticias Radio Reflejos","article_published_time":"2022-06-13T22:51:31+00:00","og_image":[{"url":"https:\/\/www.elmiercolesdigital.com.ar\/wp-content\/uploads\/2022\/05\/Pato2.jpg","type":"","width":"","height":""}],"author":"Arnaldo Botto","twitter_card":"summary_large_image","schema":{"@context":"https:\/\/schema.org","@graph":[{"@type":"WebPage","@id":"https:\/\/www.noticiasradioreflejos.com.ar\/2021\/insolito-habilitan-la-caza-de-animales-autoctonos-en-la-provincia-de-entre-rios\/","url":"https:\/\/www.noticiasradioreflejos.com.ar\/2021\/insolito-habilitan-la-caza-de-animales-autoctonos-en-la-provincia-de-entre-rios\/","name":"Ins\u00f3lito: habilitan la caza de animales aut\u00f3ctonos en la provincia de Entre R\u00edos - Noticias Radio Reflejos","isPartOf":{"@id":"https:\/\/www.noticiasradioreflejos.com.ar\/2021\/#website"},"primaryImageOfPage":{"@id":"https:\/\/www.noticiasradioreflejos.com.ar\/2021\/insolito-habilitan-la-caza-de-animales-autoctonos-en-la-provincia-de-entre-rios\/#primaryimage"},"image":{"@id":"https:\/\/www.noticiasradioreflejos.com.ar\/2021\/insolito-habilitan-la-caza-de-animales-autoctonos-en-la-provincia-de-entre-rios\/#primaryimage"},"thumbnailUrl":"https:\/\/www.elmiercolesdigital.com.ar\/wp-content\/uploads\/2022\/05\/Pato2.jpg","datePublished":"2022-06-13T22:51:31+00:00","author":{"@id":"https:\/\/www.noticiasradioreflejos.com.ar\/2021\/#\/schema\/person\/ad82545263dcc5ec0996818884fd5fb1"},"breadcrumb":{"@id":"https:\/\/www.noticiasradioreflejos.com.ar\/2021\/insolito-habilitan-la-caza-de-animales-autoctonos-en-la-provincia-de-entre-rios\/#breadcrumb"},"inLanguage":"es","potentialAction":[{"@type":"ReadAction","target":["https:\/\/www.noticiasradioreflejos.com.ar\/2021\/insolito-habilitan-la-caza-de-animales-autoctonos-en-la-provincia-de-entre-rios\/"]}]},{"@type":"ImageObject","inLanguage":"es","@id":"https:\/\/www.noticiasradioreflejos.com.ar\/2021\/insolito-habilitan-la-caza-de-animales-autoctonos-en-la-provincia-de-entre-rios\/#primaryimage","url":"https:\/\/www.elmiercolesdigital.com.ar\/wp-content\/uploads\/2022\/05\/Pato2.jpg","contentUrl":"https:\/\/www.elmiercolesdigital.com.ar\/wp-content\/uploads\/2022\/05\/Pato2.jpg"},{"@type":"BreadcrumbList","@id":"https:\/\/www.noticiasradioreflejos.com.ar\/2021\/insolito-habilitan-la-caza-de-animales-autoctonos-en-la-provincia-de-entre-rios\/#breadcrumb","itemListElement":[{"@type":"ListItem","position":1,"name":"Portada","item":"https:\/\/www.noticiasradioreflejos.com.ar\/2021\/"},{"@type":"ListItem","position":2,"name":"Ins\u00f3lito: habilitan la caza de animales aut\u00f3ctonos en la provincia de Entre R\u00edos"}]},{"@type":"WebSite","@id":"https:\/\/www.noticiasradioreflejos.com.ar\/2021\/#website","url":"https:\/\/www.noticiasradioreflejos.com.ar\/2021\/","name":"Noticias Radio Reflejos","description":"Las noticias de mi comarca","potentialAction":[{"@type":"SearchAction","target":{"@type":"EntryPoint","urlTemplate":"https:\/\/www.noticiasradioreflejos.com.ar\/2021\/?s={search_term_string}"},"query-input":{"@type":"PropertyValueSpecification","valueRequired":true,"valueName":"search_term_string"}}],"inLanguage":"es"},{"@type":"Person","@id":"https:\/\/www.noticiasradioreflejos.com.ar\/2021\/#\/schema\/person\/ad82545263dcc5ec0996818884fd5fb1","name":"Arnaldo Botto","image":{"@type":"ImageObject","inLanguage":"es","@id":"https:\/\/www.noticiasradioreflejos.com.ar\/2021\/#\/schema\/person\/image\/","url":"https:\/\/secure.gravatar.com\/avatar\/55cb5e37c1efa326397366e6974cb338056df65cb50e7d64d1cf314e87504837?s=96&d=mm&r=g","contentUrl":"https:\/\/secure.gravatar.com\/avatar\/55cb5e37c1efa326397366e6974cb338056df65cb50e7d64d1cf314e87504837?s=96&d=mm&r=g","caption":"Arnaldo Botto"},"url":"https:\/\/www.noticiasradioreflejos.com.ar\/2021\/author\/arnaldo\/"}]}},"_links":{"self":[{"href":"https:\/\/www.noticiasradioreflejos.com.ar\/2021\/wp-json\/wp\/v2\/posts\/73703","targetHints":{"allow":["GET"]}}],"collection":[{"href":"https:\/\/www.noticiasradioreflejos.com.ar\/2021\/wp-json\/wp\/v2\/posts"}],"about":[{"href":"https:\/\/www.noticiasradioreflejos.com.ar\/2021\/wp-json\/wp\/v2\/types\/post"}],"author":[{"embeddable":true,"href":"https:\/\/www.noticiasradioreflejos.com.ar\/2021\/wp-json\/wp\/v2\/users\/3"}],"replies":[{"embeddable":true,"href":"https:\/\/www.noticiasradioreflejos.com.ar\/2021\/wp-json\/wp\/v2\/comments?post=73703"}],"version-history":[{"count":1,"href":"https:\/\/www.noticiasradioreflejos.com.ar\/2021\/wp-json\/wp\/v2\/posts\/73703\/revisions"}],"predecessor-version":[{"id":73706,"href":"https:\/\/www.noticiasradioreflejos.com.ar\/2021\/wp-json\/wp\/v2\/posts\/73703\/revisions\/73706"}],"wp:attachment":[{"href":"https:\/\/www.noticiasradioreflejos.com.ar\/2021\/wp-json\/wp\/v2\/media?parent=73703"}],"wp:term":[{"taxonomy":"category","embeddable":true,"href":"https:\/\/www.noticiasradioreflejos.com.ar\/2021\/wp-json\/wp\/v2\/categories?post=73703"},{"taxonomy":"post_tag","embeddable":true,"href":"https:\/\/www.noticiasradioreflejos.com.ar\/2021\/wp-json\/wp\/v2\/tags?post=73703"}],"curies":[{"name":"wp","href":"https:\/\/api.w.org\/{rel}","templated":true}]}}