{"id":73700,"date":"2022-06-13T22:11:05","date_gmt":"2022-06-13T22:11:05","guid":{"rendered":"http:\/\/www.noticiasradioreflejos.com.ar\/2021\/?p=73700"},"modified":"2022-06-13T22:11:05","modified_gmt":"2022-06-13T22:11:05","slug":"salta-declararon-sitio-sagrado-al-volcan-donde-se-hallaron-tres-momias","status":"publish","type":"post","link":"https:\/\/www.noticiasradioreflejos.com.ar\/2021\/salta-declararon-sitio-sagrado-al-volcan-donde-se-hallaron-tres-momias\/","title":{"rendered":"Salta: declararon \u00absitio sagrado\u00bb al volc\u00e1n donde se hallaron tres momias"},"content":{"rendered":"<p>Se trata de <strong>Llullaillaco<\/strong>, el lugar donde e 1999 aparecieron los cuerpos congelados de un ni\u00f1o, una ni\u00f1a y una adolescente que habr\u00edan sido sacrificados en un ritual inca.<!--more--><\/p>\n<figure class=\"mb-3\"><img decoding=\"async\" src=\"https:\/\/www.telam.com.ar\/thumbs\/bluesteel\/advf\/imagenes\/2022\/06\/62a787ab86cd5_900.jpg\" alt=\"La adolescente encontrada en un volcn de Salta \" width=\"100%\" height=\"100%\" \/><\/p>\n<div class=\"media-icons\"><\/div><figcaption>La adolescente encontrada en un volc\u00e1n de Salta.<\/figcaption><\/figure>\n<p>El Instituto Nacional de Asuntos Ind\u00edgenas (INAI)\u00a0<strong>declar\u00f3 \u00abSitio sagrado\u00bb al Volc\u00e1n Llullaillaco<\/strong>, en la Cordillera de los Andes en Salta, donde\u00a0<strong>en 1999 fueron hallados los cuerpos congelados de un ni\u00f1o, una ni\u00f1a y una adolescente de m\u00e1s de 500 a\u00f1os que se presume fueron sacrificados<\/strong>\u00a0por los incas y cuya restituci\u00f3n piden las comunidades originarias.<\/p>\n<p>La resoluci\u00f3n del INAI, a la que accedi\u00f3 T\u00e9lam, se fundamenta en que \u00ab<strong>numerosas comunidades y organizaciones ind\u00edgenas han solicitado la declaraci\u00f3n de Sitio Sagrado a los enterratorios ubicados en el Volc\u00e1n Llullaillaco<\/strong>\u00a0y la restituci\u00f3n de \u00abLa ni\u00f1a del Rayo\u00bb, \u00abLa doncella\u00bb y \u00abEl ni\u00f1o\u00bb, exhumados del centro ceremonial con restos humanos m\u00e1s alto del mundo, a 6.730 metros de altura, en la cumbre del Volc\u00e1n\u00bb.<\/p>\n<p>Destaca que el centro ceremonial Llullaillaco es \u00abuno de los m\u00e1s importantes del continente, cuenta con un cementerio comunitario a 4.900 metros de altura, con un camino que incluye edificios que van desde la base hasta la cima, constituy\u00e9ndose en un centro de ofrendas \u00fanico en el pa\u00eds\u00bb.<\/p>\n<p>&nbsp;<\/p>\n<p><a title=\"momia03-e1460224502796\" href=\"https:\/\/www.flickr.com\/photos\/182279889@N02\/52144479368\/in\/dateposted-public\/\" data-flickr-embed=\"true\"><img loading=\"lazy\" decoding=\"async\" class=\"aligncenter\" src=\"https:\/\/live.staticflickr.com\/65535\/52144479368_a76cb2d224.jpg\" alt=\"momia03-e1460224502796\" width=\"639\" height=\"532\" \/><\/a><br \/>\nEn\u00a0<strong>1999, fueron hallados a 6.730 metros de altura<\/strong>, los cuerpos de a quienes luego se llam\u00f3\u00a0<strong>\u00abLos Ni\u00f1os del Llullaillaco\u00bb<\/strong>, en perfecto estado de conservaci\u00f3n a pesar que datan de m\u00e1s de 500 a\u00f1os.<\/p>\n<p>Se trata de un ni\u00f1o de 7 a\u00f1os, a cuya momia se conoce como \u00abEl Ni\u00f1o\u00bb; una ni\u00f1a de 6 llamada \u00abLa Ni\u00f1a del Rayo\u00bb y el cuerpo de una adolescente de 15 a\u00f1os a quien se design\u00f3 con el nombre de \u00abLa Doncella\u00bb. Junto a ellos se encontraron casi medio centenar de objetos en miniaturas de oro, plata, plumas, textiles y cer\u00e1micas.<\/p>\n<p>El\u00a0<strong>antrop\u00f3logo del INAI, Fernando Pepe<\/strong>, explic\u00f3 que\u00a0<strong>\u00abdesde la Comunidad Aborigen Tolar Grande se solicit\u00f3 la declaraci\u00f3n de sitio sagrado y la restituci\u00f3n de las chulpas sagradas al Llullaillaco.<\/strong>\u00a0Nosotros acompa\u00f1amos estos pedidos en el marco de la Ley Nacional de restituciones\u00bb.<\/p>\n<p>El ni\u00f1o, la ni\u00f1a y la doncella, que habr\u00edan sido sacrificados bajo ritual inca, hasta el d\u00eda de hoy est\u00e1n exhibidas en el famoso MAM, el Museo de Alta Monta\u00f1a de Salta.<\/p>\n<p><strong>\u00abSu exhibici\u00f3n es una de las heridas abiertas que dej\u00f3 el genocidio ind\u00edgena\u00bb<\/strong>, lament\u00f3 Pepe.<\/p>\n<p>El especialista en restituciones consider\u00f3 que \u00abhay tambi\u00e9n una marca del patriarcado al llamarlos \u00b4Los ni\u00f1os del Llullaillaco\u00b4, cuando en realidad son una mujer adolescente, una ni\u00f1a y un ni\u00f1o. Se concentran nuevamente en un solo caso complejas relaciones de violencias simb\u00f3licas y materiales\u00bb.<\/p>\n<p>\u00abPodemos enumerar la violaci\u00f3n de los espacios sagrados, la profanaci\u00f3n de las tumbas, la exhibici\u00f3n morbosa de los cuerpos de miembros de un pueblo que sufri\u00f3 el genocidio colonial y sus ancestros son ahora patrimonio del Estado y la negaci\u00f3n de los derechos que amparan a las comunidades, si sumamos la invisibilizaci\u00f3n de g\u00e9nero, lo que no es un dato menor, la cuesti\u00f3n a resolver se hace inaplazable\u00bb. remarc\u00f3.<\/p>\n<p>\u00abEl Ni\u00f1o\u00bb, de cabellos oscuros, fue hallado con sus rodillas encogidas y su cabeza reposando sobre ellas por lo que sus rasgos no se perciben. Est\u00e1 cubierto con una tela en tonos rojos y su cuerpo rodeado de un delgado hilo blanco.<\/p>\n<p>\u00abLa Ni\u00f1a del Rayo\u00bb, de 7 a\u00f1os y tambi\u00e9n cabellos oscuros, tiene su rostro en alto y est\u00e1 arrodillada, cubierta con una manta marr\u00f3n, mientras que \u00abLa Doncella\u00bb est\u00e1 sentada con las piernas cruzadas. Viste un vestido marr\u00f3n claro con guardas rojizas y un cinto grueso.<\/p>\n<p><a title=\"momia05\" href=\"https:\/\/www.flickr.com\/photos\/182279889@N02\/52144456751\/in\/dateposted-public\/\" data-flickr-embed=\"true\"><img loading=\"lazy\" decoding=\"async\" class=\"aligncenter\" src=\"https:\/\/live.staticflickr.com\/65535\/52144456751_cc1a9bb277_o.jpg\" alt=\"momia05\" width=\"644\" height=\"535\" \/><\/a><script async src=\"\/\/embedr.flickr.com\/assets\/client-code.js\" charset=\"utf-8\"><\/script><\/p>\n","protected":false},"excerpt":{"rendered":"<p>Se trata de Llullaillaco, el lugar donde e 1999 aparecieron los cuerpos congelados de un ni\u00f1o, una ni\u00f1a y una adolescente que habr\u00edan sido sacrificados en un ritual inca.<\/p>\n","protected":false},"author":3,"featured_media":0,"comment_status":"closed","ping_status":"closed","sticky":false,"template":"","format":"standard","meta":{"footnotes":""},"categories":[46,35,26],"tags":[],"class_list":["post-73700","post","type-post","status-publish","format-standard","hentry","category-ciencia-y-tecnologia","category-cultura","category-sociedad"],"yoast_head":"<!-- This site is optimized with the Yoast SEO plugin v25.9 - https:\/\/yoast.com\/wordpress\/plugins\/seo\/ -->\n<title>Salta: declararon &quot;sitio sagrado&quot; al volc\u00e1n donde se hallaron tres momias - Noticias Radio Reflejos<\/title>\n<meta name=\"robots\" content=\"index, follow, max-snippet:-1, max-image-preview:large, max-video-preview:-1\" \/>\n<link rel=\"canonical\" href=\"https:\/\/www.noticiasradioreflejos.com.ar\/2021\/salta-declararon-sitio-sagrado-al-volcan-donde-se-hallaron-tres-momias\/\" \/>\n<meta property=\"og:locale\" content=\"es_ES\" \/>\n<meta property=\"og:type\" content=\"article\" \/>\n<meta property=\"og:title\" content=\"Salta: declararon &quot;sitio sagrado&quot; al volc\u00e1n donde se hallaron tres momias - Noticias Radio Reflejos\" \/>\n<meta property=\"og:description\" content=\"Se trata de Llullaillaco, el lugar donde e 1999 aparecieron los cuerpos congelados de un ni\u00f1o, una ni\u00f1a y una adolescente que habr\u00edan sido sacrificados en un ritual inca.\" \/>\n<meta property=\"og:url\" content=\"https:\/\/www.noticiasradioreflejos.com.ar\/2021\/salta-declararon-sitio-sagrado-al-volcan-donde-se-hallaron-tres-momias\/\" \/>\n<meta property=\"og:site_name\" content=\"Noticias Radio Reflejos\" \/>\n<meta property=\"article:published_time\" content=\"2022-06-13T22:11:05+00:00\" \/>\n<meta property=\"og:image\" content=\"https:\/\/www.telam.com.ar\/thumbs\/bluesteel\/advf\/imagenes\/2022\/06\/62a787ab86cd5_900.jpg\" \/>\n<meta name=\"author\" content=\"Arnaldo Botto\" \/>\n<meta name=\"twitter:card\" content=\"summary_large_image\" \/>\n<script type=\"application\/ld+json\" class=\"yoast-schema-graph\">{\"@context\":\"https:\/\/schema.org\",\"@graph\":[{\"@type\":\"WebPage\",\"@id\":\"https:\/\/www.noticiasradioreflejos.com.ar\/2021\/salta-declararon-sitio-sagrado-al-volcan-donde-se-hallaron-tres-momias\/\",\"url\":\"https:\/\/www.noticiasradioreflejos.com.ar\/2021\/salta-declararon-sitio-sagrado-al-volcan-donde-se-hallaron-tres-momias\/\",\"name\":\"Salta: declararon \\\"sitio sagrado\\\" al volc\u00e1n donde se hallaron tres momias - Noticias Radio Reflejos\",\"isPartOf\":{\"@id\":\"https:\/\/www.noticiasradioreflejos.com.ar\/2021\/#website\"},\"primaryImageOfPage\":{\"@id\":\"https:\/\/www.noticiasradioreflejos.com.ar\/2021\/salta-declararon-sitio-sagrado-al-volcan-donde-se-hallaron-tres-momias\/#primaryimage\"},\"image\":{\"@id\":\"https:\/\/www.noticiasradioreflejos.com.ar\/2021\/salta-declararon-sitio-sagrado-al-volcan-donde-se-hallaron-tres-momias\/#primaryimage\"},\"thumbnailUrl\":\"https:\/\/www.telam.com.ar\/thumbs\/bluesteel\/advf\/imagenes\/2022\/06\/62a787ab86cd5_900.jpg\",\"datePublished\":\"2022-06-13T22:11:05+00:00\",\"author\":{\"@id\":\"https:\/\/www.noticiasradioreflejos.com.ar\/2021\/#\/schema\/person\/ad82545263dcc5ec0996818884fd5fb1\"},\"breadcrumb\":{\"@id\":\"https:\/\/www.noticiasradioreflejos.com.ar\/2021\/salta-declararon-sitio-sagrado-al-volcan-donde-se-hallaron-tres-momias\/#breadcrumb\"},\"inLanguage\":\"es\",\"potentialAction\":[{\"@type\":\"ReadAction\",\"target\":[\"https:\/\/www.noticiasradioreflejos.com.ar\/2021\/salta-declararon-sitio-sagrado-al-volcan-donde-se-hallaron-tres-momias\/\"]}]},{\"@type\":\"ImageObject\",\"inLanguage\":\"es\",\"@id\":\"https:\/\/www.noticiasradioreflejos.com.ar\/2021\/salta-declararon-sitio-sagrado-al-volcan-donde-se-hallaron-tres-momias\/#primaryimage\",\"url\":\"https:\/\/www.telam.com.ar\/thumbs\/bluesteel\/advf\/imagenes\/2022\/06\/62a787ab86cd5_900.jpg\",\"contentUrl\":\"https:\/\/www.telam.com.ar\/thumbs\/bluesteel\/advf\/imagenes\/2022\/06\/62a787ab86cd5_900.jpg\"},{\"@type\":\"BreadcrumbList\",\"@id\":\"https:\/\/www.noticiasradioreflejos.com.ar\/2021\/salta-declararon-sitio-sagrado-al-volcan-donde-se-hallaron-tres-momias\/#breadcrumb\",\"itemListElement\":[{\"@type\":\"ListItem\",\"position\":1,\"name\":\"Portada\",\"item\":\"https:\/\/www.noticiasradioreflejos.com.ar\/2021\/\"},{\"@type\":\"ListItem\",\"position\":2,\"name\":\"Salta: declararon \u00absitio sagrado\u00bb al volc\u00e1n donde se hallaron tres momias\"}]},{\"@type\":\"WebSite\",\"@id\":\"https:\/\/www.noticiasradioreflejos.com.ar\/2021\/#website\",\"url\":\"https:\/\/www.noticiasradioreflejos.com.ar\/2021\/\",\"name\":\"Noticias Radio Reflejos\",\"description\":\"Las noticias de mi comarca\",\"potentialAction\":[{\"@type\":\"SearchAction\",\"target\":{\"@type\":\"EntryPoint\",\"urlTemplate\":\"https:\/\/www.noticiasradioreflejos.com.ar\/2021\/?s={search_term_string}\"},\"query-input\":{\"@type\":\"PropertyValueSpecification\",\"valueRequired\":true,\"valueName\":\"search_term_string\"}}],\"inLanguage\":\"es\"},{\"@type\":\"Person\",\"@id\":\"https:\/\/www.noticiasradioreflejos.com.ar\/2021\/#\/schema\/person\/ad82545263dcc5ec0996818884fd5fb1\",\"name\":\"Arnaldo Botto\",\"image\":{\"@type\":\"ImageObject\",\"inLanguage\":\"es\",\"@id\":\"https:\/\/www.noticiasradioreflejos.com.ar\/2021\/#\/schema\/person\/image\/\",\"url\":\"https:\/\/secure.gravatar.com\/avatar\/55cb5e37c1efa326397366e6974cb338056df65cb50e7d64d1cf314e87504837?s=96&d=mm&r=g\",\"contentUrl\":\"https:\/\/secure.gravatar.com\/avatar\/55cb5e37c1efa326397366e6974cb338056df65cb50e7d64d1cf314e87504837?s=96&d=mm&r=g\",\"caption\":\"Arnaldo Botto\"},\"url\":\"https:\/\/www.noticiasradioreflejos.com.ar\/2021\/author\/arnaldo\/\"}]}<\/script>\n<!-- \/ Yoast SEO plugin. -->","yoast_head_json":{"title":"Salta: declararon \"sitio sagrado\" al volc\u00e1n donde se hallaron tres momias - Noticias Radio Reflejos","robots":{"index":"index","follow":"follow","max-snippet":"max-snippet:-1","max-image-preview":"max-image-preview:large","max-video-preview":"max-video-preview:-1"},"canonical":"https:\/\/www.noticiasradioreflejos.com.ar\/2021\/salta-declararon-sitio-sagrado-al-volcan-donde-se-hallaron-tres-momias\/","og_locale":"es_ES","og_type":"article","og_title":"Salta: declararon \"sitio sagrado\" al volc\u00e1n donde se hallaron tres momias - Noticias Radio Reflejos","og_description":"Se trata de Llullaillaco, el lugar donde e 1999 aparecieron los cuerpos congelados de un ni\u00f1o, una ni\u00f1a y una adolescente que habr\u00edan sido sacrificados en un ritual inca.","og_url":"https:\/\/www.noticiasradioreflejos.com.ar\/2021\/salta-declararon-sitio-sagrado-al-volcan-donde-se-hallaron-tres-momias\/","og_site_name":"Noticias Radio Reflejos","article_published_time":"2022-06-13T22:11:05+00:00","og_image":[{"url":"https:\/\/www.telam.com.ar\/thumbs\/bluesteel\/advf\/imagenes\/2022\/06\/62a787ab86cd5_900.jpg","type":"","width":"","height":""}],"author":"Arnaldo Botto","twitter_card":"summary_large_image","schema":{"@context":"https:\/\/schema.org","@graph":[{"@type":"WebPage","@id":"https:\/\/www.noticiasradioreflejos.com.ar\/2021\/salta-declararon-sitio-sagrado-al-volcan-donde-se-hallaron-tres-momias\/","url":"https:\/\/www.noticiasradioreflejos.com.ar\/2021\/salta-declararon-sitio-sagrado-al-volcan-donde-se-hallaron-tres-momias\/","name":"Salta: declararon \"sitio sagrado\" al volc\u00e1n donde se hallaron tres momias - Noticias Radio Reflejos","isPartOf":{"@id":"https:\/\/www.noticiasradioreflejos.com.ar\/2021\/#website"},"primaryImageOfPage":{"@id":"https:\/\/www.noticiasradioreflejos.com.ar\/2021\/salta-declararon-sitio-sagrado-al-volcan-donde-se-hallaron-tres-momias\/#primaryimage"},"image":{"@id":"https:\/\/www.noticiasradioreflejos.com.ar\/2021\/salta-declararon-sitio-sagrado-al-volcan-donde-se-hallaron-tres-momias\/#primaryimage"},"thumbnailUrl":"https:\/\/www.telam.com.ar\/thumbs\/bluesteel\/advf\/imagenes\/2022\/06\/62a787ab86cd5_900.jpg","datePublished":"2022-06-13T22:11:05+00:00","author":{"@id":"https:\/\/www.noticiasradioreflejos.com.ar\/2021\/#\/schema\/person\/ad82545263dcc5ec0996818884fd5fb1"},"breadcrumb":{"@id":"https:\/\/www.noticiasradioreflejos.com.ar\/2021\/salta-declararon-sitio-sagrado-al-volcan-donde-se-hallaron-tres-momias\/#breadcrumb"},"inLanguage":"es","potentialAction":[{"@type":"ReadAction","target":["https:\/\/www.noticiasradioreflejos.com.ar\/2021\/salta-declararon-sitio-sagrado-al-volcan-donde-se-hallaron-tres-momias\/"]}]},{"@type":"ImageObject","inLanguage":"es","@id":"https:\/\/www.noticiasradioreflejos.com.ar\/2021\/salta-declararon-sitio-sagrado-al-volcan-donde-se-hallaron-tres-momias\/#primaryimage","url":"https:\/\/www.telam.com.ar\/thumbs\/bluesteel\/advf\/imagenes\/2022\/06\/62a787ab86cd5_900.jpg","contentUrl":"https:\/\/www.telam.com.ar\/thumbs\/bluesteel\/advf\/imagenes\/2022\/06\/62a787ab86cd5_900.jpg"},{"@type":"BreadcrumbList","@id":"https:\/\/www.noticiasradioreflejos.com.ar\/2021\/salta-declararon-sitio-sagrado-al-volcan-donde-se-hallaron-tres-momias\/#breadcrumb","itemListElement":[{"@type":"ListItem","position":1,"name":"Portada","item":"https:\/\/www.noticiasradioreflejos.com.ar\/2021\/"},{"@type":"ListItem","position":2,"name":"Salta: declararon \u00absitio sagrado\u00bb al volc\u00e1n donde se hallaron tres momias"}]},{"@type":"WebSite","@id":"https:\/\/www.noticiasradioreflejos.com.ar\/2021\/#website","url":"https:\/\/www.noticiasradioreflejos.com.ar\/2021\/","name":"Noticias Radio Reflejos","description":"Las noticias de mi comarca","potentialAction":[{"@type":"SearchAction","target":{"@type":"EntryPoint","urlTemplate":"https:\/\/www.noticiasradioreflejos.com.ar\/2021\/?s={search_term_string}"},"query-input":{"@type":"PropertyValueSpecification","valueRequired":true,"valueName":"search_term_string"}}],"inLanguage":"es"},{"@type":"Person","@id":"https:\/\/www.noticiasradioreflejos.com.ar\/2021\/#\/schema\/person\/ad82545263dcc5ec0996818884fd5fb1","name":"Arnaldo Botto","image":{"@type":"ImageObject","inLanguage":"es","@id":"https:\/\/www.noticiasradioreflejos.com.ar\/2021\/#\/schema\/person\/image\/","url":"https:\/\/secure.gravatar.com\/avatar\/55cb5e37c1efa326397366e6974cb338056df65cb50e7d64d1cf314e87504837?s=96&d=mm&r=g","contentUrl":"https:\/\/secure.gravatar.com\/avatar\/55cb5e37c1efa326397366e6974cb338056df65cb50e7d64d1cf314e87504837?s=96&d=mm&r=g","caption":"Arnaldo Botto"},"url":"https:\/\/www.noticiasradioreflejos.com.ar\/2021\/author\/arnaldo\/"}]}},"_links":{"self":[{"href":"https:\/\/www.noticiasradioreflejos.com.ar\/2021\/wp-json\/wp\/v2\/posts\/73700","targetHints":{"allow":["GET"]}}],"collection":[{"href":"https:\/\/www.noticiasradioreflejos.com.ar\/2021\/wp-json\/wp\/v2\/posts"}],"about":[{"href":"https:\/\/www.noticiasradioreflejos.com.ar\/2021\/wp-json\/wp\/v2\/types\/post"}],"author":[{"embeddable":true,"href":"https:\/\/www.noticiasradioreflejos.com.ar\/2021\/wp-json\/wp\/v2\/users\/3"}],"replies":[{"embeddable":true,"href":"https:\/\/www.noticiasradioreflejos.com.ar\/2021\/wp-json\/wp\/v2\/comments?post=73700"}],"version-history":[{"count":1,"href":"https:\/\/www.noticiasradioreflejos.com.ar\/2021\/wp-json\/wp\/v2\/posts\/73700\/revisions"}],"predecessor-version":[{"id":73702,"href":"https:\/\/www.noticiasradioreflejos.com.ar\/2021\/wp-json\/wp\/v2\/posts\/73700\/revisions\/73702"}],"wp:attachment":[{"href":"https:\/\/www.noticiasradioreflejos.com.ar\/2021\/wp-json\/wp\/v2\/media?parent=73700"}],"wp:term":[{"taxonomy":"category","embeddable":true,"href":"https:\/\/www.noticiasradioreflejos.com.ar\/2021\/wp-json\/wp\/v2\/categories?post=73700"},{"taxonomy":"post_tag","embeddable":true,"href":"https:\/\/www.noticiasradioreflejos.com.ar\/2021\/wp-json\/wp\/v2\/tags?post=73700"}],"curies":[{"name":"wp","href":"https:\/\/api.w.org\/{rel}","templated":true}]}}