{"id":73668,"date":"2022-06-13T12:53:47","date_gmt":"2022-06-13T12:53:47","guid":{"rendered":"http:\/\/www.noticiasradioreflejos.com.ar\/2021\/?p=73668"},"modified":"2022-06-13T12:53:47","modified_gmt":"2022-06-13T12:53:47","slug":"el-futbolista-diego-garcia-sera-sometido-a-juicio-oral-acusado-de-abuso-sexual","status":"publish","type":"post","link":"https:\/\/www.noticiasradioreflejos.com.ar\/2021\/el-futbolista-diego-garcia-sera-sometido-a-juicio-oral-acusado-de-abuso-sexual\/","title":{"rendered":"El futbolista Diego Garc\u00eda ser\u00e1 sometido a juicio oral acusado de abuso sexual"},"content":{"rendered":"<p>Actualmente a pr\u00e9stamo en Patronato de Paran\u00e1, el futbolista uruguayo de Estudiantes enfrentar\u00e1 un juicio oral acusado de abusar sexualmente de una joven en La Plata en febrero de 2021.<!--more--><\/p>\n<figure class=\"mb-3\"><img decoding=\"async\" src=\"https:\/\/www.telam.com.ar\/thumbs\/bluesteel\/advf\/imagenes\/2022\/06\/62a662041ab36_900.jpg\" alt=\"Estudiantes de La Plata ya inform que a fines de 2023 dejar libre a Garca El club separ al futbolista del plantel aplicando el protocolo de gnero de la entidad Foto Prensa Estudiantes\" width=\"100%\" height=\"100%\" \/><\/p>\n<div class=\"media-icons\"><\/div><figcaption><span style=\"color: #ff0000;\"><em>Estudiantes de La Plata ya inform\u00f3 que a fines de 2023 dejar\u00e1 libre a Garc\u00eda. El club separ\u00f3 al futbolista del plantel, aplicando el protocolo de g\u00e9nero de la entidad. (Foto: Prensa Estudiantes).<\/p>\n<p><\/em><\/span><\/figcaption><\/figure>\n<p>El futbolista uruguayo Diego Garc\u00eda, actualmente jugador de Patronato de Paran\u00e1, ser\u00e1 sometido a juicio oral tras la decisi\u00f3n de la Justicia de garant\u00edas de La Plata que aval\u00f3 la investigaci\u00f3n en la que se acus\u00f3 del abuso sexualmente de una joven ocurrido en febrero de 2021, informaron este domingo fuentes judiciales.<\/p>\n<p>El juez de Garant\u00edas Pablo Raele rechaz\u00f3 los planteos de la defensa sobre pedidos de nulidades y sobreseimiento de acusado, y elev\u00f3 el expediente para que sea debatido en juicio oral por el delito de \u00ababuso sexual con acceso carnal\u00bb hacia una joven.<\/p>\n<p>En su resoluci\u00f3n, el juez Raele contest\u00f3 cada uno de los planteos de nulidades de la defensa a cargo del abogado Diego Hern\u00e1n Bandin, al tiempo que descart\u00f3 el sobreseimiento intentado por esa parte y<strong>\u00a0record\u00f3 que el caso debe ser analizado \u00abcon perspectiva de g\u00e9nero\u00bb.<\/strong><\/p>\n<p>El jugador, que habitualmente es titular en Patronato de Paran\u00e1, donde est\u00e1 pr\u00e9stamo hasta diciembre de este a\u00f1o, tiene un contrato vigente con Estudiantes hasta junio del 2023, fecha en la que la instituci\u00f3n platense adelant\u00f3 que no le renovar\u00e1 el v\u00ednculo.<\/p>\n<p><strong>Garc\u00eda podr\u00eda ser condenado a una pena de cumplimiento efectivo de entre 6 y 15 a\u00f1os<\/strong>, y si bien atraves\u00f3 el proceso en libertad, tiene prohibido salir del pa\u00eds.<\/p>\n<p>El hecho que provoc\u00f3 la denuncia contra Garc\u00eda se produjo en una casa quinta del barrio El Rodeo, en la localidad de Abasto, partido de La Plata,\u00a0<strong>el 24 de febrero del 2021<\/strong>, donde participaron otros futbolistas y chicas pero ninguno fue alcanzado por la denuncia, y s\u00f3lo debieron presentarse ante la justicia como testigos.<\/p>\n<p>En su momento\u00a0<strong>Estudiantes activ\u00f3 inmediatamente sus protocolos de g\u00e9nero, separ\u00f3 al jugador del plantel\u00a0<\/strong>hasta que un pedido de su abogado esgrimiendo que \u00abno se le pod\u00eda impedir el derecho al trabajo\u00bb lo devolvi\u00f3 a los entrenamientos pero nunca m\u00e1s volvi\u00f3 a jugar. Primero se lo cedi\u00f3 a pr\u00e9stamo a Talleres y luego a Patronato, donde tuvo bastante reticencia a su llegada.<\/p>\n","protected":false},"excerpt":{"rendered":"<p>Actualmente a pr\u00e9stamo en Patronato de Paran\u00e1, el futbolista uruguayo de Estudiantes enfrentar\u00e1 un juicio oral acusado de abusar sexualmente de una joven en La Plata en febrero de 2021.<\/p>\n","protected":false},"author":3,"featured_media":0,"comment_status":"closed","ping_status":"closed","sticky":false,"template":"","format":"standard","meta":{"footnotes":""},"categories":[57,29],"tags":[],"class_list":["post-73668","post","type-post","status-publish","format-standard","hentry","category-judiciales","category-policiales"],"yoast_head":"<!-- This site is optimized with the Yoast SEO plugin v25.9 - https:\/\/yoast.com\/wordpress\/plugins\/seo\/ -->\n<title>El futbolista Diego Garc\u00eda ser\u00e1 sometido a juicio oral acusado de abuso sexual - Noticias Radio Reflejos<\/title>\n<meta name=\"robots\" content=\"index, follow, max-snippet:-1, max-image-preview:large, max-video-preview:-1\" \/>\n<link rel=\"canonical\" href=\"https:\/\/www.noticiasradioreflejos.com.ar\/2021\/el-futbolista-diego-garcia-sera-sometido-a-juicio-oral-acusado-de-abuso-sexual\/\" \/>\n<meta property=\"og:locale\" content=\"es_ES\" \/>\n<meta property=\"og:type\" content=\"article\" \/>\n<meta property=\"og:title\" content=\"El futbolista Diego Garc\u00eda ser\u00e1 sometido a juicio oral acusado de abuso sexual - Noticias Radio Reflejos\" \/>\n<meta property=\"og:description\" content=\"Actualmente a pr\u00e9stamo en Patronato de Paran\u00e1, el futbolista uruguayo de Estudiantes enfrentar\u00e1 un juicio oral acusado de abusar sexualmente de una joven en La Plata en febrero de 2021.\" \/>\n<meta property=\"og:url\" content=\"https:\/\/www.noticiasradioreflejos.com.ar\/2021\/el-futbolista-diego-garcia-sera-sometido-a-juicio-oral-acusado-de-abuso-sexual\/\" \/>\n<meta property=\"og:site_name\" content=\"Noticias Radio Reflejos\" \/>\n<meta property=\"article:published_time\" content=\"2022-06-13T12:53:47+00:00\" \/>\n<meta property=\"og:image\" content=\"https:\/\/www.telam.com.ar\/thumbs\/bluesteel\/advf\/imagenes\/2022\/06\/62a662041ab36_900.jpg\" \/>\n<meta name=\"author\" content=\"Arnaldo Botto\" \/>\n<meta name=\"twitter:card\" content=\"summary_large_image\" \/>\n<script type=\"application\/ld+json\" class=\"yoast-schema-graph\">{\"@context\":\"https:\/\/schema.org\",\"@graph\":[{\"@type\":\"WebPage\",\"@id\":\"https:\/\/www.noticiasradioreflejos.com.ar\/2021\/el-futbolista-diego-garcia-sera-sometido-a-juicio-oral-acusado-de-abuso-sexual\/\",\"url\":\"https:\/\/www.noticiasradioreflejos.com.ar\/2021\/el-futbolista-diego-garcia-sera-sometido-a-juicio-oral-acusado-de-abuso-sexual\/\",\"name\":\"El futbolista Diego Garc\u00eda ser\u00e1 sometido a juicio oral acusado de abuso sexual - Noticias Radio Reflejos\",\"isPartOf\":{\"@id\":\"https:\/\/www.noticiasradioreflejos.com.ar\/2021\/#website\"},\"primaryImageOfPage\":{\"@id\":\"https:\/\/www.noticiasradioreflejos.com.ar\/2021\/el-futbolista-diego-garcia-sera-sometido-a-juicio-oral-acusado-de-abuso-sexual\/#primaryimage\"},\"image\":{\"@id\":\"https:\/\/www.noticiasradioreflejos.com.ar\/2021\/el-futbolista-diego-garcia-sera-sometido-a-juicio-oral-acusado-de-abuso-sexual\/#primaryimage\"},\"thumbnailUrl\":\"https:\/\/www.telam.com.ar\/thumbs\/bluesteel\/advf\/imagenes\/2022\/06\/62a662041ab36_900.jpg\",\"datePublished\":\"2022-06-13T12:53:47+00:00\",\"author\":{\"@id\":\"https:\/\/www.noticiasradioreflejos.com.ar\/2021\/#\/schema\/person\/ad82545263dcc5ec0996818884fd5fb1\"},\"breadcrumb\":{\"@id\":\"https:\/\/www.noticiasradioreflejos.com.ar\/2021\/el-futbolista-diego-garcia-sera-sometido-a-juicio-oral-acusado-de-abuso-sexual\/#breadcrumb\"},\"inLanguage\":\"es\",\"potentialAction\":[{\"@type\":\"ReadAction\",\"target\":[\"https:\/\/www.noticiasradioreflejos.com.ar\/2021\/el-futbolista-diego-garcia-sera-sometido-a-juicio-oral-acusado-de-abuso-sexual\/\"]}]},{\"@type\":\"ImageObject\",\"inLanguage\":\"es\",\"@id\":\"https:\/\/www.noticiasradioreflejos.com.ar\/2021\/el-futbolista-diego-garcia-sera-sometido-a-juicio-oral-acusado-de-abuso-sexual\/#primaryimage\",\"url\":\"https:\/\/www.telam.com.ar\/thumbs\/bluesteel\/advf\/imagenes\/2022\/06\/62a662041ab36_900.jpg\",\"contentUrl\":\"https:\/\/www.telam.com.ar\/thumbs\/bluesteel\/advf\/imagenes\/2022\/06\/62a662041ab36_900.jpg\"},{\"@type\":\"BreadcrumbList\",\"@id\":\"https:\/\/www.noticiasradioreflejos.com.ar\/2021\/el-futbolista-diego-garcia-sera-sometido-a-juicio-oral-acusado-de-abuso-sexual\/#breadcrumb\",\"itemListElement\":[{\"@type\":\"ListItem\",\"position\":1,\"name\":\"Portada\",\"item\":\"https:\/\/www.noticiasradioreflejos.com.ar\/2021\/\"},{\"@type\":\"ListItem\",\"position\":2,\"name\":\"El futbolista Diego Garc\u00eda ser\u00e1 sometido a juicio oral acusado de abuso sexual\"}]},{\"@type\":\"WebSite\",\"@id\":\"https:\/\/www.noticiasradioreflejos.com.ar\/2021\/#website\",\"url\":\"https:\/\/www.noticiasradioreflejos.com.ar\/2021\/\",\"name\":\"Noticias Radio Reflejos\",\"description\":\"Las noticias de mi comarca\",\"potentialAction\":[{\"@type\":\"SearchAction\",\"target\":{\"@type\":\"EntryPoint\",\"urlTemplate\":\"https:\/\/www.noticiasradioreflejos.com.ar\/2021\/?s={search_term_string}\"},\"query-input\":{\"@type\":\"PropertyValueSpecification\",\"valueRequired\":true,\"valueName\":\"search_term_string\"}}],\"inLanguage\":\"es\"},{\"@type\":\"Person\",\"@id\":\"https:\/\/www.noticiasradioreflejos.com.ar\/2021\/#\/schema\/person\/ad82545263dcc5ec0996818884fd5fb1\",\"name\":\"Arnaldo Botto\",\"image\":{\"@type\":\"ImageObject\",\"inLanguage\":\"es\",\"@id\":\"https:\/\/www.noticiasradioreflejos.com.ar\/2021\/#\/schema\/person\/image\/\",\"url\":\"https:\/\/secure.gravatar.com\/avatar\/55cb5e37c1efa326397366e6974cb338056df65cb50e7d64d1cf314e87504837?s=96&d=mm&r=g\",\"contentUrl\":\"https:\/\/secure.gravatar.com\/avatar\/55cb5e37c1efa326397366e6974cb338056df65cb50e7d64d1cf314e87504837?s=96&d=mm&r=g\",\"caption\":\"Arnaldo Botto\"},\"url\":\"https:\/\/www.noticiasradioreflejos.com.ar\/2021\/author\/arnaldo\/\"}]}<\/script>\n<!-- \/ Yoast SEO plugin. -->","yoast_head_json":{"title":"El futbolista Diego Garc\u00eda ser\u00e1 sometido a juicio oral acusado de abuso sexual - Noticias Radio Reflejos","robots":{"index":"index","follow":"follow","max-snippet":"max-snippet:-1","max-image-preview":"max-image-preview:large","max-video-preview":"max-video-preview:-1"},"canonical":"https:\/\/www.noticiasradioreflejos.com.ar\/2021\/el-futbolista-diego-garcia-sera-sometido-a-juicio-oral-acusado-de-abuso-sexual\/","og_locale":"es_ES","og_type":"article","og_title":"El futbolista Diego Garc\u00eda ser\u00e1 sometido a juicio oral acusado de abuso sexual - Noticias Radio Reflejos","og_description":"Actualmente a pr\u00e9stamo en Patronato de Paran\u00e1, el futbolista uruguayo de Estudiantes enfrentar\u00e1 un juicio oral acusado de abusar sexualmente de una joven en La Plata en febrero de 2021.","og_url":"https:\/\/www.noticiasradioreflejos.com.ar\/2021\/el-futbolista-diego-garcia-sera-sometido-a-juicio-oral-acusado-de-abuso-sexual\/","og_site_name":"Noticias Radio Reflejos","article_published_time":"2022-06-13T12:53:47+00:00","og_image":[{"url":"https:\/\/www.telam.com.ar\/thumbs\/bluesteel\/advf\/imagenes\/2022\/06\/62a662041ab36_900.jpg","type":"","width":"","height":""}],"author":"Arnaldo Botto","twitter_card":"summary_large_image","schema":{"@context":"https:\/\/schema.org","@graph":[{"@type":"WebPage","@id":"https:\/\/www.noticiasradioreflejos.com.ar\/2021\/el-futbolista-diego-garcia-sera-sometido-a-juicio-oral-acusado-de-abuso-sexual\/","url":"https:\/\/www.noticiasradioreflejos.com.ar\/2021\/el-futbolista-diego-garcia-sera-sometido-a-juicio-oral-acusado-de-abuso-sexual\/","name":"El futbolista Diego Garc\u00eda ser\u00e1 sometido a juicio oral acusado de abuso sexual - Noticias Radio Reflejos","isPartOf":{"@id":"https:\/\/www.noticiasradioreflejos.com.ar\/2021\/#website"},"primaryImageOfPage":{"@id":"https:\/\/www.noticiasradioreflejos.com.ar\/2021\/el-futbolista-diego-garcia-sera-sometido-a-juicio-oral-acusado-de-abuso-sexual\/#primaryimage"},"image":{"@id":"https:\/\/www.noticiasradioreflejos.com.ar\/2021\/el-futbolista-diego-garcia-sera-sometido-a-juicio-oral-acusado-de-abuso-sexual\/#primaryimage"},"thumbnailUrl":"https:\/\/www.telam.com.ar\/thumbs\/bluesteel\/advf\/imagenes\/2022\/06\/62a662041ab36_900.jpg","datePublished":"2022-06-13T12:53:47+00:00","author":{"@id":"https:\/\/www.noticiasradioreflejos.com.ar\/2021\/#\/schema\/person\/ad82545263dcc5ec0996818884fd5fb1"},"breadcrumb":{"@id":"https:\/\/www.noticiasradioreflejos.com.ar\/2021\/el-futbolista-diego-garcia-sera-sometido-a-juicio-oral-acusado-de-abuso-sexual\/#breadcrumb"},"inLanguage":"es","potentialAction":[{"@type":"ReadAction","target":["https:\/\/www.noticiasradioreflejos.com.ar\/2021\/el-futbolista-diego-garcia-sera-sometido-a-juicio-oral-acusado-de-abuso-sexual\/"]}]},{"@type":"ImageObject","inLanguage":"es","@id":"https:\/\/www.noticiasradioreflejos.com.ar\/2021\/el-futbolista-diego-garcia-sera-sometido-a-juicio-oral-acusado-de-abuso-sexual\/#primaryimage","url":"https:\/\/www.telam.com.ar\/thumbs\/bluesteel\/advf\/imagenes\/2022\/06\/62a662041ab36_900.jpg","contentUrl":"https:\/\/www.telam.com.ar\/thumbs\/bluesteel\/advf\/imagenes\/2022\/06\/62a662041ab36_900.jpg"},{"@type":"BreadcrumbList","@id":"https:\/\/www.noticiasradioreflejos.com.ar\/2021\/el-futbolista-diego-garcia-sera-sometido-a-juicio-oral-acusado-de-abuso-sexual\/#breadcrumb","itemListElement":[{"@type":"ListItem","position":1,"name":"Portada","item":"https:\/\/www.noticiasradioreflejos.com.ar\/2021\/"},{"@type":"ListItem","position":2,"name":"El futbolista Diego Garc\u00eda ser\u00e1 sometido a juicio oral acusado de abuso sexual"}]},{"@type":"WebSite","@id":"https:\/\/www.noticiasradioreflejos.com.ar\/2021\/#website","url":"https:\/\/www.noticiasradioreflejos.com.ar\/2021\/","name":"Noticias Radio Reflejos","description":"Las noticias de mi comarca","potentialAction":[{"@type":"SearchAction","target":{"@type":"EntryPoint","urlTemplate":"https:\/\/www.noticiasradioreflejos.com.ar\/2021\/?s={search_term_string}"},"query-input":{"@type":"PropertyValueSpecification","valueRequired":true,"valueName":"search_term_string"}}],"inLanguage":"es"},{"@type":"Person","@id":"https:\/\/www.noticiasradioreflejos.com.ar\/2021\/#\/schema\/person\/ad82545263dcc5ec0996818884fd5fb1","name":"Arnaldo Botto","image":{"@type":"ImageObject","inLanguage":"es","@id":"https:\/\/www.noticiasradioreflejos.com.ar\/2021\/#\/schema\/person\/image\/","url":"https:\/\/secure.gravatar.com\/avatar\/55cb5e37c1efa326397366e6974cb338056df65cb50e7d64d1cf314e87504837?s=96&d=mm&r=g","contentUrl":"https:\/\/secure.gravatar.com\/avatar\/55cb5e37c1efa326397366e6974cb338056df65cb50e7d64d1cf314e87504837?s=96&d=mm&r=g","caption":"Arnaldo Botto"},"url":"https:\/\/www.noticiasradioreflejos.com.ar\/2021\/author\/arnaldo\/"}]}},"_links":{"self":[{"href":"https:\/\/www.noticiasradioreflejos.com.ar\/2021\/wp-json\/wp\/v2\/posts\/73668","targetHints":{"allow":["GET"]}}],"collection":[{"href":"https:\/\/www.noticiasradioreflejos.com.ar\/2021\/wp-json\/wp\/v2\/posts"}],"about":[{"href":"https:\/\/www.noticiasradioreflejos.com.ar\/2021\/wp-json\/wp\/v2\/types\/post"}],"author":[{"embeddable":true,"href":"https:\/\/www.noticiasradioreflejos.com.ar\/2021\/wp-json\/wp\/v2\/users\/3"}],"replies":[{"embeddable":true,"href":"https:\/\/www.noticiasradioreflejos.com.ar\/2021\/wp-json\/wp\/v2\/comments?post=73668"}],"version-history":[{"count":1,"href":"https:\/\/www.noticiasradioreflejos.com.ar\/2021\/wp-json\/wp\/v2\/posts\/73668\/revisions"}],"predecessor-version":[{"id":73669,"href":"https:\/\/www.noticiasradioreflejos.com.ar\/2021\/wp-json\/wp\/v2\/posts\/73668\/revisions\/73669"}],"wp:attachment":[{"href":"https:\/\/www.noticiasradioreflejos.com.ar\/2021\/wp-json\/wp\/v2\/media?parent=73668"}],"wp:term":[{"taxonomy":"category","embeddable":true,"href":"https:\/\/www.noticiasradioreflejos.com.ar\/2021\/wp-json\/wp\/v2\/categories?post=73668"},{"taxonomy":"post_tag","embeddable":true,"href":"https:\/\/www.noticiasradioreflejos.com.ar\/2021\/wp-json\/wp\/v2\/tags?post=73668"}],"curies":[{"name":"wp","href":"https:\/\/api.w.org\/{rel}","templated":true}]}}