{"id":73638,"date":"2022-06-10T19:58:50","date_gmt":"2022-06-10T19:58:50","guid":{"rendered":"http:\/\/www.noticiasradioreflejos.com.ar\/2021\/?p=73638"},"modified":"2022-06-10T19:58:50","modified_gmt":"2022-06-10T19:58:50","slug":"argentina-ratifica-su-soberania-sobre-malvinas-cuestiona-la-presencia-militar-britanica","status":"publish","type":"post","link":"https:\/\/www.noticiasradioreflejos.com.ar\/2021\/argentina-ratifica-su-soberania-sobre-malvinas-cuestiona-la-presencia-militar-britanica\/","title":{"rendered":"Argentina ratifica su soberan\u00eda sobre Malvinas: cuestiona la presencia militar brit\u00e1nica"},"content":{"rendered":"<p>El conmemorarse el D\u00eda de la Afirmaci\u00f3n de los Derechos Argentinos sobre las Islas Malvinas, Georgias del Sur y Sandwich del Sur y los espacios mar\u00edtimos e insulares, la Canciller\u00eda volvi\u00f3 a exhortar al Reino Unido a \u00abreanudar las negociaciones\u00bb.<!--more--><\/p>\n<figure class=\"mb-3\"><img decoding=\"async\" src=\"https:\/\/www.telam.com.ar\/thumbs\/bluesteel\/advf\/imagenes\/2022\/06\/62a38f86f2e3b_900.jpg\" alt=\"Acto en el Palacio San Martn Foto Eliana Obregn\" width=\"100%\" height=\"100%\" \/><\/p>\n<div class=\"media-icons\"><\/div><figcaption>Acto en el Palacio San Mart\u00edn. Foto: Eliana Obreg\u00f3n<\/figcaption><\/figure>\n<p>Los ministros de Defensa, Jorge Taiana, y de Ciencia, Daniel Filmus, y el secretario de Malvinas, Guillermo Carmona, encabezaron el acto por el D\u00eda de la Afirmaci\u00f3n de los Derechos Argentinos sobre las Islas Malvinas y<strong>\u00a0coincidieron en se\u00f1alar que a la \u00abreticencia brit\u00e1nica\u00bb para entablar negociaciones se opone una\u00a0<\/strong>\u00abpersistencia Argentina\u00bb que lleva m\u00e1s de 180 a\u00f1os.<\/p>\n<p>La actividad, que se enmarca en la\u00a0<strong>\u00abagenda Malvinas\u00bb<\/strong>, se realiz\u00f3\u00a0 en el Palacio San Mart\u00edn y cont\u00f3 con la presencia de funcionarios del Poder Ejecutivo, diputados y senadores, altos mandos de las Fuerzas Armadas y representantes del cuerpo diplom\u00e1tico extranjero.<\/p>\n<blockquote class=\"twitter-tweet\" data-width=\"500\" data-dnt=\"true\">\n<p lang=\"es\" dir=\"ltr\">En el D\u00eda de la Afirmaci\u00f3n de los Derechos Argentinos sobre las Islas Malvinas, T\u00e9lam abre su archivo y pone a disposici\u00f3n del p\u00fablico im\u00e1genes obtenidas por los enviados especiales de la agencia a la Guerra de Malvinas, en 1982.<\/p>\n<p>\ud83d\udcf8&quot;Las fotos recuperadas de Malvinas&quot;<\/p>\n<p>\ud83e\uddf5\ud83d\udc47 <a href=\"https:\/\/t.co\/5tGdMLTGsy\">pic.twitter.com\/5tGdMLTGsy<\/a><\/p>\n<p>&mdash; Agencia T\u00e9lam (@AgenciaTelam) <a href=\"https:\/\/twitter.com\/AgenciaTelam\/status\/1535268183770267651?ref_src=twsrc%5Etfw\">June 10, 2022<\/a><\/p><\/blockquote>\n<p><script async src=\"https:\/\/platform.twitter.com\/widgets.js\" charset=\"utf-8\"><\/script><\/p>\n<p>Carmona, al abrir el encuentro, record\u00f3 que cada 10 de junio es \u00abuna oportunidad especial para reafirmar el compromiso con la causa\u00bb que se puede rastrear desde la Revoluci\u00f3n de Mayo de 1810, pero en especial desde la decisi\u00f3n de crear en 1829 la comandancia de las Islas para conducir la vida de la poblaci\u00f3n de argentinos all\u00ed asentada.<\/p>\n<p>El funcionario record\u00f3 que Argentina tiene, desde la usurpaci\u00f3n brit\u00e1nica, la misma postura de \u00abreivindicaci\u00f3n incesante de la soberan\u00eda\u00bb sobre el archipi\u00e9lago y afirm\u00f3 que \u00abel colonialismo es un anacronismo en el siglo 21\u00bb.<\/p>\n<p>\u00abMuchas veces se plantea la duda. \u00bfPor cu\u00e1nto tiempo tendr\u00e1 que sostener Argentina el reclamo? Frente a la reticencia brit\u00e1nica, persistencia Argentina\u00bb, se\u00f1al\u00f3 Carmona.<\/p>\n<p>En ese sentido, estim\u00f3 necesario fortalecer las pol\u00edticas relacionadas con el Atl\u00e1ntico Sur, que van desde la insistencia en los foros internacionales para solicitar la apertura de las negociaciones bilaterales y la recolecci\u00f3n de mayores apoyos por parte de terceras naciones, hasta la investigaci\u00f3n oceanogr\u00e1fica y el control de la pesca en las \u00e1reas mar\u00edtimas circundantes.<\/p>\n<figure class=\"mb-3\"><img decoding=\"async\" src=\"https:\/\/www.telam.com.ar\/thumbs\/bluesteel\/advf\/imagenes\/2022\/06\/62a38f86e0070_900.jpg\" alt=\"El ministro Taiana destac que la persistencia tambin tiene una continuidad en la historia que no reconoce comparacin con ningn otro reclamo soberano en el mundoFoto Eliana Obregn\" width=\"100%\" height=\"100%\" \/><\/p>\n<div class=\"media-icons\"><\/div><figcaption>El ministro Taiana destac\u00f3 que la \u00abpersistencia\u00bb tambi\u00e9n tiene una \u00abcontinuidad en la historia\u00bb que no reconoce comparaci\u00f3n con ning\u00fan otro reclamo soberano en el mundo.Foto: Eliana Obreg\u00f3n<\/figcaption><\/figure>\n<p>Carmona anunci\u00f3 que la\u00a0<strong>Canciller\u00eda avanzar\u00e1 en la desclasificaci\u00f3n de material relacionado con el tema<\/strong>\u00a0y se\u00f1al\u00f3 que \u00abes un archivo hist\u00f3rico que da cuenta de esa historia de Argentina con Malvinas, de actuaci\u00f3n diplom\u00e1tica. Vamos a evaluar cu\u00e1les son los que pueden ser puestos a la vista p\u00fablica\u00bb.<\/p>\n<p>Carmona tambi\u00e9n hizo menci\u00f3n al \u00ablugar central que el presidente Alberto Fern\u00e1ndez le dio a la cuesti\u00f3n Malvinas\u00bb en su discurso de ayer ante la Cumbre de las Am\u00e9ricas al sostener que \u00abha sido relevante, porque ha logrado visibilizar la posici\u00f3n argentina de reivindicaci\u00f3n de soberan\u00eda\u00bb.<\/p>\n<p>En tanto, el ministro Taiana destac\u00f3 que la \u00abpersistencia\u00bb tambi\u00e9n tiene una \u00abcontinuidad en la historia\u00bb que no reconoce comparaci\u00f3n con ning\u00fan otro reclamo soberano en el mundo.<\/p>\n<p><strong>\u00abEn el caso Malvinas, la persistencia nos est\u00e1 permitida dado que nunca ninguna autoridad Argentina reconoci\u00f3 ni consinti\u00f3 la ocupaci\u00f3n. Uno puede discutir sobre el tono, pero ninguno consinti\u00f3 la ocupaci\u00f3n\u00bb<\/strong>, dijo.<\/p>\n<figure class=\"mb-3\"><img decoding=\"async\" src=\"https:\/\/www.telam.com.ar\/thumbs\/bluesteel\/advf\/imagenes\/2022\/03\/623f1bb2256fa_900.jpg\" alt=\"El Gobierno argentino invita una vez ms al Reino Unido a reanudar las negociaciones sobre la cuestin de las Islas Malvinas\" width=\"100%\" height=\"100%\" \/><\/p>\n<div class=\"media-icons\"><\/div><figcaption>\u00abEl Gobierno argentino invita \u00abuna vez m\u00e1s\u00bb al Reino Unido a \u00abreanudar las negociaciones sobre la cuesti\u00f3n de las Islas Malvinas\u00bb<\/figcaption><\/figure>\n<p>Adem\u00e1s, afirm\u00f3 que hoy el debate est\u00e1 \u00abentre la persistencia argentina y la argumentaci\u00f3n brit\u00e1nica de &#8216;ustedes perdieron la guerra'\u00bb.<\/p>\n<p>\u00ab\u00bfHasta cu\u00e1ndo?. Eso tiene una respuesta clara. Recuperaremos las islas cuando (los brit\u00e1nicos) vean que pierden m\u00e1s no dialogando. Persistimos y sin dudas, venceremos\u00bb, destac\u00f3 el ministro.<\/p>\n<figure class=\"mb-3\"><img decoding=\"async\" src=\"https:\/\/www.telam.com.ar\/thumbs\/bluesteel\/advf\/imagenes\/2022\/05\/628fbf5461bcf_900.jpg\" alt=\"Foto Leo Vaca\" width=\"100%\" height=\"100%\" \/><\/p>\n<div class=\"media-icons\"><\/div><figcaption>Foto Leo Vaca<\/figcaption><\/figure>\n<p>Por su parte, Filmus record\u00f3 que la invasi\u00f3n del Reino Unido en la d\u00e9cada de 1830 estuvo motivada por intereses econ\u00f3micos por el aceite de ballena y se\u00f1al\u00f3 que la permanencia de ese enclave colonial, casi dos siglos despu\u00e9s, responde a esas mismas circunstancias pero con otro tipo de productos.<\/p>\n<p>Reivindic\u00f3 adem\u00e1s el trabajo realizado desde la ciencia argentina, espec\u00edficamente lo actuado a trav\u00e9s del abordaje interministerial denominado \u00abPampa Azul\u00bb, cuyo objetivo es conocer m\u00e1s del Atl\u00e1ntico Sur.<\/p>\n<figure class=\"mb-3\"><img decoding=\"async\" src=\"https:\/\/www.telam.com.ar\/thumbs\/bluesteel\/advf\/imagenes\/2022\/06\/62a38f86cb83b_900.jpg\" alt=\"Foto Eliana Obregn\" width=\"100%\" height=\"100%\" \/><\/p>\n<div class=\"media-icons\"><\/div><figcaption>Foto: Eliana Obreg\u00f3n<\/figcaption><\/figure>\n<p>El 10 de junio se conmemora el 193 aniversario de la creaci\u00f3n de la Comandancia Pol\u00edtica y Militar de las Islas Malvinas y adyacentes al Cabo de Hornos, a cargo de Luis Vernet.<\/p>\n<p>Esos a\u00f1os, donde hubo presencia argentina efectiva en las Islas Malvinas, se ejercieron distintos actos de soberan\u00eda en el archipi\u00e9lago, usurpado en 1833 por el Reino Unido, indic\u00f3 Canciller\u00eda en un comunicado.<\/p>\n<p>Al cumplirse 40 a\u00f1os del conflicto del Atl\u00e1ntico Sur, el pasado 19 de noviembre, en el acto por el D\u00eda de la Soberan\u00eda Nacional, el presidente Alberto Fern\u00e1ndez lanz\u00f3 la iniciativa interministerial \u00abAgenda Malvinas 40 a\u00f1os\u00bb.<\/p>\n<figure class=\"mb-3\"><img decoding=\"async\" src=\"https:\/\/www.telam.com.ar\/thumbs\/bluesteel\/advf\/imagenes\/2022\/03\/623f1bb21150c_900.jpg\" alt=\"En forma constante durante todos los gobiernos democrticos la Repblica Argentina ha rechazado el recurso a la fuerza\" width=\"100%\" height=\"100%\" \/><\/p>\n<div class=\"media-icons\"><\/div><figcaption>\u00abEn forma constante, durante todos los gobiernos democr\u00e1ticos, la Rep\u00fablica Argentina ha rechazado el recurso a la fuerza\u00bb.<\/figcaption><\/figure>\n","protected":false},"excerpt":{"rendered":"<p>El conmemorarse el D\u00eda de la Afirmaci\u00f3n de los Derechos Argentinos sobre las Islas Malvinas, Georgias del Sur y Sandwich del Sur y los espacios mar\u00edtimos e insulares, la Canciller\u00eda volvi\u00f3 a exhortar al Reino Unido a \u00abreanudar las negociaciones\u00bb.<\/p>\n","protected":false},"author":3,"featured_media":0,"comment_status":"closed","ping_status":"closed","sticky":false,"template":"","format":"standard","meta":{"footnotes":""},"categories":[58,24],"tags":[],"class_list":["post-73638","post","type-post","status-publish","format-standard","hentry","category-gobierno","category-politica"],"yoast_head":"<!-- This site is optimized with the Yoast SEO plugin v25.9 - https:\/\/yoast.com\/wordpress\/plugins\/seo\/ -->\n<title>Argentina ratifica su soberan\u00eda sobre Malvinas: cuestiona la presencia militar brit\u00e1nica - Noticias Radio Reflejos<\/title>\n<meta name=\"robots\" content=\"index, follow, max-snippet:-1, max-image-preview:large, max-video-preview:-1\" \/>\n<link rel=\"canonical\" href=\"https:\/\/www.noticiasradioreflejos.com.ar\/2021\/argentina-ratifica-su-soberania-sobre-malvinas-cuestiona-la-presencia-militar-britanica\/\" \/>\n<meta property=\"og:locale\" content=\"es_ES\" \/>\n<meta property=\"og:type\" content=\"article\" \/>\n<meta property=\"og:title\" content=\"Argentina ratifica su soberan\u00eda sobre Malvinas: cuestiona la presencia militar brit\u00e1nica - Noticias Radio Reflejos\" \/>\n<meta property=\"og:description\" content=\"El conmemorarse el D\u00eda de la Afirmaci\u00f3n de los Derechos Argentinos sobre las Islas Malvinas, Georgias del Sur y Sandwich del Sur y los espacios mar\u00edtimos e insulares, la Canciller\u00eda volvi\u00f3 a exhortar al Reino Unido a \u00abreanudar las negociaciones\u00bb.\" \/>\n<meta property=\"og:url\" content=\"https:\/\/www.noticiasradioreflejos.com.ar\/2021\/argentina-ratifica-su-soberania-sobre-malvinas-cuestiona-la-presencia-militar-britanica\/\" \/>\n<meta property=\"og:site_name\" content=\"Noticias Radio Reflejos\" \/>\n<meta property=\"article:published_time\" content=\"2022-06-10T19:58:50+00:00\" \/>\n<meta property=\"og:image\" content=\"https:\/\/www.telam.com.ar\/thumbs\/bluesteel\/advf\/imagenes\/2022\/06\/62a38f86f2e3b_900.jpg\" \/>\n<meta name=\"author\" content=\"Arnaldo Botto\" \/>\n<meta name=\"twitter:card\" content=\"summary_large_image\" \/>\n<script type=\"application\/ld+json\" class=\"yoast-schema-graph\">{\"@context\":\"https:\/\/schema.org\",\"@graph\":[{\"@type\":\"WebPage\",\"@id\":\"https:\/\/www.noticiasradioreflejos.com.ar\/2021\/argentina-ratifica-su-soberania-sobre-malvinas-cuestiona-la-presencia-militar-britanica\/\",\"url\":\"https:\/\/www.noticiasradioreflejos.com.ar\/2021\/argentina-ratifica-su-soberania-sobre-malvinas-cuestiona-la-presencia-militar-britanica\/\",\"name\":\"Argentina ratifica su soberan\u00eda sobre Malvinas: cuestiona la presencia militar brit\u00e1nica - Noticias Radio Reflejos\",\"isPartOf\":{\"@id\":\"https:\/\/www.noticiasradioreflejos.com.ar\/2021\/#website\"},\"primaryImageOfPage\":{\"@id\":\"https:\/\/www.noticiasradioreflejos.com.ar\/2021\/argentina-ratifica-su-soberania-sobre-malvinas-cuestiona-la-presencia-militar-britanica\/#primaryimage\"},\"image\":{\"@id\":\"https:\/\/www.noticiasradioreflejos.com.ar\/2021\/argentina-ratifica-su-soberania-sobre-malvinas-cuestiona-la-presencia-militar-britanica\/#primaryimage\"},\"thumbnailUrl\":\"https:\/\/www.telam.com.ar\/thumbs\/bluesteel\/advf\/imagenes\/2022\/06\/62a38f86f2e3b_900.jpg\",\"datePublished\":\"2022-06-10T19:58:50+00:00\",\"author\":{\"@id\":\"https:\/\/www.noticiasradioreflejos.com.ar\/2021\/#\/schema\/person\/ad82545263dcc5ec0996818884fd5fb1\"},\"breadcrumb\":{\"@id\":\"https:\/\/www.noticiasradioreflejos.com.ar\/2021\/argentina-ratifica-su-soberania-sobre-malvinas-cuestiona-la-presencia-militar-britanica\/#breadcrumb\"},\"inLanguage\":\"es\",\"potentialAction\":[{\"@type\":\"ReadAction\",\"target\":[\"https:\/\/www.noticiasradioreflejos.com.ar\/2021\/argentina-ratifica-su-soberania-sobre-malvinas-cuestiona-la-presencia-militar-britanica\/\"]}]},{\"@type\":\"ImageObject\",\"inLanguage\":\"es\",\"@id\":\"https:\/\/www.noticiasradioreflejos.com.ar\/2021\/argentina-ratifica-su-soberania-sobre-malvinas-cuestiona-la-presencia-militar-britanica\/#primaryimage\",\"url\":\"https:\/\/www.telam.com.ar\/thumbs\/bluesteel\/advf\/imagenes\/2022\/06\/62a38f86f2e3b_900.jpg\",\"contentUrl\":\"https:\/\/www.telam.com.ar\/thumbs\/bluesteel\/advf\/imagenes\/2022\/06\/62a38f86f2e3b_900.jpg\"},{\"@type\":\"BreadcrumbList\",\"@id\":\"https:\/\/www.noticiasradioreflejos.com.ar\/2021\/argentina-ratifica-su-soberania-sobre-malvinas-cuestiona-la-presencia-militar-britanica\/#breadcrumb\",\"itemListElement\":[{\"@type\":\"ListItem\",\"position\":1,\"name\":\"Portada\",\"item\":\"https:\/\/www.noticiasradioreflejos.com.ar\/2021\/\"},{\"@type\":\"ListItem\",\"position\":2,\"name\":\"Argentina ratifica su soberan\u00eda sobre Malvinas: cuestiona la presencia militar brit\u00e1nica\"}]},{\"@type\":\"WebSite\",\"@id\":\"https:\/\/www.noticiasradioreflejos.com.ar\/2021\/#website\",\"url\":\"https:\/\/www.noticiasradioreflejos.com.ar\/2021\/\",\"name\":\"Noticias Radio Reflejos\",\"description\":\"Las noticias de mi comarca\",\"potentialAction\":[{\"@type\":\"SearchAction\",\"target\":{\"@type\":\"EntryPoint\",\"urlTemplate\":\"https:\/\/www.noticiasradioreflejos.com.ar\/2021\/?s={search_term_string}\"},\"query-input\":{\"@type\":\"PropertyValueSpecification\",\"valueRequired\":true,\"valueName\":\"search_term_string\"}}],\"inLanguage\":\"es\"},{\"@type\":\"Person\",\"@id\":\"https:\/\/www.noticiasradioreflejos.com.ar\/2021\/#\/schema\/person\/ad82545263dcc5ec0996818884fd5fb1\",\"name\":\"Arnaldo Botto\",\"image\":{\"@type\":\"ImageObject\",\"inLanguage\":\"es\",\"@id\":\"https:\/\/www.noticiasradioreflejos.com.ar\/2021\/#\/schema\/person\/image\/\",\"url\":\"https:\/\/secure.gravatar.com\/avatar\/55cb5e37c1efa326397366e6974cb338056df65cb50e7d64d1cf314e87504837?s=96&d=mm&r=g\",\"contentUrl\":\"https:\/\/secure.gravatar.com\/avatar\/55cb5e37c1efa326397366e6974cb338056df65cb50e7d64d1cf314e87504837?s=96&d=mm&r=g\",\"caption\":\"Arnaldo Botto\"},\"url\":\"https:\/\/www.noticiasradioreflejos.com.ar\/2021\/author\/arnaldo\/\"}]}<\/script>\n<!-- \/ Yoast SEO plugin. -->","yoast_head_json":{"title":"Argentina ratifica su soberan\u00eda sobre Malvinas: cuestiona la presencia militar brit\u00e1nica - Noticias Radio Reflejos","robots":{"index":"index","follow":"follow","max-snippet":"max-snippet:-1","max-image-preview":"max-image-preview:large","max-video-preview":"max-video-preview:-1"},"canonical":"https:\/\/www.noticiasradioreflejos.com.ar\/2021\/argentina-ratifica-su-soberania-sobre-malvinas-cuestiona-la-presencia-militar-britanica\/","og_locale":"es_ES","og_type":"article","og_title":"Argentina ratifica su soberan\u00eda sobre Malvinas: cuestiona la presencia militar brit\u00e1nica - Noticias Radio Reflejos","og_description":"El conmemorarse el D\u00eda de la Afirmaci\u00f3n de los Derechos Argentinos sobre las Islas Malvinas, Georgias del Sur y Sandwich del Sur y los espacios mar\u00edtimos e insulares, la Canciller\u00eda volvi\u00f3 a exhortar al Reino Unido a \u00abreanudar las negociaciones\u00bb.","og_url":"https:\/\/www.noticiasradioreflejos.com.ar\/2021\/argentina-ratifica-su-soberania-sobre-malvinas-cuestiona-la-presencia-militar-britanica\/","og_site_name":"Noticias Radio Reflejos","article_published_time":"2022-06-10T19:58:50+00:00","og_image":[{"url":"https:\/\/www.telam.com.ar\/thumbs\/bluesteel\/advf\/imagenes\/2022\/06\/62a38f86f2e3b_900.jpg","type":"","width":"","height":""}],"author":"Arnaldo Botto","twitter_card":"summary_large_image","schema":{"@context":"https:\/\/schema.org","@graph":[{"@type":"WebPage","@id":"https:\/\/www.noticiasradioreflejos.com.ar\/2021\/argentina-ratifica-su-soberania-sobre-malvinas-cuestiona-la-presencia-militar-britanica\/","url":"https:\/\/www.noticiasradioreflejos.com.ar\/2021\/argentina-ratifica-su-soberania-sobre-malvinas-cuestiona-la-presencia-militar-britanica\/","name":"Argentina ratifica su soberan\u00eda sobre Malvinas: cuestiona la presencia militar brit\u00e1nica - Noticias Radio Reflejos","isPartOf":{"@id":"https:\/\/www.noticiasradioreflejos.com.ar\/2021\/#website"},"primaryImageOfPage":{"@id":"https:\/\/www.noticiasradioreflejos.com.ar\/2021\/argentina-ratifica-su-soberania-sobre-malvinas-cuestiona-la-presencia-militar-britanica\/#primaryimage"},"image":{"@id":"https:\/\/www.noticiasradioreflejos.com.ar\/2021\/argentina-ratifica-su-soberania-sobre-malvinas-cuestiona-la-presencia-militar-britanica\/#primaryimage"},"thumbnailUrl":"https:\/\/www.telam.com.ar\/thumbs\/bluesteel\/advf\/imagenes\/2022\/06\/62a38f86f2e3b_900.jpg","datePublished":"2022-06-10T19:58:50+00:00","author":{"@id":"https:\/\/www.noticiasradioreflejos.com.ar\/2021\/#\/schema\/person\/ad82545263dcc5ec0996818884fd5fb1"},"breadcrumb":{"@id":"https:\/\/www.noticiasradioreflejos.com.ar\/2021\/argentina-ratifica-su-soberania-sobre-malvinas-cuestiona-la-presencia-militar-britanica\/#breadcrumb"},"inLanguage":"es","potentialAction":[{"@type":"ReadAction","target":["https:\/\/www.noticiasradioreflejos.com.ar\/2021\/argentina-ratifica-su-soberania-sobre-malvinas-cuestiona-la-presencia-militar-britanica\/"]}]},{"@type":"ImageObject","inLanguage":"es","@id":"https:\/\/www.noticiasradioreflejos.com.ar\/2021\/argentina-ratifica-su-soberania-sobre-malvinas-cuestiona-la-presencia-militar-britanica\/#primaryimage","url":"https:\/\/www.telam.com.ar\/thumbs\/bluesteel\/advf\/imagenes\/2022\/06\/62a38f86f2e3b_900.jpg","contentUrl":"https:\/\/www.telam.com.ar\/thumbs\/bluesteel\/advf\/imagenes\/2022\/06\/62a38f86f2e3b_900.jpg"},{"@type":"BreadcrumbList","@id":"https:\/\/www.noticiasradioreflejos.com.ar\/2021\/argentina-ratifica-su-soberania-sobre-malvinas-cuestiona-la-presencia-militar-britanica\/#breadcrumb","itemListElement":[{"@type":"ListItem","position":1,"name":"Portada","item":"https:\/\/www.noticiasradioreflejos.com.ar\/2021\/"},{"@type":"ListItem","position":2,"name":"Argentina ratifica su soberan\u00eda sobre Malvinas: cuestiona la presencia militar brit\u00e1nica"}]},{"@type":"WebSite","@id":"https:\/\/www.noticiasradioreflejos.com.ar\/2021\/#website","url":"https:\/\/www.noticiasradioreflejos.com.ar\/2021\/","name":"Noticias Radio Reflejos","description":"Las noticias de mi comarca","potentialAction":[{"@type":"SearchAction","target":{"@type":"EntryPoint","urlTemplate":"https:\/\/www.noticiasradioreflejos.com.ar\/2021\/?s={search_term_string}"},"query-input":{"@type":"PropertyValueSpecification","valueRequired":true,"valueName":"search_term_string"}}],"inLanguage":"es"},{"@type":"Person","@id":"https:\/\/www.noticiasradioreflejos.com.ar\/2021\/#\/schema\/person\/ad82545263dcc5ec0996818884fd5fb1","name":"Arnaldo Botto","image":{"@type":"ImageObject","inLanguage":"es","@id":"https:\/\/www.noticiasradioreflejos.com.ar\/2021\/#\/schema\/person\/image\/","url":"https:\/\/secure.gravatar.com\/avatar\/55cb5e37c1efa326397366e6974cb338056df65cb50e7d64d1cf314e87504837?s=96&d=mm&r=g","contentUrl":"https:\/\/secure.gravatar.com\/avatar\/55cb5e37c1efa326397366e6974cb338056df65cb50e7d64d1cf314e87504837?s=96&d=mm&r=g","caption":"Arnaldo Botto"},"url":"https:\/\/www.noticiasradioreflejos.com.ar\/2021\/author\/arnaldo\/"}]}},"_links":{"self":[{"href":"https:\/\/www.noticiasradioreflejos.com.ar\/2021\/wp-json\/wp\/v2\/posts\/73638","targetHints":{"allow":["GET"]}}],"collection":[{"href":"https:\/\/www.noticiasradioreflejos.com.ar\/2021\/wp-json\/wp\/v2\/posts"}],"about":[{"href":"https:\/\/www.noticiasradioreflejos.com.ar\/2021\/wp-json\/wp\/v2\/types\/post"}],"author":[{"embeddable":true,"href":"https:\/\/www.noticiasradioreflejos.com.ar\/2021\/wp-json\/wp\/v2\/users\/3"}],"replies":[{"embeddable":true,"href":"https:\/\/www.noticiasradioreflejos.com.ar\/2021\/wp-json\/wp\/v2\/comments?post=73638"}],"version-history":[{"count":1,"href":"https:\/\/www.noticiasradioreflejos.com.ar\/2021\/wp-json\/wp\/v2\/posts\/73638\/revisions"}],"predecessor-version":[{"id":73640,"href":"https:\/\/www.noticiasradioreflejos.com.ar\/2021\/wp-json\/wp\/v2\/posts\/73638\/revisions\/73640"}],"wp:attachment":[{"href":"https:\/\/www.noticiasradioreflejos.com.ar\/2021\/wp-json\/wp\/v2\/media?parent=73638"}],"wp:term":[{"taxonomy":"category","embeddable":true,"href":"https:\/\/www.noticiasradioreflejos.com.ar\/2021\/wp-json\/wp\/v2\/categories?post=73638"},{"taxonomy":"post_tag","embeddable":true,"href":"https:\/\/www.noticiasradioreflejos.com.ar\/2021\/wp-json\/wp\/v2\/tags?post=73638"}],"curies":[{"name":"wp","href":"https:\/\/api.w.org\/{rel}","templated":true}]}}