{"id":73635,"date":"2022-06-10T19:56:09","date_gmt":"2022-06-10T19:56:09","guid":{"rendered":"http:\/\/www.noticiasradioreflejos.com.ar\/2021\/?p=73635"},"modified":"2022-06-10T19:56:09","modified_gmt":"2022-06-10T19:56:09","slug":"kulfas-dijo-ante-justicia-que-no-le-consta-ningun-delito-en-la-licitacion-del-gasoducto","status":"publish","type":"post","link":"https:\/\/www.noticiasradioreflejos.com.ar\/2021\/kulfas-dijo-ante-justicia-que-no-le-consta-ningun-delito-en-la-licitacion-del-gasoducto\/","title":{"rendered":"Kulfas dijo ante justicia que no le consta ning\u00fan delito en la licitaci\u00f3n del gasoducto"},"content":{"rendered":"<p>\u00abNo me consta que haya delito\u00bb, dijo el exministro de Desarrollo Productivo ante la Justicia. En su declaraci\u00f3n como testigo afirm\u00f3 que sus opiniones \u00abno fueron m\u00e1s que muestras de discrepancias pol\u00edticas\u00bb.<!--more--><\/p>\n<figure class=\"mb-3\"><img decoding=\"async\" src=\"https:\/\/www.telam.com.ar\/thumbs\/bluesteel\/advf\/imagenes\/2022\/06\/62a362e15a540_900.jpg\" alt=\"No me consta que haya delito le dijo al juez federal Daniel Rafecas el exministro de Desarrollo Productivo Foto Victoria Egurza\" width=\"100%\" height=\"100%\" \/><\/p>\n<div class=\"media-icons\"><\/div><figcaption>\u00abNo me consta que haya delito\u00bb, le dijo al juez federal Daniel Rafecas el exministro de Desarrollo Productivo. Foto Victoria Egurza<\/p>\n<\/figcaption><\/figure>\n<p>El exministro de Desarrollo Productivo Mat\u00edas Kulfas sostuvo este viernes ante la justicia que no le consta ning\u00fan delito en el llamado a licitaci\u00f3n para la construcci\u00f3n del gasoducto N\u00e9stor Kirchner en el yacimiento Vaca Muerta y que sus dichos formaron parte de \u00abdiscrepancias y discusiones pol\u00edticas\u00bb.<\/p>\n<p>Al inicio de su declaraci\u00f3n ante el juez federal Daniel Rafecas y el fiscal del caso Carlos Stornelli, el\u00a0<strong>exfuncionario dijo bajo juramento de verdad que \u00abno\u00bb tuvo \u00abconocimiento de ning\u00fan delito\u00bb en relaci\u00f3n al gasoducto<\/strong>, seg\u00fan reconstruyeron fuentes judiciales presentes en el tr\u00e1mite que se extendi\u00f3 por dos horas.<\/p>\n<blockquote class=\"\"><p>Con sus dichos bajo juramento de verdad qued\u00f3 pr\u00e1cticamente descartado la comisi\u00f3n del delito de omisi\u00f3n de denuncia, ya que Kulfas afirm\u00f3 no haber sabido de ning\u00fan delito con la licitaci\u00f3n<\/p><\/blockquote>\n<p>\u00abSi hubiera conocido un hecho delictivo hubiera ido a la Justicia\u00bb fue una de las primeras frases que dijo ante los funcionarios judiciales en la declaraci\u00f3n testimonial que se concret\u00f3 esta ma\u00f1ana en el despacho de Rafecas, en el tercer piso de Comodoro Py 2002.<\/p>\n<p>Adem\u00e1s Kulfas\u00a0<strong>admiti\u00f3 que fue quien redact\u00f3 los p\u00e1rrafos de un informe en \u00aboff the record\u00bb que luego distribuy\u00f3 su encargada de prensa pero asegur\u00f3 que no lo hizo con intenci\u00f3n de que se volviera masivo<\/strong>, seg\u00fan explicaron las fuentes.<\/p>\n<p>Las expresiones que pronunci\u00f3 antes de dejar el cargo tanto en \u00aboff de record\u00bb como en p\u00fablico \u00abno fueron m\u00e1s que discrepancias y discusiones pol\u00edticas y de pol\u00edticas p\u00fablicas\u00bb, ante lo que consider\u00f3 un \u00abataque injustificado\u00bb hacia su ministerio \u00abde parte de la Vicepresidenta\u00bb Cristina Fern\u00e1ndez de Kirchner, agreg\u00f3 adem\u00e1s.<\/p>\n<figure class=\"mb-3\"><img decoding=\"async\" src=\"https:\/\/www.telam.com.ar\/thumbs\/bluesteel\/advf\/imagenes\/2022\/06\/62a362e18571e_900.jpg\" alt=\"El exministro dijo que sus opiniones no fueron ms que muestras de discrepancias polticas Foto Victoria Egurza \" width=\"100%\" height=\"100%\" \/><\/p>\n<div class=\"media-icons\"><\/div><figcaption>El exministro dijo que sus opiniones \u00abno fueron m\u00e1s que muestras de discrepancias pol\u00edticas\u00bb. Foto Victoria Egurza.<\/figcaption><\/figure>\n<p>Al respecto\u00a0<strong>entreg\u00f3 al juzgado dos \u00abpendrive\u00bb con los audios de entrevistas radiales en los que habl\u00f3 del tema por esos d\u00edas<\/strong>.<\/p>\n<p>En cuanto a sus cuestionamientos en ese off a la adjudicaci\u00f3n de la parte de la obra vinculada a las tuber\u00edas a la empresa Techint, dijo ahora ante el juez y el fiscal que en ese texto hubo \u00aberrores\u00bb producto del \u00abapuro\u00bb por salir a responder.<\/p>\n<p><strong>\u00abLa adjudicaci\u00f3n a Techint est\u00e1 justificada en la premura por contar cuanto antes con la obra terminada\u00bb con miras al \u00abautoabastecimiento de gas y su exportaci\u00f3n\u00bb<\/strong>, reiter\u00f3.<\/p>\n<p>Y aclar\u00f3 que cuando se refiri\u00f3 a que empresas nacionales podr\u00edan hacerse cargo, quiso expresar a que eso era posible \u00aba futuro\u00bb en base a una visita que hab\u00eda hecho a una f\u00e1brica de laminados en la cual le hab\u00edan dicho que estar\u00edan en condiciones de proveer tuber\u00edas, pero \u00aben un futuro no cercano\u00bb.<\/p>\n<p>En varios tramos de su declaraci\u00f3n,\u00a0<strong>Kulfas enfatiz\u00f3 que entend\u00eda que la obra es \u00abimpostergable\u00bb<\/strong>, precisaron las fuentes.<\/p>\n<p>El fiscal Stornelli quiso saber si mantuvo contactos con el presidente Alberto Fern\u00e1ndez, y el exfuncionario le dijo que no volvi\u00f3 a hablar con \u00e9l luego de las declaraciones p\u00fablicas en las cuales el primer mandatario expres\u00f3 su disgusto en relaci\u00f3n a sus declaraciones.<\/p>\n<p>Stornelli ley\u00f3 en la audiencia los dichos del Presidente antes de preguntar y adem\u00e1s quiso saber qu\u00e9 relaci\u00f3n ten\u00eda Kulfas con la Vicepresidenta. Al respecto, el ahora exfuncionario sostuvo que no ten\u00eda \u00abmucha\u00bb relaci\u00f3n y que sobre este tema nunca habl\u00f3 con ella.<\/p>\n<figure class=\"mb-3\"><img decoding=\"async\" src=\"https:\/\/www.telam.com.ar\/thumbs\/bluesteel\/advf\/imagenes\/2022\/02\/620a7afaae42a_900.jpg\" alt=\"El martes de la prxima semana se realizar una audiencia con especialistas de cuatro empresas que extraen gas en Vaca Muerta\" width=\"100%\" height=\"100%\" \/><\/p>\n<div class=\"media-icons\"><\/div><figcaption>El martes de la pr\u00f3xima semana se realizar\u00e1 una audiencia con especialistas de cuatro empresas que extraen gas en Vaca Muerta.<\/figcaption><\/figure>\n<p>Fuentes judiciales evaluaron que\u00a0<strong>con sus dichos bajo juramento de verdad qued\u00f3 pr\u00e1cticamente descartado la comisi\u00f3n del delito de omisi\u00f3n de denuncia, ya que Kulfas afirm\u00f3 no haber sabido de ning\u00fan delito con la licitaci\u00f3n.<\/strong><\/p>\n<p>El exfuncionario ingres\u00f3 poco antes de las 10 al juzgado sin formular declaraciones a la prensa, acompa\u00f1ado por una abogada y otros asesores, pero al momento de prestar declaraci\u00f3n lo hizo solo en el despacho, ante Rafecas y Stornelli.<\/p>\n<p>Kulfas se retir\u00f3 dos horas m\u00e1s tarde por una puerta lateral del juzgado y sin responder preguntas de los periodistas.<\/p>\n<p>El exministro fue citado para declarar como testigo bajo juramento de verdad en la causa a ra\u00edz de un &#8216;off the record&#8217; basado en sus declaraciones del viernes a radio AM 750 y difundido desde el Ministerio que presidi\u00f3 hasta la semana pasada vinculado a un supuesto direccionamiento de esa licitaci\u00f3n que est\u00e1 en tr\u00e1mite en la actualidad.<\/p>\n<p>Precisamente\u00a0<strong>el juzgado pedir\u00e1 la entrega del pliego vinculado a la licitaci\u00f3n de las v\u00e1lvulas para el gasoducto, que tambi\u00e9n ser\u00e1 analizado junto al de provisi\u00f3n de tuber\u00edas y a la obra civil<\/strong>.<\/p>\n<h2 class=\"\">C\u00f3mo sigue la causa<\/h2>\n<p>Para el pr\u00f3ximo lunes 13 a las 12, Rafecas convoc\u00f3 tambi\u00e9n como testigo al exfuncionario de Enarsa Antonio Pronsato, quien renunci\u00f3 a su cargo al frente de la Unidad Ejecutora del gasoducto N\u00e9stor Kirchner en Enarsa, el lunes 30 de mayo.<\/p>\n<p>Sobre este testimonio,\u00a0<strong>el magistrado planea interiorizarse sobre los aspectos t\u00e9cnicos del llamado a licitaci\u00f3n que fue en gran parte confeccionada por este testigo, un ingeniero especializado en la materia.<\/strong><\/p>\n<p>En tanto, el martes de la pr\u00f3xima semana se realizar\u00e1 una audiencia con especialistas de cuatro empresas que extraen gas en Vaca Muerta, Pluspetrol, YPF, Tecpetrol y Total Austral para que expliquen al juzgado de Rafecas los \u00abrequerimientos t\u00e9cnicos\u00bb necesarios para la construcci\u00f3n del gasoducto.<\/p>\n<p>Esta audiencia ser\u00e1 testimonial y oral, los expertos prestar\u00e1n juramento de verdad y se concretar\u00e1 en una de las salas de audiencias de los tribunales de Retiro.<\/p>\n<p>Al finalizar, el juzgado prev\u00e9 subir la grabaci\u00f3n a \u00abYouTube\u00bb, precisaron las fuentes.<\/p>\n<p>El objetivo es que\u00a0<strong>expertos que designen las empresas concurran al juzgado para responder preguntas sobre los requerimientos \u00abt\u00e9cnicos exigidos para la construcci\u00f3n del gasoducto\u00bb<\/strong><\/p>\n<p>Rafecas convoc\u00f3 a una segunda audiencia para el mi\u00e9rcoles 15 a las 10, a la que fueron convocados cuatro expertos designados por las empresas TGN y TGS (Transportadora Gas del Norte y del Sur), Enargas y Facultad de Ingenier\u00eda de la Universidad de Buenos Aires<\/p>\n<p>El contenido del informe &#8216;en off&#8217; que el viernes \u00faltimo se difundi\u00f3 desde el Ministerio de Desarrollo Productivo con cuestionamientos al proceso licitatorio -que a\u00fan est\u00e1 abierto-, fue desmentido por la empresa a trav\u00e9s de un comunicado.<\/p>\n<p>El s\u00e1bado, en su respuesta, la empresa estatal Energ\u00eda Argentina (Ieasa) critic\u00f3 el &#8216;off&#8217; de Desarrollo Productivo al considerarlo \u00abuna nota carente de conocimiento t\u00e9cnico\u00bb y neg\u00f3 que se haya armado \u00abun pliego de licitaci\u00f3n a la medida de Techint\u00bb, por requerir una chapa con 33 mm de espesor y no de 31 mm.<\/p>\n","protected":false},"excerpt":{"rendered":"<p>\u00abNo me consta que haya delito\u00bb, dijo el exministro de Desarrollo Productivo ante la Justicia. En su declaraci\u00f3n como testigo afirm\u00f3 que sus opiniones \u00abno fueron m\u00e1s que muestras de discrepancias pol\u00edticas\u00bb.<\/p>\n","protected":false},"author":3,"featured_media":0,"comment_status":"closed","ping_status":"closed","sticky":false,"template":"","format":"standard","meta":{"footnotes":""},"categories":[57,24],"tags":[],"class_list":["post-73635","post","type-post","status-publish","format-standard","hentry","category-judiciales","category-politica"],"yoast_head":"<!-- This site is optimized with the Yoast SEO plugin v25.9 - https:\/\/yoast.com\/wordpress\/plugins\/seo\/ -->\n<title>Kulfas dijo ante justicia que no le consta ning\u00fan delito en la licitaci\u00f3n del gasoducto - Noticias Radio Reflejos<\/title>\n<meta name=\"robots\" content=\"index, follow, max-snippet:-1, max-image-preview:large, max-video-preview:-1\" \/>\n<link rel=\"canonical\" href=\"https:\/\/www.noticiasradioreflejos.com.ar\/2021\/kulfas-dijo-ante-justicia-que-no-le-consta-ningun-delito-en-la-licitacion-del-gasoducto\/\" \/>\n<meta property=\"og:locale\" content=\"es_ES\" \/>\n<meta property=\"og:type\" content=\"article\" \/>\n<meta property=\"og:title\" content=\"Kulfas dijo ante justicia que no le consta ning\u00fan delito en la licitaci\u00f3n del gasoducto - Noticias Radio Reflejos\" \/>\n<meta property=\"og:description\" content=\"\u00abNo me consta que haya delito\u00bb, dijo el exministro de Desarrollo Productivo ante la Justicia. En su declaraci\u00f3n como testigo afirm\u00f3 que sus opiniones \u00abno fueron m\u00e1s que muestras de discrepancias pol\u00edticas\u00bb.\" \/>\n<meta property=\"og:url\" content=\"https:\/\/www.noticiasradioreflejos.com.ar\/2021\/kulfas-dijo-ante-justicia-que-no-le-consta-ningun-delito-en-la-licitacion-del-gasoducto\/\" \/>\n<meta property=\"og:site_name\" content=\"Noticias Radio Reflejos\" \/>\n<meta property=\"article:published_time\" content=\"2022-06-10T19:56:09+00:00\" \/>\n<meta property=\"og:image\" content=\"https:\/\/www.telam.com.ar\/thumbs\/bluesteel\/advf\/imagenes\/2022\/06\/62a362e15a540_900.jpg\" \/>\n<meta name=\"author\" content=\"Arnaldo Botto\" \/>\n<meta name=\"twitter:card\" content=\"summary_large_image\" \/>\n<script type=\"application\/ld+json\" class=\"yoast-schema-graph\">{\"@context\":\"https:\/\/schema.org\",\"@graph\":[{\"@type\":\"WebPage\",\"@id\":\"https:\/\/www.noticiasradioreflejos.com.ar\/2021\/kulfas-dijo-ante-justicia-que-no-le-consta-ningun-delito-en-la-licitacion-del-gasoducto\/\",\"url\":\"https:\/\/www.noticiasradioreflejos.com.ar\/2021\/kulfas-dijo-ante-justicia-que-no-le-consta-ningun-delito-en-la-licitacion-del-gasoducto\/\",\"name\":\"Kulfas dijo ante justicia que no le consta ning\u00fan delito en la licitaci\u00f3n del gasoducto - Noticias Radio Reflejos\",\"isPartOf\":{\"@id\":\"https:\/\/www.noticiasradioreflejos.com.ar\/2021\/#website\"},\"primaryImageOfPage\":{\"@id\":\"https:\/\/www.noticiasradioreflejos.com.ar\/2021\/kulfas-dijo-ante-justicia-que-no-le-consta-ningun-delito-en-la-licitacion-del-gasoducto\/#primaryimage\"},\"image\":{\"@id\":\"https:\/\/www.noticiasradioreflejos.com.ar\/2021\/kulfas-dijo-ante-justicia-que-no-le-consta-ningun-delito-en-la-licitacion-del-gasoducto\/#primaryimage\"},\"thumbnailUrl\":\"https:\/\/www.telam.com.ar\/thumbs\/bluesteel\/advf\/imagenes\/2022\/06\/62a362e15a540_900.jpg\",\"datePublished\":\"2022-06-10T19:56:09+00:00\",\"author\":{\"@id\":\"https:\/\/www.noticiasradioreflejos.com.ar\/2021\/#\/schema\/person\/ad82545263dcc5ec0996818884fd5fb1\"},\"breadcrumb\":{\"@id\":\"https:\/\/www.noticiasradioreflejos.com.ar\/2021\/kulfas-dijo-ante-justicia-que-no-le-consta-ningun-delito-en-la-licitacion-del-gasoducto\/#breadcrumb\"},\"inLanguage\":\"es\",\"potentialAction\":[{\"@type\":\"ReadAction\",\"target\":[\"https:\/\/www.noticiasradioreflejos.com.ar\/2021\/kulfas-dijo-ante-justicia-que-no-le-consta-ningun-delito-en-la-licitacion-del-gasoducto\/\"]}]},{\"@type\":\"ImageObject\",\"inLanguage\":\"es\",\"@id\":\"https:\/\/www.noticiasradioreflejos.com.ar\/2021\/kulfas-dijo-ante-justicia-que-no-le-consta-ningun-delito-en-la-licitacion-del-gasoducto\/#primaryimage\",\"url\":\"https:\/\/www.telam.com.ar\/thumbs\/bluesteel\/advf\/imagenes\/2022\/06\/62a362e15a540_900.jpg\",\"contentUrl\":\"https:\/\/www.telam.com.ar\/thumbs\/bluesteel\/advf\/imagenes\/2022\/06\/62a362e15a540_900.jpg\"},{\"@type\":\"BreadcrumbList\",\"@id\":\"https:\/\/www.noticiasradioreflejos.com.ar\/2021\/kulfas-dijo-ante-justicia-que-no-le-consta-ningun-delito-en-la-licitacion-del-gasoducto\/#breadcrumb\",\"itemListElement\":[{\"@type\":\"ListItem\",\"position\":1,\"name\":\"Portada\",\"item\":\"https:\/\/www.noticiasradioreflejos.com.ar\/2021\/\"},{\"@type\":\"ListItem\",\"position\":2,\"name\":\"Kulfas dijo ante justicia que no le consta ning\u00fan delito en la licitaci\u00f3n del gasoducto\"}]},{\"@type\":\"WebSite\",\"@id\":\"https:\/\/www.noticiasradioreflejos.com.ar\/2021\/#website\",\"url\":\"https:\/\/www.noticiasradioreflejos.com.ar\/2021\/\",\"name\":\"Noticias Radio Reflejos\",\"description\":\"Las noticias de mi comarca\",\"potentialAction\":[{\"@type\":\"SearchAction\",\"target\":{\"@type\":\"EntryPoint\",\"urlTemplate\":\"https:\/\/www.noticiasradioreflejos.com.ar\/2021\/?s={search_term_string}\"},\"query-input\":{\"@type\":\"PropertyValueSpecification\",\"valueRequired\":true,\"valueName\":\"search_term_string\"}}],\"inLanguage\":\"es\"},{\"@type\":\"Person\",\"@id\":\"https:\/\/www.noticiasradioreflejos.com.ar\/2021\/#\/schema\/person\/ad82545263dcc5ec0996818884fd5fb1\",\"name\":\"Arnaldo Botto\",\"image\":{\"@type\":\"ImageObject\",\"inLanguage\":\"es\",\"@id\":\"https:\/\/www.noticiasradioreflejos.com.ar\/2021\/#\/schema\/person\/image\/\",\"url\":\"https:\/\/secure.gravatar.com\/avatar\/55cb5e37c1efa326397366e6974cb338056df65cb50e7d64d1cf314e87504837?s=96&d=mm&r=g\",\"contentUrl\":\"https:\/\/secure.gravatar.com\/avatar\/55cb5e37c1efa326397366e6974cb338056df65cb50e7d64d1cf314e87504837?s=96&d=mm&r=g\",\"caption\":\"Arnaldo Botto\"},\"url\":\"https:\/\/www.noticiasradioreflejos.com.ar\/2021\/author\/arnaldo\/\"}]}<\/script>\n<!-- \/ Yoast SEO plugin. -->","yoast_head_json":{"title":"Kulfas dijo ante justicia que no le consta ning\u00fan delito en la licitaci\u00f3n del gasoducto - Noticias Radio Reflejos","robots":{"index":"index","follow":"follow","max-snippet":"max-snippet:-1","max-image-preview":"max-image-preview:large","max-video-preview":"max-video-preview:-1"},"canonical":"https:\/\/www.noticiasradioreflejos.com.ar\/2021\/kulfas-dijo-ante-justicia-que-no-le-consta-ningun-delito-en-la-licitacion-del-gasoducto\/","og_locale":"es_ES","og_type":"article","og_title":"Kulfas dijo ante justicia que no le consta ning\u00fan delito en la licitaci\u00f3n del gasoducto - Noticias Radio Reflejos","og_description":"\u00abNo me consta que haya delito\u00bb, dijo el exministro de Desarrollo Productivo ante la Justicia. En su declaraci\u00f3n como testigo afirm\u00f3 que sus opiniones \u00abno fueron m\u00e1s que muestras de discrepancias pol\u00edticas\u00bb.","og_url":"https:\/\/www.noticiasradioreflejos.com.ar\/2021\/kulfas-dijo-ante-justicia-que-no-le-consta-ningun-delito-en-la-licitacion-del-gasoducto\/","og_site_name":"Noticias Radio Reflejos","article_published_time":"2022-06-10T19:56:09+00:00","og_image":[{"url":"https:\/\/www.telam.com.ar\/thumbs\/bluesteel\/advf\/imagenes\/2022\/06\/62a362e15a540_900.jpg","type":"","width":"","height":""}],"author":"Arnaldo Botto","twitter_card":"summary_large_image","schema":{"@context":"https:\/\/schema.org","@graph":[{"@type":"WebPage","@id":"https:\/\/www.noticiasradioreflejos.com.ar\/2021\/kulfas-dijo-ante-justicia-que-no-le-consta-ningun-delito-en-la-licitacion-del-gasoducto\/","url":"https:\/\/www.noticiasradioreflejos.com.ar\/2021\/kulfas-dijo-ante-justicia-que-no-le-consta-ningun-delito-en-la-licitacion-del-gasoducto\/","name":"Kulfas dijo ante justicia que no le consta ning\u00fan delito en la licitaci\u00f3n del gasoducto - Noticias Radio Reflejos","isPartOf":{"@id":"https:\/\/www.noticiasradioreflejos.com.ar\/2021\/#website"},"primaryImageOfPage":{"@id":"https:\/\/www.noticiasradioreflejos.com.ar\/2021\/kulfas-dijo-ante-justicia-que-no-le-consta-ningun-delito-en-la-licitacion-del-gasoducto\/#primaryimage"},"image":{"@id":"https:\/\/www.noticiasradioreflejos.com.ar\/2021\/kulfas-dijo-ante-justicia-que-no-le-consta-ningun-delito-en-la-licitacion-del-gasoducto\/#primaryimage"},"thumbnailUrl":"https:\/\/www.telam.com.ar\/thumbs\/bluesteel\/advf\/imagenes\/2022\/06\/62a362e15a540_900.jpg","datePublished":"2022-06-10T19:56:09+00:00","author":{"@id":"https:\/\/www.noticiasradioreflejos.com.ar\/2021\/#\/schema\/person\/ad82545263dcc5ec0996818884fd5fb1"},"breadcrumb":{"@id":"https:\/\/www.noticiasradioreflejos.com.ar\/2021\/kulfas-dijo-ante-justicia-que-no-le-consta-ningun-delito-en-la-licitacion-del-gasoducto\/#breadcrumb"},"inLanguage":"es","potentialAction":[{"@type":"ReadAction","target":["https:\/\/www.noticiasradioreflejos.com.ar\/2021\/kulfas-dijo-ante-justicia-que-no-le-consta-ningun-delito-en-la-licitacion-del-gasoducto\/"]}]},{"@type":"ImageObject","inLanguage":"es","@id":"https:\/\/www.noticiasradioreflejos.com.ar\/2021\/kulfas-dijo-ante-justicia-que-no-le-consta-ningun-delito-en-la-licitacion-del-gasoducto\/#primaryimage","url":"https:\/\/www.telam.com.ar\/thumbs\/bluesteel\/advf\/imagenes\/2022\/06\/62a362e15a540_900.jpg","contentUrl":"https:\/\/www.telam.com.ar\/thumbs\/bluesteel\/advf\/imagenes\/2022\/06\/62a362e15a540_900.jpg"},{"@type":"BreadcrumbList","@id":"https:\/\/www.noticiasradioreflejos.com.ar\/2021\/kulfas-dijo-ante-justicia-que-no-le-consta-ningun-delito-en-la-licitacion-del-gasoducto\/#breadcrumb","itemListElement":[{"@type":"ListItem","position":1,"name":"Portada","item":"https:\/\/www.noticiasradioreflejos.com.ar\/2021\/"},{"@type":"ListItem","position":2,"name":"Kulfas dijo ante justicia que no le consta ning\u00fan delito en la licitaci\u00f3n del gasoducto"}]},{"@type":"WebSite","@id":"https:\/\/www.noticiasradioreflejos.com.ar\/2021\/#website","url":"https:\/\/www.noticiasradioreflejos.com.ar\/2021\/","name":"Noticias Radio Reflejos","description":"Las noticias de mi comarca","potentialAction":[{"@type":"SearchAction","target":{"@type":"EntryPoint","urlTemplate":"https:\/\/www.noticiasradioreflejos.com.ar\/2021\/?s={search_term_string}"},"query-input":{"@type":"PropertyValueSpecification","valueRequired":true,"valueName":"search_term_string"}}],"inLanguage":"es"},{"@type":"Person","@id":"https:\/\/www.noticiasradioreflejos.com.ar\/2021\/#\/schema\/person\/ad82545263dcc5ec0996818884fd5fb1","name":"Arnaldo Botto","image":{"@type":"ImageObject","inLanguage":"es","@id":"https:\/\/www.noticiasradioreflejos.com.ar\/2021\/#\/schema\/person\/image\/","url":"https:\/\/secure.gravatar.com\/avatar\/55cb5e37c1efa326397366e6974cb338056df65cb50e7d64d1cf314e87504837?s=96&d=mm&r=g","contentUrl":"https:\/\/secure.gravatar.com\/avatar\/55cb5e37c1efa326397366e6974cb338056df65cb50e7d64d1cf314e87504837?s=96&d=mm&r=g","caption":"Arnaldo Botto"},"url":"https:\/\/www.noticiasradioreflejos.com.ar\/2021\/author\/arnaldo\/"}]}},"_links":{"self":[{"href":"https:\/\/www.noticiasradioreflejos.com.ar\/2021\/wp-json\/wp\/v2\/posts\/73635","targetHints":{"allow":["GET"]}}],"collection":[{"href":"https:\/\/www.noticiasradioreflejos.com.ar\/2021\/wp-json\/wp\/v2\/posts"}],"about":[{"href":"https:\/\/www.noticiasradioreflejos.com.ar\/2021\/wp-json\/wp\/v2\/types\/post"}],"author":[{"embeddable":true,"href":"https:\/\/www.noticiasradioreflejos.com.ar\/2021\/wp-json\/wp\/v2\/users\/3"}],"replies":[{"embeddable":true,"href":"https:\/\/www.noticiasradioreflejos.com.ar\/2021\/wp-json\/wp\/v2\/comments?post=73635"}],"version-history":[{"count":1,"href":"https:\/\/www.noticiasradioreflejos.com.ar\/2021\/wp-json\/wp\/v2\/posts\/73635\/revisions"}],"predecessor-version":[{"id":73637,"href":"https:\/\/www.noticiasradioreflejos.com.ar\/2021\/wp-json\/wp\/v2\/posts\/73635\/revisions\/73637"}],"wp:attachment":[{"href":"https:\/\/www.noticiasradioreflejos.com.ar\/2021\/wp-json\/wp\/v2\/media?parent=73635"}],"wp:term":[{"taxonomy":"category","embeddable":true,"href":"https:\/\/www.noticiasradioreflejos.com.ar\/2021\/wp-json\/wp\/v2\/categories?post=73635"},{"taxonomy":"post_tag","embeddable":true,"href":"https:\/\/www.noticiasradioreflejos.com.ar\/2021\/wp-json\/wp\/v2\/tags?post=73635"}],"curies":[{"name":"wp","href":"https:\/\/api.w.org\/{rel}","templated":true}]}}