{"id":73632,"date":"2022-06-10T19:18:38","date_gmt":"2022-06-10T19:18:38","guid":{"rendered":"http:\/\/www.noticiasradioreflejos.com.ar\/2021\/?p=73632"},"modified":"2022-06-10T19:18:38","modified_gmt":"2022-06-10T19:18:38","slug":"salario-docente-acordaron-aumento-de-608-por-ciento","status":"publish","type":"post","link":"https:\/\/www.noticiasradioreflejos.com.ar\/2021\/salario-docente-acordaron-aumento-de-608-por-ciento\/","title":{"rendered":"Salario docente: acordaron aumento de 60,8 por ciento"},"content":{"rendered":"<header id=\"mvp-post-head\" class=\"left relative\">\n<div class=\"mvp-author-info-wrap left relative\">\n<div class=\"mvp-author-info-text left relative\">\n<div class=\"mvp-author-info-date left relative\"><\/div>\n<div class=\"mvp-author-info-name left relative\">Por la fuerte presi\u00f3n inflacionaria, el gobierno nacional se volvi\u00f3 a sentar hoy con los representantes de los gremios docentes en la reapertura de la paritaria. Tras la reuni\u00f3n, el ministro de Educaci\u00f3n, Jaime Perczyk, acord\u00f3 con los sindicalistas adelantar los tramos de aumento para alcanzar una suba del 60,8% en diciembre.<\/div>\n<\/div>\n<\/div>\n<\/header>\n<p><!--more--><\/p>\n<div class=\"mvp-post-main-out left relative\">\n<div class=\"mvp-post-main-in\">\n<div id=\"mvp-post-content\" class=\"left relative\">\n<div id=\"mvp-content-wrap\" class=\"left relative\">\n<div class=\"mvp-post-soc-out right relative\">\n<div class=\"mvp-post-soc-in\">\n<div id=\"mvp-content-body\" class=\"left relative\">\n<div id=\"mvp-content-body-top\" class=\"left relative\">\n<div id=\"mvp-content-main\" class=\"left relative\">\n<div id=\"textbody\">\n<p>El nuevo acuerdo establece cuatro cuotas. El piso del m\u00ednimo nacional para los docentes ser\u00e1 de $55.000 desde el 1 de junio; $60.000 a partir del 1 de julio; $64.000 en septiembre para llegar a los $68.400 en diciembre, totalizando un aumento del 60,8%.<\/p>\n<p>Los aumentos que se cierran a nivel nacional corren para el salario m\u00ednimo docente. Es decir, establecen el piso a partir del cual las provincias pueden negociar con sus sindicatos de base. Ning\u00fan maestro puede cobrar por debajo de lo acordado en la paritaria nacional, aunque en muchos de los distritos el salario m\u00ednimo supera esos valores.<\/p>\n<p>Adem\u00e1s, se acord\u00f3 un adelantamiento de las sumas del salario que paga Naci\u00f3n. El FONID (Fondo Nacional de Incentivo Docente) para los meses de junio, agosto y septiembre de 2022 por la suma de: $4524 a partir del 1 de junio, lo que totaliza $6774 si se suma el concepto de adicional por material did\u00e1ctico y conectividad. Ya desde el 1 de julio, el FONID pasar\u00e1 a ser de $5141, lo que dar\u00eda un total de $7391 con el adicional.<\/p>\n<div class=\"code-block code-block-1\"><\/div>\n<p>En septiembre hay una nueva suba. Ser\u00e1 de $5634 y $7884 total por el concepto de adicional de material did\u00e1ctico y conectividad y desde diciembre pasar\u00e1 a $6173 con un total de $8423.<\/p>\n<p>Al margen de los incrementos, por el aumento sostenido de los precios y la incertidumbre de cu\u00e1ntos ser\u00e1n los \u00edndices de inflaci\u00f3n, el Gobierno propuso una cl\u00e1usula de revisi\u00f3n en septiembre.<\/p>\n<p><span style=\"color: #ff6600;\"><strong>Fuente: Infobae<\/strong><\/span><\/p>\n<\/div>\n<\/div>\n<\/div>\n<\/div>\n<\/div>\n<\/div>\n<\/div>\n<\/div>\n<\/div>\n<\/div>\n","protected":false},"excerpt":{"rendered":"<p>Por la fuerte presi\u00f3n inflacionaria, el gobierno nacional se volvi\u00f3 a sentar hoy con los representantes de los gremios docentes en la reapertura de la paritaria. Tras la reuni\u00f3n, el ministro de Educaci\u00f3n, Jaime Perczyk, acord\u00f3 con los sindicalistas adelantar los tramos de aumento para alcanzar una suba del 60,8% en diciembre.<\/p>\n","protected":false},"author":3,"featured_media":0,"comment_status":"closed","ping_status":"closed","sticky":false,"template":"","format":"standard","meta":{"footnotes":""},"categories":[36,34,58],"tags":[],"class_list":["post-73632","post","type-post","status-publish","format-standard","hentry","category-economia","category-educacion","category-gobierno"],"yoast_head":"<!-- This site is optimized with the Yoast SEO plugin v25.9 - https:\/\/yoast.com\/wordpress\/plugins\/seo\/ -->\n<title>Salario docente: acordaron aumento de 60,8 por ciento - Noticias Radio Reflejos<\/title>\n<meta name=\"robots\" content=\"index, follow, max-snippet:-1, max-image-preview:large, max-video-preview:-1\" \/>\n<link rel=\"canonical\" href=\"https:\/\/www.noticiasradioreflejos.com.ar\/2021\/salario-docente-acordaron-aumento-de-608-por-ciento\/\" \/>\n<meta property=\"og:locale\" content=\"es_ES\" \/>\n<meta property=\"og:type\" content=\"article\" \/>\n<meta property=\"og:title\" content=\"Salario docente: acordaron aumento de 60,8 por ciento - Noticias Radio Reflejos\" \/>\n<meta property=\"og:description\" content=\"Por la fuerte presi\u00f3n inflacionaria, el gobierno nacional se volvi\u00f3 a sentar hoy con los representantes de los gremios docentes en la reapertura de la paritaria. Tras la reuni\u00f3n, el ministro de Educaci\u00f3n, Jaime Perczyk, acord\u00f3 con los sindicalistas adelantar los tramos de aumento para alcanzar una suba del 60,8% en diciembre.\" \/>\n<meta property=\"og:url\" content=\"https:\/\/www.noticiasradioreflejos.com.ar\/2021\/salario-docente-acordaron-aumento-de-608-por-ciento\/\" \/>\n<meta property=\"og:site_name\" content=\"Noticias Radio Reflejos\" \/>\n<meta property=\"article:published_time\" content=\"2022-06-10T19:18:38+00:00\" \/>\n<meta property=\"og:image\" content=\"https:\/\/www.noticiasradioreflejos.com.ar\/2021\/wp-content\/uploads\/2021\/07\/logosol300x200.png\" \/>\n\t<meta property=\"og:image:width\" content=\"300\" \/>\n\t<meta property=\"og:image:height\" content=\"200\" \/>\n\t<meta property=\"og:image:type\" content=\"image\/png\" \/>\n<meta name=\"author\" content=\"Arnaldo Botto\" \/>\n<meta name=\"twitter:card\" content=\"summary_large_image\" \/>\n<script type=\"application\/ld+json\" class=\"yoast-schema-graph\">{\"@context\":\"https:\/\/schema.org\",\"@graph\":[{\"@type\":\"WebPage\",\"@id\":\"https:\/\/www.noticiasradioreflejos.com.ar\/2021\/salario-docente-acordaron-aumento-de-608-por-ciento\/\",\"url\":\"https:\/\/www.noticiasradioreflejos.com.ar\/2021\/salario-docente-acordaron-aumento-de-608-por-ciento\/\",\"name\":\"Salario docente: acordaron aumento de 60,8 por ciento - Noticias Radio Reflejos\",\"isPartOf\":{\"@id\":\"https:\/\/www.noticiasradioreflejos.com.ar\/2021\/#website\"},\"datePublished\":\"2022-06-10T19:18:38+00:00\",\"author\":{\"@id\":\"https:\/\/www.noticiasradioreflejos.com.ar\/2021\/#\/schema\/person\/ad82545263dcc5ec0996818884fd5fb1\"},\"breadcrumb\":{\"@id\":\"https:\/\/www.noticiasradioreflejos.com.ar\/2021\/salario-docente-acordaron-aumento-de-608-por-ciento\/#breadcrumb\"},\"inLanguage\":\"es\",\"potentialAction\":[{\"@type\":\"ReadAction\",\"target\":[\"https:\/\/www.noticiasradioreflejos.com.ar\/2021\/salario-docente-acordaron-aumento-de-608-por-ciento\/\"]}]},{\"@type\":\"BreadcrumbList\",\"@id\":\"https:\/\/www.noticiasradioreflejos.com.ar\/2021\/salario-docente-acordaron-aumento-de-608-por-ciento\/#breadcrumb\",\"itemListElement\":[{\"@type\":\"ListItem\",\"position\":1,\"name\":\"Portada\",\"item\":\"https:\/\/www.noticiasradioreflejos.com.ar\/2021\/\"},{\"@type\":\"ListItem\",\"position\":2,\"name\":\"Salario docente: acordaron aumento de 60,8 por ciento\"}]},{\"@type\":\"WebSite\",\"@id\":\"https:\/\/www.noticiasradioreflejos.com.ar\/2021\/#website\",\"url\":\"https:\/\/www.noticiasradioreflejos.com.ar\/2021\/\",\"name\":\"Noticias Radio Reflejos\",\"description\":\"Las noticias de mi comarca\",\"potentialAction\":[{\"@type\":\"SearchAction\",\"target\":{\"@type\":\"EntryPoint\",\"urlTemplate\":\"https:\/\/www.noticiasradioreflejos.com.ar\/2021\/?s={search_term_string}\"},\"query-input\":{\"@type\":\"PropertyValueSpecification\",\"valueRequired\":true,\"valueName\":\"search_term_string\"}}],\"inLanguage\":\"es\"},{\"@type\":\"Person\",\"@id\":\"https:\/\/www.noticiasradioreflejos.com.ar\/2021\/#\/schema\/person\/ad82545263dcc5ec0996818884fd5fb1\",\"name\":\"Arnaldo Botto\",\"image\":{\"@type\":\"ImageObject\",\"inLanguage\":\"es\",\"@id\":\"https:\/\/www.noticiasradioreflejos.com.ar\/2021\/#\/schema\/person\/image\/\",\"url\":\"https:\/\/secure.gravatar.com\/avatar\/55cb5e37c1efa326397366e6974cb338056df65cb50e7d64d1cf314e87504837?s=96&d=mm&r=g\",\"contentUrl\":\"https:\/\/secure.gravatar.com\/avatar\/55cb5e37c1efa326397366e6974cb338056df65cb50e7d64d1cf314e87504837?s=96&d=mm&r=g\",\"caption\":\"Arnaldo Botto\"},\"url\":\"https:\/\/www.noticiasradioreflejos.com.ar\/2021\/author\/arnaldo\/\"}]}<\/script>\n<!-- \/ Yoast SEO plugin. -->","yoast_head_json":{"title":"Salario docente: acordaron aumento de 60,8 por ciento - Noticias Radio Reflejos","robots":{"index":"index","follow":"follow","max-snippet":"max-snippet:-1","max-image-preview":"max-image-preview:large","max-video-preview":"max-video-preview:-1"},"canonical":"https:\/\/www.noticiasradioreflejos.com.ar\/2021\/salario-docente-acordaron-aumento-de-608-por-ciento\/","og_locale":"es_ES","og_type":"article","og_title":"Salario docente: acordaron aumento de 60,8 por ciento - Noticias Radio Reflejos","og_description":"Por la fuerte presi\u00f3n inflacionaria, el gobierno nacional se volvi\u00f3 a sentar hoy con los representantes de los gremios docentes en la reapertura de la paritaria. Tras la reuni\u00f3n, el ministro de Educaci\u00f3n, Jaime Perczyk, acord\u00f3 con los sindicalistas adelantar los tramos de aumento para alcanzar una suba del 60,8% en diciembre.","og_url":"https:\/\/www.noticiasradioreflejos.com.ar\/2021\/salario-docente-acordaron-aumento-de-608-por-ciento\/","og_site_name":"Noticias Radio Reflejos","article_published_time":"2022-06-10T19:18:38+00:00","og_image":[{"width":300,"height":200,"url":"https:\/\/www.noticiasradioreflejos.com.ar\/2021\/wp-content\/uploads\/2021\/07\/logosol300x200.png","type":"image\/png"}],"author":"Arnaldo Botto","twitter_card":"summary_large_image","schema":{"@context":"https:\/\/schema.org","@graph":[{"@type":"WebPage","@id":"https:\/\/www.noticiasradioreflejos.com.ar\/2021\/salario-docente-acordaron-aumento-de-608-por-ciento\/","url":"https:\/\/www.noticiasradioreflejos.com.ar\/2021\/salario-docente-acordaron-aumento-de-608-por-ciento\/","name":"Salario docente: acordaron aumento de 60,8 por ciento - Noticias Radio Reflejos","isPartOf":{"@id":"https:\/\/www.noticiasradioreflejos.com.ar\/2021\/#website"},"datePublished":"2022-06-10T19:18:38+00:00","author":{"@id":"https:\/\/www.noticiasradioreflejos.com.ar\/2021\/#\/schema\/person\/ad82545263dcc5ec0996818884fd5fb1"},"breadcrumb":{"@id":"https:\/\/www.noticiasradioreflejos.com.ar\/2021\/salario-docente-acordaron-aumento-de-608-por-ciento\/#breadcrumb"},"inLanguage":"es","potentialAction":[{"@type":"ReadAction","target":["https:\/\/www.noticiasradioreflejos.com.ar\/2021\/salario-docente-acordaron-aumento-de-608-por-ciento\/"]}]},{"@type":"BreadcrumbList","@id":"https:\/\/www.noticiasradioreflejos.com.ar\/2021\/salario-docente-acordaron-aumento-de-608-por-ciento\/#breadcrumb","itemListElement":[{"@type":"ListItem","position":1,"name":"Portada","item":"https:\/\/www.noticiasradioreflejos.com.ar\/2021\/"},{"@type":"ListItem","position":2,"name":"Salario docente: acordaron aumento de 60,8 por ciento"}]},{"@type":"WebSite","@id":"https:\/\/www.noticiasradioreflejos.com.ar\/2021\/#website","url":"https:\/\/www.noticiasradioreflejos.com.ar\/2021\/","name":"Noticias Radio Reflejos","description":"Las noticias de mi comarca","potentialAction":[{"@type":"SearchAction","target":{"@type":"EntryPoint","urlTemplate":"https:\/\/www.noticiasradioreflejos.com.ar\/2021\/?s={search_term_string}"},"query-input":{"@type":"PropertyValueSpecification","valueRequired":true,"valueName":"search_term_string"}}],"inLanguage":"es"},{"@type":"Person","@id":"https:\/\/www.noticiasradioreflejos.com.ar\/2021\/#\/schema\/person\/ad82545263dcc5ec0996818884fd5fb1","name":"Arnaldo Botto","image":{"@type":"ImageObject","inLanguage":"es","@id":"https:\/\/www.noticiasradioreflejos.com.ar\/2021\/#\/schema\/person\/image\/","url":"https:\/\/secure.gravatar.com\/avatar\/55cb5e37c1efa326397366e6974cb338056df65cb50e7d64d1cf314e87504837?s=96&d=mm&r=g","contentUrl":"https:\/\/secure.gravatar.com\/avatar\/55cb5e37c1efa326397366e6974cb338056df65cb50e7d64d1cf314e87504837?s=96&d=mm&r=g","caption":"Arnaldo Botto"},"url":"https:\/\/www.noticiasradioreflejos.com.ar\/2021\/author\/arnaldo\/"}]}},"_links":{"self":[{"href":"https:\/\/www.noticiasradioreflejos.com.ar\/2021\/wp-json\/wp\/v2\/posts\/73632","targetHints":{"allow":["GET"]}}],"collection":[{"href":"https:\/\/www.noticiasradioreflejos.com.ar\/2021\/wp-json\/wp\/v2\/posts"}],"about":[{"href":"https:\/\/www.noticiasradioreflejos.com.ar\/2021\/wp-json\/wp\/v2\/types\/post"}],"author":[{"embeddable":true,"href":"https:\/\/www.noticiasradioreflejos.com.ar\/2021\/wp-json\/wp\/v2\/users\/3"}],"replies":[{"embeddable":true,"href":"https:\/\/www.noticiasradioreflejos.com.ar\/2021\/wp-json\/wp\/v2\/comments?post=73632"}],"version-history":[{"count":1,"href":"https:\/\/www.noticiasradioreflejos.com.ar\/2021\/wp-json\/wp\/v2\/posts\/73632\/revisions"}],"predecessor-version":[{"id":73634,"href":"https:\/\/www.noticiasradioreflejos.com.ar\/2021\/wp-json\/wp\/v2\/posts\/73632\/revisions\/73634"}],"wp:attachment":[{"href":"https:\/\/www.noticiasradioreflejos.com.ar\/2021\/wp-json\/wp\/v2\/media?parent=73632"}],"wp:term":[{"taxonomy":"category","embeddable":true,"href":"https:\/\/www.noticiasradioreflejos.com.ar\/2021\/wp-json\/wp\/v2\/categories?post=73632"},{"taxonomy":"post_tag","embeddable":true,"href":"https:\/\/www.noticiasradioreflejos.com.ar\/2021\/wp-json\/wp\/v2\/tags?post=73632"}],"curies":[{"name":"wp","href":"https:\/\/api.w.org\/{rel}","templated":true}]}}