{"id":73594,"date":"2022-06-10T17:29:56","date_gmt":"2022-06-10T17:29:56","guid":{"rendered":"http:\/\/www.noticiasradioreflejos.com.ar\/2021\/?p=73594"},"modified":"2022-06-10T17:29:56","modified_gmt":"2022-06-10T17:29:56","slug":"accidente-en-la-ruta-33-a-la-altura-del-el-jaguelito","status":"publish","type":"post","link":"https:\/\/www.noticiasradioreflejos.com.ar\/2021\/accidente-en-la-ruta-33-a-la-altura-del-el-jaguelito\/","title":{"rendered":"Accidente en la ruta 33 a la altura del \u201cEl Jaguelito\u201d."},"content":{"rendered":"<div class=\"hnoti\">Una Renault Scenic colision\u00f3 con el acoplado de un cami\u00f3n que ingresaba al estacionamiento del lugar. Dos personas trasladadas al Hospital Municipal.<\/div>\n<p><!--more--><\/p>\n<div class=\"text\">\n<p>A la hora 13.02, de este viernes, los bomberos voluntarios fueron alertados por un accidente en el kil\u00f3metro 56 de la ruta nacional 33, a la altura de \u201cEl Jaguelito\u201d.<\/p>\n<p>En ese lugar\u00a0<strong>Mario Alejandro Carrizo(50)<\/strong>\u00a0domiciliado en Fray \u00a0Luis Beltr\u00e1n, departamento de San Lorenzo en Santa Fe, estaba al mando de un cami\u00f3n con acoplado(Vac\u00edo) en sentido Bah\u00eda- Tornquist y pretendi\u00f3 ingresar al estacionamiento para almorzar.<\/p>\n<p>En ese momento, seg\u00fan relato el hombre, un tercer veh\u00edculo que ser\u00eda una camioneta toyota circulaba por la banquina y le impidi\u00f3 por la tierra ver al veh\u00edculo Renault Scenic que manejaba\u00a0<strong>Jos\u00e9 Maria Melo y una mujer\u00a0<\/strong>de acompa\u00f1ante que se dirig\u00edan desde Tornquist a Viedma.<\/p>\n<p>Los ocupantes del auto,\u00a0 domiciliados \u00a0en 12 de Octubre 682 de Tornquist chocaron a la altura de la mitad del acoplado quedando en la banquina.<\/p>\n<p>Tanto el hombre como la mujer, fueron trasladados por el golpe al hospital municipal para su evaluaci\u00f3n. En el veh\u00edculo del lado del acompa\u00f1ante qued\u00f3 la marca del impacto contra uno de los hierros del veh\u00edculo de gran porte.<\/p>\n<p>Una unidad del hospital municipal con personal trabaj\u00f3 en el lugar, como as\u00ed tambi\u00e9n, polic\u00eda vial y comunal en conjunto con los bomberos, dotaci\u00f3n a cargo de Ezequiel Barrag\u00e1n.<\/p>\n<p><iframe loading=\"lazy\" src=\"https:\/\/www.youtube.com\/embed\/7pnOqLYwhAY\" width=\"560\" height=\"314\" allowfullscreen=\"allowfullscreen\" data-mce-fragment=\"1\"><\/iframe><\/p>\n<p><iframe loading=\"lazy\" src=\"https:\/\/www.facebook.com\/plugins\/video.php?height=314&amp;href=https%3A%2F%2Fwww.facebook.com%2Fnoticastornquist%2Fvideos%2F1078906812721745%2F&amp;show_text=false&amp;width=560&amp;t=0\" width=\"560\" height=\"314\" frameborder=\"0\" scrolling=\"no\" allowfullscreen=\"allowfullscreen\" data-mce-fragment=\"1\"><\/iframe><\/p>\n<p>&nbsp;<\/p>\n<\/div>\n<div><img decoding=\"async\" src=\"https:\/\/www.noticiastornquist.com.ar\/imagen.php?imagen=2022-06\/6e6a417a212a46fa81dffd6b4e3e96d7.jpg\" \/><\/p>\n<div><\/div>\n<hr \/>\n<p><img decoding=\"async\" src=\"https:\/\/www.noticiastornquist.com.ar\/imagen.php?imagen=2022-06\/85dc6e19af45467ab19524d7fd20dae5.jpg\" \/><\/p>\n<div><\/div>\n<hr \/>\n<p><img decoding=\"async\" src=\"https:\/\/www.noticiastornquist.com.ar\/imagen.php?imagen=2022-06\/28135c987fc241d48aa39b1f52efba6d.jpg\" \/><\/p>\n<div><\/div>\n<hr \/>\n<p><img decoding=\"async\" src=\"https:\/\/www.noticiastornquist.com.ar\/imagen.php?imagen=2022-06\/c444ba27d92840949e6258107b0d28e3-1.jpg\" \/><\/div>\n","protected":false},"excerpt":{"rendered":"<p>Una Renault Scenic colision\u00f3 con el acoplado de un cami\u00f3n que ingresaba al estacionamiento del lugar. Dos personas trasladadas al Hospital Municipal.<\/p>\n","protected":false},"author":3,"featured_media":0,"comment_status":"closed","ping_status":"closed","sticky":false,"template":"","format":"standard","meta":{"footnotes":""},"categories":[29],"tags":[],"class_list":["post-73594","post","type-post","status-publish","format-standard","hentry","category-policiales"],"yoast_head":"<!-- This site is optimized with the Yoast SEO plugin v25.9 - https:\/\/yoast.com\/wordpress\/plugins\/seo\/ -->\n<title>Accidente en la ruta 33 a la altura del \u201cEl Jaguelito\u201d. - Noticias Radio Reflejos<\/title>\n<meta name=\"robots\" content=\"index, follow, max-snippet:-1, max-image-preview:large, max-video-preview:-1\" \/>\n<link rel=\"canonical\" href=\"https:\/\/www.noticiasradioreflejos.com.ar\/2021\/accidente-en-la-ruta-33-a-la-altura-del-el-jaguelito\/\" \/>\n<meta property=\"og:locale\" content=\"es_ES\" \/>\n<meta property=\"og:type\" content=\"article\" \/>\n<meta property=\"og:title\" content=\"Accidente en la ruta 33 a la altura del \u201cEl Jaguelito\u201d. - Noticias Radio Reflejos\" \/>\n<meta property=\"og:description\" content=\"Una Renault Scenic colision\u00f3 con el acoplado de un cami\u00f3n que ingresaba al estacionamiento del lugar. Dos personas trasladadas al Hospital Municipal.\" \/>\n<meta property=\"og:url\" content=\"https:\/\/www.noticiasradioreflejos.com.ar\/2021\/accidente-en-la-ruta-33-a-la-altura-del-el-jaguelito\/\" \/>\n<meta property=\"og:site_name\" content=\"Noticias Radio Reflejos\" \/>\n<meta property=\"article:published_time\" content=\"2022-06-10T17:29:56+00:00\" \/>\n<meta property=\"og:image\" content=\"https:\/\/www.noticiastornquist.com.ar\/imagen.php?imagen=2022-06\/6e6a417a212a46fa81dffd6b4e3e96d7.jpg\" \/>\n<meta name=\"author\" content=\"Arnaldo Botto\" \/>\n<meta name=\"twitter:card\" content=\"summary_large_image\" \/>\n<script type=\"application\/ld+json\" class=\"yoast-schema-graph\">{\"@context\":\"https:\/\/schema.org\",\"@graph\":[{\"@type\":\"WebPage\",\"@id\":\"https:\/\/www.noticiasradioreflejos.com.ar\/2021\/accidente-en-la-ruta-33-a-la-altura-del-el-jaguelito\/\",\"url\":\"https:\/\/www.noticiasradioreflejos.com.ar\/2021\/accidente-en-la-ruta-33-a-la-altura-del-el-jaguelito\/\",\"name\":\"Accidente en la ruta 33 a la altura del \u201cEl Jaguelito\u201d. - Noticias Radio Reflejos\",\"isPartOf\":{\"@id\":\"https:\/\/www.noticiasradioreflejos.com.ar\/2021\/#website\"},\"primaryImageOfPage\":{\"@id\":\"https:\/\/www.noticiasradioreflejos.com.ar\/2021\/accidente-en-la-ruta-33-a-la-altura-del-el-jaguelito\/#primaryimage\"},\"image\":{\"@id\":\"https:\/\/www.noticiasradioreflejos.com.ar\/2021\/accidente-en-la-ruta-33-a-la-altura-del-el-jaguelito\/#primaryimage\"},\"thumbnailUrl\":\"https:\/\/www.noticiastornquist.com.ar\/imagen.php?imagen=2022-06\/6e6a417a212a46fa81dffd6b4e3e96d7.jpg\",\"datePublished\":\"2022-06-10T17:29:56+00:00\",\"author\":{\"@id\":\"https:\/\/www.noticiasradioreflejos.com.ar\/2021\/#\/schema\/person\/ad82545263dcc5ec0996818884fd5fb1\"},\"breadcrumb\":{\"@id\":\"https:\/\/www.noticiasradioreflejos.com.ar\/2021\/accidente-en-la-ruta-33-a-la-altura-del-el-jaguelito\/#breadcrumb\"},\"inLanguage\":\"es\",\"potentialAction\":[{\"@type\":\"ReadAction\",\"target\":[\"https:\/\/www.noticiasradioreflejos.com.ar\/2021\/accidente-en-la-ruta-33-a-la-altura-del-el-jaguelito\/\"]}]},{\"@type\":\"ImageObject\",\"inLanguage\":\"es\",\"@id\":\"https:\/\/www.noticiasradioreflejos.com.ar\/2021\/accidente-en-la-ruta-33-a-la-altura-del-el-jaguelito\/#primaryimage\",\"url\":\"https:\/\/www.noticiastornquist.com.ar\/imagen.php?imagen=2022-06\/6e6a417a212a46fa81dffd6b4e3e96d7.jpg\",\"contentUrl\":\"https:\/\/www.noticiastornquist.com.ar\/imagen.php?imagen=2022-06\/6e6a417a212a46fa81dffd6b4e3e96d7.jpg\"},{\"@type\":\"BreadcrumbList\",\"@id\":\"https:\/\/www.noticiasradioreflejos.com.ar\/2021\/accidente-en-la-ruta-33-a-la-altura-del-el-jaguelito\/#breadcrumb\",\"itemListElement\":[{\"@type\":\"ListItem\",\"position\":1,\"name\":\"Portada\",\"item\":\"https:\/\/www.noticiasradioreflejos.com.ar\/2021\/\"},{\"@type\":\"ListItem\",\"position\":2,\"name\":\"Accidente en la ruta 33 a la altura del \u201cEl Jaguelito\u201d.\"}]},{\"@type\":\"WebSite\",\"@id\":\"https:\/\/www.noticiasradioreflejos.com.ar\/2021\/#website\",\"url\":\"https:\/\/www.noticiasradioreflejos.com.ar\/2021\/\",\"name\":\"Noticias Radio Reflejos\",\"description\":\"Las noticias de mi comarca\",\"potentialAction\":[{\"@type\":\"SearchAction\",\"target\":{\"@type\":\"EntryPoint\",\"urlTemplate\":\"https:\/\/www.noticiasradioreflejos.com.ar\/2021\/?s={search_term_string}\"},\"query-input\":{\"@type\":\"PropertyValueSpecification\",\"valueRequired\":true,\"valueName\":\"search_term_string\"}}],\"inLanguage\":\"es\"},{\"@type\":\"Person\",\"@id\":\"https:\/\/www.noticiasradioreflejos.com.ar\/2021\/#\/schema\/person\/ad82545263dcc5ec0996818884fd5fb1\",\"name\":\"Arnaldo Botto\",\"image\":{\"@type\":\"ImageObject\",\"inLanguage\":\"es\",\"@id\":\"https:\/\/www.noticiasradioreflejos.com.ar\/2021\/#\/schema\/person\/image\/\",\"url\":\"https:\/\/secure.gravatar.com\/avatar\/55cb5e37c1efa326397366e6974cb338056df65cb50e7d64d1cf314e87504837?s=96&d=mm&r=g\",\"contentUrl\":\"https:\/\/secure.gravatar.com\/avatar\/55cb5e37c1efa326397366e6974cb338056df65cb50e7d64d1cf314e87504837?s=96&d=mm&r=g\",\"caption\":\"Arnaldo Botto\"},\"url\":\"https:\/\/www.noticiasradioreflejos.com.ar\/2021\/author\/arnaldo\/\"}]}<\/script>\n<!-- \/ Yoast SEO plugin. -->","yoast_head_json":{"title":"Accidente en la ruta 33 a la altura del \u201cEl Jaguelito\u201d. - Noticias Radio Reflejos","robots":{"index":"index","follow":"follow","max-snippet":"max-snippet:-1","max-image-preview":"max-image-preview:large","max-video-preview":"max-video-preview:-1"},"canonical":"https:\/\/www.noticiasradioreflejos.com.ar\/2021\/accidente-en-la-ruta-33-a-la-altura-del-el-jaguelito\/","og_locale":"es_ES","og_type":"article","og_title":"Accidente en la ruta 33 a la altura del \u201cEl Jaguelito\u201d. - Noticias Radio Reflejos","og_description":"Una Renault Scenic colision\u00f3 con el acoplado de un cami\u00f3n que ingresaba al estacionamiento del lugar. Dos personas trasladadas al Hospital Municipal.","og_url":"https:\/\/www.noticiasradioreflejos.com.ar\/2021\/accidente-en-la-ruta-33-a-la-altura-del-el-jaguelito\/","og_site_name":"Noticias Radio Reflejos","article_published_time":"2022-06-10T17:29:56+00:00","og_image":[{"url":"https:\/\/www.noticiastornquist.com.ar\/imagen.php?imagen=2022-06\/6e6a417a212a46fa81dffd6b4e3e96d7.jpg","type":"","width":"","height":""}],"author":"Arnaldo Botto","twitter_card":"summary_large_image","schema":{"@context":"https:\/\/schema.org","@graph":[{"@type":"WebPage","@id":"https:\/\/www.noticiasradioreflejos.com.ar\/2021\/accidente-en-la-ruta-33-a-la-altura-del-el-jaguelito\/","url":"https:\/\/www.noticiasradioreflejos.com.ar\/2021\/accidente-en-la-ruta-33-a-la-altura-del-el-jaguelito\/","name":"Accidente en la ruta 33 a la altura del \u201cEl Jaguelito\u201d. - Noticias Radio Reflejos","isPartOf":{"@id":"https:\/\/www.noticiasradioreflejos.com.ar\/2021\/#website"},"primaryImageOfPage":{"@id":"https:\/\/www.noticiasradioreflejos.com.ar\/2021\/accidente-en-la-ruta-33-a-la-altura-del-el-jaguelito\/#primaryimage"},"image":{"@id":"https:\/\/www.noticiasradioreflejos.com.ar\/2021\/accidente-en-la-ruta-33-a-la-altura-del-el-jaguelito\/#primaryimage"},"thumbnailUrl":"https:\/\/www.noticiastornquist.com.ar\/imagen.php?imagen=2022-06\/6e6a417a212a46fa81dffd6b4e3e96d7.jpg","datePublished":"2022-06-10T17:29:56+00:00","author":{"@id":"https:\/\/www.noticiasradioreflejos.com.ar\/2021\/#\/schema\/person\/ad82545263dcc5ec0996818884fd5fb1"},"breadcrumb":{"@id":"https:\/\/www.noticiasradioreflejos.com.ar\/2021\/accidente-en-la-ruta-33-a-la-altura-del-el-jaguelito\/#breadcrumb"},"inLanguage":"es","potentialAction":[{"@type":"ReadAction","target":["https:\/\/www.noticiasradioreflejos.com.ar\/2021\/accidente-en-la-ruta-33-a-la-altura-del-el-jaguelito\/"]}]},{"@type":"ImageObject","inLanguage":"es","@id":"https:\/\/www.noticiasradioreflejos.com.ar\/2021\/accidente-en-la-ruta-33-a-la-altura-del-el-jaguelito\/#primaryimage","url":"https:\/\/www.noticiastornquist.com.ar\/imagen.php?imagen=2022-06\/6e6a417a212a46fa81dffd6b4e3e96d7.jpg","contentUrl":"https:\/\/www.noticiastornquist.com.ar\/imagen.php?imagen=2022-06\/6e6a417a212a46fa81dffd6b4e3e96d7.jpg"},{"@type":"BreadcrumbList","@id":"https:\/\/www.noticiasradioreflejos.com.ar\/2021\/accidente-en-la-ruta-33-a-la-altura-del-el-jaguelito\/#breadcrumb","itemListElement":[{"@type":"ListItem","position":1,"name":"Portada","item":"https:\/\/www.noticiasradioreflejos.com.ar\/2021\/"},{"@type":"ListItem","position":2,"name":"Accidente en la ruta 33 a la altura del \u201cEl Jaguelito\u201d."}]},{"@type":"WebSite","@id":"https:\/\/www.noticiasradioreflejos.com.ar\/2021\/#website","url":"https:\/\/www.noticiasradioreflejos.com.ar\/2021\/","name":"Noticias Radio Reflejos","description":"Las noticias de mi comarca","potentialAction":[{"@type":"SearchAction","target":{"@type":"EntryPoint","urlTemplate":"https:\/\/www.noticiasradioreflejos.com.ar\/2021\/?s={search_term_string}"},"query-input":{"@type":"PropertyValueSpecification","valueRequired":true,"valueName":"search_term_string"}}],"inLanguage":"es"},{"@type":"Person","@id":"https:\/\/www.noticiasradioreflejos.com.ar\/2021\/#\/schema\/person\/ad82545263dcc5ec0996818884fd5fb1","name":"Arnaldo Botto","image":{"@type":"ImageObject","inLanguage":"es","@id":"https:\/\/www.noticiasradioreflejos.com.ar\/2021\/#\/schema\/person\/image\/","url":"https:\/\/secure.gravatar.com\/avatar\/55cb5e37c1efa326397366e6974cb338056df65cb50e7d64d1cf314e87504837?s=96&d=mm&r=g","contentUrl":"https:\/\/secure.gravatar.com\/avatar\/55cb5e37c1efa326397366e6974cb338056df65cb50e7d64d1cf314e87504837?s=96&d=mm&r=g","caption":"Arnaldo Botto"},"url":"https:\/\/www.noticiasradioreflejos.com.ar\/2021\/author\/arnaldo\/"}]}},"_links":{"self":[{"href":"https:\/\/www.noticiasradioreflejos.com.ar\/2021\/wp-json\/wp\/v2\/posts\/73594","targetHints":{"allow":["GET"]}}],"collection":[{"href":"https:\/\/www.noticiasradioreflejos.com.ar\/2021\/wp-json\/wp\/v2\/posts"}],"about":[{"href":"https:\/\/www.noticiasradioreflejos.com.ar\/2021\/wp-json\/wp\/v2\/types\/post"}],"author":[{"embeddable":true,"href":"https:\/\/www.noticiasradioreflejos.com.ar\/2021\/wp-json\/wp\/v2\/users\/3"}],"replies":[{"embeddable":true,"href":"https:\/\/www.noticiasradioreflejos.com.ar\/2021\/wp-json\/wp\/v2\/comments?post=73594"}],"version-history":[{"count":1,"href":"https:\/\/www.noticiasradioreflejos.com.ar\/2021\/wp-json\/wp\/v2\/posts\/73594\/revisions"}],"predecessor-version":[{"id":73596,"href":"https:\/\/www.noticiasradioreflejos.com.ar\/2021\/wp-json\/wp\/v2\/posts\/73594\/revisions\/73596"}],"wp:attachment":[{"href":"https:\/\/www.noticiasradioreflejos.com.ar\/2021\/wp-json\/wp\/v2\/media?parent=73594"}],"wp:term":[{"taxonomy":"category","embeddable":true,"href":"https:\/\/www.noticiasradioreflejos.com.ar\/2021\/wp-json\/wp\/v2\/categories?post=73594"},{"taxonomy":"post_tag","embeddable":true,"href":"https:\/\/www.noticiasradioreflejos.com.ar\/2021\/wp-json\/wp\/v2\/tags?post=73594"}],"curies":[{"name":"wp","href":"https:\/\/api.w.org\/{rel}","templated":true}]}}