{"id":73589,"date":"2022-06-10T17:37:31","date_gmt":"2022-06-10T17:37:31","guid":{"rendered":"http:\/\/www.noticiasradioreflejos.com.ar\/2021\/?p=73589"},"modified":"2022-06-10T17:38:13","modified_gmt":"2022-06-10T17:38:13","slug":"la-escuelita-de-atletismo-organiza-un-baile-para-recaudar-fondos","status":"publish","type":"post","link":"https:\/\/www.noticiasradioreflejos.com.ar\/2021\/la-escuelita-de-atletismo-organiza-un-baile-para-recaudar-fondos\/","title":{"rendered":"La Escuelita de Atletismo organiza un baile para recaudar fondos en Sierra de la Ventana."},"content":{"rendered":"<p>Se dar\u00e1 este s\u00e1bado desde las 20 horas. Hasta hoy pueden adquirirse entradas anticipadas. Vendr\u00e1 un DJ de Bah\u00eda que pasa m\u00fasica en vinilo.<!--more--><\/p>\n<p>No solo es un numeroso grupo de chicos entusiastas del atletismo. De tras de cada criatura hay una familia que apoya y se compromete. Es por eso, que en una nueva movida para juntar fondos, est\u00e1n organizando una actividad para este s\u00e1bado.<\/p>\n<p>Al respecto <strong>Vanesa Weigandt<\/strong> coment\u00f3 que \u201csiempre hay muchos pap\u00e1s dispuestos a colaborar. En esta ocasi\u00f3n se propuso hacer un baile para mayores de 30, con pizzas, alguna picadita, tragos y cerveza. Va a ser a partir de las 20 en el sal\u00f3n Tierra Ventana. Contratamos un DJ de Bah\u00eda que pasa m\u00fasica en vinilo. Tipo 23 la idea es que se arme el baile. La entrada va a estar $500. Anticipadas, que est\u00e1n hasta hoy, sale $400. Hay capacidad m\u00e1xima para 120 personas\u201d.<\/p>\n<p>En otro pasaje de la charla Vanesa coment\u00f3 que \u201chay alrededor de 43 familias solo de Sierra involucradas en la escuelita de atletismo. Se juntan martes y jueves de 19 a 20. Esquiv\u00e1ndole al fr\u00edo, el municipio nos habilit\u00f3 el galp\u00f3n del centro cultural, y si no est\u00e1n afuera. El profe es Nicol\u00e1s Cabral. Para los chicos es muy divertido porque siempre entrenan con distintos elementos\u201d.<\/p>\n<p>Por \u00faltimo confirm\u00f3 que \u201chay un viaje programado para dentro de poco a Carmen de Patagones, y para fin de a\u00f1o ya hay uno programado para Mar del Plata\u201d.<\/p>\n<p><iframe loading=\"lazy\" src=\"https:\/\/w.soundcloud.com\/player\/?url=https%3A\/\/api.soundcloud.com\/tracks\/1284914938&amp;color=%23ff5500&amp;auto_play=false&amp;hide_related=false&amp;show_comments=true&amp;show_user=true&amp;show_reposts=false&amp;show_teaser=true\" width=\"100%\" height=\"166\" frameborder=\"no\" scrolling=\"no\"><\/iframe><\/p>\n<div style=\"font-size: 10px; color: #cccccc; line-break: anywhere; word-break: normal; overflow: hidden; white-space: nowrap; text-overflow: ellipsis; font-family: Interstate,Lucida Grande,Lucida Sans Unicode,Lucida Sans,Garuda,Verdana,Tahoma,sans-serif; font-weight: 100;\"><a style=\"color: #cccccc; text-decoration: none;\" title=\"fmreflejos 103.7\" href=\"https:\/\/soundcloud.com\/fmreflejos-103-7\" target=\"_blank\" rel=\"noopener\">fmreflejos 103.7<\/a> \u00b7 <a style=\"color: #cccccc; text-decoration: none;\" title=\"Vanesa Weigandt\" href=\"https:\/\/soundcloud.com\/fmreflejos-103-7\/vanesa-weigan\" target=\"_blank\" rel=\"noopener\">Vanesa Weigandt<\/a><\/div>\n","protected":false},"excerpt":{"rendered":"<p>Se dar\u00e1 este s\u00e1bado desde las 20 horas. Hasta hoy pueden adquirirse entradas anticipadas. Vendr\u00e1 un DJ de Bah\u00eda que pasa m\u00fasica en vinilo.<\/p>\n","protected":false},"author":3,"featured_media":0,"comment_status":"closed","ping_status":"closed","sticky":false,"template":"","format":"standard","meta":{"footnotes":""},"categories":[26],"tags":[],"class_list":["post-73589","post","type-post","status-publish","format-standard","hentry","category-sociedad"],"yoast_head":"<!-- This site is optimized with the Yoast SEO plugin v25.9 - https:\/\/yoast.com\/wordpress\/plugins\/seo\/ -->\n<title>La Escuelita de Atletismo organiza un baile para recaudar fondos en Sierra de la Ventana. - Noticias Radio Reflejos<\/title>\n<meta name=\"robots\" content=\"index, follow, max-snippet:-1, max-image-preview:large, max-video-preview:-1\" \/>\n<link rel=\"canonical\" href=\"https:\/\/www.noticiasradioreflejos.com.ar\/2021\/la-escuelita-de-atletismo-organiza-un-baile-para-recaudar-fondos\/\" \/>\n<meta property=\"og:locale\" content=\"es_ES\" \/>\n<meta property=\"og:type\" content=\"article\" \/>\n<meta property=\"og:title\" content=\"La Escuelita de Atletismo organiza un baile para recaudar fondos en Sierra de la Ventana. - Noticias Radio Reflejos\" \/>\n<meta property=\"og:description\" content=\"Se dar\u00e1 este s\u00e1bado desde las 20 horas. Hasta hoy pueden adquirirse entradas anticipadas. Vendr\u00e1 un DJ de Bah\u00eda que pasa m\u00fasica en vinilo.\" \/>\n<meta property=\"og:url\" content=\"https:\/\/www.noticiasradioreflejos.com.ar\/2021\/la-escuelita-de-atletismo-organiza-un-baile-para-recaudar-fondos\/\" \/>\n<meta property=\"og:site_name\" content=\"Noticias Radio Reflejos\" \/>\n<meta property=\"article:published_time\" content=\"2022-06-10T17:37:31+00:00\" \/>\n<meta property=\"article:modified_time\" content=\"2022-06-10T17:38:13+00:00\" \/>\n<meta property=\"og:image\" content=\"https:\/\/www.noticiasradioreflejos.com.ar\/2021\/wp-content\/uploads\/2021\/07\/logosol300x200.png\" \/>\n\t<meta property=\"og:image:width\" content=\"300\" \/>\n\t<meta property=\"og:image:height\" content=\"200\" \/>\n\t<meta property=\"og:image:type\" content=\"image\/png\" \/>\n<meta name=\"author\" content=\"Arnaldo Botto\" \/>\n<meta name=\"twitter:card\" content=\"summary_large_image\" \/>\n<script type=\"application\/ld+json\" class=\"yoast-schema-graph\">{\"@context\":\"https:\/\/schema.org\",\"@graph\":[{\"@type\":\"WebPage\",\"@id\":\"https:\/\/www.noticiasradioreflejos.com.ar\/2021\/la-escuelita-de-atletismo-organiza-un-baile-para-recaudar-fondos\/\",\"url\":\"https:\/\/www.noticiasradioreflejos.com.ar\/2021\/la-escuelita-de-atletismo-organiza-un-baile-para-recaudar-fondos\/\",\"name\":\"La Escuelita de Atletismo organiza un baile para recaudar fondos en Sierra de la Ventana. - Noticias Radio Reflejos\",\"isPartOf\":{\"@id\":\"https:\/\/www.noticiasradioreflejos.com.ar\/2021\/#website\"},\"datePublished\":\"2022-06-10T17:37:31+00:00\",\"dateModified\":\"2022-06-10T17:38:13+00:00\",\"author\":{\"@id\":\"https:\/\/www.noticiasradioreflejos.com.ar\/2021\/#\/schema\/person\/ad82545263dcc5ec0996818884fd5fb1\"},\"breadcrumb\":{\"@id\":\"https:\/\/www.noticiasradioreflejos.com.ar\/2021\/la-escuelita-de-atletismo-organiza-un-baile-para-recaudar-fondos\/#breadcrumb\"},\"inLanguage\":\"es\",\"potentialAction\":[{\"@type\":\"ReadAction\",\"target\":[\"https:\/\/www.noticiasradioreflejos.com.ar\/2021\/la-escuelita-de-atletismo-organiza-un-baile-para-recaudar-fondos\/\"]}]},{\"@type\":\"BreadcrumbList\",\"@id\":\"https:\/\/www.noticiasradioreflejos.com.ar\/2021\/la-escuelita-de-atletismo-organiza-un-baile-para-recaudar-fondos\/#breadcrumb\",\"itemListElement\":[{\"@type\":\"ListItem\",\"position\":1,\"name\":\"Portada\",\"item\":\"https:\/\/www.noticiasradioreflejos.com.ar\/2021\/\"},{\"@type\":\"ListItem\",\"position\":2,\"name\":\"La Escuelita de Atletismo organiza un baile para recaudar fondos en Sierra de la Ventana.\"}]},{\"@type\":\"WebSite\",\"@id\":\"https:\/\/www.noticiasradioreflejos.com.ar\/2021\/#website\",\"url\":\"https:\/\/www.noticiasradioreflejos.com.ar\/2021\/\",\"name\":\"Noticias Radio Reflejos\",\"description\":\"Las noticias de mi comarca\",\"potentialAction\":[{\"@type\":\"SearchAction\",\"target\":{\"@type\":\"EntryPoint\",\"urlTemplate\":\"https:\/\/www.noticiasradioreflejos.com.ar\/2021\/?s={search_term_string}\"},\"query-input\":{\"@type\":\"PropertyValueSpecification\",\"valueRequired\":true,\"valueName\":\"search_term_string\"}}],\"inLanguage\":\"es\"},{\"@type\":\"Person\",\"@id\":\"https:\/\/www.noticiasradioreflejos.com.ar\/2021\/#\/schema\/person\/ad82545263dcc5ec0996818884fd5fb1\",\"name\":\"Arnaldo Botto\",\"image\":{\"@type\":\"ImageObject\",\"inLanguage\":\"es\",\"@id\":\"https:\/\/www.noticiasradioreflejos.com.ar\/2021\/#\/schema\/person\/image\/\",\"url\":\"https:\/\/secure.gravatar.com\/avatar\/55cb5e37c1efa326397366e6974cb338056df65cb50e7d64d1cf314e87504837?s=96&d=mm&r=g\",\"contentUrl\":\"https:\/\/secure.gravatar.com\/avatar\/55cb5e37c1efa326397366e6974cb338056df65cb50e7d64d1cf314e87504837?s=96&d=mm&r=g\",\"caption\":\"Arnaldo Botto\"},\"url\":\"https:\/\/www.noticiasradioreflejos.com.ar\/2021\/author\/arnaldo\/\"}]}<\/script>\n<!-- \/ Yoast SEO plugin. -->","yoast_head_json":{"title":"La Escuelita de Atletismo organiza un baile para recaudar fondos en Sierra de la Ventana. - Noticias Radio Reflejos","robots":{"index":"index","follow":"follow","max-snippet":"max-snippet:-1","max-image-preview":"max-image-preview:large","max-video-preview":"max-video-preview:-1"},"canonical":"https:\/\/www.noticiasradioreflejos.com.ar\/2021\/la-escuelita-de-atletismo-organiza-un-baile-para-recaudar-fondos\/","og_locale":"es_ES","og_type":"article","og_title":"La Escuelita de Atletismo organiza un baile para recaudar fondos en Sierra de la Ventana. - Noticias Radio Reflejos","og_description":"Se dar\u00e1 este s\u00e1bado desde las 20 horas. Hasta hoy pueden adquirirse entradas anticipadas. Vendr\u00e1 un DJ de Bah\u00eda que pasa m\u00fasica en vinilo.","og_url":"https:\/\/www.noticiasradioreflejos.com.ar\/2021\/la-escuelita-de-atletismo-organiza-un-baile-para-recaudar-fondos\/","og_site_name":"Noticias Radio Reflejos","article_published_time":"2022-06-10T17:37:31+00:00","article_modified_time":"2022-06-10T17:38:13+00:00","og_image":[{"width":300,"height":200,"url":"https:\/\/www.noticiasradioreflejos.com.ar\/2021\/wp-content\/uploads\/2021\/07\/logosol300x200.png","type":"image\/png"}],"author":"Arnaldo Botto","twitter_card":"summary_large_image","schema":{"@context":"https:\/\/schema.org","@graph":[{"@type":"WebPage","@id":"https:\/\/www.noticiasradioreflejos.com.ar\/2021\/la-escuelita-de-atletismo-organiza-un-baile-para-recaudar-fondos\/","url":"https:\/\/www.noticiasradioreflejos.com.ar\/2021\/la-escuelita-de-atletismo-organiza-un-baile-para-recaudar-fondos\/","name":"La Escuelita de Atletismo organiza un baile para recaudar fondos en Sierra de la Ventana. - Noticias Radio Reflejos","isPartOf":{"@id":"https:\/\/www.noticiasradioreflejos.com.ar\/2021\/#website"},"datePublished":"2022-06-10T17:37:31+00:00","dateModified":"2022-06-10T17:38:13+00:00","author":{"@id":"https:\/\/www.noticiasradioreflejos.com.ar\/2021\/#\/schema\/person\/ad82545263dcc5ec0996818884fd5fb1"},"breadcrumb":{"@id":"https:\/\/www.noticiasradioreflejos.com.ar\/2021\/la-escuelita-de-atletismo-organiza-un-baile-para-recaudar-fondos\/#breadcrumb"},"inLanguage":"es","potentialAction":[{"@type":"ReadAction","target":["https:\/\/www.noticiasradioreflejos.com.ar\/2021\/la-escuelita-de-atletismo-organiza-un-baile-para-recaudar-fondos\/"]}]},{"@type":"BreadcrumbList","@id":"https:\/\/www.noticiasradioreflejos.com.ar\/2021\/la-escuelita-de-atletismo-organiza-un-baile-para-recaudar-fondos\/#breadcrumb","itemListElement":[{"@type":"ListItem","position":1,"name":"Portada","item":"https:\/\/www.noticiasradioreflejos.com.ar\/2021\/"},{"@type":"ListItem","position":2,"name":"La Escuelita de Atletismo organiza un baile para recaudar fondos en Sierra de la Ventana."}]},{"@type":"WebSite","@id":"https:\/\/www.noticiasradioreflejos.com.ar\/2021\/#website","url":"https:\/\/www.noticiasradioreflejos.com.ar\/2021\/","name":"Noticias Radio Reflejos","description":"Las noticias de mi comarca","potentialAction":[{"@type":"SearchAction","target":{"@type":"EntryPoint","urlTemplate":"https:\/\/www.noticiasradioreflejos.com.ar\/2021\/?s={search_term_string}"},"query-input":{"@type":"PropertyValueSpecification","valueRequired":true,"valueName":"search_term_string"}}],"inLanguage":"es"},{"@type":"Person","@id":"https:\/\/www.noticiasradioreflejos.com.ar\/2021\/#\/schema\/person\/ad82545263dcc5ec0996818884fd5fb1","name":"Arnaldo Botto","image":{"@type":"ImageObject","inLanguage":"es","@id":"https:\/\/www.noticiasradioreflejos.com.ar\/2021\/#\/schema\/person\/image\/","url":"https:\/\/secure.gravatar.com\/avatar\/55cb5e37c1efa326397366e6974cb338056df65cb50e7d64d1cf314e87504837?s=96&d=mm&r=g","contentUrl":"https:\/\/secure.gravatar.com\/avatar\/55cb5e37c1efa326397366e6974cb338056df65cb50e7d64d1cf314e87504837?s=96&d=mm&r=g","caption":"Arnaldo Botto"},"url":"https:\/\/www.noticiasradioreflejos.com.ar\/2021\/author\/arnaldo\/"}]}},"_links":{"self":[{"href":"https:\/\/www.noticiasradioreflejos.com.ar\/2021\/wp-json\/wp\/v2\/posts\/73589","targetHints":{"allow":["GET"]}}],"collection":[{"href":"https:\/\/www.noticiasradioreflejos.com.ar\/2021\/wp-json\/wp\/v2\/posts"}],"about":[{"href":"https:\/\/www.noticiasradioreflejos.com.ar\/2021\/wp-json\/wp\/v2\/types\/post"}],"author":[{"embeddable":true,"href":"https:\/\/www.noticiasradioreflejos.com.ar\/2021\/wp-json\/wp\/v2\/users\/3"}],"replies":[{"embeddable":true,"href":"https:\/\/www.noticiasradioreflejos.com.ar\/2021\/wp-json\/wp\/v2\/comments?post=73589"}],"version-history":[{"count":3,"href":"https:\/\/www.noticiasradioreflejos.com.ar\/2021\/wp-json\/wp\/v2\/posts\/73589\/revisions"}],"predecessor-version":[{"id":73599,"href":"https:\/\/www.noticiasradioreflejos.com.ar\/2021\/wp-json\/wp\/v2\/posts\/73589\/revisions\/73599"}],"wp:attachment":[{"href":"https:\/\/www.noticiasradioreflejos.com.ar\/2021\/wp-json\/wp\/v2\/media?parent=73589"}],"wp:term":[{"taxonomy":"category","embeddable":true,"href":"https:\/\/www.noticiasradioreflejos.com.ar\/2021\/wp-json\/wp\/v2\/categories?post=73589"},{"taxonomy":"post_tag","embeddable":true,"href":"https:\/\/www.noticiasradioreflejos.com.ar\/2021\/wp-json\/wp\/v2\/tags?post=73589"}],"curies":[{"name":"wp","href":"https:\/\/api.w.org\/{rel}","templated":true}]}}