{"id":73587,"date":"2022-06-10T17:21:30","date_gmt":"2022-06-10T17:21:30","guid":{"rendered":"http:\/\/www.noticiasradioreflejos.com.ar\/2021\/?p=73587"},"modified":"2022-06-10T17:24:25","modified_gmt":"2022-06-10T17:24:25","slug":"si-todo-sale-bien-antes-de-fin-de-ano-tenemos-ampliada-la-subestacion-de-energia","status":"publish","type":"post","link":"https:\/\/www.noticiasradioreflejos.com.ar\/2021\/si-todo-sale-bien-antes-de-fin-de-ano-tenemos-ampliada-la-subestacion-de-energia\/","title":{"rendered":"\u201cSi todo sale bien antes de fin de a\u00f1o tenemos ampliada la subestaci\u00f3n de energ\u00eda\u201d"},"content":{"rendered":"<p>As\u00ed lo confirm\u00f3 el <strong>intendente Sergio Bordoni<\/strong> tras las reuniones mantenidas en La Plata con funcionarios del \u00e1rea. Adem\u00e1s habl\u00f3 del GLP para Villa, nuevos colectivos, la vuelta del tren y los servicios para las manzanas del Procrear.<!--more--><\/p>\n<p><a href=\"http:\/\/www.noticiasradioreflejos.com.ar\/2021\/continuan-las-gestiones-sobre-energia-y-gas-para-el-distrito\/bagsa1\/\" rel=\"attachment wp-att-73562\"><img loading=\"lazy\" decoding=\"async\" class=\"aligncenter size-full wp-image-73562\" src=\"http:\/\/www.noticiasradioreflejos.com.ar\/2021\/wp-content\/uploads\/2022\/06\/bagsa1.jpeg\" alt=\"\" width=\"1280\" height=\"960\" \/><\/a><\/p>\n<p>Tras varios d\u00edas de reuniones en la capital provincial, el saldo es positivo para el intendente Sergio Bordoni. Regresa al distrito con varias certezas, proyectos presentados y en estudio; y un par de confirmaciones rutilantes.<\/p>\n<p>\u201cMe junte con la gente de OCEBA en La Plata y ayer tuve una reuni\u00f3n con BAGSA por la ampliaci\u00f3n de la planta de GLP en Villa Ventana. Si bien estaba prevista una reuni\u00f3n con el Subsecretario de Energ\u00eda, Gast\u00f3n Gioni, por contratiempos de \u00e9l en principio no se dio, pero luego se acerc\u00f3 hasta BAGSA y all\u00ed pudimos hablar\u201d coment\u00f3.<\/p>\n<p>\u201cLo m\u00e1s importante es la preocupaci\u00f3n que tenemos, ya que a\u00fan no estamos en temporada pero ya hay una gran demanda de energ\u00eda, que nos oblig\u00f3 incluso a cortar el alumbrado p\u00fablico en varios horarios. Pedimos un generador de 3 megas para no tener esta problem\u00e1tica y ya est\u00e1 en carpeta\u201d continu\u00f3.<\/p>\n<p>De igual manera recalc\u00f3 que \u201cel Subsecretario nos confirm\u00f3 que si sale todo bien para fin de a\u00f1o tenemos lista la ampliaci\u00f3n de la subestaci\u00f3n de 15 a 30 en la ciudad de Tornquist. De no ser as\u00ed ya se est\u00e1n tomando todos los recaudos para que no nos pase como en este enero. Se est\u00e1 trabajando en estos dos frentes\u201d.<\/p>\n<h4>M\u00e1s conexiones de GLP para Villa<\/h4>\n<p>\u201cBAGSA me dijo que plata no ten\u00edan, pero ahora hay una decisi\u00f3n pol\u00edtica de hacer las obras. Hay que hacer una nueva planta al lado de los seis tubos que tenemos en Villa Ventana. La obra se financiar\u00e1 con dinero de Infraestructura de Provincia. Se colocar\u00edan dos nuevos tanques, lo que equivale a 250 usuarios m\u00e1s. Es una inversi\u00f3n de unos 15 millones de pesos\u201d.<\/p>\n<h4>Planteamiento por dos nuevas l\u00edneas de transporte<\/h4>\n<p>\u201cHicimos una solicitud de agregar l\u00edneas a trav\u00e9s de V\u00eda 51 que tiene flotas para hacerlo. La idea es una l\u00ednea de Tornquist a Bah\u00eda Blanca por la ruta 33 y de Bah\u00eda Blanca a Sierra de la Ventana por la ruta 51. Esas dos frecuencias. Dejamos todo planteado para que se analice. La provincia no tiene m\u00e1s subsidios para darle a las empresas. Dejamos toda la documentaci\u00f3n para que analicen y nos respondan si se puede implementar\u201d.<\/p>\n<h4>La vuelta del tren a Sierra<\/h4>\n<p>\u201cHay una posibilidad con una l\u00ednea que venga con pocos vagones. El inconveniente era la cantidad de horas que deber\u00eda invertir el tren desde Buenos Aires hasta Bah\u00eda Blanca. Se hablaba de unas 18 horas. Entre lunes o martes tendremos un zoom entre los intendentes de Laprida, Pringles y mi persona con autoridades de ferrocarriles. Veremos qu\u00e9 podemos solucionar. A\u00fan no hay nada a ciencia cierta, pero tendremos novedades\u201d.<\/p>\n<h4>Servicios para las manzanas del Procrear<\/h4>\n<p>\u201cMa\u00f1ana a la ma\u00f1ana tengo que ir a H\u00e1bitat y Tierras para terminar de cerrar el proyecto de las 54 viviendas del Procrear que van a ir a tres manzanas que daremos, donde ya est\u00e1n los proyectos de los servicios que ellos van a financiar\u201d.<\/p>\n<p>&nbsp;<\/p>\n<p><iframe loading=\"lazy\" src=\"https:\/\/w.soundcloud.com\/player\/?url=https%3A\/\/api.soundcloud.com\/tracks\/1284558922&amp;color=%23ff5500&amp;auto_play=false&amp;hide_related=false&amp;show_comments=true&amp;show_user=true&amp;show_reposts=false&amp;show_teaser=true\" width=\"100%\" height=\"166\" frameborder=\"no\" scrolling=\"no\"><\/iframe><\/p>\n<div style=\"font-size: 10px; color: #cccccc; line-break: anywhere; word-break: normal; overflow: hidden; white-space: nowrap; text-overflow: ellipsis; font-family: Interstate,Lucida Grande,Lucida Sans Unicode,Lucida Sans,Garuda,Verdana,Tahoma,sans-serif; font-weight: 100;\"><a style=\"color: #cccccc; text-decoration: none;\" title=\"fmreflejos 103.7\" href=\"https:\/\/soundcloud.com\/fmreflejos-103-7\" target=\"_blank\" rel=\"noopener\">fmreflejos 103.7<\/a> \u00b7 <a style=\"color: #cccccc; text-decoration: none;\" title=\"Sergio Bordoni - Gesti\u00f3n Energia Y Trasportes\" href=\"https:\/\/soundcloud.com\/fmreflejos-103-7\/sergio-bordoni-gestion-energia-y-trasportes\" target=\"_blank\" rel=\"noopener\">Sergio Bordoni &#8211; Gesti\u00f3n Energia Y Trasportes<\/a><\/div>\n","protected":false},"excerpt":{"rendered":"<p>As\u00ed lo confirm\u00f3 el intendente Sergio Bordoni tras las reuniones mantenidas en La Plata con funcionarios del \u00e1rea. Adem\u00e1s habl\u00f3 del GLP para Villa, nuevos colectivos, la vuelta del tren y los servicios para las manzanas del Procrear.<\/p>\n","protected":false},"author":3,"featured_media":0,"comment_status":"closed","ping_status":"closed","sticky":false,"template":"","format":"standard","meta":{"footnotes":""},"categories":[58,28],"tags":[48],"class_list":["post-73587","post","type-post","status-publish","format-standard","hentry","category-gobierno","category-municipales","tag-destacada"],"yoast_head":"<!-- This site is optimized with the Yoast SEO plugin v25.9 - https:\/\/yoast.com\/wordpress\/plugins\/seo\/ -->\n<title>\u201cSi todo sale bien antes de fin de a\u00f1o tenemos ampliada la subestaci\u00f3n de energ\u00eda\u201d - Noticias Radio Reflejos<\/title>\n<meta name=\"robots\" content=\"index, follow, max-snippet:-1, max-image-preview:large, max-video-preview:-1\" \/>\n<link rel=\"canonical\" href=\"https:\/\/www.noticiasradioreflejos.com.ar\/2021\/si-todo-sale-bien-antes-de-fin-de-ano-tenemos-ampliada-la-subestacion-de-energia\/\" \/>\n<meta property=\"og:locale\" content=\"es_ES\" \/>\n<meta property=\"og:type\" content=\"article\" \/>\n<meta property=\"og:title\" content=\"\u201cSi todo sale bien antes de fin de a\u00f1o tenemos ampliada la subestaci\u00f3n de energ\u00eda\u201d - Noticias Radio Reflejos\" \/>\n<meta property=\"og:description\" content=\"As\u00ed lo confirm\u00f3 el intendente Sergio Bordoni tras las reuniones mantenidas en La Plata con funcionarios del \u00e1rea. Adem\u00e1s habl\u00f3 del GLP para Villa, nuevos colectivos, la vuelta del tren y los servicios para las manzanas del Procrear.\" \/>\n<meta property=\"og:url\" content=\"https:\/\/www.noticiasradioreflejos.com.ar\/2021\/si-todo-sale-bien-antes-de-fin-de-ano-tenemos-ampliada-la-subestacion-de-energia\/\" \/>\n<meta property=\"og:site_name\" content=\"Noticias Radio Reflejos\" \/>\n<meta property=\"article:published_time\" content=\"2022-06-10T17:21:30+00:00\" \/>\n<meta property=\"article:modified_time\" content=\"2022-06-10T17:24:25+00:00\" \/>\n<meta property=\"og:image\" content=\"http:\/\/www.noticiasradioreflejos.com.ar\/2021\/wp-content\/uploads\/2022\/06\/bagsa1.jpeg\" \/>\n<meta name=\"author\" content=\"Arnaldo Botto\" \/>\n<meta name=\"twitter:card\" content=\"summary_large_image\" \/>\n<script type=\"application\/ld+json\" class=\"yoast-schema-graph\">{\"@context\":\"https:\/\/schema.org\",\"@graph\":[{\"@type\":\"WebPage\",\"@id\":\"https:\/\/www.noticiasradioreflejos.com.ar\/2021\/si-todo-sale-bien-antes-de-fin-de-ano-tenemos-ampliada-la-subestacion-de-energia\/\",\"url\":\"https:\/\/www.noticiasradioreflejos.com.ar\/2021\/si-todo-sale-bien-antes-de-fin-de-ano-tenemos-ampliada-la-subestacion-de-energia\/\",\"name\":\"\u201cSi todo sale bien antes de fin de a\u00f1o tenemos ampliada la subestaci\u00f3n de energ\u00eda\u201d - Noticias Radio Reflejos\",\"isPartOf\":{\"@id\":\"https:\/\/www.noticiasradioreflejos.com.ar\/2021\/#website\"},\"primaryImageOfPage\":{\"@id\":\"https:\/\/www.noticiasradioreflejos.com.ar\/2021\/si-todo-sale-bien-antes-de-fin-de-ano-tenemos-ampliada-la-subestacion-de-energia\/#primaryimage\"},\"image\":{\"@id\":\"https:\/\/www.noticiasradioreflejos.com.ar\/2021\/si-todo-sale-bien-antes-de-fin-de-ano-tenemos-ampliada-la-subestacion-de-energia\/#primaryimage\"},\"thumbnailUrl\":\"http:\/\/www.noticiasradioreflejos.com.ar\/2021\/wp-content\/uploads\/2022\/06\/bagsa1.jpeg\",\"datePublished\":\"2022-06-10T17:21:30+00:00\",\"dateModified\":\"2022-06-10T17:24:25+00:00\",\"author\":{\"@id\":\"https:\/\/www.noticiasradioreflejos.com.ar\/2021\/#\/schema\/person\/ad82545263dcc5ec0996818884fd5fb1\"},\"breadcrumb\":{\"@id\":\"https:\/\/www.noticiasradioreflejos.com.ar\/2021\/si-todo-sale-bien-antes-de-fin-de-ano-tenemos-ampliada-la-subestacion-de-energia\/#breadcrumb\"},\"inLanguage\":\"es\",\"potentialAction\":[{\"@type\":\"ReadAction\",\"target\":[\"https:\/\/www.noticiasradioreflejos.com.ar\/2021\/si-todo-sale-bien-antes-de-fin-de-ano-tenemos-ampliada-la-subestacion-de-energia\/\"]}]},{\"@type\":\"ImageObject\",\"inLanguage\":\"es\",\"@id\":\"https:\/\/www.noticiasradioreflejos.com.ar\/2021\/si-todo-sale-bien-antes-de-fin-de-ano-tenemos-ampliada-la-subestacion-de-energia\/#primaryimage\",\"url\":\"\",\"contentUrl\":\"\"},{\"@type\":\"BreadcrumbList\",\"@id\":\"https:\/\/www.noticiasradioreflejos.com.ar\/2021\/si-todo-sale-bien-antes-de-fin-de-ano-tenemos-ampliada-la-subestacion-de-energia\/#breadcrumb\",\"itemListElement\":[{\"@type\":\"ListItem\",\"position\":1,\"name\":\"Portada\",\"item\":\"https:\/\/www.noticiasradioreflejos.com.ar\/2021\/\"},{\"@type\":\"ListItem\",\"position\":2,\"name\":\"\u201cSi todo sale bien antes de fin de a\u00f1o tenemos ampliada la subestaci\u00f3n de energ\u00eda\u201d\"}]},{\"@type\":\"WebSite\",\"@id\":\"https:\/\/www.noticiasradioreflejos.com.ar\/2021\/#website\",\"url\":\"https:\/\/www.noticiasradioreflejos.com.ar\/2021\/\",\"name\":\"Noticias Radio Reflejos\",\"description\":\"Las noticias de mi comarca\",\"potentialAction\":[{\"@type\":\"SearchAction\",\"target\":{\"@type\":\"EntryPoint\",\"urlTemplate\":\"https:\/\/www.noticiasradioreflejos.com.ar\/2021\/?s={search_term_string}\"},\"query-input\":{\"@type\":\"PropertyValueSpecification\",\"valueRequired\":true,\"valueName\":\"search_term_string\"}}],\"inLanguage\":\"es\"},{\"@type\":\"Person\",\"@id\":\"https:\/\/www.noticiasradioreflejos.com.ar\/2021\/#\/schema\/person\/ad82545263dcc5ec0996818884fd5fb1\",\"name\":\"Arnaldo Botto\",\"image\":{\"@type\":\"ImageObject\",\"inLanguage\":\"es\",\"@id\":\"https:\/\/www.noticiasradioreflejos.com.ar\/2021\/#\/schema\/person\/image\/\",\"url\":\"https:\/\/secure.gravatar.com\/avatar\/55cb5e37c1efa326397366e6974cb338056df65cb50e7d64d1cf314e87504837?s=96&d=mm&r=g\",\"contentUrl\":\"https:\/\/secure.gravatar.com\/avatar\/55cb5e37c1efa326397366e6974cb338056df65cb50e7d64d1cf314e87504837?s=96&d=mm&r=g\",\"caption\":\"Arnaldo Botto\"},\"url\":\"https:\/\/www.noticiasradioreflejos.com.ar\/2021\/author\/arnaldo\/\"}]}<\/script>\n<!-- \/ Yoast SEO plugin. -->","yoast_head_json":{"title":"\u201cSi todo sale bien antes de fin de a\u00f1o tenemos ampliada la subestaci\u00f3n de energ\u00eda\u201d - Noticias Radio Reflejos","robots":{"index":"index","follow":"follow","max-snippet":"max-snippet:-1","max-image-preview":"max-image-preview:large","max-video-preview":"max-video-preview:-1"},"canonical":"https:\/\/www.noticiasradioreflejos.com.ar\/2021\/si-todo-sale-bien-antes-de-fin-de-ano-tenemos-ampliada-la-subestacion-de-energia\/","og_locale":"es_ES","og_type":"article","og_title":"\u201cSi todo sale bien antes de fin de a\u00f1o tenemos ampliada la subestaci\u00f3n de energ\u00eda\u201d - Noticias Radio Reflejos","og_description":"As\u00ed lo confirm\u00f3 el intendente Sergio Bordoni tras las reuniones mantenidas en La Plata con funcionarios del \u00e1rea. Adem\u00e1s habl\u00f3 del GLP para Villa, nuevos colectivos, la vuelta del tren y los servicios para las manzanas del Procrear.","og_url":"https:\/\/www.noticiasradioreflejos.com.ar\/2021\/si-todo-sale-bien-antes-de-fin-de-ano-tenemos-ampliada-la-subestacion-de-energia\/","og_site_name":"Noticias Radio Reflejos","article_published_time":"2022-06-10T17:21:30+00:00","article_modified_time":"2022-06-10T17:24:25+00:00","og_image":[{"url":"http:\/\/www.noticiasradioreflejos.com.ar\/2021\/wp-content\/uploads\/2022\/06\/bagsa1.jpeg","type":"","width":"","height":""}],"author":"Arnaldo Botto","twitter_card":"summary_large_image","schema":{"@context":"https:\/\/schema.org","@graph":[{"@type":"WebPage","@id":"https:\/\/www.noticiasradioreflejos.com.ar\/2021\/si-todo-sale-bien-antes-de-fin-de-ano-tenemos-ampliada-la-subestacion-de-energia\/","url":"https:\/\/www.noticiasradioreflejos.com.ar\/2021\/si-todo-sale-bien-antes-de-fin-de-ano-tenemos-ampliada-la-subestacion-de-energia\/","name":"\u201cSi todo sale bien antes de fin de a\u00f1o tenemos ampliada la subestaci\u00f3n de energ\u00eda\u201d - Noticias Radio Reflejos","isPartOf":{"@id":"https:\/\/www.noticiasradioreflejos.com.ar\/2021\/#website"},"primaryImageOfPage":{"@id":"https:\/\/www.noticiasradioreflejos.com.ar\/2021\/si-todo-sale-bien-antes-de-fin-de-ano-tenemos-ampliada-la-subestacion-de-energia\/#primaryimage"},"image":{"@id":"https:\/\/www.noticiasradioreflejos.com.ar\/2021\/si-todo-sale-bien-antes-de-fin-de-ano-tenemos-ampliada-la-subestacion-de-energia\/#primaryimage"},"thumbnailUrl":"http:\/\/www.noticiasradioreflejos.com.ar\/2021\/wp-content\/uploads\/2022\/06\/bagsa1.jpeg","datePublished":"2022-06-10T17:21:30+00:00","dateModified":"2022-06-10T17:24:25+00:00","author":{"@id":"https:\/\/www.noticiasradioreflejos.com.ar\/2021\/#\/schema\/person\/ad82545263dcc5ec0996818884fd5fb1"},"breadcrumb":{"@id":"https:\/\/www.noticiasradioreflejos.com.ar\/2021\/si-todo-sale-bien-antes-de-fin-de-ano-tenemos-ampliada-la-subestacion-de-energia\/#breadcrumb"},"inLanguage":"es","potentialAction":[{"@type":"ReadAction","target":["https:\/\/www.noticiasradioreflejos.com.ar\/2021\/si-todo-sale-bien-antes-de-fin-de-ano-tenemos-ampliada-la-subestacion-de-energia\/"]}]},{"@type":"ImageObject","inLanguage":"es","@id":"https:\/\/www.noticiasradioreflejos.com.ar\/2021\/si-todo-sale-bien-antes-de-fin-de-ano-tenemos-ampliada-la-subestacion-de-energia\/#primaryimage","url":"","contentUrl":""},{"@type":"BreadcrumbList","@id":"https:\/\/www.noticiasradioreflejos.com.ar\/2021\/si-todo-sale-bien-antes-de-fin-de-ano-tenemos-ampliada-la-subestacion-de-energia\/#breadcrumb","itemListElement":[{"@type":"ListItem","position":1,"name":"Portada","item":"https:\/\/www.noticiasradioreflejos.com.ar\/2021\/"},{"@type":"ListItem","position":2,"name":"\u201cSi todo sale bien antes de fin de a\u00f1o tenemos ampliada la subestaci\u00f3n de energ\u00eda\u201d"}]},{"@type":"WebSite","@id":"https:\/\/www.noticiasradioreflejos.com.ar\/2021\/#website","url":"https:\/\/www.noticiasradioreflejos.com.ar\/2021\/","name":"Noticias Radio Reflejos","description":"Las noticias de mi comarca","potentialAction":[{"@type":"SearchAction","target":{"@type":"EntryPoint","urlTemplate":"https:\/\/www.noticiasradioreflejos.com.ar\/2021\/?s={search_term_string}"},"query-input":{"@type":"PropertyValueSpecification","valueRequired":true,"valueName":"search_term_string"}}],"inLanguage":"es"},{"@type":"Person","@id":"https:\/\/www.noticiasradioreflejos.com.ar\/2021\/#\/schema\/person\/ad82545263dcc5ec0996818884fd5fb1","name":"Arnaldo Botto","image":{"@type":"ImageObject","inLanguage":"es","@id":"https:\/\/www.noticiasradioreflejos.com.ar\/2021\/#\/schema\/person\/image\/","url":"https:\/\/secure.gravatar.com\/avatar\/55cb5e37c1efa326397366e6974cb338056df65cb50e7d64d1cf314e87504837?s=96&d=mm&r=g","contentUrl":"https:\/\/secure.gravatar.com\/avatar\/55cb5e37c1efa326397366e6974cb338056df65cb50e7d64d1cf314e87504837?s=96&d=mm&r=g","caption":"Arnaldo Botto"},"url":"https:\/\/www.noticiasradioreflejos.com.ar\/2021\/author\/arnaldo\/"}]}},"_links":{"self":[{"href":"https:\/\/www.noticiasradioreflejos.com.ar\/2021\/wp-json\/wp\/v2\/posts\/73587","targetHints":{"allow":["GET"]}}],"collection":[{"href":"https:\/\/www.noticiasradioreflejos.com.ar\/2021\/wp-json\/wp\/v2\/posts"}],"about":[{"href":"https:\/\/www.noticiasradioreflejos.com.ar\/2021\/wp-json\/wp\/v2\/types\/post"}],"author":[{"embeddable":true,"href":"https:\/\/www.noticiasradioreflejos.com.ar\/2021\/wp-json\/wp\/v2\/users\/3"}],"replies":[{"embeddable":true,"href":"https:\/\/www.noticiasradioreflejos.com.ar\/2021\/wp-json\/wp\/v2\/comments?post=73587"}],"version-history":[{"count":4,"href":"https:\/\/www.noticiasradioreflejos.com.ar\/2021\/wp-json\/wp\/v2\/posts\/73587\/revisions"}],"predecessor-version":[{"id":73593,"href":"https:\/\/www.noticiasradioreflejos.com.ar\/2021\/wp-json\/wp\/v2\/posts\/73587\/revisions\/73593"}],"wp:attachment":[{"href":"https:\/\/www.noticiasradioreflejos.com.ar\/2021\/wp-json\/wp\/v2\/media?parent=73587"}],"wp:term":[{"taxonomy":"category","embeddable":true,"href":"https:\/\/www.noticiasradioreflejos.com.ar\/2021\/wp-json\/wp\/v2\/categories?post=73587"},{"taxonomy":"post_tag","embeddable":true,"href":"https:\/\/www.noticiasradioreflejos.com.ar\/2021\/wp-json\/wp\/v2\/tags?post=73587"}],"curies":[{"name":"wp","href":"https:\/\/api.w.org\/{rel}","templated":true}]}}