{"id":73580,"date":"2022-06-10T14:40:35","date_gmt":"2022-06-10T14:40:35","guid":{"rendered":"http:\/\/www.noticiasradioreflejos.com.ar\/2021\/?p=73580"},"modified":"2022-06-10T14:40:35","modified_gmt":"2022-06-10T14:40:35","slug":"las-fotos-recuperadas-de-malvinas","status":"publish","type":"post","link":"https:\/\/www.noticiasradioreflejos.com.ar\/2021\/las-fotos-recuperadas-de-malvinas\/","title":{"rendered":"Las fotos recuperadas de Malvinas"},"content":{"rendered":"<p>Impresionante documento gr\u00e1fico sobre las im\u00e1genes obtenidas por los enviados especiales de esta agencia a la Guerra de Malvinas, en 1982. Un recorrido hist\u00f3rico para analizar el pasado y, por supuesto, interpelar el presente, en el marco del D\u00eda de la Afirmaci\u00f3n de los Derechos Argentinos sobre las Malvinas, Islas y Sector Ant\u00e1rtico.<!--more--><\/p>\n<figure class=\"mb-3\"><img decoding=\"async\" src=\"https:\/\/www.telam.com.ar\/thumbs\/bluesteel\/advf\/imagenes\/2022\/06\/629e9a750b211_900.jpg\" alt=\"Telam SE\" width=\"100%\" height=\"100%\" \/><\/p>\n<div class=\"media-icons\"><\/div><figcaption><\/figcaption><\/figure>\n<p><strong>T\u00e9lam\u00a0<\/strong>inici\u00f3 un proceso de\u00a0<strong>recuperaci\u00f3n de su archivo y apertura<\/strong>\u00a0a la comunidad de las fotograf\u00edas obtenidas por sus enviados especiales a la Islas Malvinas durante la guerra de 1982. Se trata de un material exclusivo, en muchos casos jam\u00e1s publicado, sobre los momentos clave del conflicto, la vida cotidiana de los isle\u00f1os y la situaci\u00f3n de los soldados argentinos en las trincheras.<\/p>\n<p><strong>\u201cLas fotos recuperadas de Malvinas\u201d<\/strong>\u00a0es un documento de incuestionable valor hist\u00f3rico, que esta agencia comienza a difundir desde el sitio\u00a0<a href=\"https:\/\/www.telam.com.ar\/fotos_malvinas\" target=\"_blank\" rel=\"noopener\">telam.com.ar\/fotos_malvinas<\/a>, a 40 a\u00f1os de la guerra y en conmemoraci\u00f3n al\u00a0<strong>D\u00eda de la Afirmaci\u00f3n de los Derechos Argentinos sobre las Malvinas, Islas y Sector Ant\u00e1rtico.<\/strong><\/p>\n<figure class=\"mb-3\"><img decoding=\"async\" src=\"https:\/\/www.telam.com.ar\/thumbs\/bluesteel\/advf\/imagenes\/2022\/06\/629e9a6789825_900.jpg\" alt=\"Telam SE\" width=\"100%\" height=\"100%\" \/><\/p>\n<div class=\"media-icons\"><\/div><figcaption><\/figcaption><\/figure>\n<p>El archivo sobre la Guerra de Malvinas est\u00e1 integrado por un conjunto de\u00a0<strong>2.250 fotograf\u00edas<\/strong>, que fueron digitalizadas por el\u00a0<strong>Archivo Nacional de la Memoria (ANM)<\/strong>\u00a0a partir de un convenio de trabajo conjunto firmado en 2012, oportunamente renovado en 2021 por la presidenta de T\u00e9lam,\u00a0<strong>Bernarda Llorente.<\/strong><\/p>\n<p><iframe id=\"instagram-embed-0\" class=\"instagram-media instagram-media-rendered\" src=\"https:\/\/www.instagram.com\/reel\/CemHEQ-OBPm\/embed\/captioned\/?cr=1&amp;v=14&amp;wp=540&amp;rd=https%3A%2F%2Fwww.telam.com.ar&amp;rp=%2Fnotas%2F202206%2F594778-las-fotos-recuperadas-de-malvinas.html#%7B%22ci%22%3A0%2C%22os%22%3A1185.4000000022352%2C%22ls%22%3A488.30000000074506%2C%22le%22%3A1172.9000000022352%7D\" height=\"1360\" frameborder=\"0\" scrolling=\"no\" allowfullscreen=\"allowfullscreen\" data-instgrm-payload-id=\"instagram-media-payload-0\" data-mce-fragment=\"1\"><\/iframe><\/p>\n<p>El rescate de las fotos de Malvinas es un proceso que contin\u00faa en pleno desarrollo en el Archivo Fotogr\u00e1fico de la agencia, con un minucioso trabajo de identificaci\u00f3n, orden y registro en el que participan Luis Ram\u00edrez, Walter Romero, Sabino Cabrera, Emilia Luna Baz\u00e1n, Carla Goncalvez, Luis Pozzi, Rodrigo Balbuena, Lorena Olivera, Vanesa G\u00f3mez, Aylin Loponte, Julia Cao; bajo la coordinaci\u00f3n documental de Anal\u00eda Garelli, Guadalupe Basualdo y Mariana Torres.<\/p>\n<figure class=\"mb-3\"><img decoding=\"async\" src=\"https:\/\/www.telam.com.ar\/thumbs\/bluesteel\/advf\/imagenes\/2022\/06\/629e9a47b6a3c_900.jpg\" alt=\"Telam SE\" width=\"100%\" height=\"100%\" \/><\/p>\n<div class=\"media-icons\"><\/div><figcaption><\/figcaption><\/figure>\n<p>El informe especial \u201cLas fotos recuperadas de Malvinas\u201d est\u00e1 integrado por\u00a0<strong>diez galer\u00edas<\/strong>\u00a0que describen diferentes momentos del conflicto b\u00e9lico de 1982. En la primera &#8211; \u00ab<strong>El desembarco\u00bb<\/strong>\u00a0&#8211; se incluyen 6 fotos fechadas el 2 de abril, que fueron producidas y difundidas por la Armada. El autor de las im\u00e1genes sobre la llamada \u201cOperaci\u00f3n Rosario\u201d fue Osvaldo Zurlo. Tambi\u00e9n se incluye una fotograf\u00eda falsa de soldados plantando una bandera argentina en las islas, una producci\u00f3n que en realidad se hab\u00eda realizado en la Escuela de Mec\u00e1nica de la Armada (ESMA) para informar sobre la noticia del desembarco.<\/p>\n<p>&nbsp;<\/p>\n<figure class=\"mb-3\"><img decoding=\"async\" src=\"https:\/\/www.telam.com.ar\/thumbs\/bluesteel\/advf\/imagenes\/2022\/06\/629e9a74c0f60_900.jpg\" alt=\"Telam SE\" width=\"100%\" height=\"100%\" \/><\/p>\n<div class=\"media-icons\"><\/div><figcaption><\/figcaption><\/figure>\n<p>En \u201c<strong>Operaci\u00f3n Prensa<\/strong>\u201d, se muestra lo ocurrido el 3 de abril de 1982, cuando los militares llevaron a Malvinas a un contingente de m\u00e1s de 40 periodistas de diferentes medios gr\u00e1ficos, radiales y televisivos, con el objetivo de mostrar al mundo que la recuperaci\u00f3n de las islas hab\u00eda sido \u201cincruenta\u201d, y no un ba\u00f1o de sangre como se informaba desde Gran Breta\u00f1a. Los hombres de prensa s\u00f3lo permanecieron horas, con la \u00fanica excepci\u00f3n de los enviados de T\u00e9lam y de Argentina Televisora Color (ATC).<\/p>\n<p>En \u201c<strong>Men\u00e9ndez gobernador<\/strong>\u201d se incluyen las fotos del 7 de abril, cuando el general Mario Benjam\u00edn Men\u00e9ndez asumi\u00f3 como gobernador militar de Malvinas, en un acto que cont\u00f3 con la presencia de nombres del arco castrense, pol\u00edtico, sindical y cultural, entre ellos Jorge Rafael Videla, S\u00e1ul Ubaldini, Ren\u00e9 Favaloro, Jorge Triacca, Carlos Cont\u00edn, Jorge Abelardo Ramos, Manuel Solanet, Federico Zorraqu\u00edn y monse\u00f1or Desiderio Collino. La premisa era mostrar el amplio consenso que ten\u00eda la causa Malvinas.<\/p>\n<p>&nbsp;<\/p>\n<figure class=\"mb-3\"><img decoding=\"async\" src=\"https:\/\/www.telam.com.ar\/thumbs\/bluesteel\/advf\/imagenes\/2022\/06\/629e9a6755717_900.jpg\" alt=\"Telam SE\" width=\"100%\" height=\"100%\" \/><\/p>\n<div class=\"media-icons\"><\/div><figcaption><\/figcaption><\/figure>\n<p>En \u201c<strong>El primer bombardeo\u201d<\/strong>\u00a0se advierte que, como los primeros ataques ingleses ocurrieron a la noche, las im\u00e1genes se limitaron a diferentes vistas de paisajes de Malvinas, con lejanas columnas de humo y fuego sobre objetivos de imposible identificaci\u00f3n. La serie se completa con fotograf\u00eda de soldados en estado de alerta, transmitiendo la sensaci\u00f3n de que, a pesar del primer bombardeo, la situaci\u00f3n estaba controlada por las tropas argentinas.<\/p>\n<p>&nbsp;<\/p>\n<figure class=\"mb-3\"><img decoding=\"async\" src=\"https:\/\/www.telam.com.ar\/thumbs\/bluesteel\/advf\/imagenes\/2022\/06\/629e9a671c02f_900.jpg\" alt=\"Telam SE\" width=\"100%\" height=\"100%\" \/><\/p>\n<div class=\"media-icons\"><\/div><figcaption><\/figcaption><\/figure>\n<p>En \u201c<strong>Vida cotidiana<\/strong>\u201d se muestra c\u00f3mo el trabajo de los fot\u00f3grafos fue objeto de una f\u00e9rrea censura. Ten\u00edan la orden de mostrar im\u00e1genes de la vida de los isle\u00f1os y que en ning\u00fan momento transmitieran el escenario de un conflicto armado. A partir de esta premisa, se difundieron im\u00e1genes de despreocupados pobladores, ni\u00f1os jugando, vistas de la ciudad y el puerto, negocios y hasta calcoman\u00edas con la consigna \u201cUsted tiene derecho a vivir en libertad\u201d.<\/p>\n<p>&nbsp;<\/p>\n<figure class=\"mb-3\"><img decoding=\"async\" src=\"https:\/\/www.telam.com.ar\/thumbs\/bluesteel\/advf\/imagenes\/2022\/06\/629e9a47e7008_900.jpg\" alt=\"Telam SE\" width=\"100%\" height=\"100%\" \/><\/p>\n<div class=\"media-icons\"><\/div><figcaption><\/figcaption><\/figure>\n<p>En \u201c<strong>Los soldados<\/strong>\u201d se incluyen fotograf\u00edas de conscriptos y uniformados en posiciones de guardia, comiendo, recibiendo rosarios y celebrando misa en una carpa. Pr\u00e1cticamente no hay escenas de guerra ni de situaciones violentas. Una plancha de contactos tiene la inscripci\u00f3n \u201cFalta esta tira\u201d, en referencia a una imagen de conscriptos corriendo en una supuesta situaci\u00f3n de bombardeo.<\/p>\n<p>\u201c<strong>Las trincheras<\/strong>\u201d permite ver las fotos de los soldados argentinos en estado de alerta ante un posible ataque enemigo y, como contrapartida, en situaci\u00f3n de di\u00e1logo y compartiendo cigarrillos. No logran observarse detalles del lugar en el que se encontraban. En las planchas de contactos se reiteran como nunca las indicaciones, en marcador rojo y negro, para que determinadas fotograf\u00edas de los efectivos no fueran difundidas a los medios period\u00edsticos.<\/p>\n<figure class=\"mb-3\"><img decoding=\"async\" src=\"https:\/\/www.telam.com.ar\/thumbs\/bluesteel\/advf\/imagenes\/2022\/06\/629e9a31b95dd_900.jpg\" alt=\"Telam SE\" width=\"100%\" height=\"100%\" \/><\/p>\n<div class=\"media-icons\"><\/div><figcaption><\/figcaption><\/figure>\n<p>En \u201c<strong>El Irizar\u201d<\/strong>\u00a0se puede advertir c\u00f3mo fue acondicionado como barco hospital sobre el final de la Guerra. All\u00ed se desempe\u00f1\u00f3 la instrumentista Mar\u00eda Marta Lemme, la \u00fanica mujer registrada por los corresponsales de T\u00e9lam y una de las seis que cumplieron funciones en las islas durante el conflicto b\u00e9lico. La imagen de la profesional a bordo del Irizar se difunde por primera vez en cuarenta a\u00f1os. Es uno de los hallazgos de la apertura de estos archivos.<\/p>\n<figure class=\"mb-3\"><img decoding=\"async\" src=\"https:\/\/www.telam.com.ar\/thumbs\/bluesteel\/advf\/imagenes\/2022\/06\/629e9a478a241_900.jpg\" alt=\"Telam SE\" width=\"100%\" height=\"100%\" \/><\/p>\n<div class=\"media-icons\"><\/div><figcaption><\/figcaption><\/figure>\n<p>En la galer\u00eda\u00a0<strong>\u201cLas m\u00e1s conocidas\u201d<\/strong>, si bien muchas de las fotograf\u00edas han sido difundidas en innumerables oportunidades, quiz\u00e1s sea la primera vez que se exhiben de manera integral para documentar la importancia de su valor hist\u00f3rico. La escena del soldado con la tapa del diario Cr\u00f3nica \u201cBasta piratas: si nos atacan \u00a1van a la lona!\u201d se convirti\u00f3 en una imagen emblem\u00e1tica del triunfalismo que se busc\u00f3 imponer desde los medios de comunicaci\u00f3n.<\/p>\n<figure class=\"mb-3\"><img decoding=\"async\" src=\"https:\/\/www.telam.com.ar\/thumbs\/bluesteel\/advf\/imagenes\/2022\/06\/629e9a1dd69d3_900.jpg\" alt=\"Telam SE\" width=\"100%\" height=\"100%\" \/><\/p>\n<div class=\"media-icons\"><\/div><figcaption><\/figcaption><\/figure>\n<p>Finalmente, \u201c<strong>Los corresponsales<\/strong>\u201d muestra el trabajo del equipo de enviados de T\u00e9lam a Malvinas, integrado por los periodistas Juan Jos\u00e9 Marc, Diego P\u00e9rez Andrade, Juan Carlos Malod, y los reporteros gr\u00e1ficos Rom\u00e1n Von Eckstein, Eduardo Navone y Eduardo Farr\u00e9. Fueron autorizados a permanecer en las islas durante todo el conflicto, bajo un severo control informativo. Enviaron textos y fotograf\u00edas durante la guerra. Algunos materiales fueron censurados, otros directamente robados.<\/p>\n<p><a href=\"https:\/\/www.telam.com.ar\/fotos_malvinas\" target=\"_blank\" rel=\"noopener\"><strong>Ingresar al especial<\/strong><\/a><\/p>\n","protected":false},"excerpt":{"rendered":"<p>Impresionante documento gr\u00e1fico sobre las im\u00e1genes obtenidas por los enviados especiales de esta agencia a la Guerra de Malvinas, en 1982. Un recorrido hist\u00f3rico para analizar el pasado y, por supuesto, interpelar el presente, en el marco del D\u00eda de la Afirmaci\u00f3n de los Derechos Argentinos sobre las Malvinas, Islas y Sector Ant\u00e1rtico.<\/p>\n","protected":false},"author":3,"featured_media":0,"comment_status":"closed","ping_status":"closed","sticky":false,"template":"","format":"standard","meta":{"footnotes":""},"categories":[35,24,26],"tags":[],"class_list":["post-73580","post","type-post","status-publish","format-standard","hentry","category-cultura","category-politica","category-sociedad"],"yoast_head":"<!-- This site is optimized with the Yoast SEO plugin v25.9 - https:\/\/yoast.com\/wordpress\/plugins\/seo\/ -->\n<title>Las fotos recuperadas de Malvinas - Noticias Radio Reflejos<\/title>\n<meta name=\"robots\" content=\"index, follow, max-snippet:-1, max-image-preview:large, max-video-preview:-1\" \/>\n<link rel=\"canonical\" href=\"https:\/\/www.noticiasradioreflejos.com.ar\/2021\/las-fotos-recuperadas-de-malvinas\/\" \/>\n<meta property=\"og:locale\" content=\"es_ES\" \/>\n<meta property=\"og:type\" content=\"article\" \/>\n<meta property=\"og:title\" content=\"Las fotos recuperadas de Malvinas - Noticias Radio Reflejos\" \/>\n<meta property=\"og:description\" content=\"Impresionante documento gr\u00e1fico sobre las im\u00e1genes obtenidas por los enviados especiales de esta agencia a la Guerra de Malvinas, en 1982. Un recorrido hist\u00f3rico para analizar el pasado y, por supuesto, interpelar el presente, en el marco del D\u00eda de la Afirmaci\u00f3n de los Derechos Argentinos sobre las Malvinas, Islas y Sector Ant\u00e1rtico.\" \/>\n<meta property=\"og:url\" content=\"https:\/\/www.noticiasradioreflejos.com.ar\/2021\/las-fotos-recuperadas-de-malvinas\/\" \/>\n<meta property=\"og:site_name\" content=\"Noticias Radio Reflejos\" \/>\n<meta property=\"article:published_time\" content=\"2022-06-10T14:40:35+00:00\" \/>\n<meta property=\"og:image\" content=\"https:\/\/www.telam.com.ar\/thumbs\/bluesteel\/advf\/imagenes\/2022\/06\/629e9a750b211_900.jpg\" \/>\n<meta name=\"author\" content=\"Arnaldo Botto\" \/>\n<meta name=\"twitter:card\" content=\"summary_large_image\" \/>\n<script type=\"application\/ld+json\" class=\"yoast-schema-graph\">{\"@context\":\"https:\/\/schema.org\",\"@graph\":[{\"@type\":\"WebPage\",\"@id\":\"https:\/\/www.noticiasradioreflejos.com.ar\/2021\/las-fotos-recuperadas-de-malvinas\/\",\"url\":\"https:\/\/www.noticiasradioreflejos.com.ar\/2021\/las-fotos-recuperadas-de-malvinas\/\",\"name\":\"Las fotos recuperadas de Malvinas - Noticias Radio Reflejos\",\"isPartOf\":{\"@id\":\"https:\/\/www.noticiasradioreflejos.com.ar\/2021\/#website\"},\"primaryImageOfPage\":{\"@id\":\"https:\/\/www.noticiasradioreflejos.com.ar\/2021\/las-fotos-recuperadas-de-malvinas\/#primaryimage\"},\"image\":{\"@id\":\"https:\/\/www.noticiasradioreflejos.com.ar\/2021\/las-fotos-recuperadas-de-malvinas\/#primaryimage\"},\"thumbnailUrl\":\"https:\/\/www.telam.com.ar\/thumbs\/bluesteel\/advf\/imagenes\/2022\/06\/629e9a750b211_900.jpg\",\"datePublished\":\"2022-06-10T14:40:35+00:00\",\"author\":{\"@id\":\"https:\/\/www.noticiasradioreflejos.com.ar\/2021\/#\/schema\/person\/ad82545263dcc5ec0996818884fd5fb1\"},\"breadcrumb\":{\"@id\":\"https:\/\/www.noticiasradioreflejos.com.ar\/2021\/las-fotos-recuperadas-de-malvinas\/#breadcrumb\"},\"inLanguage\":\"es\",\"potentialAction\":[{\"@type\":\"ReadAction\",\"target\":[\"https:\/\/www.noticiasradioreflejos.com.ar\/2021\/las-fotos-recuperadas-de-malvinas\/\"]}]},{\"@type\":\"ImageObject\",\"inLanguage\":\"es\",\"@id\":\"https:\/\/www.noticiasradioreflejos.com.ar\/2021\/las-fotos-recuperadas-de-malvinas\/#primaryimage\",\"url\":\"https:\/\/www.telam.com.ar\/thumbs\/bluesteel\/advf\/imagenes\/2022\/06\/629e9a750b211_900.jpg\",\"contentUrl\":\"https:\/\/www.telam.com.ar\/thumbs\/bluesteel\/advf\/imagenes\/2022\/06\/629e9a750b211_900.jpg\"},{\"@type\":\"BreadcrumbList\",\"@id\":\"https:\/\/www.noticiasradioreflejos.com.ar\/2021\/las-fotos-recuperadas-de-malvinas\/#breadcrumb\",\"itemListElement\":[{\"@type\":\"ListItem\",\"position\":1,\"name\":\"Portada\",\"item\":\"https:\/\/www.noticiasradioreflejos.com.ar\/2021\/\"},{\"@type\":\"ListItem\",\"position\":2,\"name\":\"Las fotos recuperadas de Malvinas\"}]},{\"@type\":\"WebSite\",\"@id\":\"https:\/\/www.noticiasradioreflejos.com.ar\/2021\/#website\",\"url\":\"https:\/\/www.noticiasradioreflejos.com.ar\/2021\/\",\"name\":\"Noticias Radio Reflejos\",\"description\":\"Las noticias de mi comarca\",\"potentialAction\":[{\"@type\":\"SearchAction\",\"target\":{\"@type\":\"EntryPoint\",\"urlTemplate\":\"https:\/\/www.noticiasradioreflejos.com.ar\/2021\/?s={search_term_string}\"},\"query-input\":{\"@type\":\"PropertyValueSpecification\",\"valueRequired\":true,\"valueName\":\"search_term_string\"}}],\"inLanguage\":\"es\"},{\"@type\":\"Person\",\"@id\":\"https:\/\/www.noticiasradioreflejos.com.ar\/2021\/#\/schema\/person\/ad82545263dcc5ec0996818884fd5fb1\",\"name\":\"Arnaldo Botto\",\"image\":{\"@type\":\"ImageObject\",\"inLanguage\":\"es\",\"@id\":\"https:\/\/www.noticiasradioreflejos.com.ar\/2021\/#\/schema\/person\/image\/\",\"url\":\"https:\/\/secure.gravatar.com\/avatar\/55cb5e37c1efa326397366e6974cb338056df65cb50e7d64d1cf314e87504837?s=96&d=mm&r=g\",\"contentUrl\":\"https:\/\/secure.gravatar.com\/avatar\/55cb5e37c1efa326397366e6974cb338056df65cb50e7d64d1cf314e87504837?s=96&d=mm&r=g\",\"caption\":\"Arnaldo Botto\"},\"url\":\"https:\/\/www.noticiasradioreflejos.com.ar\/2021\/author\/arnaldo\/\"}]}<\/script>\n<!-- \/ Yoast SEO plugin. -->","yoast_head_json":{"title":"Las fotos recuperadas de Malvinas - Noticias Radio Reflejos","robots":{"index":"index","follow":"follow","max-snippet":"max-snippet:-1","max-image-preview":"max-image-preview:large","max-video-preview":"max-video-preview:-1"},"canonical":"https:\/\/www.noticiasradioreflejos.com.ar\/2021\/las-fotos-recuperadas-de-malvinas\/","og_locale":"es_ES","og_type":"article","og_title":"Las fotos recuperadas de Malvinas - Noticias Radio Reflejos","og_description":"Impresionante documento gr\u00e1fico sobre las im\u00e1genes obtenidas por los enviados especiales de esta agencia a la Guerra de Malvinas, en 1982. Un recorrido hist\u00f3rico para analizar el pasado y, por supuesto, interpelar el presente, en el marco del D\u00eda de la Afirmaci\u00f3n de los Derechos Argentinos sobre las Malvinas, Islas y Sector Ant\u00e1rtico.","og_url":"https:\/\/www.noticiasradioreflejos.com.ar\/2021\/las-fotos-recuperadas-de-malvinas\/","og_site_name":"Noticias Radio Reflejos","article_published_time":"2022-06-10T14:40:35+00:00","og_image":[{"url":"https:\/\/www.telam.com.ar\/thumbs\/bluesteel\/advf\/imagenes\/2022\/06\/629e9a750b211_900.jpg","type":"","width":"","height":""}],"author":"Arnaldo Botto","twitter_card":"summary_large_image","schema":{"@context":"https:\/\/schema.org","@graph":[{"@type":"WebPage","@id":"https:\/\/www.noticiasradioreflejos.com.ar\/2021\/las-fotos-recuperadas-de-malvinas\/","url":"https:\/\/www.noticiasradioreflejos.com.ar\/2021\/las-fotos-recuperadas-de-malvinas\/","name":"Las fotos recuperadas de Malvinas - Noticias Radio Reflejos","isPartOf":{"@id":"https:\/\/www.noticiasradioreflejos.com.ar\/2021\/#website"},"primaryImageOfPage":{"@id":"https:\/\/www.noticiasradioreflejos.com.ar\/2021\/las-fotos-recuperadas-de-malvinas\/#primaryimage"},"image":{"@id":"https:\/\/www.noticiasradioreflejos.com.ar\/2021\/las-fotos-recuperadas-de-malvinas\/#primaryimage"},"thumbnailUrl":"https:\/\/www.telam.com.ar\/thumbs\/bluesteel\/advf\/imagenes\/2022\/06\/629e9a750b211_900.jpg","datePublished":"2022-06-10T14:40:35+00:00","author":{"@id":"https:\/\/www.noticiasradioreflejos.com.ar\/2021\/#\/schema\/person\/ad82545263dcc5ec0996818884fd5fb1"},"breadcrumb":{"@id":"https:\/\/www.noticiasradioreflejos.com.ar\/2021\/las-fotos-recuperadas-de-malvinas\/#breadcrumb"},"inLanguage":"es","potentialAction":[{"@type":"ReadAction","target":["https:\/\/www.noticiasradioreflejos.com.ar\/2021\/las-fotos-recuperadas-de-malvinas\/"]}]},{"@type":"ImageObject","inLanguage":"es","@id":"https:\/\/www.noticiasradioreflejos.com.ar\/2021\/las-fotos-recuperadas-de-malvinas\/#primaryimage","url":"https:\/\/www.telam.com.ar\/thumbs\/bluesteel\/advf\/imagenes\/2022\/06\/629e9a750b211_900.jpg","contentUrl":"https:\/\/www.telam.com.ar\/thumbs\/bluesteel\/advf\/imagenes\/2022\/06\/629e9a750b211_900.jpg"},{"@type":"BreadcrumbList","@id":"https:\/\/www.noticiasradioreflejos.com.ar\/2021\/las-fotos-recuperadas-de-malvinas\/#breadcrumb","itemListElement":[{"@type":"ListItem","position":1,"name":"Portada","item":"https:\/\/www.noticiasradioreflejos.com.ar\/2021\/"},{"@type":"ListItem","position":2,"name":"Las fotos recuperadas de Malvinas"}]},{"@type":"WebSite","@id":"https:\/\/www.noticiasradioreflejos.com.ar\/2021\/#website","url":"https:\/\/www.noticiasradioreflejos.com.ar\/2021\/","name":"Noticias Radio Reflejos","description":"Las noticias de mi comarca","potentialAction":[{"@type":"SearchAction","target":{"@type":"EntryPoint","urlTemplate":"https:\/\/www.noticiasradioreflejos.com.ar\/2021\/?s={search_term_string}"},"query-input":{"@type":"PropertyValueSpecification","valueRequired":true,"valueName":"search_term_string"}}],"inLanguage":"es"},{"@type":"Person","@id":"https:\/\/www.noticiasradioreflejos.com.ar\/2021\/#\/schema\/person\/ad82545263dcc5ec0996818884fd5fb1","name":"Arnaldo Botto","image":{"@type":"ImageObject","inLanguage":"es","@id":"https:\/\/www.noticiasradioreflejos.com.ar\/2021\/#\/schema\/person\/image\/","url":"https:\/\/secure.gravatar.com\/avatar\/55cb5e37c1efa326397366e6974cb338056df65cb50e7d64d1cf314e87504837?s=96&d=mm&r=g","contentUrl":"https:\/\/secure.gravatar.com\/avatar\/55cb5e37c1efa326397366e6974cb338056df65cb50e7d64d1cf314e87504837?s=96&d=mm&r=g","caption":"Arnaldo Botto"},"url":"https:\/\/www.noticiasradioreflejos.com.ar\/2021\/author\/arnaldo\/"}]}},"_links":{"self":[{"href":"https:\/\/www.noticiasradioreflejos.com.ar\/2021\/wp-json\/wp\/v2\/posts\/73580","targetHints":{"allow":["GET"]}}],"collection":[{"href":"https:\/\/www.noticiasradioreflejos.com.ar\/2021\/wp-json\/wp\/v2\/posts"}],"about":[{"href":"https:\/\/www.noticiasradioreflejos.com.ar\/2021\/wp-json\/wp\/v2\/types\/post"}],"author":[{"embeddable":true,"href":"https:\/\/www.noticiasradioreflejos.com.ar\/2021\/wp-json\/wp\/v2\/users\/3"}],"replies":[{"embeddable":true,"href":"https:\/\/www.noticiasradioreflejos.com.ar\/2021\/wp-json\/wp\/v2\/comments?post=73580"}],"version-history":[{"count":1,"href":"https:\/\/www.noticiasradioreflejos.com.ar\/2021\/wp-json\/wp\/v2\/posts\/73580\/revisions"}],"predecessor-version":[{"id":73582,"href":"https:\/\/www.noticiasradioreflejos.com.ar\/2021\/wp-json\/wp\/v2\/posts\/73580\/revisions\/73582"}],"wp:attachment":[{"href":"https:\/\/www.noticiasradioreflejos.com.ar\/2021\/wp-json\/wp\/v2\/media?parent=73580"}],"wp:term":[{"taxonomy":"category","embeddable":true,"href":"https:\/\/www.noticiasradioreflejos.com.ar\/2021\/wp-json\/wp\/v2\/categories?post=73580"},{"taxonomy":"post_tag","embeddable":true,"href":"https:\/\/www.noticiasradioreflejos.com.ar\/2021\/wp-json\/wp\/v2\/tags?post=73580"}],"curies":[{"name":"wp","href":"https:\/\/api.w.org\/{rel}","templated":true}]}}