{"id":73453,"date":"2022-06-08T21:29:26","date_gmt":"2022-06-08T21:29:26","guid":{"rendered":"http:\/\/www.noticiasradioreflejos.com.ar\/2021\/?p=73453"},"modified":"2022-06-10T10:49:33","modified_gmt":"2022-06-10T10:49:33","slug":"10-egresados-universitarios-primer-promocion-de-martilleros-y-corredores-publicos-en-saldungaray","status":"publish","type":"post","link":"https:\/\/www.noticiasradioreflejos.com.ar\/2021\/10-egresados-universitarios-primer-promocion-de-martilleros-y-corredores-publicos-en-saldungaray\/","title":{"rendered":"10 egresados universitarios: Primer promoci\u00f3n de Martilleros y Corredores P\u00fablicos en Saldungaray"},"content":{"rendered":"<p>El acto de colaci\u00f3n se llev\u00f3 adelante este mediod\u00eda. Se dio la particularidad de que madre e hija se reciban al mismo tiempo. \u201cAtr\u00e1s de cada t\u00edtulo hay un enorme esfuerzo de todos\u201d afirm\u00f3 la Licenciada Mar\u00eda Claudia Dietz.<!--more--><\/p>\n<p><a title=\"1er Colasi\u00f3n univ. Saldungaray (2)\" href=\"https:\/\/www.flickr.com\/photos\/182279889@N02\/52132751714\/in\/dateposted-public\/\" data-flickr-embed=\"true\"><img loading=\"lazy\" decoding=\"async\" src=\"https:\/\/live.staticflickr.com\/65535\/52132751714_1710bbdefc_c.jpg\" alt=\"1er Colasi\u00f3n univ. Saldungaray (2)\" width=\"800\" height=\"450\" \/><\/a><script async src=\"\/\/embedr.flickr.com\/assets\/client-code.js\" charset=\"utf-8\"><\/script><\/p>\n<p>El esfuerzo arduo y silencioso comenz\u00f3 a dar sus frutos. A pesar de la pandemia, un total de diez alumnos se recibieron de la carrera de Martillero y Corredor P\u00fablico en la filial que tiene la UPSO en Saldungaray.<\/p>\n<p>Al respecto la<strong> vicerrectora de la Universidad Provincial del Sudoeste, la Lic. Mar\u00eda Claudia Dietz<\/strong> asegur\u00f3 que \u201cestamos entregando los primeros t\u00edtulos ac\u00e1 en Saldungaray de Martillero y Corredor P\u00fablico, en un trabajo en conjunto con el municipio. Atr\u00e1s de este t\u00edtulo hay un trabajo enorme del estudiante, que decidi\u00f3 emprender este camino, y todo el esfuerzo que hay de la Universidad para que el docente llegue a la localidad, dicte sus clases, las personas administrativas que colaboran\u2026 es un esfuerzo de todos\u201d.<\/p>\n<p>Los felices egresados que recibieron su diploma fueron<strong> Nidia Edith Arias, Betina Soledad Blanco, Patricia Natalia Canossini, Silvia Haydee Etulain, Manuel Gonz\u00e1lez Saenz, Yasm\u00edn Celeste Kees, Mar\u00eda Cristina Maldonado, Mar\u00eda Luz Ram\u00edrez, Nerina Ayelen Reina y Viviana Isabel Rojas L\u00f3pez<\/strong>, con la bonita particularidad de que Nidia Arias y Yasm\u00edn Celeste Kees son madre e hija.<\/p>\n<p><iframe loading=\"lazy\" style=\"border: none; overflow: hidden;\" src=\"https:\/\/www.facebook.com\/plugins\/post.php?href=https%3A%2F%2Fwww.facebook.com%2FNoticiasRadioReflejos%2Fphotos%2Fa.514668482234398%2F1648729585494943%2F%3Ftype%3D3%26av%3D505541873147059%26eav%3DAfa4zOfJQ3OmQsmZds8-Fckbd_lJcz1ky6VGFOzMBZL9yf0aoyqCXB_c2psfucqqyEU&amp;show_text=true&amp;width=500\" width=\"500\" height=\"281\" frameborder=\"0\" scrolling=\"no\" allowfullscreen=\"allowfullscreen\"><\/iframe><\/p>\n<p>&nbsp;<\/p>\n<p>Al mismo tiempo la Licenciada Dietz sostuvo que \u201cSuele ocurrir en las universidades que algunos quedan en el camino. Lo importante es que se hayan sumado y que muchos hayan terminado. La idea es seguir consolidando los lazos con el distrito, para seguir conversando para la oferta acad\u00e9mica 2023\u201d.<\/p>\n<p>Por su parte, el Dr. Gonzalo Iparraguirre, Secretario de Desarrollo, afirm\u00f3 que \u201cestamos muy contentos con esta finalizaci\u00f3n de ciclo. Cuando comenzamos hace tres a\u00f1os, en esa primera vez, fue un acto muy importante para todos nosotros. Fueron dos organismos p\u00fablicos que colaboraron y se preocupan por la educaci\u00f3n de nuestra gente\u201d.<\/p>\n<p><a title=\"1er Colasi\u00f3n univ. Saldungaray (22)\" href=\"https:\/\/www.flickr.com\/photos\/182279889@N02\/52132748964\/in\/dateposted-public\/\" data-flickr-embed=\"true\"><img loading=\"lazy\" decoding=\"async\" src=\"https:\/\/live.staticflickr.com\/65535\/52132748964_5d0edd167d_c.jpg\" alt=\"1er Colasi\u00f3n univ. Saldungaray (22)\" width=\"800\" height=\"450\" \/><\/a><\/p>\n<p>De igual forma resalt\u00f3 que \u201cmuchas veces es vista muy lejana para la gente que nace en los pueblos la posibilidad de ir a una universidad y le parece imposible, pero tenerla cerca, a mano, que veas que vienen los profes, que tus vecinos y amigos est\u00e9n estudiando es un est\u00edmulo muy importante\u201d.<\/p>\n<p>Por \u00faltimo asegur\u00f3 que \u201cllegamos satisfactoriamente a este resultado de diez egresados. Este a\u00f1o se abri\u00f3 turismo en Saldungaray, tenemos carreras en Tornquist y ya estamos dialogando para el a\u00f1o que viene\u201d.<\/p>\n<p>&nbsp;<\/p>\n<p><iframe loading=\"lazy\" title=\"YouTube video player\" src=\"https:\/\/www.youtube.com\/embed\/JJBU_99B30k\" width=\"853\" height=\"480\" frameborder=\"0\" allowfullscreen=\"allowfullscreen\"><\/iframe><\/p>\n<p><a title=\"1er Colasi\u00f3n univ. Saldungaray (34)\" href=\"https:\/\/www.flickr.com\/photos\/182279889@N02\/52132528883\/in\/dateposted-public\/\" data-flickr-embed=\"true\"><img loading=\"lazy\" decoding=\"async\" src=\"https:\/\/live.staticflickr.com\/65535\/52132528883_687c3e3076_c.jpg\" alt=\"1er Colasi\u00f3n univ. Saldungaray (34)\" width=\"800\" height=\"450\" \/><\/a><script async src=\"\/\/embedr.flickr.com\/assets\/client-code.js\" charset=\"utf-8\"><\/script><\/p>\n<p><a title=\"1er Colasi\u00f3n univ. Saldungaray (53)\" href=\"https:\/\/www.flickr.com\/photos\/182279889@N02\/52131486172\/in\/dateposted-public\/\" data-flickr-embed=\"true\"><img loading=\"lazy\" decoding=\"async\" src=\"https:\/\/live.staticflickr.com\/65535\/52131486172_bcdaa5e113_c.jpg\" alt=\"1er Colasi\u00f3n univ. Saldungaray (53)\" width=\"800\" height=\"450\" \/><\/a><\/p>\n<p><a title=\"1er Colasi\u00f3n univ. Saldungaray (55)\" href=\"https:\/\/www.flickr.com\/photos\/182279889@N02\/52133002720\/in\/dateposted-public\/\" data-flickr-embed=\"true\"><img loading=\"lazy\" decoding=\"async\" src=\"https:\/\/live.staticflickr.com\/65535\/52133002720_131fcf6162_c.jpg\" alt=\"1er Colasi\u00f3n univ. Saldungaray (55)\" width=\"800\" height=\"450\" \/><\/a><\/p>\n<p>&nbsp;<\/p>\n<p>La Sede de la UPSO comenz\u00f3 a funcionar en el a\u00f1o 2011 seg\u00fan el convenio firmado por la Universidad Provincial del Sudoeste y el Municipio de Tornquist. Actualmente hay egresados de la Diplomatura en Asuntos Municipales y Gesti\u00f3n Local.<\/p>\n<h4>Se abri\u00f3 la inscripci\u00f3n en las siguientes carreras y a\u00f1os:<\/h4>\n<p>(2021) Tecnicatura Universitaria en Asuntos Municipales<\/p>\n<p>(2021) Licenciatura en Pol\u00edtica Local y Gesti\u00f3n P\u00fablica<\/p>\n<p>(2020) Tecnicatura Universitaria en Gesti\u00f3n de Energ\u00edas Renovables y Convencionales<br \/>\n(2018) Licenciatura en Educaci\u00f3n F\u00edsica y Gesti\u00f3n de Emprendimientos Deportivos CCC<br \/>\n(2017) Licenciatura en Gerenciamiento de PyMEs<br \/>\n(2015) Tecnicatura Universitaria en Emprendimientos Tur\u00edsticos<br \/>\n(2015) Gu\u00eda Universitario de Turismo<br \/>\n(2011) Diplomatura Universitaria en Asuntos Municipales y Gesti\u00f3n Local<\/p>\n<h4>La Subsede funciona en:<\/h4>\n<p>Unidad Acad\u00e9mica Ernesto Tornquist:\u00a0Avenida E. Tornquist N\u00b0319<\/p>\n<h4>Informaci\u00f3n de contacto e inscripci\u00f3n:<\/h4>\n<p>Direcci\u00f3n: Valent\u00edn Vergara 28 (Municipalidad de Tornquist- Oficina de Licencia para Conducir).<br \/>\nHorario de atenci\u00f3n: 17:30 a 21:30 hs.<br \/>\nTel\u00e9fono: 0291 \u2013 4941150<br \/>\nMail:\u00a0<a href=\"mailto:tornquist@upso.gba.gob.ar\">tornquist@upso.gba.gob.ar<\/a><\/p>\n","protected":false},"excerpt":{"rendered":"<p>El acto de colaci\u00f3n se llev\u00f3 adelante este mediod\u00eda. Se dio la particularidad de que madre e hija se reciban al mismo tiempo. \u201cAtr\u00e1s de cada t\u00edtulo hay un enorme esfuerzo de todos\u201d afirm\u00f3 la Licenciada Mar\u00eda Claudia Dietz.<\/p>\n","protected":false},"author":3,"featured_media":0,"comment_status":"closed","ping_status":"closed","sticky":false,"template":"","format":"standard","meta":{"footnotes":""},"categories":[34,26],"tags":[48],"class_list":["post-73453","post","type-post","status-publish","format-standard","hentry","category-educacion","category-sociedad","tag-destacada"],"yoast_head":"<!-- This site is optimized with the Yoast SEO plugin v25.9 - https:\/\/yoast.com\/wordpress\/plugins\/seo\/ -->\n<title>10 egresados universitarios: Primer promoci\u00f3n de Martilleros y Corredores P\u00fablicos en Saldungaray - Noticias Radio Reflejos<\/title>\n<meta name=\"robots\" content=\"index, follow, max-snippet:-1, max-image-preview:large, max-video-preview:-1\" \/>\n<link rel=\"canonical\" href=\"https:\/\/www.noticiasradioreflejos.com.ar\/2021\/10-egresados-universitarios-primer-promocion-de-martilleros-y-corredores-publicos-en-saldungaray\/\" \/>\n<meta property=\"og:locale\" content=\"es_ES\" \/>\n<meta property=\"og:type\" content=\"article\" \/>\n<meta property=\"og:title\" content=\"10 egresados universitarios: Primer promoci\u00f3n de Martilleros y Corredores P\u00fablicos en Saldungaray - Noticias Radio Reflejos\" \/>\n<meta property=\"og:description\" content=\"El acto de colaci\u00f3n se llev\u00f3 adelante este mediod\u00eda. Se dio la particularidad de que madre e hija se reciban al mismo tiempo. \u201cAtr\u00e1s de cada t\u00edtulo hay un enorme esfuerzo de todos\u201d afirm\u00f3 la Licenciada Mar\u00eda Claudia Dietz.\" \/>\n<meta property=\"og:url\" content=\"https:\/\/www.noticiasradioreflejos.com.ar\/2021\/10-egresados-universitarios-primer-promocion-de-martilleros-y-corredores-publicos-en-saldungaray\/\" \/>\n<meta property=\"og:site_name\" content=\"Noticias Radio Reflejos\" \/>\n<meta property=\"article:published_time\" content=\"2022-06-08T21:29:26+00:00\" \/>\n<meta property=\"article:modified_time\" content=\"2022-06-10T10:49:33+00:00\" \/>\n<meta property=\"og:image\" content=\"https:\/\/live.staticflickr.com\/65535\/52132751714_1710bbdefc_c.jpg\" \/>\n<meta name=\"author\" content=\"Arnaldo Botto\" \/>\n<meta name=\"twitter:card\" content=\"summary_large_image\" \/>\n<script type=\"application\/ld+json\" class=\"yoast-schema-graph\">{\"@context\":\"https:\/\/schema.org\",\"@graph\":[{\"@type\":\"WebPage\",\"@id\":\"https:\/\/www.noticiasradioreflejos.com.ar\/2021\/10-egresados-universitarios-primer-promocion-de-martilleros-y-corredores-publicos-en-saldungaray\/\",\"url\":\"https:\/\/www.noticiasradioreflejos.com.ar\/2021\/10-egresados-universitarios-primer-promocion-de-martilleros-y-corredores-publicos-en-saldungaray\/\",\"name\":\"10 egresados universitarios: Primer promoci\u00f3n de Martilleros y Corredores P\u00fablicos en Saldungaray - Noticias Radio Reflejos\",\"isPartOf\":{\"@id\":\"https:\/\/www.noticiasradioreflejos.com.ar\/2021\/#website\"},\"primaryImageOfPage\":{\"@id\":\"https:\/\/www.noticiasradioreflejos.com.ar\/2021\/10-egresados-universitarios-primer-promocion-de-martilleros-y-corredores-publicos-en-saldungaray\/#primaryimage\"},\"image\":{\"@id\":\"https:\/\/www.noticiasradioreflejos.com.ar\/2021\/10-egresados-universitarios-primer-promocion-de-martilleros-y-corredores-publicos-en-saldungaray\/#primaryimage\"},\"thumbnailUrl\":\"https:\/\/live.staticflickr.com\/65535\/52132751714_1710bbdefc_c.jpg\",\"datePublished\":\"2022-06-08T21:29:26+00:00\",\"dateModified\":\"2022-06-10T10:49:33+00:00\",\"author\":{\"@id\":\"https:\/\/www.noticiasradioreflejos.com.ar\/2021\/#\/schema\/person\/ad82545263dcc5ec0996818884fd5fb1\"},\"breadcrumb\":{\"@id\":\"https:\/\/www.noticiasradioreflejos.com.ar\/2021\/10-egresados-universitarios-primer-promocion-de-martilleros-y-corredores-publicos-en-saldungaray\/#breadcrumb\"},\"inLanguage\":\"es\",\"potentialAction\":[{\"@type\":\"ReadAction\",\"target\":[\"https:\/\/www.noticiasradioreflejos.com.ar\/2021\/10-egresados-universitarios-primer-promocion-de-martilleros-y-corredores-publicos-en-saldungaray\/\"]}]},{\"@type\":\"ImageObject\",\"inLanguage\":\"es\",\"@id\":\"https:\/\/www.noticiasradioreflejos.com.ar\/2021\/10-egresados-universitarios-primer-promocion-de-martilleros-y-corredores-publicos-en-saldungaray\/#primaryimage\",\"url\":\"https:\/\/live.staticflickr.com\/65535\/52132751714_1710bbdefc_c.jpg\",\"contentUrl\":\"https:\/\/live.staticflickr.com\/65535\/52132751714_1710bbdefc_c.jpg\"},{\"@type\":\"BreadcrumbList\",\"@id\":\"https:\/\/www.noticiasradioreflejos.com.ar\/2021\/10-egresados-universitarios-primer-promocion-de-martilleros-y-corredores-publicos-en-saldungaray\/#breadcrumb\",\"itemListElement\":[{\"@type\":\"ListItem\",\"position\":1,\"name\":\"Portada\",\"item\":\"https:\/\/www.noticiasradioreflejos.com.ar\/2021\/\"},{\"@type\":\"ListItem\",\"position\":2,\"name\":\"10 egresados universitarios: Primer promoci\u00f3n de Martilleros y Corredores P\u00fablicos en Saldungaray\"}]},{\"@type\":\"WebSite\",\"@id\":\"https:\/\/www.noticiasradioreflejos.com.ar\/2021\/#website\",\"url\":\"https:\/\/www.noticiasradioreflejos.com.ar\/2021\/\",\"name\":\"Noticias Radio Reflejos\",\"description\":\"Las noticias de mi comarca\",\"potentialAction\":[{\"@type\":\"SearchAction\",\"target\":{\"@type\":\"EntryPoint\",\"urlTemplate\":\"https:\/\/www.noticiasradioreflejos.com.ar\/2021\/?s={search_term_string}\"},\"query-input\":{\"@type\":\"PropertyValueSpecification\",\"valueRequired\":true,\"valueName\":\"search_term_string\"}}],\"inLanguage\":\"es\"},{\"@type\":\"Person\",\"@id\":\"https:\/\/www.noticiasradioreflejos.com.ar\/2021\/#\/schema\/person\/ad82545263dcc5ec0996818884fd5fb1\",\"name\":\"Arnaldo Botto\",\"image\":{\"@type\":\"ImageObject\",\"inLanguage\":\"es\",\"@id\":\"https:\/\/www.noticiasradioreflejos.com.ar\/2021\/#\/schema\/person\/image\/\",\"url\":\"https:\/\/secure.gravatar.com\/avatar\/55cb5e37c1efa326397366e6974cb338056df65cb50e7d64d1cf314e87504837?s=96&d=mm&r=g\",\"contentUrl\":\"https:\/\/secure.gravatar.com\/avatar\/55cb5e37c1efa326397366e6974cb338056df65cb50e7d64d1cf314e87504837?s=96&d=mm&r=g\",\"caption\":\"Arnaldo Botto\"},\"url\":\"https:\/\/www.noticiasradioreflejos.com.ar\/2021\/author\/arnaldo\/\"}]}<\/script>\n<!-- \/ Yoast SEO plugin. -->","yoast_head_json":{"title":"10 egresados universitarios: Primer promoci\u00f3n de Martilleros y Corredores P\u00fablicos en Saldungaray - Noticias Radio Reflejos","robots":{"index":"index","follow":"follow","max-snippet":"max-snippet:-1","max-image-preview":"max-image-preview:large","max-video-preview":"max-video-preview:-1"},"canonical":"https:\/\/www.noticiasradioreflejos.com.ar\/2021\/10-egresados-universitarios-primer-promocion-de-martilleros-y-corredores-publicos-en-saldungaray\/","og_locale":"es_ES","og_type":"article","og_title":"10 egresados universitarios: Primer promoci\u00f3n de Martilleros y Corredores P\u00fablicos en Saldungaray - Noticias Radio Reflejos","og_description":"El acto de colaci\u00f3n se llev\u00f3 adelante este mediod\u00eda. Se dio la particularidad de que madre e hija se reciban al mismo tiempo. \u201cAtr\u00e1s de cada t\u00edtulo hay un enorme esfuerzo de todos\u201d afirm\u00f3 la Licenciada Mar\u00eda Claudia Dietz.","og_url":"https:\/\/www.noticiasradioreflejos.com.ar\/2021\/10-egresados-universitarios-primer-promocion-de-martilleros-y-corredores-publicos-en-saldungaray\/","og_site_name":"Noticias Radio Reflejos","article_published_time":"2022-06-08T21:29:26+00:00","article_modified_time":"2022-06-10T10:49:33+00:00","og_image":[{"url":"https:\/\/live.staticflickr.com\/65535\/52132751714_1710bbdefc_c.jpg","type":"","width":"","height":""}],"author":"Arnaldo Botto","twitter_card":"summary_large_image","schema":{"@context":"https:\/\/schema.org","@graph":[{"@type":"WebPage","@id":"https:\/\/www.noticiasradioreflejos.com.ar\/2021\/10-egresados-universitarios-primer-promocion-de-martilleros-y-corredores-publicos-en-saldungaray\/","url":"https:\/\/www.noticiasradioreflejos.com.ar\/2021\/10-egresados-universitarios-primer-promocion-de-martilleros-y-corredores-publicos-en-saldungaray\/","name":"10 egresados universitarios: Primer promoci\u00f3n de Martilleros y Corredores P\u00fablicos en Saldungaray - Noticias Radio Reflejos","isPartOf":{"@id":"https:\/\/www.noticiasradioreflejos.com.ar\/2021\/#website"},"primaryImageOfPage":{"@id":"https:\/\/www.noticiasradioreflejos.com.ar\/2021\/10-egresados-universitarios-primer-promocion-de-martilleros-y-corredores-publicos-en-saldungaray\/#primaryimage"},"image":{"@id":"https:\/\/www.noticiasradioreflejos.com.ar\/2021\/10-egresados-universitarios-primer-promocion-de-martilleros-y-corredores-publicos-en-saldungaray\/#primaryimage"},"thumbnailUrl":"https:\/\/live.staticflickr.com\/65535\/52132751714_1710bbdefc_c.jpg","datePublished":"2022-06-08T21:29:26+00:00","dateModified":"2022-06-10T10:49:33+00:00","author":{"@id":"https:\/\/www.noticiasradioreflejos.com.ar\/2021\/#\/schema\/person\/ad82545263dcc5ec0996818884fd5fb1"},"breadcrumb":{"@id":"https:\/\/www.noticiasradioreflejos.com.ar\/2021\/10-egresados-universitarios-primer-promocion-de-martilleros-y-corredores-publicos-en-saldungaray\/#breadcrumb"},"inLanguage":"es","potentialAction":[{"@type":"ReadAction","target":["https:\/\/www.noticiasradioreflejos.com.ar\/2021\/10-egresados-universitarios-primer-promocion-de-martilleros-y-corredores-publicos-en-saldungaray\/"]}]},{"@type":"ImageObject","inLanguage":"es","@id":"https:\/\/www.noticiasradioreflejos.com.ar\/2021\/10-egresados-universitarios-primer-promocion-de-martilleros-y-corredores-publicos-en-saldungaray\/#primaryimage","url":"https:\/\/live.staticflickr.com\/65535\/52132751714_1710bbdefc_c.jpg","contentUrl":"https:\/\/live.staticflickr.com\/65535\/52132751714_1710bbdefc_c.jpg"},{"@type":"BreadcrumbList","@id":"https:\/\/www.noticiasradioreflejos.com.ar\/2021\/10-egresados-universitarios-primer-promocion-de-martilleros-y-corredores-publicos-en-saldungaray\/#breadcrumb","itemListElement":[{"@type":"ListItem","position":1,"name":"Portada","item":"https:\/\/www.noticiasradioreflejos.com.ar\/2021\/"},{"@type":"ListItem","position":2,"name":"10 egresados universitarios: Primer promoci\u00f3n de Martilleros y Corredores P\u00fablicos en Saldungaray"}]},{"@type":"WebSite","@id":"https:\/\/www.noticiasradioreflejos.com.ar\/2021\/#website","url":"https:\/\/www.noticiasradioreflejos.com.ar\/2021\/","name":"Noticias Radio Reflejos","description":"Las noticias de mi comarca","potentialAction":[{"@type":"SearchAction","target":{"@type":"EntryPoint","urlTemplate":"https:\/\/www.noticiasradioreflejos.com.ar\/2021\/?s={search_term_string}"},"query-input":{"@type":"PropertyValueSpecification","valueRequired":true,"valueName":"search_term_string"}}],"inLanguage":"es"},{"@type":"Person","@id":"https:\/\/www.noticiasradioreflejos.com.ar\/2021\/#\/schema\/person\/ad82545263dcc5ec0996818884fd5fb1","name":"Arnaldo Botto","image":{"@type":"ImageObject","inLanguage":"es","@id":"https:\/\/www.noticiasradioreflejos.com.ar\/2021\/#\/schema\/person\/image\/","url":"https:\/\/secure.gravatar.com\/avatar\/55cb5e37c1efa326397366e6974cb338056df65cb50e7d64d1cf314e87504837?s=96&d=mm&r=g","contentUrl":"https:\/\/secure.gravatar.com\/avatar\/55cb5e37c1efa326397366e6974cb338056df65cb50e7d64d1cf314e87504837?s=96&d=mm&r=g","caption":"Arnaldo Botto"},"url":"https:\/\/www.noticiasradioreflejos.com.ar\/2021\/author\/arnaldo\/"}]}},"_links":{"self":[{"href":"https:\/\/www.noticiasradioreflejos.com.ar\/2021\/wp-json\/wp\/v2\/posts\/73453","targetHints":{"allow":["GET"]}}],"collection":[{"href":"https:\/\/www.noticiasradioreflejos.com.ar\/2021\/wp-json\/wp\/v2\/posts"}],"about":[{"href":"https:\/\/www.noticiasradioreflejos.com.ar\/2021\/wp-json\/wp\/v2\/types\/post"}],"author":[{"embeddable":true,"href":"https:\/\/www.noticiasradioreflejos.com.ar\/2021\/wp-json\/wp\/v2\/users\/3"}],"replies":[{"embeddable":true,"href":"https:\/\/www.noticiasradioreflejos.com.ar\/2021\/wp-json\/wp\/v2\/comments?post=73453"}],"version-history":[{"count":6,"href":"https:\/\/www.noticiasradioreflejos.com.ar\/2021\/wp-json\/wp\/v2\/posts\/73453\/revisions"}],"predecessor-version":[{"id":73576,"href":"https:\/\/www.noticiasradioreflejos.com.ar\/2021\/wp-json\/wp\/v2\/posts\/73453\/revisions\/73576"}],"wp:attachment":[{"href":"https:\/\/www.noticiasradioreflejos.com.ar\/2021\/wp-json\/wp\/v2\/media?parent=73453"}],"wp:term":[{"taxonomy":"category","embeddable":true,"href":"https:\/\/www.noticiasradioreflejos.com.ar\/2021\/wp-json\/wp\/v2\/categories?post=73453"},{"taxonomy":"post_tag","embeddable":true,"href":"https:\/\/www.noticiasradioreflejos.com.ar\/2021\/wp-json\/wp\/v2\/tags?post=73453"}],"curies":[{"name":"wp","href":"https:\/\/api.w.org\/{rel}","templated":true}]}}