{"id":73447,"date":"2022-06-08T18:39:34","date_gmt":"2022-06-08T18:39:34","guid":{"rendered":"http:\/\/www.noticiasradioreflejos.com.ar\/2021\/?p=73447"},"modified":"2022-06-08T18:39:34","modified_gmt":"2022-06-08T18:39:34","slug":"dos-heridos-en-un-choque-frontal-y-vuelco-de-dos-vehiculos-frente-al-aeropuerto-de-bahia-blanca","status":"publish","type":"post","link":"https:\/\/www.noticiasradioreflejos.com.ar\/2021\/dos-heridos-en-un-choque-frontal-y-vuelco-de-dos-vehiculos-frente-al-aeropuerto-de-bahia-blanca\/","title":{"rendered":"Dos heridos en un choque frontal y vuelco de dos veh\u00edculos frente al aeropuerto de Bah\u00eda Blanca."},"content":{"rendered":"<p>El accidente de tr\u00e1nsito se produjo a las 14:00hs en la autov\u00eda de Ruta 3 frente al Aeropuerto.<!--more--><br \/>\n<a title=\"Choque ruta 3 (4)\" href=\"https:\/\/www.flickr.com\/photos\/182279889@N02\/52132669310\/in\/dateposted-public\/\" data-flickr-embed=\"true\"><img loading=\"lazy\" decoding=\"async\" src=\"https:\/\/live.staticflickr.com\/65535\/52132669310_1c403a5ff3_c.jpg\" alt=\"Choque ruta 3 (4)\" width=\"800\" height=\"600\" \/><\/a><script async src=\"\/\/embedr.flickr.com\/assets\/client-code.js\" charset=\"utf-8\"><\/script><\/p>\n<p>All\u00ed colisionaron y terminaron volcados dos veh\u00edculos, una Renault Kangoo conducida por un masculino de 36 a\u00f1os, quien debi\u00f3 ser asistido por personal de Defensa Civil y Bomberos Cuartel Alberdi para sal\u00edr del veh\u00edculo ya que hab\u00eda quedado atrapado, y un Fiat Palio conducido por una femenina de 34 a\u00f1os quien sali\u00f3 despedida del auto sufriendo politraumatismos, ambos fueron atendidos por ambulancia del servicio Siempre y solo la femenina fue y tasladada consciente a un centro asistencial para realizarle estudios, ambos veh\u00edculos circulaban en sentido Aeropuerto Bah\u00eda Blanca, se desconoce la mec\u00e1nica del accidente, tambi\u00e9n trabajaron en el lugar personal de Polic\u00eda y Control de Tr\u00e1nsito Urbano.<br \/>\nSolo qued\u00f3 un carril habilitado para transitar por lo que se recomienda precauci\u00f3n en el sector.<\/p>\n<p><a title=\"Choque ruta 3 (3)\" href=\"https:\/\/www.flickr.com\/photos\/182279889@N02\/52131152427\/in\/dateposted-public\/\" data-flickr-embed=\"true\"><img loading=\"lazy\" decoding=\"async\" src=\"https:\/\/live.staticflickr.com\/65535\/52131152427_24f89d0599_c.jpg\" alt=\"Choque ruta 3 (3)\" width=\"800\" height=\"600\" \/><\/a><script async src=\"\/\/embedr.flickr.com\/assets\/client-code.js\" charset=\"utf-8\"><\/script><\/p>\n<p><a title=\"Choque ruta 3 (2)\" href=\"https:\/\/www.flickr.com\/photos\/182279889@N02\/52132196818\/in\/dateposted-public\/\" data-flickr-embed=\"true\"><img loading=\"lazy\" decoding=\"async\" src=\"https:\/\/live.staticflickr.com\/65535\/52132196818_9a9e0a39d0_c.jpg\" alt=\"Choque ruta 3 (2)\" width=\"800\" height=\"600\" \/><\/a><script async src=\"\/\/embedr.flickr.com\/assets\/client-code.js\" charset=\"utf-8\"><\/script><\/p>\n","protected":false},"excerpt":{"rendered":"<p>El accidente de tr\u00e1nsito se produjo a las 14:00hs en la autov\u00eda de Ruta 3 frente al Aeropuerto.<\/p>\n","protected":false},"author":3,"featured_media":0,"comment_status":"closed","ping_status":"closed","sticky":false,"template":"","format":"standard","meta":{"footnotes":""},"categories":[29],"tags":[],"class_list":["post-73447","post","type-post","status-publish","format-standard","hentry","category-policiales"],"yoast_head":"<!-- This site is optimized with the Yoast SEO plugin v25.9 - https:\/\/yoast.com\/wordpress\/plugins\/seo\/ -->\n<title>Dos heridos en un choque frontal y vuelco de dos veh\u00edculos frente al aeropuerto de Bah\u00eda Blanca. - Noticias Radio Reflejos<\/title>\n<meta name=\"robots\" content=\"index, follow, max-snippet:-1, max-image-preview:large, max-video-preview:-1\" \/>\n<link rel=\"canonical\" href=\"https:\/\/www.noticiasradioreflejos.com.ar\/2021\/dos-heridos-en-un-choque-frontal-y-vuelco-de-dos-vehiculos-frente-al-aeropuerto-de-bahia-blanca\/\" \/>\n<meta property=\"og:locale\" content=\"es_ES\" \/>\n<meta property=\"og:type\" content=\"article\" \/>\n<meta property=\"og:title\" content=\"Dos heridos en un choque frontal y vuelco de dos veh\u00edculos frente al aeropuerto de Bah\u00eda Blanca. - Noticias Radio Reflejos\" \/>\n<meta property=\"og:description\" content=\"El accidente de tr\u00e1nsito se produjo a las 14:00hs en la autov\u00eda de Ruta 3 frente al Aeropuerto.\" \/>\n<meta property=\"og:url\" content=\"https:\/\/www.noticiasradioreflejos.com.ar\/2021\/dos-heridos-en-un-choque-frontal-y-vuelco-de-dos-vehiculos-frente-al-aeropuerto-de-bahia-blanca\/\" \/>\n<meta property=\"og:site_name\" content=\"Noticias Radio Reflejos\" \/>\n<meta property=\"article:published_time\" content=\"2022-06-08T18:39:34+00:00\" \/>\n<meta property=\"og:image\" content=\"https:\/\/live.staticflickr.com\/65535\/52132669310_1c403a5ff3_c.jpg\" \/>\n<meta name=\"author\" content=\"Arnaldo Botto\" \/>\n<meta name=\"twitter:card\" content=\"summary_large_image\" \/>\n<script type=\"application\/ld+json\" class=\"yoast-schema-graph\">{\"@context\":\"https:\/\/schema.org\",\"@graph\":[{\"@type\":\"WebPage\",\"@id\":\"https:\/\/www.noticiasradioreflejos.com.ar\/2021\/dos-heridos-en-un-choque-frontal-y-vuelco-de-dos-vehiculos-frente-al-aeropuerto-de-bahia-blanca\/\",\"url\":\"https:\/\/www.noticiasradioreflejos.com.ar\/2021\/dos-heridos-en-un-choque-frontal-y-vuelco-de-dos-vehiculos-frente-al-aeropuerto-de-bahia-blanca\/\",\"name\":\"Dos heridos en un choque frontal y vuelco de dos veh\u00edculos frente al aeropuerto de Bah\u00eda Blanca. - Noticias Radio Reflejos\",\"isPartOf\":{\"@id\":\"https:\/\/www.noticiasradioreflejos.com.ar\/2021\/#website\"},\"primaryImageOfPage\":{\"@id\":\"https:\/\/www.noticiasradioreflejos.com.ar\/2021\/dos-heridos-en-un-choque-frontal-y-vuelco-de-dos-vehiculos-frente-al-aeropuerto-de-bahia-blanca\/#primaryimage\"},\"image\":{\"@id\":\"https:\/\/www.noticiasradioreflejos.com.ar\/2021\/dos-heridos-en-un-choque-frontal-y-vuelco-de-dos-vehiculos-frente-al-aeropuerto-de-bahia-blanca\/#primaryimage\"},\"thumbnailUrl\":\"https:\/\/live.staticflickr.com\/65535\/52132669310_1c403a5ff3_c.jpg\",\"datePublished\":\"2022-06-08T18:39:34+00:00\",\"author\":{\"@id\":\"https:\/\/www.noticiasradioreflejos.com.ar\/2021\/#\/schema\/person\/ad82545263dcc5ec0996818884fd5fb1\"},\"breadcrumb\":{\"@id\":\"https:\/\/www.noticiasradioreflejos.com.ar\/2021\/dos-heridos-en-un-choque-frontal-y-vuelco-de-dos-vehiculos-frente-al-aeropuerto-de-bahia-blanca\/#breadcrumb\"},\"inLanguage\":\"es\",\"potentialAction\":[{\"@type\":\"ReadAction\",\"target\":[\"https:\/\/www.noticiasradioreflejos.com.ar\/2021\/dos-heridos-en-un-choque-frontal-y-vuelco-de-dos-vehiculos-frente-al-aeropuerto-de-bahia-blanca\/\"]}]},{\"@type\":\"ImageObject\",\"inLanguage\":\"es\",\"@id\":\"https:\/\/www.noticiasradioreflejos.com.ar\/2021\/dos-heridos-en-un-choque-frontal-y-vuelco-de-dos-vehiculos-frente-al-aeropuerto-de-bahia-blanca\/#primaryimage\",\"url\":\"https:\/\/live.staticflickr.com\/65535\/52132669310_1c403a5ff3_c.jpg\",\"contentUrl\":\"https:\/\/live.staticflickr.com\/65535\/52132669310_1c403a5ff3_c.jpg\"},{\"@type\":\"BreadcrumbList\",\"@id\":\"https:\/\/www.noticiasradioreflejos.com.ar\/2021\/dos-heridos-en-un-choque-frontal-y-vuelco-de-dos-vehiculos-frente-al-aeropuerto-de-bahia-blanca\/#breadcrumb\",\"itemListElement\":[{\"@type\":\"ListItem\",\"position\":1,\"name\":\"Portada\",\"item\":\"https:\/\/www.noticiasradioreflejos.com.ar\/2021\/\"},{\"@type\":\"ListItem\",\"position\":2,\"name\":\"Dos heridos en un choque frontal y vuelco de dos veh\u00edculos frente al aeropuerto de Bah\u00eda Blanca.\"}]},{\"@type\":\"WebSite\",\"@id\":\"https:\/\/www.noticiasradioreflejos.com.ar\/2021\/#website\",\"url\":\"https:\/\/www.noticiasradioreflejos.com.ar\/2021\/\",\"name\":\"Noticias Radio Reflejos\",\"description\":\"Las noticias de mi comarca\",\"potentialAction\":[{\"@type\":\"SearchAction\",\"target\":{\"@type\":\"EntryPoint\",\"urlTemplate\":\"https:\/\/www.noticiasradioreflejos.com.ar\/2021\/?s={search_term_string}\"},\"query-input\":{\"@type\":\"PropertyValueSpecification\",\"valueRequired\":true,\"valueName\":\"search_term_string\"}}],\"inLanguage\":\"es\"},{\"@type\":\"Person\",\"@id\":\"https:\/\/www.noticiasradioreflejos.com.ar\/2021\/#\/schema\/person\/ad82545263dcc5ec0996818884fd5fb1\",\"name\":\"Arnaldo Botto\",\"image\":{\"@type\":\"ImageObject\",\"inLanguage\":\"es\",\"@id\":\"https:\/\/www.noticiasradioreflejos.com.ar\/2021\/#\/schema\/person\/image\/\",\"url\":\"https:\/\/secure.gravatar.com\/avatar\/55cb5e37c1efa326397366e6974cb338056df65cb50e7d64d1cf314e87504837?s=96&d=mm&r=g\",\"contentUrl\":\"https:\/\/secure.gravatar.com\/avatar\/55cb5e37c1efa326397366e6974cb338056df65cb50e7d64d1cf314e87504837?s=96&d=mm&r=g\",\"caption\":\"Arnaldo Botto\"},\"url\":\"https:\/\/www.noticiasradioreflejos.com.ar\/2021\/author\/arnaldo\/\"}]}<\/script>\n<!-- \/ Yoast SEO plugin. -->","yoast_head_json":{"title":"Dos heridos en un choque frontal y vuelco de dos veh\u00edculos frente al aeropuerto de Bah\u00eda Blanca. - Noticias Radio Reflejos","robots":{"index":"index","follow":"follow","max-snippet":"max-snippet:-1","max-image-preview":"max-image-preview:large","max-video-preview":"max-video-preview:-1"},"canonical":"https:\/\/www.noticiasradioreflejos.com.ar\/2021\/dos-heridos-en-un-choque-frontal-y-vuelco-de-dos-vehiculos-frente-al-aeropuerto-de-bahia-blanca\/","og_locale":"es_ES","og_type":"article","og_title":"Dos heridos en un choque frontal y vuelco de dos veh\u00edculos frente al aeropuerto de Bah\u00eda Blanca. - Noticias Radio Reflejos","og_description":"El accidente de tr\u00e1nsito se produjo a las 14:00hs en la autov\u00eda de Ruta 3 frente al Aeropuerto.","og_url":"https:\/\/www.noticiasradioreflejos.com.ar\/2021\/dos-heridos-en-un-choque-frontal-y-vuelco-de-dos-vehiculos-frente-al-aeropuerto-de-bahia-blanca\/","og_site_name":"Noticias Radio Reflejos","article_published_time":"2022-06-08T18:39:34+00:00","og_image":[{"url":"https:\/\/live.staticflickr.com\/65535\/52132669310_1c403a5ff3_c.jpg","type":"","width":"","height":""}],"author":"Arnaldo Botto","twitter_card":"summary_large_image","schema":{"@context":"https:\/\/schema.org","@graph":[{"@type":"WebPage","@id":"https:\/\/www.noticiasradioreflejos.com.ar\/2021\/dos-heridos-en-un-choque-frontal-y-vuelco-de-dos-vehiculos-frente-al-aeropuerto-de-bahia-blanca\/","url":"https:\/\/www.noticiasradioreflejos.com.ar\/2021\/dos-heridos-en-un-choque-frontal-y-vuelco-de-dos-vehiculos-frente-al-aeropuerto-de-bahia-blanca\/","name":"Dos heridos en un choque frontal y vuelco de dos veh\u00edculos frente al aeropuerto de Bah\u00eda Blanca. - Noticias Radio Reflejos","isPartOf":{"@id":"https:\/\/www.noticiasradioreflejos.com.ar\/2021\/#website"},"primaryImageOfPage":{"@id":"https:\/\/www.noticiasradioreflejos.com.ar\/2021\/dos-heridos-en-un-choque-frontal-y-vuelco-de-dos-vehiculos-frente-al-aeropuerto-de-bahia-blanca\/#primaryimage"},"image":{"@id":"https:\/\/www.noticiasradioreflejos.com.ar\/2021\/dos-heridos-en-un-choque-frontal-y-vuelco-de-dos-vehiculos-frente-al-aeropuerto-de-bahia-blanca\/#primaryimage"},"thumbnailUrl":"https:\/\/live.staticflickr.com\/65535\/52132669310_1c403a5ff3_c.jpg","datePublished":"2022-06-08T18:39:34+00:00","author":{"@id":"https:\/\/www.noticiasradioreflejos.com.ar\/2021\/#\/schema\/person\/ad82545263dcc5ec0996818884fd5fb1"},"breadcrumb":{"@id":"https:\/\/www.noticiasradioreflejos.com.ar\/2021\/dos-heridos-en-un-choque-frontal-y-vuelco-de-dos-vehiculos-frente-al-aeropuerto-de-bahia-blanca\/#breadcrumb"},"inLanguage":"es","potentialAction":[{"@type":"ReadAction","target":["https:\/\/www.noticiasradioreflejos.com.ar\/2021\/dos-heridos-en-un-choque-frontal-y-vuelco-de-dos-vehiculos-frente-al-aeropuerto-de-bahia-blanca\/"]}]},{"@type":"ImageObject","inLanguage":"es","@id":"https:\/\/www.noticiasradioreflejos.com.ar\/2021\/dos-heridos-en-un-choque-frontal-y-vuelco-de-dos-vehiculos-frente-al-aeropuerto-de-bahia-blanca\/#primaryimage","url":"https:\/\/live.staticflickr.com\/65535\/52132669310_1c403a5ff3_c.jpg","contentUrl":"https:\/\/live.staticflickr.com\/65535\/52132669310_1c403a5ff3_c.jpg"},{"@type":"BreadcrumbList","@id":"https:\/\/www.noticiasradioreflejos.com.ar\/2021\/dos-heridos-en-un-choque-frontal-y-vuelco-de-dos-vehiculos-frente-al-aeropuerto-de-bahia-blanca\/#breadcrumb","itemListElement":[{"@type":"ListItem","position":1,"name":"Portada","item":"https:\/\/www.noticiasradioreflejos.com.ar\/2021\/"},{"@type":"ListItem","position":2,"name":"Dos heridos en un choque frontal y vuelco de dos veh\u00edculos frente al aeropuerto de Bah\u00eda Blanca."}]},{"@type":"WebSite","@id":"https:\/\/www.noticiasradioreflejos.com.ar\/2021\/#website","url":"https:\/\/www.noticiasradioreflejos.com.ar\/2021\/","name":"Noticias Radio Reflejos","description":"Las noticias de mi comarca","potentialAction":[{"@type":"SearchAction","target":{"@type":"EntryPoint","urlTemplate":"https:\/\/www.noticiasradioreflejos.com.ar\/2021\/?s={search_term_string}"},"query-input":{"@type":"PropertyValueSpecification","valueRequired":true,"valueName":"search_term_string"}}],"inLanguage":"es"},{"@type":"Person","@id":"https:\/\/www.noticiasradioreflejos.com.ar\/2021\/#\/schema\/person\/ad82545263dcc5ec0996818884fd5fb1","name":"Arnaldo Botto","image":{"@type":"ImageObject","inLanguage":"es","@id":"https:\/\/www.noticiasradioreflejos.com.ar\/2021\/#\/schema\/person\/image\/","url":"https:\/\/secure.gravatar.com\/avatar\/55cb5e37c1efa326397366e6974cb338056df65cb50e7d64d1cf314e87504837?s=96&d=mm&r=g","contentUrl":"https:\/\/secure.gravatar.com\/avatar\/55cb5e37c1efa326397366e6974cb338056df65cb50e7d64d1cf314e87504837?s=96&d=mm&r=g","caption":"Arnaldo Botto"},"url":"https:\/\/www.noticiasradioreflejos.com.ar\/2021\/author\/arnaldo\/"}]}},"_links":{"self":[{"href":"https:\/\/www.noticiasradioreflejos.com.ar\/2021\/wp-json\/wp\/v2\/posts\/73447","targetHints":{"allow":["GET"]}}],"collection":[{"href":"https:\/\/www.noticiasradioreflejos.com.ar\/2021\/wp-json\/wp\/v2\/posts"}],"about":[{"href":"https:\/\/www.noticiasradioreflejos.com.ar\/2021\/wp-json\/wp\/v2\/types\/post"}],"author":[{"embeddable":true,"href":"https:\/\/www.noticiasradioreflejos.com.ar\/2021\/wp-json\/wp\/v2\/users\/3"}],"replies":[{"embeddable":true,"href":"https:\/\/www.noticiasradioreflejos.com.ar\/2021\/wp-json\/wp\/v2\/comments?post=73447"}],"version-history":[{"count":1,"href":"https:\/\/www.noticiasradioreflejos.com.ar\/2021\/wp-json\/wp\/v2\/posts\/73447\/revisions"}],"predecessor-version":[{"id":73449,"href":"https:\/\/www.noticiasradioreflejos.com.ar\/2021\/wp-json\/wp\/v2\/posts\/73447\/revisions\/73449"}],"wp:attachment":[{"href":"https:\/\/www.noticiasradioreflejos.com.ar\/2021\/wp-json\/wp\/v2\/media?parent=73447"}],"wp:term":[{"taxonomy":"category","embeddable":true,"href":"https:\/\/www.noticiasradioreflejos.com.ar\/2021\/wp-json\/wp\/v2\/categories?post=73447"},{"taxonomy":"post_tag","embeddable":true,"href":"https:\/\/www.noticiasradioreflejos.com.ar\/2021\/wp-json\/wp\/v2\/tags?post=73447"}],"curies":[{"name":"wp","href":"https:\/\/api.w.org\/{rel}","templated":true}]}}