{"id":73439,"date":"2022-06-08T18:16:34","date_gmt":"2022-06-08T18:16:34","guid":{"rendered":"http:\/\/www.noticiasradioreflejos.com.ar\/2021\/?p=73439"},"modified":"2022-06-08T18:16:34","modified_gmt":"2022-06-08T18:16:34","slug":"tratar-a-alguien-de-mentiroso-no-es-un-delito-va-por-el-lado-de-danos-y-perjuicios","status":"publish","type":"post","link":"https:\/\/www.noticiasradioreflejos.com.ar\/2021\/tratar-a-alguien-de-mentiroso-no-es-un-delito-va-por-el-lado-de-danos-y-perjuicios\/","title":{"rendered":"\u201cTratar a alguien de mentiroso no es un delito, va por el lado de da\u00f1os y perjuicios\u201d"},"content":{"rendered":"<p>El Dr. Leandro Piccardi aclar\u00f3 por un lado la situaci\u00f3n de calumnias e injurias, explic\u00f3 en que esfera pueden caer las distintas afirmaciones que se expresan a trav\u00e9s de los medios de comunicaci\u00f3n y trajo luz sobre la problem\u00e1tica del aeroclub.<!--more--><\/p>\n<p>El Dr. Leandro Piccardi reparti\u00f3 su tiempo en dos cuestiones. Por un lado, aclar\u00f3 que \u201ctratar a alguien de mentiroso no es un delito. No ir\u00eda por la parte penal. Puede ir por da\u00f1os y perjuicios, pero por la parte penal no. Ahora si lo acusan de ladr\u00f3n o que se qued\u00f3 con una coima, ahora s\u00ed\u201d.<\/p>\n<p>Por el otro tambi\u00e9n abord\u00f3 el juicio mundialmente conocido entre <strong>Jhonny Depp y Amber Heard<\/strong>, d\u00e1ndole un marco legal con un lenguaje f\u00e1cil de entender, y explicando en qu\u00e9 casos pueden llegarse adelante en nuestro medio.<\/p>\n<p>Al respecto el abogado sostuvo que \u201csu ex esposa public\u00f3 que hab\u00eda sido v\u00edctima de violencia de g\u00e9nero. \u00c9l debi\u00f3 abonarle una suma importante de dinero, y en base a eso se sinti\u00f3 agraviado. All\u00e1 es difamaci\u00f3n, ac\u00e1 es calumnias e injurias. Son juicios que persiguen el honor de las personas, que busca un reparo a ese honor y econ\u00f3micamente\u201d.<\/p>\n<p>Siguiendo en la explicaci\u00f3n, aclar\u00f3 que \u201clo importante es el ofrecimiento de la prueba. Lo que hace este delito es invertir la carga de la prueba; el que lo inicia le pide al imputado que pruebe qu\u00e9 delito coment\u00f3 la otra persona y a trav\u00e9s de qu\u00e9 medios. \u00a0Esto ha sido una jugada muy inteligente por el estudio jur\u00eddico de Jhonny Depp que ha hecho maravillas y ha destrozado los argumentos de su ex\u201d.<\/p>\n<p>&nbsp;<\/p>\n<h4>Aeroclub de Saldungaray: Sobre la cautelar de la justicia y lo que vendr\u00e1 en t\u00e9rminos legales<\/h4>\n<p>Mientras que en otro pasaje de la charla incursion\u00f3 sobre situaciones que se pueden dar, similares a lo que ocurre hoy con el aeroclub de Saldungaray. En ese sentido mencion\u00f3 que \u201cac\u00e1 est\u00e1n en juego los derechos posesorios del club y si los ha ejercido de manera p\u00fablica, continua y permanente. De ser as\u00ed, pese a no tener el boleto de compra venta, creo que se puede acreditar que ejerci\u00f3 el derecho posesorio por m\u00e1s de 20 a\u00f1os y eso dar\u00eda pie a que pueda recuperar la posesi\u00f3n\u201d.<\/p>\n<p>De igual manera Piccardi cont\u00f3 que \u201cen cualquier caso si se puede demostrar de forma fehaciente que una persona ha ejercido derechos posesorios\u2026. \u00a0Que plant\u00f3 un \u00e1rbol, que hizo una casa, que lo alambr\u00f3, que lo cerc\u00f3, y que el titular del bien no se present\u00f3 por m\u00e1s de 20 a\u00f1os para requerir esa posesi\u00f3n, lo que se hace ah\u00ed es un juicio por usucapi\u00f3n, y en definitiva hay defensas m\u00e1s que suficientes\u201d.<\/p>\n<p>Aunque tambi\u00e9n reconoci\u00f3 que \u201cel comodato es diferente, porque genera la obligaci\u00f3n de restituir. Es como un alquiler hablando mal y pronto. Si aparece ese comodato, se complica la situaci\u00f3n del aeroclub. Hay que ver cu\u00e1ndo venci\u00f3 y qu\u00e9 cl\u00e1usulas ten\u00eda. Todo depende de la documentaci\u00f3n, las formas y requisitos que tenga esa documentaci\u00f3n. Esto lo determinar\u00e1 un juez\u201d.<\/p>\n<p>&nbsp;<\/p>\n<p><iframe loading=\"lazy\" src=\"https:\/\/w.soundcloud.com\/player\/?url=https%3A\/\/api.soundcloud.com\/tracks\/1283548660&amp;color=%23ff5500&amp;auto_play=false&amp;hide_related=false&amp;show_comments=true&amp;show_user=true&amp;show_reposts=false&amp;show_teaser=true\" width=\"100%\" height=\"166\" frameborder=\"no\" scrolling=\"no\"><\/iframe><\/p>\n<div style=\"font-size: 10px; color: #cccccc; line-break: anywhere; word-break: normal; overflow: hidden; white-space: nowrap; text-overflow: ellipsis; font-family: Interstate,Lucida Grande,Lucida Sans Unicode,Lucida Sans,Garuda,Verdana,Tahoma,sans-serif; font-weight: 100;\"><a style=\"color: #cccccc; text-decoration: none;\" title=\"fmreflejos 103.7\" href=\"https:\/\/soundcloud.com\/fmreflejos-103-7\" target=\"_blank\" rel=\"noopener\">fmreflejos 103.7<\/a> \u00b7 <a style=\"color: #cccccc; text-decoration: none;\" title=\"Leandro Picardi\" href=\"https:\/\/soundcloud.com\/fmreflejos-103-7\/leandro-picardi-506857573\" target=\"_blank\" rel=\"noopener\">Leandro Picardi<\/a><\/div>\n","protected":false},"excerpt":{"rendered":"<p>El Dr. Leandro Piccardi aclar\u00f3 por un lado la situaci\u00f3n de calumnias e injurias, explic\u00f3 en que esfera pueden caer las distintas afirmaciones que se expresan a trav\u00e9s de los medios de comunicaci\u00f3n y trajo luz sobre la problem\u00e1tica del aeroclub.<\/p>\n","protected":false},"author":3,"featured_media":0,"comment_status":"closed","ping_status":"closed","sticky":false,"template":"","format":"standard","meta":{"footnotes":""},"categories":[57,26],"tags":[48],"class_list":["post-73439","post","type-post","status-publish","format-standard","hentry","category-judiciales","category-sociedad","tag-destacada"],"yoast_head":"<!-- This site is optimized with the Yoast SEO plugin v25.9 - https:\/\/yoast.com\/wordpress\/plugins\/seo\/ -->\n<title>\u201cTratar a alguien de mentiroso no es un delito, va por el lado de da\u00f1os y perjuicios\u201d - Noticias Radio Reflejos<\/title>\n<meta name=\"robots\" content=\"index, follow, max-snippet:-1, max-image-preview:large, max-video-preview:-1\" \/>\n<link rel=\"canonical\" href=\"https:\/\/www.noticiasradioreflejos.com.ar\/2021\/tratar-a-alguien-de-mentiroso-no-es-un-delito-va-por-el-lado-de-danos-y-perjuicios\/\" \/>\n<meta property=\"og:locale\" content=\"es_ES\" \/>\n<meta property=\"og:type\" content=\"article\" \/>\n<meta property=\"og:title\" content=\"\u201cTratar a alguien de mentiroso no es un delito, va por el lado de da\u00f1os y perjuicios\u201d - Noticias Radio Reflejos\" \/>\n<meta property=\"og:description\" content=\"El Dr. Leandro Piccardi aclar\u00f3 por un lado la situaci\u00f3n de calumnias e injurias, explic\u00f3 en que esfera pueden caer las distintas afirmaciones que se expresan a trav\u00e9s de los medios de comunicaci\u00f3n y trajo luz sobre la problem\u00e1tica del aeroclub.\" \/>\n<meta property=\"og:url\" content=\"https:\/\/www.noticiasradioreflejos.com.ar\/2021\/tratar-a-alguien-de-mentiroso-no-es-un-delito-va-por-el-lado-de-danos-y-perjuicios\/\" \/>\n<meta property=\"og:site_name\" content=\"Noticias Radio Reflejos\" \/>\n<meta property=\"article:published_time\" content=\"2022-06-08T18:16:34+00:00\" \/>\n<meta property=\"og:image\" content=\"https:\/\/www.noticiasradioreflejos.com.ar\/2021\/wp-content\/uploads\/2021\/07\/logosol300x200.png\" \/>\n\t<meta property=\"og:image:width\" content=\"300\" \/>\n\t<meta property=\"og:image:height\" content=\"200\" \/>\n\t<meta property=\"og:image:type\" content=\"image\/png\" \/>\n<meta name=\"author\" content=\"Arnaldo Botto\" \/>\n<meta name=\"twitter:card\" content=\"summary_large_image\" \/>\n<script type=\"application\/ld+json\" class=\"yoast-schema-graph\">{\"@context\":\"https:\/\/schema.org\",\"@graph\":[{\"@type\":\"WebPage\",\"@id\":\"https:\/\/www.noticiasradioreflejos.com.ar\/2021\/tratar-a-alguien-de-mentiroso-no-es-un-delito-va-por-el-lado-de-danos-y-perjuicios\/\",\"url\":\"https:\/\/www.noticiasradioreflejos.com.ar\/2021\/tratar-a-alguien-de-mentiroso-no-es-un-delito-va-por-el-lado-de-danos-y-perjuicios\/\",\"name\":\"\u201cTratar a alguien de mentiroso no es un delito, va por el lado de da\u00f1os y perjuicios\u201d - Noticias Radio Reflejos\",\"isPartOf\":{\"@id\":\"https:\/\/www.noticiasradioreflejos.com.ar\/2021\/#website\"},\"datePublished\":\"2022-06-08T18:16:34+00:00\",\"author\":{\"@id\":\"https:\/\/www.noticiasradioreflejos.com.ar\/2021\/#\/schema\/person\/ad82545263dcc5ec0996818884fd5fb1\"},\"breadcrumb\":{\"@id\":\"https:\/\/www.noticiasradioreflejos.com.ar\/2021\/tratar-a-alguien-de-mentiroso-no-es-un-delito-va-por-el-lado-de-danos-y-perjuicios\/#breadcrumb\"},\"inLanguage\":\"es\",\"potentialAction\":[{\"@type\":\"ReadAction\",\"target\":[\"https:\/\/www.noticiasradioreflejos.com.ar\/2021\/tratar-a-alguien-de-mentiroso-no-es-un-delito-va-por-el-lado-de-danos-y-perjuicios\/\"]}]},{\"@type\":\"BreadcrumbList\",\"@id\":\"https:\/\/www.noticiasradioreflejos.com.ar\/2021\/tratar-a-alguien-de-mentiroso-no-es-un-delito-va-por-el-lado-de-danos-y-perjuicios\/#breadcrumb\",\"itemListElement\":[{\"@type\":\"ListItem\",\"position\":1,\"name\":\"Portada\",\"item\":\"https:\/\/www.noticiasradioreflejos.com.ar\/2021\/\"},{\"@type\":\"ListItem\",\"position\":2,\"name\":\"\u201cTratar a alguien de mentiroso no es un delito, va por el lado de da\u00f1os y perjuicios\u201d\"}]},{\"@type\":\"WebSite\",\"@id\":\"https:\/\/www.noticiasradioreflejos.com.ar\/2021\/#website\",\"url\":\"https:\/\/www.noticiasradioreflejos.com.ar\/2021\/\",\"name\":\"Noticias Radio Reflejos\",\"description\":\"Las noticias de mi comarca\",\"potentialAction\":[{\"@type\":\"SearchAction\",\"target\":{\"@type\":\"EntryPoint\",\"urlTemplate\":\"https:\/\/www.noticiasradioreflejos.com.ar\/2021\/?s={search_term_string}\"},\"query-input\":{\"@type\":\"PropertyValueSpecification\",\"valueRequired\":true,\"valueName\":\"search_term_string\"}}],\"inLanguage\":\"es\"},{\"@type\":\"Person\",\"@id\":\"https:\/\/www.noticiasradioreflejos.com.ar\/2021\/#\/schema\/person\/ad82545263dcc5ec0996818884fd5fb1\",\"name\":\"Arnaldo Botto\",\"image\":{\"@type\":\"ImageObject\",\"inLanguage\":\"es\",\"@id\":\"https:\/\/www.noticiasradioreflejos.com.ar\/2021\/#\/schema\/person\/image\/\",\"url\":\"https:\/\/secure.gravatar.com\/avatar\/55cb5e37c1efa326397366e6974cb338056df65cb50e7d64d1cf314e87504837?s=96&d=mm&r=g\",\"contentUrl\":\"https:\/\/secure.gravatar.com\/avatar\/55cb5e37c1efa326397366e6974cb338056df65cb50e7d64d1cf314e87504837?s=96&d=mm&r=g\",\"caption\":\"Arnaldo Botto\"},\"url\":\"https:\/\/www.noticiasradioreflejos.com.ar\/2021\/author\/arnaldo\/\"}]}<\/script>\n<!-- \/ Yoast SEO plugin. -->","yoast_head_json":{"title":"\u201cTratar a alguien de mentiroso no es un delito, va por el lado de da\u00f1os y perjuicios\u201d - Noticias Radio Reflejos","robots":{"index":"index","follow":"follow","max-snippet":"max-snippet:-1","max-image-preview":"max-image-preview:large","max-video-preview":"max-video-preview:-1"},"canonical":"https:\/\/www.noticiasradioreflejos.com.ar\/2021\/tratar-a-alguien-de-mentiroso-no-es-un-delito-va-por-el-lado-de-danos-y-perjuicios\/","og_locale":"es_ES","og_type":"article","og_title":"\u201cTratar a alguien de mentiroso no es un delito, va por el lado de da\u00f1os y perjuicios\u201d - Noticias Radio Reflejos","og_description":"El Dr. Leandro Piccardi aclar\u00f3 por un lado la situaci\u00f3n de calumnias e injurias, explic\u00f3 en que esfera pueden caer las distintas afirmaciones que se expresan a trav\u00e9s de los medios de comunicaci\u00f3n y trajo luz sobre la problem\u00e1tica del aeroclub.","og_url":"https:\/\/www.noticiasradioreflejos.com.ar\/2021\/tratar-a-alguien-de-mentiroso-no-es-un-delito-va-por-el-lado-de-danos-y-perjuicios\/","og_site_name":"Noticias Radio Reflejos","article_published_time":"2022-06-08T18:16:34+00:00","og_image":[{"width":300,"height":200,"url":"https:\/\/www.noticiasradioreflejos.com.ar\/2021\/wp-content\/uploads\/2021\/07\/logosol300x200.png","type":"image\/png"}],"author":"Arnaldo Botto","twitter_card":"summary_large_image","schema":{"@context":"https:\/\/schema.org","@graph":[{"@type":"WebPage","@id":"https:\/\/www.noticiasradioreflejos.com.ar\/2021\/tratar-a-alguien-de-mentiroso-no-es-un-delito-va-por-el-lado-de-danos-y-perjuicios\/","url":"https:\/\/www.noticiasradioreflejos.com.ar\/2021\/tratar-a-alguien-de-mentiroso-no-es-un-delito-va-por-el-lado-de-danos-y-perjuicios\/","name":"\u201cTratar a alguien de mentiroso no es un delito, va por el lado de da\u00f1os y perjuicios\u201d - Noticias Radio Reflejos","isPartOf":{"@id":"https:\/\/www.noticiasradioreflejos.com.ar\/2021\/#website"},"datePublished":"2022-06-08T18:16:34+00:00","author":{"@id":"https:\/\/www.noticiasradioreflejos.com.ar\/2021\/#\/schema\/person\/ad82545263dcc5ec0996818884fd5fb1"},"breadcrumb":{"@id":"https:\/\/www.noticiasradioreflejos.com.ar\/2021\/tratar-a-alguien-de-mentiroso-no-es-un-delito-va-por-el-lado-de-danos-y-perjuicios\/#breadcrumb"},"inLanguage":"es","potentialAction":[{"@type":"ReadAction","target":["https:\/\/www.noticiasradioreflejos.com.ar\/2021\/tratar-a-alguien-de-mentiroso-no-es-un-delito-va-por-el-lado-de-danos-y-perjuicios\/"]}]},{"@type":"BreadcrumbList","@id":"https:\/\/www.noticiasradioreflejos.com.ar\/2021\/tratar-a-alguien-de-mentiroso-no-es-un-delito-va-por-el-lado-de-danos-y-perjuicios\/#breadcrumb","itemListElement":[{"@type":"ListItem","position":1,"name":"Portada","item":"https:\/\/www.noticiasradioreflejos.com.ar\/2021\/"},{"@type":"ListItem","position":2,"name":"\u201cTratar a alguien de mentiroso no es un delito, va por el lado de da\u00f1os y perjuicios\u201d"}]},{"@type":"WebSite","@id":"https:\/\/www.noticiasradioreflejos.com.ar\/2021\/#website","url":"https:\/\/www.noticiasradioreflejos.com.ar\/2021\/","name":"Noticias Radio Reflejos","description":"Las noticias de mi comarca","potentialAction":[{"@type":"SearchAction","target":{"@type":"EntryPoint","urlTemplate":"https:\/\/www.noticiasradioreflejos.com.ar\/2021\/?s={search_term_string}"},"query-input":{"@type":"PropertyValueSpecification","valueRequired":true,"valueName":"search_term_string"}}],"inLanguage":"es"},{"@type":"Person","@id":"https:\/\/www.noticiasradioreflejos.com.ar\/2021\/#\/schema\/person\/ad82545263dcc5ec0996818884fd5fb1","name":"Arnaldo Botto","image":{"@type":"ImageObject","inLanguage":"es","@id":"https:\/\/www.noticiasradioreflejos.com.ar\/2021\/#\/schema\/person\/image\/","url":"https:\/\/secure.gravatar.com\/avatar\/55cb5e37c1efa326397366e6974cb338056df65cb50e7d64d1cf314e87504837?s=96&d=mm&r=g","contentUrl":"https:\/\/secure.gravatar.com\/avatar\/55cb5e37c1efa326397366e6974cb338056df65cb50e7d64d1cf314e87504837?s=96&d=mm&r=g","caption":"Arnaldo Botto"},"url":"https:\/\/www.noticiasradioreflejos.com.ar\/2021\/author\/arnaldo\/"}]}},"_links":{"self":[{"href":"https:\/\/www.noticiasradioreflejos.com.ar\/2021\/wp-json\/wp\/v2\/posts\/73439","targetHints":{"allow":["GET"]}}],"collection":[{"href":"https:\/\/www.noticiasradioreflejos.com.ar\/2021\/wp-json\/wp\/v2\/posts"}],"about":[{"href":"https:\/\/www.noticiasradioreflejos.com.ar\/2021\/wp-json\/wp\/v2\/types\/post"}],"author":[{"embeddable":true,"href":"https:\/\/www.noticiasradioreflejos.com.ar\/2021\/wp-json\/wp\/v2\/users\/3"}],"replies":[{"embeddable":true,"href":"https:\/\/www.noticiasradioreflejos.com.ar\/2021\/wp-json\/wp\/v2\/comments?post=73439"}],"version-history":[{"count":2,"href":"https:\/\/www.noticiasradioreflejos.com.ar\/2021\/wp-json\/wp\/v2\/posts\/73439\/revisions"}],"predecessor-version":[{"id":73444,"href":"https:\/\/www.noticiasradioreflejos.com.ar\/2021\/wp-json\/wp\/v2\/posts\/73439\/revisions\/73444"}],"wp:attachment":[{"href":"https:\/\/www.noticiasradioreflejos.com.ar\/2021\/wp-json\/wp\/v2\/media?parent=73439"}],"wp:term":[{"taxonomy":"category","embeddable":true,"href":"https:\/\/www.noticiasradioreflejos.com.ar\/2021\/wp-json\/wp\/v2\/categories?post=73439"},{"taxonomy":"post_tag","embeddable":true,"href":"https:\/\/www.noticiasradioreflejos.com.ar\/2021\/wp-json\/wp\/v2\/tags?post=73439"}],"curies":[{"name":"wp","href":"https:\/\/api.w.org\/{rel}","templated":true}]}}