{"id":73437,"date":"2022-06-08T18:07:31","date_gmt":"2022-06-08T18:07:31","guid":{"rendered":"http:\/\/www.noticiasradioreflejos.com.ar\/2021\/?p=73437"},"modified":"2022-06-08T18:08:57","modified_gmt":"2022-06-08T18:08:57","slug":"zacconi-le-respondio-a-castro-lo-tomo-como-de-quien-viene","status":"publish","type":"post","link":"https:\/\/www.noticiasradioreflejos.com.ar\/2021\/zacconi-le-respondio-a-castro-lo-tomo-como-de-quien-viene\/","title":{"rendered":"Zacconi le respondi\u00f3 a Castro: \u201cLo tomo como de qui\u00e9n viene\u201d"},"content":{"rendered":"<p>El cruce ente concejales de veredas opuestas por dichos referidos a la compra de calefactores sum\u00f3 un nuevo cap\u00edtulo. \u201cNo ment\u00ed y Luis Castro sabe que no miento\u201d asegur\u00f3 Zacconi.<!--more--><\/p>\n<p>Un nuevo cap\u00edtulo en la disputa de la semana. Una carta de solidaridad con otros partidos bonaerenses cal\u00f3 hondo, y tras los dichos del edil Luis Castro, el cual tild\u00f3 de mentiroso a su par Bruno Zacconi, este \u00faltimo hizo uso de su derecho a r\u00e9plica.<\/p>\n<p>\u201cYo lo tomo como de qui\u00e9n viene\u201d arranc\u00f3 el concejal de Acci\u00f3n por Tornquist. \u201cHay una parte de Juntos que hace pol\u00edtica de esa manera, agraviando. No tengo problemas en lo personal con ese edil, ni con los consejeros escolares. Y tampoco los voy a tener. Tengo los mismos amigos de toda la vida, amo a mi familia, soy una persona que trata de ser feliz y la pol\u00edtica pasa por otro lado. Confundir el terreno personal con el pol\u00edtico, son dos mangos aparte y no le hace bien a la pol\u00edtica\u201d reafirm\u00f3.<\/p>\n<p>Al mismo tiempo Zacconi reconoci\u00f3 que \u201cfue innecesario el t\u00e9rmino mentiroso. Todos sabemos que popularmente cuando a alguien se le dice mentiroso, es porque sistem\u00e1ticamente miente. El Consejo Escolar hace pol\u00edtica y tiene que rendir cuentas\u201d.<\/p>\n<p>En otro pasaje de la charla recalc\u00f3 que \u201ccon respecto a los calefactores no ment\u00ed y Luis Castro sabe que no miento. El fondo educativo que se pod\u00eda utilizar perfectamente para hacer el mantenimiento de los calefactores en el mes de marzo, ten\u00eda plata\u201d.<\/p>\n<p>Mientras que retomando sus primeras palabras, remarc\u00f3 que \u201csi a m\u00ed me tratan de mentiroso en un tema donde tengo el audio del presidente de bloque que tiene mayor\u00eda autom\u00e1tica, qu\u00e9 tengo que creer, que nos est\u00e1n pidiendo la opini\u00f3n o nos est\u00e1n llevando a todos para el mismo lado. En parte el Concejo Deliberante funciona as\u00ed. El consenso es lindo hasta que una parte se enoja. Incluso ayer en sesi\u00f3n lo dijo Luis Castro perfectamente: si toman esa postura se les va a hacer dif\u00edcil gobernar. \u00bfLo tenemos que tomar como una amenaza? \u00bfAs\u00ed se hace pol\u00edtica con responsabilidad, consenso y valorizando las instituciones?\u201d<\/p>\n<p>Por \u00faltimo y a modo de reflexi\u00f3n lanz\u00f3: \u201cac\u00e1 parece que parte de la pol\u00edtica de Tornquist puede hacer pol\u00edtica y criticar a todo el mundo; y por el otro lado, cuando uno marca determinada situaci\u00f3n es casi un sacrilegio. Nos tenemos que poner de acuerdo. Cuando uno vive criticando gestiones tiene que ser consiente que le va a llegar una contestaci\u00f3n\u201d.<\/p>\n<h4>Sobre el aeroclub de Saldungaray<\/h4>\n<p>Sobre el final de la entrevista Bruno Zacconi hizo alusi\u00f3n a la judicializaci\u00f3n de la disputa por las tierras del aeroclub, lo que frena por un tiempo incalculable las potenciales obras de ampliaci\u00f3n del cementerio de esa localidad.<\/p>\n<p>Al respecto mencion\u00f3 que \u201clas partes tomar\u00e1n los instrumentos que le da la justicia. El aeroclub deber\u00e1 defender si cree que est\u00e1 en derecho, lo mismo que la familia Leturia. Despu\u00e9s entran en juego nuestras opiniones. Desde el momento que est\u00e1 judicializado hay otro estamento del estado en el cual nosotros no tenemos injerencia. A veces hay que reconocer que la intenci\u00f3n de uno puede llegar hasta un cierto punto. Hay que ser muy cauto al momento de declarar\u201d.<\/p>\n<p>En tanto que admiti\u00f3 que \u201clamentablemente esto retrasa todo los tiempos y vamos a tener en puerta la problem\u00e1tica. Se viene trabajando en esto hace un tiempo. Las conversaciones arrancaron en enero. Internamente en el ejecutivo desde antes de las elecciones del a\u00f1o pasado ya est\u00e1bamos trabajando. Ahora que el tema se judicializ\u00f3 no podemos apurar los tiempos nosotros\u201d.<\/p>\n<p>&nbsp;<\/p>\n<p><iframe loading=\"lazy\" src=\"https:\/\/w.soundcloud.com\/player\/?url=https%3A\/\/api.soundcloud.com\/tracks\/1283526715&amp;color=%23ff5500&amp;auto_play=false&amp;hide_related=false&amp;show_comments=true&amp;show_user=true&amp;show_reposts=false&amp;show_teaser=true\" width=\"100%\" height=\"166\" frameborder=\"no\" scrolling=\"no\"><\/iframe><\/p>\n<div style=\"font-size: 10px; color: #cccccc; line-break: anywhere; word-break: normal; overflow: hidden; white-space: nowrap; text-overflow: ellipsis; font-family: Interstate,Lucida Grande,Lucida Sans Unicode,Lucida Sans,Garuda,Verdana,Tahoma,sans-serif; font-weight: 100;\"><a style=\"color: #cccccc; text-decoration: none;\" title=\"fmreflejos 103.7\" href=\"https:\/\/soundcloud.com\/fmreflejos-103-7\" target=\"_blank\" rel=\"noopener\">fmreflejos 103.7<\/a> \u00b7 <a style=\"color: #cccccc; text-decoration: none;\" title=\"Bruno Zaconni\" href=\"https:\/\/soundcloud.com\/fmreflejos-103-7\/bruno-zaconni-8\" target=\"_blank\" rel=\"noopener\">Bruno Zaconni<\/a><\/div>\n","protected":false},"excerpt":{"rendered":"<p>El cruce ente concejales de veredas opuestas por dichos referidos a la compra de calefactores sum\u00f3 un nuevo cap\u00edtulo. \u201cNo ment\u00ed y Luis Castro sabe que no miento\u201d asegur\u00f3 Zacconi.<\/p>\n","protected":false},"author":3,"featured_media":0,"comment_status":"closed","ping_status":"closed","sticky":false,"template":"","format":"standard","meta":{"footnotes":""},"categories":[28,24],"tags":[48],"class_list":["post-73437","post","type-post","status-publish","format-standard","hentry","category-municipales","category-politica","tag-destacada"],"yoast_head":"<!-- This site is optimized with the Yoast SEO plugin v25.9 - https:\/\/yoast.com\/wordpress\/plugins\/seo\/ -->\n<title>Zacconi le respondi\u00f3 a Castro: \u201cLo tomo como de qui\u00e9n viene\u201d - Noticias Radio Reflejos<\/title>\n<meta name=\"robots\" content=\"index, follow, max-snippet:-1, max-image-preview:large, max-video-preview:-1\" \/>\n<link rel=\"canonical\" href=\"https:\/\/www.noticiasradioreflejos.com.ar\/2021\/zacconi-le-respondio-a-castro-lo-tomo-como-de-quien-viene\/\" \/>\n<meta property=\"og:locale\" content=\"es_ES\" \/>\n<meta property=\"og:type\" content=\"article\" \/>\n<meta property=\"og:title\" content=\"Zacconi le respondi\u00f3 a Castro: \u201cLo tomo como de qui\u00e9n viene\u201d - Noticias Radio Reflejos\" \/>\n<meta property=\"og:description\" content=\"El cruce ente concejales de veredas opuestas por dichos referidos a la compra de calefactores sum\u00f3 un nuevo cap\u00edtulo. \u201cNo ment\u00ed y Luis Castro sabe que no miento\u201d asegur\u00f3 Zacconi.\" \/>\n<meta property=\"og:url\" content=\"https:\/\/www.noticiasradioreflejos.com.ar\/2021\/zacconi-le-respondio-a-castro-lo-tomo-como-de-quien-viene\/\" \/>\n<meta property=\"og:site_name\" content=\"Noticias Radio Reflejos\" \/>\n<meta property=\"article:published_time\" content=\"2022-06-08T18:07:31+00:00\" \/>\n<meta property=\"article:modified_time\" content=\"2022-06-08T18:08:57+00:00\" \/>\n<meta property=\"og:image\" content=\"https:\/\/www.noticiasradioreflejos.com.ar\/2021\/wp-content\/uploads\/2021\/07\/logosol300x200.png\" \/>\n\t<meta property=\"og:image:width\" content=\"300\" \/>\n\t<meta property=\"og:image:height\" content=\"200\" \/>\n\t<meta property=\"og:image:type\" content=\"image\/png\" \/>\n<meta name=\"author\" content=\"Arnaldo Botto\" \/>\n<meta name=\"twitter:card\" content=\"summary_large_image\" \/>\n<script type=\"application\/ld+json\" class=\"yoast-schema-graph\">{\"@context\":\"https:\/\/schema.org\",\"@graph\":[{\"@type\":\"WebPage\",\"@id\":\"https:\/\/www.noticiasradioreflejos.com.ar\/2021\/zacconi-le-respondio-a-castro-lo-tomo-como-de-quien-viene\/\",\"url\":\"https:\/\/www.noticiasradioreflejos.com.ar\/2021\/zacconi-le-respondio-a-castro-lo-tomo-como-de-quien-viene\/\",\"name\":\"Zacconi le respondi\u00f3 a Castro: \u201cLo tomo como de qui\u00e9n viene\u201d - Noticias Radio Reflejos\",\"isPartOf\":{\"@id\":\"https:\/\/www.noticiasradioreflejos.com.ar\/2021\/#website\"},\"datePublished\":\"2022-06-08T18:07:31+00:00\",\"dateModified\":\"2022-06-08T18:08:57+00:00\",\"author\":{\"@id\":\"https:\/\/www.noticiasradioreflejos.com.ar\/2021\/#\/schema\/person\/ad82545263dcc5ec0996818884fd5fb1\"},\"breadcrumb\":{\"@id\":\"https:\/\/www.noticiasradioreflejos.com.ar\/2021\/zacconi-le-respondio-a-castro-lo-tomo-como-de-quien-viene\/#breadcrumb\"},\"inLanguage\":\"es\",\"potentialAction\":[{\"@type\":\"ReadAction\",\"target\":[\"https:\/\/www.noticiasradioreflejos.com.ar\/2021\/zacconi-le-respondio-a-castro-lo-tomo-como-de-quien-viene\/\"]}]},{\"@type\":\"BreadcrumbList\",\"@id\":\"https:\/\/www.noticiasradioreflejos.com.ar\/2021\/zacconi-le-respondio-a-castro-lo-tomo-como-de-quien-viene\/#breadcrumb\",\"itemListElement\":[{\"@type\":\"ListItem\",\"position\":1,\"name\":\"Portada\",\"item\":\"https:\/\/www.noticiasradioreflejos.com.ar\/2021\/\"},{\"@type\":\"ListItem\",\"position\":2,\"name\":\"Zacconi le respondi\u00f3 a Castro: \u201cLo tomo como de qui\u00e9n viene\u201d\"}]},{\"@type\":\"WebSite\",\"@id\":\"https:\/\/www.noticiasradioreflejos.com.ar\/2021\/#website\",\"url\":\"https:\/\/www.noticiasradioreflejos.com.ar\/2021\/\",\"name\":\"Noticias Radio Reflejos\",\"description\":\"Las noticias de mi comarca\",\"potentialAction\":[{\"@type\":\"SearchAction\",\"target\":{\"@type\":\"EntryPoint\",\"urlTemplate\":\"https:\/\/www.noticiasradioreflejos.com.ar\/2021\/?s={search_term_string}\"},\"query-input\":{\"@type\":\"PropertyValueSpecification\",\"valueRequired\":true,\"valueName\":\"search_term_string\"}}],\"inLanguage\":\"es\"},{\"@type\":\"Person\",\"@id\":\"https:\/\/www.noticiasradioreflejos.com.ar\/2021\/#\/schema\/person\/ad82545263dcc5ec0996818884fd5fb1\",\"name\":\"Arnaldo Botto\",\"image\":{\"@type\":\"ImageObject\",\"inLanguage\":\"es\",\"@id\":\"https:\/\/www.noticiasradioreflejos.com.ar\/2021\/#\/schema\/person\/image\/\",\"url\":\"https:\/\/secure.gravatar.com\/avatar\/55cb5e37c1efa326397366e6974cb338056df65cb50e7d64d1cf314e87504837?s=96&d=mm&r=g\",\"contentUrl\":\"https:\/\/secure.gravatar.com\/avatar\/55cb5e37c1efa326397366e6974cb338056df65cb50e7d64d1cf314e87504837?s=96&d=mm&r=g\",\"caption\":\"Arnaldo Botto\"},\"url\":\"https:\/\/www.noticiasradioreflejos.com.ar\/2021\/author\/arnaldo\/\"}]}<\/script>\n<!-- \/ Yoast SEO plugin. -->","yoast_head_json":{"title":"Zacconi le respondi\u00f3 a Castro: \u201cLo tomo como de qui\u00e9n viene\u201d - Noticias Radio Reflejos","robots":{"index":"index","follow":"follow","max-snippet":"max-snippet:-1","max-image-preview":"max-image-preview:large","max-video-preview":"max-video-preview:-1"},"canonical":"https:\/\/www.noticiasradioreflejos.com.ar\/2021\/zacconi-le-respondio-a-castro-lo-tomo-como-de-quien-viene\/","og_locale":"es_ES","og_type":"article","og_title":"Zacconi le respondi\u00f3 a Castro: \u201cLo tomo como de qui\u00e9n viene\u201d - Noticias Radio Reflejos","og_description":"El cruce ente concejales de veredas opuestas por dichos referidos a la compra de calefactores sum\u00f3 un nuevo cap\u00edtulo. \u201cNo ment\u00ed y Luis Castro sabe que no miento\u201d asegur\u00f3 Zacconi.","og_url":"https:\/\/www.noticiasradioreflejos.com.ar\/2021\/zacconi-le-respondio-a-castro-lo-tomo-como-de-quien-viene\/","og_site_name":"Noticias Radio Reflejos","article_published_time":"2022-06-08T18:07:31+00:00","article_modified_time":"2022-06-08T18:08:57+00:00","og_image":[{"width":300,"height":200,"url":"https:\/\/www.noticiasradioreflejos.com.ar\/2021\/wp-content\/uploads\/2021\/07\/logosol300x200.png","type":"image\/png"}],"author":"Arnaldo Botto","twitter_card":"summary_large_image","schema":{"@context":"https:\/\/schema.org","@graph":[{"@type":"WebPage","@id":"https:\/\/www.noticiasradioreflejos.com.ar\/2021\/zacconi-le-respondio-a-castro-lo-tomo-como-de-quien-viene\/","url":"https:\/\/www.noticiasradioreflejos.com.ar\/2021\/zacconi-le-respondio-a-castro-lo-tomo-como-de-quien-viene\/","name":"Zacconi le respondi\u00f3 a Castro: \u201cLo tomo como de qui\u00e9n viene\u201d - Noticias Radio Reflejos","isPartOf":{"@id":"https:\/\/www.noticiasradioreflejos.com.ar\/2021\/#website"},"datePublished":"2022-06-08T18:07:31+00:00","dateModified":"2022-06-08T18:08:57+00:00","author":{"@id":"https:\/\/www.noticiasradioreflejos.com.ar\/2021\/#\/schema\/person\/ad82545263dcc5ec0996818884fd5fb1"},"breadcrumb":{"@id":"https:\/\/www.noticiasradioreflejos.com.ar\/2021\/zacconi-le-respondio-a-castro-lo-tomo-como-de-quien-viene\/#breadcrumb"},"inLanguage":"es","potentialAction":[{"@type":"ReadAction","target":["https:\/\/www.noticiasradioreflejos.com.ar\/2021\/zacconi-le-respondio-a-castro-lo-tomo-como-de-quien-viene\/"]}]},{"@type":"BreadcrumbList","@id":"https:\/\/www.noticiasradioreflejos.com.ar\/2021\/zacconi-le-respondio-a-castro-lo-tomo-como-de-quien-viene\/#breadcrumb","itemListElement":[{"@type":"ListItem","position":1,"name":"Portada","item":"https:\/\/www.noticiasradioreflejos.com.ar\/2021\/"},{"@type":"ListItem","position":2,"name":"Zacconi le respondi\u00f3 a Castro: \u201cLo tomo como de qui\u00e9n viene\u201d"}]},{"@type":"WebSite","@id":"https:\/\/www.noticiasradioreflejos.com.ar\/2021\/#website","url":"https:\/\/www.noticiasradioreflejos.com.ar\/2021\/","name":"Noticias Radio Reflejos","description":"Las noticias de mi comarca","potentialAction":[{"@type":"SearchAction","target":{"@type":"EntryPoint","urlTemplate":"https:\/\/www.noticiasradioreflejos.com.ar\/2021\/?s={search_term_string}"},"query-input":{"@type":"PropertyValueSpecification","valueRequired":true,"valueName":"search_term_string"}}],"inLanguage":"es"},{"@type":"Person","@id":"https:\/\/www.noticiasradioreflejos.com.ar\/2021\/#\/schema\/person\/ad82545263dcc5ec0996818884fd5fb1","name":"Arnaldo Botto","image":{"@type":"ImageObject","inLanguage":"es","@id":"https:\/\/www.noticiasradioreflejos.com.ar\/2021\/#\/schema\/person\/image\/","url":"https:\/\/secure.gravatar.com\/avatar\/55cb5e37c1efa326397366e6974cb338056df65cb50e7d64d1cf314e87504837?s=96&d=mm&r=g","contentUrl":"https:\/\/secure.gravatar.com\/avatar\/55cb5e37c1efa326397366e6974cb338056df65cb50e7d64d1cf314e87504837?s=96&d=mm&r=g","caption":"Arnaldo Botto"},"url":"https:\/\/www.noticiasradioreflejos.com.ar\/2021\/author\/arnaldo\/"}]}},"_links":{"self":[{"href":"https:\/\/www.noticiasradioreflejos.com.ar\/2021\/wp-json\/wp\/v2\/posts\/73437","targetHints":{"allow":["GET"]}}],"collection":[{"href":"https:\/\/www.noticiasradioreflejos.com.ar\/2021\/wp-json\/wp\/v2\/posts"}],"about":[{"href":"https:\/\/www.noticiasradioreflejos.com.ar\/2021\/wp-json\/wp\/v2\/types\/post"}],"author":[{"embeddable":true,"href":"https:\/\/www.noticiasradioreflejos.com.ar\/2021\/wp-json\/wp\/v2\/users\/3"}],"replies":[{"embeddable":true,"href":"https:\/\/www.noticiasradioreflejos.com.ar\/2021\/wp-json\/wp\/v2\/comments?post=73437"}],"version-history":[{"count":2,"href":"https:\/\/www.noticiasradioreflejos.com.ar\/2021\/wp-json\/wp\/v2\/posts\/73437\/revisions"}],"predecessor-version":[{"id":73443,"href":"https:\/\/www.noticiasradioreflejos.com.ar\/2021\/wp-json\/wp\/v2\/posts\/73437\/revisions\/73443"}],"wp:attachment":[{"href":"https:\/\/www.noticiasradioreflejos.com.ar\/2021\/wp-json\/wp\/v2\/media?parent=73437"}],"wp:term":[{"taxonomy":"category","embeddable":true,"href":"https:\/\/www.noticiasradioreflejos.com.ar\/2021\/wp-json\/wp\/v2\/categories?post=73437"},{"taxonomy":"post_tag","embeddable":true,"href":"https:\/\/www.noticiasradioreflejos.com.ar\/2021\/wp-json\/wp\/v2\/tags?post=73437"}],"curies":[{"name":"wp","href":"https:\/\/api.w.org\/{rel}","templated":true}]}}