{"id":73433,"date":"2022-06-08T12:52:40","date_gmt":"2022-06-08T12:52:40","guid":{"rendered":"http:\/\/www.noticiasradioreflejos.com.ar\/2021\/?p=73433"},"modified":"2022-06-08T12:52:40","modified_gmt":"2022-06-08T12:52:40","slug":"quilmes-una-policia-fue-baleada-en-un-intento-de-robo","status":"publish","type":"post","link":"https:\/\/www.noticiasradioreflejos.com.ar\/2021\/quilmes-una-policia-fue-baleada-en-un-intento-de-robo\/","title":{"rendered":"Quilmes: una polic\u00eda fue baleada en un intento de robo\u00a0"},"content":{"rendered":"<p>Recibi\u00f3 tres disparos. La mujer permanece internada en el Hospital de San Francisco Solano.<!--more--><br \/>\nUna <b>agente de la Polic\u00eda bonaerense fue baleada\u00a0<\/b>este mi\u00e9rcoles por la madrugada cuando se bajaba de su auto para ingresar a la casa de su hermano, en el l\u00edmite entre los partidos de Quilmes y Almirante Brown, y fue sorprendida por tres hombres que le robaron el arma.<\/p>\n<p>La polic\u00eda recibi\u00f3 tres balazos y fue trasladada al hospital de San Francisco Solano. All\u00ed\u00a0 permanece internada, tras haber sido sometida a una operaci\u00f3n de urgencia.<\/p>\n<div id=\"talkFireEvent\"><\/div>\n<p>Seg\u00fan relataron fuentes policiales, la mujer fue abordada por tres hombres que se bajaron de un\u00a0Renault 9 bord\u00f3 con las puertas blancas, quienes al advertir que la era polic\u00eda\u00a0<b>le robaron su arma reglamentaria\u00a0<\/b>y le efectuaron tres disparos: la hirieron en el brazo y mano derechos y en el abdomen.<\/p>\n<p>Iv\u00e1n, hermano de la polic\u00eda baleada, cont\u00f3 en declaraciones a Cr\u00f3nica TV que la mujer herida pas\u00f3 minutos antes del ataque por una helader\u00eda cercana y que en ese momento advirti\u00f3 que\u00a0<b>un auto la comenz\u00f3 a seguir<\/b>. Luego, en la puerta de la casa de Iv\u00e1n fue abordada por una persona que se baj\u00f3 del veh\u00edculo y \u00able pegaron con una 40\u00bb.<\/p>\n<p>Cuando se dieron cuenta de que era polic\u00eda\u00a0\u00abfueron directo al arma\u00bb. Por ese motivo, Iv\u00e1n descart\u00f3 que haya sido un robo, porque adem\u00e1s\u00a0<b>no se llevaron su celular ni objetos de valor<\/b>. Los atacantes, \u00absupuestamente ven\u00edan de robar una barber\u00eda en Florencio Varela\u00bb, agreg\u00f3.<\/p>\n<p>Por su parte, los efectivos de la Comisar\u00eda 4.\u00aa de Quilmes llevan adelante la b\u00fasqueda de los tres sospechosos del ataque ocurrido en la avenida Donato \u00c1lvarez entre 807 y 808, al sur del Conurbano bonaerense.<\/p>\n","protected":false},"excerpt":{"rendered":"<p>Recibi\u00f3 tres disparos. La mujer permanece internada en el Hospital de San Francisco Solano.<\/p>\n","protected":false},"author":3,"featured_media":0,"comment_status":"closed","ping_status":"closed","sticky":false,"template":"","format":"standard","meta":{"footnotes":""},"categories":[29],"tags":[],"class_list":["post-73433","post","type-post","status-publish","format-standard","hentry","category-policiales"],"yoast_head":"<!-- This site is optimized with the Yoast SEO plugin v25.9 - https:\/\/yoast.com\/wordpress\/plugins\/seo\/ -->\n<title>Quilmes: una polic\u00eda fue baleada en un intento de robo\u00a0 - Noticias Radio Reflejos<\/title>\n<meta name=\"robots\" content=\"index, follow, max-snippet:-1, max-image-preview:large, max-video-preview:-1\" \/>\n<link rel=\"canonical\" href=\"https:\/\/www.noticiasradioreflejos.com.ar\/2021\/quilmes-una-policia-fue-baleada-en-un-intento-de-robo\/\" \/>\n<meta property=\"og:locale\" content=\"es_ES\" \/>\n<meta property=\"og:type\" content=\"article\" \/>\n<meta property=\"og:title\" content=\"Quilmes: una polic\u00eda fue baleada en un intento de robo\u00a0 - Noticias Radio Reflejos\" \/>\n<meta property=\"og:description\" content=\"Recibi\u00f3 tres disparos. La mujer permanece internada en el Hospital de San Francisco Solano.\" \/>\n<meta property=\"og:url\" content=\"https:\/\/www.noticiasradioreflejos.com.ar\/2021\/quilmes-una-policia-fue-baleada-en-un-intento-de-robo\/\" \/>\n<meta property=\"og:site_name\" content=\"Noticias Radio Reflejos\" \/>\n<meta property=\"article:published_time\" content=\"2022-06-08T12:52:40+00:00\" \/>\n<meta property=\"og:image\" content=\"https:\/\/www.noticiasradioreflejos.com.ar\/2021\/wp-content\/uploads\/2021\/07\/logosol300x200.png\" \/>\n\t<meta property=\"og:image:width\" content=\"300\" \/>\n\t<meta property=\"og:image:height\" content=\"200\" \/>\n\t<meta property=\"og:image:type\" content=\"image\/png\" \/>\n<meta name=\"author\" content=\"Arnaldo Botto\" \/>\n<meta name=\"twitter:card\" content=\"summary_large_image\" \/>\n<script type=\"application\/ld+json\" class=\"yoast-schema-graph\">{\"@context\":\"https:\/\/schema.org\",\"@graph\":[{\"@type\":\"WebPage\",\"@id\":\"https:\/\/www.noticiasradioreflejos.com.ar\/2021\/quilmes-una-policia-fue-baleada-en-un-intento-de-robo\/\",\"url\":\"https:\/\/www.noticiasradioreflejos.com.ar\/2021\/quilmes-una-policia-fue-baleada-en-un-intento-de-robo\/\",\"name\":\"Quilmes: una polic\u00eda fue baleada en un intento de robo\u00a0 - Noticias Radio Reflejos\",\"isPartOf\":{\"@id\":\"https:\/\/www.noticiasradioreflejos.com.ar\/2021\/#website\"},\"datePublished\":\"2022-06-08T12:52:40+00:00\",\"author\":{\"@id\":\"https:\/\/www.noticiasradioreflejos.com.ar\/2021\/#\/schema\/person\/ad82545263dcc5ec0996818884fd5fb1\"},\"breadcrumb\":{\"@id\":\"https:\/\/www.noticiasradioreflejos.com.ar\/2021\/quilmes-una-policia-fue-baleada-en-un-intento-de-robo\/#breadcrumb\"},\"inLanguage\":\"es\",\"potentialAction\":[{\"@type\":\"ReadAction\",\"target\":[\"https:\/\/www.noticiasradioreflejos.com.ar\/2021\/quilmes-una-policia-fue-baleada-en-un-intento-de-robo\/\"]}]},{\"@type\":\"BreadcrumbList\",\"@id\":\"https:\/\/www.noticiasradioreflejos.com.ar\/2021\/quilmes-una-policia-fue-baleada-en-un-intento-de-robo\/#breadcrumb\",\"itemListElement\":[{\"@type\":\"ListItem\",\"position\":1,\"name\":\"Portada\",\"item\":\"https:\/\/www.noticiasradioreflejos.com.ar\/2021\/\"},{\"@type\":\"ListItem\",\"position\":2,\"name\":\"Quilmes: una polic\u00eda fue baleada en un intento de robo\u00a0\"}]},{\"@type\":\"WebSite\",\"@id\":\"https:\/\/www.noticiasradioreflejos.com.ar\/2021\/#website\",\"url\":\"https:\/\/www.noticiasradioreflejos.com.ar\/2021\/\",\"name\":\"Noticias Radio Reflejos\",\"description\":\"Las noticias de mi comarca\",\"potentialAction\":[{\"@type\":\"SearchAction\",\"target\":{\"@type\":\"EntryPoint\",\"urlTemplate\":\"https:\/\/www.noticiasradioreflejos.com.ar\/2021\/?s={search_term_string}\"},\"query-input\":{\"@type\":\"PropertyValueSpecification\",\"valueRequired\":true,\"valueName\":\"search_term_string\"}}],\"inLanguage\":\"es\"},{\"@type\":\"Person\",\"@id\":\"https:\/\/www.noticiasradioreflejos.com.ar\/2021\/#\/schema\/person\/ad82545263dcc5ec0996818884fd5fb1\",\"name\":\"Arnaldo Botto\",\"image\":{\"@type\":\"ImageObject\",\"inLanguage\":\"es\",\"@id\":\"https:\/\/www.noticiasradioreflejos.com.ar\/2021\/#\/schema\/person\/image\/\",\"url\":\"https:\/\/secure.gravatar.com\/avatar\/55cb5e37c1efa326397366e6974cb338056df65cb50e7d64d1cf314e87504837?s=96&d=mm&r=g\",\"contentUrl\":\"https:\/\/secure.gravatar.com\/avatar\/55cb5e37c1efa326397366e6974cb338056df65cb50e7d64d1cf314e87504837?s=96&d=mm&r=g\",\"caption\":\"Arnaldo Botto\"},\"url\":\"https:\/\/www.noticiasradioreflejos.com.ar\/2021\/author\/arnaldo\/\"}]}<\/script>\n<!-- \/ Yoast SEO plugin. -->","yoast_head_json":{"title":"Quilmes: una polic\u00eda fue baleada en un intento de robo\u00a0 - Noticias Radio Reflejos","robots":{"index":"index","follow":"follow","max-snippet":"max-snippet:-1","max-image-preview":"max-image-preview:large","max-video-preview":"max-video-preview:-1"},"canonical":"https:\/\/www.noticiasradioreflejos.com.ar\/2021\/quilmes-una-policia-fue-baleada-en-un-intento-de-robo\/","og_locale":"es_ES","og_type":"article","og_title":"Quilmes: una polic\u00eda fue baleada en un intento de robo\u00a0 - Noticias Radio Reflejos","og_description":"Recibi\u00f3 tres disparos. La mujer permanece internada en el Hospital de San Francisco Solano.","og_url":"https:\/\/www.noticiasradioreflejos.com.ar\/2021\/quilmes-una-policia-fue-baleada-en-un-intento-de-robo\/","og_site_name":"Noticias Radio Reflejos","article_published_time":"2022-06-08T12:52:40+00:00","og_image":[{"width":300,"height":200,"url":"https:\/\/www.noticiasradioreflejos.com.ar\/2021\/wp-content\/uploads\/2021\/07\/logosol300x200.png","type":"image\/png"}],"author":"Arnaldo Botto","twitter_card":"summary_large_image","schema":{"@context":"https:\/\/schema.org","@graph":[{"@type":"WebPage","@id":"https:\/\/www.noticiasradioreflejos.com.ar\/2021\/quilmes-una-policia-fue-baleada-en-un-intento-de-robo\/","url":"https:\/\/www.noticiasradioreflejos.com.ar\/2021\/quilmes-una-policia-fue-baleada-en-un-intento-de-robo\/","name":"Quilmes: una polic\u00eda fue baleada en un intento de robo\u00a0 - Noticias Radio Reflejos","isPartOf":{"@id":"https:\/\/www.noticiasradioreflejos.com.ar\/2021\/#website"},"datePublished":"2022-06-08T12:52:40+00:00","author":{"@id":"https:\/\/www.noticiasradioreflejos.com.ar\/2021\/#\/schema\/person\/ad82545263dcc5ec0996818884fd5fb1"},"breadcrumb":{"@id":"https:\/\/www.noticiasradioreflejos.com.ar\/2021\/quilmes-una-policia-fue-baleada-en-un-intento-de-robo\/#breadcrumb"},"inLanguage":"es","potentialAction":[{"@type":"ReadAction","target":["https:\/\/www.noticiasradioreflejos.com.ar\/2021\/quilmes-una-policia-fue-baleada-en-un-intento-de-robo\/"]}]},{"@type":"BreadcrumbList","@id":"https:\/\/www.noticiasradioreflejos.com.ar\/2021\/quilmes-una-policia-fue-baleada-en-un-intento-de-robo\/#breadcrumb","itemListElement":[{"@type":"ListItem","position":1,"name":"Portada","item":"https:\/\/www.noticiasradioreflejos.com.ar\/2021\/"},{"@type":"ListItem","position":2,"name":"Quilmes: una polic\u00eda fue baleada en un intento de robo\u00a0"}]},{"@type":"WebSite","@id":"https:\/\/www.noticiasradioreflejos.com.ar\/2021\/#website","url":"https:\/\/www.noticiasradioreflejos.com.ar\/2021\/","name":"Noticias Radio Reflejos","description":"Las noticias de mi comarca","potentialAction":[{"@type":"SearchAction","target":{"@type":"EntryPoint","urlTemplate":"https:\/\/www.noticiasradioreflejos.com.ar\/2021\/?s={search_term_string}"},"query-input":{"@type":"PropertyValueSpecification","valueRequired":true,"valueName":"search_term_string"}}],"inLanguage":"es"},{"@type":"Person","@id":"https:\/\/www.noticiasradioreflejos.com.ar\/2021\/#\/schema\/person\/ad82545263dcc5ec0996818884fd5fb1","name":"Arnaldo Botto","image":{"@type":"ImageObject","inLanguage":"es","@id":"https:\/\/www.noticiasradioreflejos.com.ar\/2021\/#\/schema\/person\/image\/","url":"https:\/\/secure.gravatar.com\/avatar\/55cb5e37c1efa326397366e6974cb338056df65cb50e7d64d1cf314e87504837?s=96&d=mm&r=g","contentUrl":"https:\/\/secure.gravatar.com\/avatar\/55cb5e37c1efa326397366e6974cb338056df65cb50e7d64d1cf314e87504837?s=96&d=mm&r=g","caption":"Arnaldo Botto"},"url":"https:\/\/www.noticiasradioreflejos.com.ar\/2021\/author\/arnaldo\/"}]}},"_links":{"self":[{"href":"https:\/\/www.noticiasradioreflejos.com.ar\/2021\/wp-json\/wp\/v2\/posts\/73433","targetHints":{"allow":["GET"]}}],"collection":[{"href":"https:\/\/www.noticiasradioreflejos.com.ar\/2021\/wp-json\/wp\/v2\/posts"}],"about":[{"href":"https:\/\/www.noticiasradioreflejos.com.ar\/2021\/wp-json\/wp\/v2\/types\/post"}],"author":[{"embeddable":true,"href":"https:\/\/www.noticiasradioreflejos.com.ar\/2021\/wp-json\/wp\/v2\/users\/3"}],"replies":[{"embeddable":true,"href":"https:\/\/www.noticiasradioreflejos.com.ar\/2021\/wp-json\/wp\/v2\/comments?post=73433"}],"version-history":[{"count":1,"href":"https:\/\/www.noticiasradioreflejos.com.ar\/2021\/wp-json\/wp\/v2\/posts\/73433\/revisions"}],"predecessor-version":[{"id":73435,"href":"https:\/\/www.noticiasradioreflejos.com.ar\/2021\/wp-json\/wp\/v2\/posts\/73433\/revisions\/73435"}],"wp:attachment":[{"href":"https:\/\/www.noticiasradioreflejos.com.ar\/2021\/wp-json\/wp\/v2\/media?parent=73433"}],"wp:term":[{"taxonomy":"category","embeddable":true,"href":"https:\/\/www.noticiasradioreflejos.com.ar\/2021\/wp-json\/wp\/v2\/categories?post=73433"},{"taxonomy":"post_tag","embeddable":true,"href":"https:\/\/www.noticiasradioreflejos.com.ar\/2021\/wp-json\/wp\/v2\/tags?post=73433"}],"curies":[{"name":"wp","href":"https:\/\/api.w.org\/{rel}","templated":true}]}}