{"id":73429,"date":"2022-06-08T11:40:25","date_gmt":"2022-06-08T11:40:25","guid":{"rendered":"http:\/\/www.noticiasradioreflejos.com.ar\/2021\/?p=73429"},"modified":"2022-06-08T11:41:26","modified_gmt":"2022-06-08T11:41:26","slug":"alud-en-un-hotel-en-bariloche-encontraron-los-dos-cuerpos-de-los-turistas-uruguayos","status":"publish","type":"post","link":"https:\/\/www.noticiasradioreflejos.com.ar\/2021\/alud-en-un-hotel-en-bariloche-encontraron-los-dos-cuerpos-de-los-turistas-uruguayos\/","title":{"rendered":"Alud en un hotel en Bariloche: encontraron los dos cuerpos de los turistas uruguayos"},"content":{"rendered":"<p>Los rescatistas hallaron durante la madrugada de este mi\u00e9rcoles los cuerpos de los dos turistas de procedencia uruguaya que eran buscados luego del alud que ingres\u00f3 a un hotel de San Carlos de Bariloche.<!--more--><\/p>\n<figure class=\"mb-3\"><img decoding=\"async\" src=\"https:\/\/www.telam.com.ar\/thumbs\/bluesteel\/advf\/imagenes\/2022\/06\/62a081ad52a5e_900.jpg\" alt=\"Foto Captura TV\" width=\"100%\" height=\"100%\" \/><\/p>\n<div class=\"media-icons\"><\/div><figcaption>Foto: Captura TV.<\/figcaption><\/figure>\n<p>Los cuerpos de los dos turistas de procedencia uruguaya que eran buscados luego del\u00a0<a href=\"https:\/\/www.telam.com.ar\/notas\/202206\/594797-bariloche-alud-hotel-turista.html\" target=\"_blank\" rel=\"noopener\">alud que ingres\u00f3 a un hotel de San Carlos de Bariloche<\/a>\u00a0fueron encontrados esta madrugada por los rescatistas, seg\u00fan se inform\u00f3 oficialmente.<\/p>\n<p>\u00abA las tres de la ma\u00f1ana los rescatistas hallaron los cuerpos de los dos turistas de procedencia uruguaya que fueron intensamente buscados desde que se produjo el siniestro. Los cuerpos, una vez extra\u00eddos, fueron derivados a la morgue local para la realizaci\u00f3n de la posterior autopsia, la que se llevar\u00e1 a cabo en la jornada de hoy\u00bb, inform\u00f3 en la ma\u00f1ana de este mi\u00e9rcoles a trav\u00e9s de un comunicado de prensa el Ministerio P\u00fablico Fiscal de R\u00edo Negro.<\/p>\n<p><a title=\"557855-alud\" href=\"https:\/\/www.flickr.com\/photos\/182279889@N02\/52131892305\/in\/dateposted-public\/\" data-flickr-embed=\"true\"><img loading=\"lazy\" decoding=\"async\" src=\"https:\/\/live.staticflickr.com\/65535\/52131892305_ca19816808_o.jpg\" alt=\"557855-alud\" width=\"960\" height=\"640\" \/><\/a><script async src=\"\/\/embedr.flickr.com\/assets\/client-code.js\" charset=\"utf-8\"><\/script><\/p>\n<p>Con el hallazgo de estos cuerpos dentro de una de las habitaciones del hotel,\u00a0<strong>suman tres las personas que murieron<\/strong>\u00a0por el alud;\u00a0<strong>mientras que otras tres permanec\u00edan<\/strong>\u00a0este mi\u00e9rcoles\u00a0<strong>internadas\u00a0<\/strong>en un hospital de la ciudad, entre ellas la mujer del primer fallecido, identificado como V\u00edctor Jes\u00fas Gonz\u00e1lez Giovanelli, de 42 a\u00f1os y oriundo de Piri\u00e1p\u00f3lis, explicaron fuentes provinciales.<\/p>\n<p>Seg\u00fan se inform\u00f3, durante la ma\u00f1ana de hoy, representantes del Ministerio P\u00fablico Fiscal se reunir\u00e1n con familiares de estas personas que arribar\u00e1n a la ciudad y con representantes del Consulado de Uruguay.<\/p>\n<p>Asimismo, el organismo inform\u00f3 que \u00ab<strong>se continuar\u00e1 trabajando en todas las teor\u00edas del caso y relevado evidencia a fines de determinar las circunstancias que llevaron a este hecho\u00bb.<\/strong><\/p>\n","protected":false},"excerpt":{"rendered":"<p>Los rescatistas hallaron durante la madrugada de este mi\u00e9rcoles los cuerpos de los dos turistas de procedencia uruguaya que eran buscados luego del alud que ingres\u00f3 a un hotel de San Carlos de Bariloche.<\/p>\n","protected":false},"author":3,"featured_media":0,"comment_status":"closed","ping_status":"closed","sticky":false,"template":"","format":"standard","meta":{"footnotes":""},"categories":[29],"tags":[],"class_list":["post-73429","post","type-post","status-publish","format-standard","hentry","category-policiales"],"yoast_head":"<!-- This site is optimized with the Yoast SEO plugin v25.9 - https:\/\/yoast.com\/wordpress\/plugins\/seo\/ -->\n<title>Alud en un hotel en Bariloche: encontraron los dos cuerpos de los turistas uruguayos - Noticias Radio Reflejos<\/title>\n<meta name=\"robots\" content=\"index, follow, max-snippet:-1, max-image-preview:large, max-video-preview:-1\" \/>\n<link rel=\"canonical\" href=\"https:\/\/www.noticiasradioreflejos.com.ar\/2021\/alud-en-un-hotel-en-bariloche-encontraron-los-dos-cuerpos-de-los-turistas-uruguayos\/\" \/>\n<meta property=\"og:locale\" content=\"es_ES\" \/>\n<meta property=\"og:type\" content=\"article\" \/>\n<meta property=\"og:title\" content=\"Alud en un hotel en Bariloche: encontraron los dos cuerpos de los turistas uruguayos - Noticias Radio Reflejos\" \/>\n<meta property=\"og:description\" content=\"Los rescatistas hallaron durante la madrugada de este mi\u00e9rcoles los cuerpos de los dos turistas de procedencia uruguaya que eran buscados luego del alud que ingres\u00f3 a un hotel de San Carlos de Bariloche.\" \/>\n<meta property=\"og:url\" content=\"https:\/\/www.noticiasradioreflejos.com.ar\/2021\/alud-en-un-hotel-en-bariloche-encontraron-los-dos-cuerpos-de-los-turistas-uruguayos\/\" \/>\n<meta property=\"og:site_name\" content=\"Noticias Radio Reflejos\" \/>\n<meta property=\"article:published_time\" content=\"2022-06-08T11:40:25+00:00\" \/>\n<meta property=\"article:modified_time\" content=\"2022-06-08T11:41:26+00:00\" \/>\n<meta property=\"og:image\" content=\"https:\/\/www.telam.com.ar\/thumbs\/bluesteel\/advf\/imagenes\/2022\/06\/62a081ad52a5e_900.jpg\" \/>\n<meta name=\"author\" content=\"Arnaldo Botto\" \/>\n<meta name=\"twitter:card\" content=\"summary_large_image\" \/>\n<script type=\"application\/ld+json\" class=\"yoast-schema-graph\">{\"@context\":\"https:\/\/schema.org\",\"@graph\":[{\"@type\":\"WebPage\",\"@id\":\"https:\/\/www.noticiasradioreflejos.com.ar\/2021\/alud-en-un-hotel-en-bariloche-encontraron-los-dos-cuerpos-de-los-turistas-uruguayos\/\",\"url\":\"https:\/\/www.noticiasradioreflejos.com.ar\/2021\/alud-en-un-hotel-en-bariloche-encontraron-los-dos-cuerpos-de-los-turistas-uruguayos\/\",\"name\":\"Alud en un hotel en Bariloche: encontraron los dos cuerpos de los turistas uruguayos - Noticias Radio Reflejos\",\"isPartOf\":{\"@id\":\"https:\/\/www.noticiasradioreflejos.com.ar\/2021\/#website\"},\"primaryImageOfPage\":{\"@id\":\"https:\/\/www.noticiasradioreflejos.com.ar\/2021\/alud-en-un-hotel-en-bariloche-encontraron-los-dos-cuerpos-de-los-turistas-uruguayos\/#primaryimage\"},\"image\":{\"@id\":\"https:\/\/www.noticiasradioreflejos.com.ar\/2021\/alud-en-un-hotel-en-bariloche-encontraron-los-dos-cuerpos-de-los-turistas-uruguayos\/#primaryimage\"},\"thumbnailUrl\":\"https:\/\/www.telam.com.ar\/thumbs\/bluesteel\/advf\/imagenes\/2022\/06\/62a081ad52a5e_900.jpg\",\"datePublished\":\"2022-06-08T11:40:25+00:00\",\"dateModified\":\"2022-06-08T11:41:26+00:00\",\"author\":{\"@id\":\"https:\/\/www.noticiasradioreflejos.com.ar\/2021\/#\/schema\/person\/ad82545263dcc5ec0996818884fd5fb1\"},\"breadcrumb\":{\"@id\":\"https:\/\/www.noticiasradioreflejos.com.ar\/2021\/alud-en-un-hotel-en-bariloche-encontraron-los-dos-cuerpos-de-los-turistas-uruguayos\/#breadcrumb\"},\"inLanguage\":\"es\",\"potentialAction\":[{\"@type\":\"ReadAction\",\"target\":[\"https:\/\/www.noticiasradioreflejos.com.ar\/2021\/alud-en-un-hotel-en-bariloche-encontraron-los-dos-cuerpos-de-los-turistas-uruguayos\/\"]}]},{\"@type\":\"ImageObject\",\"inLanguage\":\"es\",\"@id\":\"https:\/\/www.noticiasradioreflejos.com.ar\/2021\/alud-en-un-hotel-en-bariloche-encontraron-los-dos-cuerpos-de-los-turistas-uruguayos\/#primaryimage\",\"url\":\"https:\/\/www.telam.com.ar\/thumbs\/bluesteel\/advf\/imagenes\/2022\/06\/62a081ad52a5e_900.jpg\",\"contentUrl\":\"https:\/\/www.telam.com.ar\/thumbs\/bluesteel\/advf\/imagenes\/2022\/06\/62a081ad52a5e_900.jpg\"},{\"@type\":\"BreadcrumbList\",\"@id\":\"https:\/\/www.noticiasradioreflejos.com.ar\/2021\/alud-en-un-hotel-en-bariloche-encontraron-los-dos-cuerpos-de-los-turistas-uruguayos\/#breadcrumb\",\"itemListElement\":[{\"@type\":\"ListItem\",\"position\":1,\"name\":\"Portada\",\"item\":\"https:\/\/www.noticiasradioreflejos.com.ar\/2021\/\"},{\"@type\":\"ListItem\",\"position\":2,\"name\":\"Alud en un hotel en Bariloche: encontraron los dos cuerpos de los turistas uruguayos\"}]},{\"@type\":\"WebSite\",\"@id\":\"https:\/\/www.noticiasradioreflejos.com.ar\/2021\/#website\",\"url\":\"https:\/\/www.noticiasradioreflejos.com.ar\/2021\/\",\"name\":\"Noticias Radio Reflejos\",\"description\":\"Las noticias de mi comarca\",\"potentialAction\":[{\"@type\":\"SearchAction\",\"target\":{\"@type\":\"EntryPoint\",\"urlTemplate\":\"https:\/\/www.noticiasradioreflejos.com.ar\/2021\/?s={search_term_string}\"},\"query-input\":{\"@type\":\"PropertyValueSpecification\",\"valueRequired\":true,\"valueName\":\"search_term_string\"}}],\"inLanguage\":\"es\"},{\"@type\":\"Person\",\"@id\":\"https:\/\/www.noticiasradioreflejos.com.ar\/2021\/#\/schema\/person\/ad82545263dcc5ec0996818884fd5fb1\",\"name\":\"Arnaldo Botto\",\"image\":{\"@type\":\"ImageObject\",\"inLanguage\":\"es\",\"@id\":\"https:\/\/www.noticiasradioreflejos.com.ar\/2021\/#\/schema\/person\/image\/\",\"url\":\"https:\/\/secure.gravatar.com\/avatar\/55cb5e37c1efa326397366e6974cb338056df65cb50e7d64d1cf314e87504837?s=96&d=mm&r=g\",\"contentUrl\":\"https:\/\/secure.gravatar.com\/avatar\/55cb5e37c1efa326397366e6974cb338056df65cb50e7d64d1cf314e87504837?s=96&d=mm&r=g\",\"caption\":\"Arnaldo Botto\"},\"url\":\"https:\/\/www.noticiasradioreflejos.com.ar\/2021\/author\/arnaldo\/\"}]}<\/script>\n<!-- \/ Yoast SEO plugin. -->","yoast_head_json":{"title":"Alud en un hotel en Bariloche: encontraron los dos cuerpos de los turistas uruguayos - Noticias Radio Reflejos","robots":{"index":"index","follow":"follow","max-snippet":"max-snippet:-1","max-image-preview":"max-image-preview:large","max-video-preview":"max-video-preview:-1"},"canonical":"https:\/\/www.noticiasradioreflejos.com.ar\/2021\/alud-en-un-hotel-en-bariloche-encontraron-los-dos-cuerpos-de-los-turistas-uruguayos\/","og_locale":"es_ES","og_type":"article","og_title":"Alud en un hotel en Bariloche: encontraron los dos cuerpos de los turistas uruguayos - Noticias Radio Reflejos","og_description":"Los rescatistas hallaron durante la madrugada de este mi\u00e9rcoles los cuerpos de los dos turistas de procedencia uruguaya que eran buscados luego del alud que ingres\u00f3 a un hotel de San Carlos de Bariloche.","og_url":"https:\/\/www.noticiasradioreflejos.com.ar\/2021\/alud-en-un-hotel-en-bariloche-encontraron-los-dos-cuerpos-de-los-turistas-uruguayos\/","og_site_name":"Noticias Radio Reflejos","article_published_time":"2022-06-08T11:40:25+00:00","article_modified_time":"2022-06-08T11:41:26+00:00","og_image":[{"url":"https:\/\/www.telam.com.ar\/thumbs\/bluesteel\/advf\/imagenes\/2022\/06\/62a081ad52a5e_900.jpg","type":"","width":"","height":""}],"author":"Arnaldo Botto","twitter_card":"summary_large_image","schema":{"@context":"https:\/\/schema.org","@graph":[{"@type":"WebPage","@id":"https:\/\/www.noticiasradioreflejos.com.ar\/2021\/alud-en-un-hotel-en-bariloche-encontraron-los-dos-cuerpos-de-los-turistas-uruguayos\/","url":"https:\/\/www.noticiasradioreflejos.com.ar\/2021\/alud-en-un-hotel-en-bariloche-encontraron-los-dos-cuerpos-de-los-turistas-uruguayos\/","name":"Alud en un hotel en Bariloche: encontraron los dos cuerpos de los turistas uruguayos - Noticias Radio Reflejos","isPartOf":{"@id":"https:\/\/www.noticiasradioreflejos.com.ar\/2021\/#website"},"primaryImageOfPage":{"@id":"https:\/\/www.noticiasradioreflejos.com.ar\/2021\/alud-en-un-hotel-en-bariloche-encontraron-los-dos-cuerpos-de-los-turistas-uruguayos\/#primaryimage"},"image":{"@id":"https:\/\/www.noticiasradioreflejos.com.ar\/2021\/alud-en-un-hotel-en-bariloche-encontraron-los-dos-cuerpos-de-los-turistas-uruguayos\/#primaryimage"},"thumbnailUrl":"https:\/\/www.telam.com.ar\/thumbs\/bluesteel\/advf\/imagenes\/2022\/06\/62a081ad52a5e_900.jpg","datePublished":"2022-06-08T11:40:25+00:00","dateModified":"2022-06-08T11:41:26+00:00","author":{"@id":"https:\/\/www.noticiasradioreflejos.com.ar\/2021\/#\/schema\/person\/ad82545263dcc5ec0996818884fd5fb1"},"breadcrumb":{"@id":"https:\/\/www.noticiasradioreflejos.com.ar\/2021\/alud-en-un-hotel-en-bariloche-encontraron-los-dos-cuerpos-de-los-turistas-uruguayos\/#breadcrumb"},"inLanguage":"es","potentialAction":[{"@type":"ReadAction","target":["https:\/\/www.noticiasradioreflejos.com.ar\/2021\/alud-en-un-hotel-en-bariloche-encontraron-los-dos-cuerpos-de-los-turistas-uruguayos\/"]}]},{"@type":"ImageObject","inLanguage":"es","@id":"https:\/\/www.noticiasradioreflejos.com.ar\/2021\/alud-en-un-hotel-en-bariloche-encontraron-los-dos-cuerpos-de-los-turistas-uruguayos\/#primaryimage","url":"https:\/\/www.telam.com.ar\/thumbs\/bluesteel\/advf\/imagenes\/2022\/06\/62a081ad52a5e_900.jpg","contentUrl":"https:\/\/www.telam.com.ar\/thumbs\/bluesteel\/advf\/imagenes\/2022\/06\/62a081ad52a5e_900.jpg"},{"@type":"BreadcrumbList","@id":"https:\/\/www.noticiasradioreflejos.com.ar\/2021\/alud-en-un-hotel-en-bariloche-encontraron-los-dos-cuerpos-de-los-turistas-uruguayos\/#breadcrumb","itemListElement":[{"@type":"ListItem","position":1,"name":"Portada","item":"https:\/\/www.noticiasradioreflejos.com.ar\/2021\/"},{"@type":"ListItem","position":2,"name":"Alud en un hotel en Bariloche: encontraron los dos cuerpos de los turistas uruguayos"}]},{"@type":"WebSite","@id":"https:\/\/www.noticiasradioreflejos.com.ar\/2021\/#website","url":"https:\/\/www.noticiasradioreflejos.com.ar\/2021\/","name":"Noticias Radio Reflejos","description":"Las noticias de mi comarca","potentialAction":[{"@type":"SearchAction","target":{"@type":"EntryPoint","urlTemplate":"https:\/\/www.noticiasradioreflejos.com.ar\/2021\/?s={search_term_string}"},"query-input":{"@type":"PropertyValueSpecification","valueRequired":true,"valueName":"search_term_string"}}],"inLanguage":"es"},{"@type":"Person","@id":"https:\/\/www.noticiasradioreflejos.com.ar\/2021\/#\/schema\/person\/ad82545263dcc5ec0996818884fd5fb1","name":"Arnaldo Botto","image":{"@type":"ImageObject","inLanguage":"es","@id":"https:\/\/www.noticiasradioreflejos.com.ar\/2021\/#\/schema\/person\/image\/","url":"https:\/\/secure.gravatar.com\/avatar\/55cb5e37c1efa326397366e6974cb338056df65cb50e7d64d1cf314e87504837?s=96&d=mm&r=g","contentUrl":"https:\/\/secure.gravatar.com\/avatar\/55cb5e37c1efa326397366e6974cb338056df65cb50e7d64d1cf314e87504837?s=96&d=mm&r=g","caption":"Arnaldo Botto"},"url":"https:\/\/www.noticiasradioreflejos.com.ar\/2021\/author\/arnaldo\/"}]}},"_links":{"self":[{"href":"https:\/\/www.noticiasradioreflejos.com.ar\/2021\/wp-json\/wp\/v2\/posts\/73429","targetHints":{"allow":["GET"]}}],"collection":[{"href":"https:\/\/www.noticiasradioreflejos.com.ar\/2021\/wp-json\/wp\/v2\/posts"}],"about":[{"href":"https:\/\/www.noticiasradioreflejos.com.ar\/2021\/wp-json\/wp\/v2\/types\/post"}],"author":[{"embeddable":true,"href":"https:\/\/www.noticiasradioreflejos.com.ar\/2021\/wp-json\/wp\/v2\/users\/3"}],"replies":[{"embeddable":true,"href":"https:\/\/www.noticiasradioreflejos.com.ar\/2021\/wp-json\/wp\/v2\/comments?post=73429"}],"version-history":[{"count":2,"href":"https:\/\/www.noticiasradioreflejos.com.ar\/2021\/wp-json\/wp\/v2\/posts\/73429\/revisions"}],"predecessor-version":[{"id":73432,"href":"https:\/\/www.noticiasradioreflejos.com.ar\/2021\/wp-json\/wp\/v2\/posts\/73429\/revisions\/73432"}],"wp:attachment":[{"href":"https:\/\/www.noticiasradioreflejos.com.ar\/2021\/wp-json\/wp\/v2\/media?parent=73429"}],"wp:term":[{"taxonomy":"category","embeddable":true,"href":"https:\/\/www.noticiasradioreflejos.com.ar\/2021\/wp-json\/wp\/v2\/categories?post=73429"},{"taxonomy":"post_tag","embeddable":true,"href":"https:\/\/www.noticiasradioreflejos.com.ar\/2021\/wp-json\/wp\/v2\/tags?post=73429"}],"curies":[{"name":"wp","href":"https:\/\/api.w.org\/{rel}","templated":true}]}}