{"id":73426,"date":"2022-06-08T11:26:09","date_gmt":"2022-06-08T11:26:09","guid":{"rendered":"http:\/\/www.noticiasradioreflejos.com.ar\/2021\/?p=73426"},"modified":"2022-06-08T11:27:17","modified_gmt":"2022-06-08T11:27:17","slug":"piden-la-detencion-del-futbolista-sebastian-villa-por-el-abuso-sexual-de-una-joven","status":"publish","type":"post","link":"https:\/\/www.noticiasradioreflejos.com.ar\/2021\/piden-la-detencion-del-futbolista-sebastian-villa-por-el-abuso-sexual-de-una-joven\/","title":{"rendered":"Piden la detenci\u00f3n del futbolista Sebasti\u00e1n Villa por el abuso sexual de una joven"},"content":{"rendered":"<p>El pedido fue formulado por la fiscal Vanesa Gonz\u00e1lez, pero ahora ser\u00e1 el juez de Garant\u00edas 2 de Lomas de Zamora, Javier Maffucci Moore, quien deber\u00e1 resolver si hace lugar o no.<br \/>\n<!--more-->POR HERN\u00c1N CHIESA<\/p>\n<div class=\"time\"><\/div>\n<div>\n<div class=\"wrapper-editable-content\">\n<div>\n<div class=\"container-md\">\n<div class=\"row\">\n<div class=\"col-md-12 speak\">\n<div class=\"paragraph\">\n<figure class=\"mb-3\"><img decoding=\"async\" src=\"https:\/\/www.telam.com.ar\/thumbs\/bluesteel\/advf\/imagenes\/2022\/05\/628cfa6d1ef74_900.jpg\" alt=\"Foto archivo\" width=\"100%\" height=\"100%\" \/><\/p>\n<div class=\"media-icons\"><\/div><figcaption>Foto: archivo<\/figcaption><\/figure>\n<p>Una fiscal\u00a0<strong>pidi\u00f3 la detenci\u00f3n del futbolista de Boca Juniors Sebasti\u00e1n Villa en la causa que investiga el presunto abuso sexual de una joven en su casa de un country de Canning<\/strong>, ocurrido en junio del a\u00f1o pasado, informaron a T\u00e9lam fuentes judiciales.<\/p>\n<p>El pedido fue formulado por la fiscal Vanesa Gonz\u00e1lez, a cargo de la Unidad Funcional de Instrucci\u00f3n (UFI) 3 de Esteban Echeverr\u00eda, Especializada en Violencia Familiar y de G\u00e9nero, Abusos Sexuales y Delitos Conexos a la Trata de Personas, pero ahora ser\u00e1 el juez de Garant\u00edas 2 de Lomas de Zamora, Javier Maffucci Moore, quien deber\u00e1 resolver si hace lugar o no.<\/p>\n<p>Seg\u00fan las fuentes judiciales,\u00a0<strong>el juez tiene cinco d\u00edas para resolver la solicitud de la fiscal Gonz\u00e1lez<\/strong>, pero se presume que tomar\u00e1 una decisi\u00f3n antes del plazo previsto.<\/p>\n<p>Adem\u00e1s, ahora Maffucci Moore deber\u00e1 resolver si hace lugar al planteo de eximici\u00f3n de prisi\u00f3n que hab\u00eda formulado el abogado Mart\u00edn Apolo, defensor de Villa, el d\u00eda posterior a la denuncia realizada por la v\u00edctima.<\/p>\n<blockquote class=\"\"><p>La fiscal Gonz\u00e1lez hizo menci\u00f3n a que Villa es futbolista conocido en el pa\u00eds y que \u00abdeber\u00eda ser un ejemplo de conducta para la sociedad\u00bb<\/p><\/blockquote>\n<p>Es que en aquel momento, el juez entendi\u00f3 que no hab\u00eda motivos para tomar una decisi\u00f3n en ese sentido porque solo exist\u00eda una denuncia y no exist\u00eda un pedido de detenci\u00f3n, y dej\u00f3 para m\u00e1s adelante una resoluci\u00f3n al respecto.<\/p>\n<p><strong>\u00abEl rol de la Justicia, y en especial del Ministerio P\u00fablico que represento, no solo es perseguir a los autores de delitos como el que nos ocupa sino concientizar, instruir y abogar por el fin del patriarcado, maxime (y como en el caso que aqu\u00ed se investiga) cuando ese patriarcado se ve potenciado por la sensaci\u00f3n de impunidad que le otorga al autor del delito, o su poder econ\u00f3mico frente a la v\u00edctima vulnerable\u00bb, se\u00f1ala la fiscal\u00a0<\/strong>en el pedido presentado pasadas las 20.30 al juez Maffucci Moore.<\/p>\n<p>En el escrito de 59 fojas, al que tuvo acceso T\u00e9lam, la fiscal Gonz\u00e1lez hizo menci\u00f3n a que Villa es un futbolista conocido en el pa\u00eds y que \u00abdeber\u00eda ser un ejemplo de conducta para la sociedad\u00bb.<\/p>\n<p>\u00abEntiendo que no debe considerarse especialmente la circunstancia de que Sebasti\u00e1n Villa Cano resulte ser un destacado atleta del f\u00fatbol argentino, sino por el contrario debemos atenernos al principio constitucional de igualdad ante la ley. Mas a\u00fan, el mismo en su condici\u00f3n de persona p\u00fablica, deber\u00eda resultar un ejemplo de conducta, un ejemplo para una sociedad en la que buscamos un cambio, y vamos camino a ello\u00bb, se\u00f1al\u00f3.<\/p>\n<p>Para la fiscal, \u00abse encuentra probado la comisi\u00f3n del delito de abuso sexual con acceso carnal\u00bb de una joven de 26 a\u00f1os, por lo que pidi\u00f3 que el delantero colombiano sea \u00abpuesto a disposici\u00f3n\u00bb de la Justicia.<\/p>\n<p>Entre los fundamentos,\u00a0<strong>la fiscal Gonz\u00e1lez tuvo en cuenta el informe del country \u00abVenados II\u00bb en el que consta no solo el ingreso de la v\u00edctima junto a Villa la noche del presunto abuso, sino tambi\u00e9n la llegada de las amigas que la fueron a buscar en el horario detallado en la denuncia<\/strong>.<\/p>\n<p>Adem\u00e1s, consider\u00f3 de \u00abvital inter\u00e9s\u00bb el informe del Ministerio de Seguridad bonaerense que revel\u00f3 la presencia de un m\u00f3vil del Comando de Patrullas de Esteban Echeverr\u00eda en el country esa misma noche, tal como lo hab\u00eda asegurado la v\u00edctima en su relato.<\/p>\n<p>Tambi\u00e9n la fiscal hizo referencia a la importancia de los mensajes registrados en el tel\u00e9fono celular de la v\u00edctima, en los que Villa le refiere que esa noche estaba \u00abmuy tomado\u00bb y que no recordaba nada de lo que hab\u00eda hecho.<\/p>\n<p>\u00abDe la sucesi\u00f3n de los mensajes citados -los que se dan en un marco de privacidad entre v\u00edctima e imputado -no hacen mas que reflejar la honestidad de \u00e9stos di\u00e1logos y denotan sin duda alguna la realidad de los hechos investigados\u00bb, explic\u00f3 en el escrito.<\/p>\n<p>El jugador xeneize viaj\u00f3 en las \u00faltimas horas a La Rioja junto al resto del plantel de Boca para disputar el partido de ma\u00f1ana por la Copa Argentina frente a Ferro.<\/p>\n<h2 class=\"\">El hecho<\/h2>\n<p>La denuncia contra el futbolista fue presentada por escrito el 13 de este mes en la UFI 3 de Esteban Echeverr\u00eda, y a los tres d\u00edas la denunciante la ratific\u00f3 de manera presencial en la fiscal\u00eda.<\/p>\n<p>La v\u00edctima cont\u00f3, primero por escrito y luego en sede fiscal, que el hecho ocurri\u00f3 la noche del 26 de junio de 2021, en el country \u00abVenado II\u00bb de la localidad bonaerense de Canning donde viv\u00eda el futbolista y luego de un asado del que hab\u00edan participado otros jugadores del plantel xeneize.<\/p>\n<blockquote class=\"\"><p>La joven present\u00f3 como prueba unos intercambios de mensajes donde Villa se disculpaba por lo sucedido y se justificaba diciendo que hab\u00eda \u00abtomado mucho\u00bb<\/p><\/blockquote>\n<p>Seg\u00fan la denuncia, Villa hab\u00eda consumido \u00abmucho alcohol\u00bb y comenz\u00f3 a reprocharle que sospechaba que le gustaban o que hab\u00eda estado con otros jugadores del plantel.<\/p>\n<p><strong>Tras mantener una fuerte discusi\u00f3n, ambos se retiraron del lugar y se dirigieron a la casa del futbolista junto a un empleado de seguridad y un amigo del jugador y all\u00ed dijo que Villa la encerr\u00f3 en una habitaci\u00f3n, abus\u00f3 sexualmente de ella y la intent\u00f3 sofocar<\/strong>, seg\u00fan detall\u00f3.<\/p>\n<p>La joven present\u00f3 como prueba unos intercambios de mensajes donde Villa se disculpaba por lo sucedido y se justificaba diciendo que hab\u00eda \u00abtomado mucho\u00bb y tambi\u00e9n denunci\u00f3 que el futbolista le envi\u00f3 5.000 d\u00f3lares para que no haga ninguna denuncia, suma que luego devolvi\u00f3.<\/p>\n<p>Por su parte, el juez Maffucci Moore dict\u00f3 una medida cautelar que incluye una restricci\u00f3n perimetral e impedimento de contacto de Villa hacia la v\u00edctima, pero rechaz\u00f3 un pedido de prohibici\u00f3n de salida del pa\u00eds para el futbolista, ya que la misma se adopt\u00f3 en la causa anterior por violencia de g\u00e9nero sobre su expareja el a\u00f1o pasado y a\u00fan est\u00e1 vigente.<\/p>\n<\/div>\n<\/div>\n<\/div>\n<\/div>\n<\/div>\n<\/div>\n<\/div>\n","protected":false},"excerpt":{"rendered":"<p>El pedido fue formulado por la fiscal Vanesa Gonz\u00e1lez, pero ahora ser\u00e1 el juez de Garant\u00edas 2 de Lomas de Zamora, Javier Maffucci Moore, quien deber\u00e1 resolver si hace lugar o no.<\/p>\n","protected":false},"author":3,"featured_media":0,"comment_status":"closed","ping_status":"closed","sticky":false,"template":"","format":"standard","meta":{"footnotes":""},"categories":[57],"tags":[],"class_list":["post-73426","post","type-post","status-publish","format-standard","hentry","category-judiciales"],"yoast_head":"<!-- This site is optimized with the Yoast SEO plugin v25.9 - https:\/\/yoast.com\/wordpress\/plugins\/seo\/ -->\n<title>Piden la detenci\u00f3n del futbolista Sebasti\u00e1n Villa por el abuso sexual de una joven - Noticias Radio Reflejos<\/title>\n<meta name=\"robots\" content=\"index, follow, max-snippet:-1, max-image-preview:large, max-video-preview:-1\" \/>\n<link rel=\"canonical\" href=\"https:\/\/www.noticiasradioreflejos.com.ar\/2021\/piden-la-detencion-del-futbolista-sebastian-villa-por-el-abuso-sexual-de-una-joven\/\" \/>\n<meta property=\"og:locale\" content=\"es_ES\" \/>\n<meta property=\"og:type\" content=\"article\" \/>\n<meta property=\"og:title\" content=\"Piden la detenci\u00f3n del futbolista Sebasti\u00e1n Villa por el abuso sexual de una joven - Noticias Radio Reflejos\" \/>\n<meta property=\"og:description\" content=\"El pedido fue formulado por la fiscal Vanesa Gonz\u00e1lez, pero ahora ser\u00e1 el juez de Garant\u00edas 2 de Lomas de Zamora, Javier Maffucci Moore, quien deber\u00e1 resolver si hace lugar o no.\" \/>\n<meta property=\"og:url\" content=\"https:\/\/www.noticiasradioreflejos.com.ar\/2021\/piden-la-detencion-del-futbolista-sebastian-villa-por-el-abuso-sexual-de-una-joven\/\" \/>\n<meta property=\"og:site_name\" content=\"Noticias Radio Reflejos\" \/>\n<meta property=\"article:published_time\" content=\"2022-06-08T11:26:09+00:00\" \/>\n<meta property=\"article:modified_time\" content=\"2022-06-08T11:27:17+00:00\" \/>\n<meta property=\"og:image\" content=\"https:\/\/www.telam.com.ar\/thumbs\/bluesteel\/advf\/imagenes\/2022\/05\/628cfa6d1ef74_900.jpg\" \/>\n<meta name=\"author\" content=\"Arnaldo Botto\" \/>\n<meta name=\"twitter:card\" content=\"summary_large_image\" \/>\n<script type=\"application\/ld+json\" class=\"yoast-schema-graph\">{\"@context\":\"https:\/\/schema.org\",\"@graph\":[{\"@type\":\"WebPage\",\"@id\":\"https:\/\/www.noticiasradioreflejos.com.ar\/2021\/piden-la-detencion-del-futbolista-sebastian-villa-por-el-abuso-sexual-de-una-joven\/\",\"url\":\"https:\/\/www.noticiasradioreflejos.com.ar\/2021\/piden-la-detencion-del-futbolista-sebastian-villa-por-el-abuso-sexual-de-una-joven\/\",\"name\":\"Piden la detenci\u00f3n del futbolista Sebasti\u00e1n Villa por el abuso sexual de una joven - Noticias Radio Reflejos\",\"isPartOf\":{\"@id\":\"https:\/\/www.noticiasradioreflejos.com.ar\/2021\/#website\"},\"primaryImageOfPage\":{\"@id\":\"https:\/\/www.noticiasradioreflejos.com.ar\/2021\/piden-la-detencion-del-futbolista-sebastian-villa-por-el-abuso-sexual-de-una-joven\/#primaryimage\"},\"image\":{\"@id\":\"https:\/\/www.noticiasradioreflejos.com.ar\/2021\/piden-la-detencion-del-futbolista-sebastian-villa-por-el-abuso-sexual-de-una-joven\/#primaryimage\"},\"thumbnailUrl\":\"https:\/\/www.telam.com.ar\/thumbs\/bluesteel\/advf\/imagenes\/2022\/05\/628cfa6d1ef74_900.jpg\",\"datePublished\":\"2022-06-08T11:26:09+00:00\",\"dateModified\":\"2022-06-08T11:27:17+00:00\",\"author\":{\"@id\":\"https:\/\/www.noticiasradioreflejos.com.ar\/2021\/#\/schema\/person\/ad82545263dcc5ec0996818884fd5fb1\"},\"breadcrumb\":{\"@id\":\"https:\/\/www.noticiasradioreflejos.com.ar\/2021\/piden-la-detencion-del-futbolista-sebastian-villa-por-el-abuso-sexual-de-una-joven\/#breadcrumb\"},\"inLanguage\":\"es\",\"potentialAction\":[{\"@type\":\"ReadAction\",\"target\":[\"https:\/\/www.noticiasradioreflejos.com.ar\/2021\/piden-la-detencion-del-futbolista-sebastian-villa-por-el-abuso-sexual-de-una-joven\/\"]}]},{\"@type\":\"ImageObject\",\"inLanguage\":\"es\",\"@id\":\"https:\/\/www.noticiasradioreflejos.com.ar\/2021\/piden-la-detencion-del-futbolista-sebastian-villa-por-el-abuso-sexual-de-una-joven\/#primaryimage\",\"url\":\"https:\/\/www.telam.com.ar\/thumbs\/bluesteel\/advf\/imagenes\/2022\/05\/628cfa6d1ef74_900.jpg\",\"contentUrl\":\"https:\/\/www.telam.com.ar\/thumbs\/bluesteel\/advf\/imagenes\/2022\/05\/628cfa6d1ef74_900.jpg\"},{\"@type\":\"BreadcrumbList\",\"@id\":\"https:\/\/www.noticiasradioreflejos.com.ar\/2021\/piden-la-detencion-del-futbolista-sebastian-villa-por-el-abuso-sexual-de-una-joven\/#breadcrumb\",\"itemListElement\":[{\"@type\":\"ListItem\",\"position\":1,\"name\":\"Portada\",\"item\":\"https:\/\/www.noticiasradioreflejos.com.ar\/2021\/\"},{\"@type\":\"ListItem\",\"position\":2,\"name\":\"Piden la detenci\u00f3n del futbolista Sebasti\u00e1n Villa por el abuso sexual de una joven\"}]},{\"@type\":\"WebSite\",\"@id\":\"https:\/\/www.noticiasradioreflejos.com.ar\/2021\/#website\",\"url\":\"https:\/\/www.noticiasradioreflejos.com.ar\/2021\/\",\"name\":\"Noticias Radio Reflejos\",\"description\":\"Las noticias de mi comarca\",\"potentialAction\":[{\"@type\":\"SearchAction\",\"target\":{\"@type\":\"EntryPoint\",\"urlTemplate\":\"https:\/\/www.noticiasradioreflejos.com.ar\/2021\/?s={search_term_string}\"},\"query-input\":{\"@type\":\"PropertyValueSpecification\",\"valueRequired\":true,\"valueName\":\"search_term_string\"}}],\"inLanguage\":\"es\"},{\"@type\":\"Person\",\"@id\":\"https:\/\/www.noticiasradioreflejos.com.ar\/2021\/#\/schema\/person\/ad82545263dcc5ec0996818884fd5fb1\",\"name\":\"Arnaldo Botto\",\"image\":{\"@type\":\"ImageObject\",\"inLanguage\":\"es\",\"@id\":\"https:\/\/www.noticiasradioreflejos.com.ar\/2021\/#\/schema\/person\/image\/\",\"url\":\"https:\/\/secure.gravatar.com\/avatar\/55cb5e37c1efa326397366e6974cb338056df65cb50e7d64d1cf314e87504837?s=96&d=mm&r=g\",\"contentUrl\":\"https:\/\/secure.gravatar.com\/avatar\/55cb5e37c1efa326397366e6974cb338056df65cb50e7d64d1cf314e87504837?s=96&d=mm&r=g\",\"caption\":\"Arnaldo Botto\"},\"url\":\"https:\/\/www.noticiasradioreflejos.com.ar\/2021\/author\/arnaldo\/\"}]}<\/script>\n<!-- \/ Yoast SEO plugin. -->","yoast_head_json":{"title":"Piden la detenci\u00f3n del futbolista Sebasti\u00e1n Villa por el abuso sexual de una joven - Noticias Radio Reflejos","robots":{"index":"index","follow":"follow","max-snippet":"max-snippet:-1","max-image-preview":"max-image-preview:large","max-video-preview":"max-video-preview:-1"},"canonical":"https:\/\/www.noticiasradioreflejos.com.ar\/2021\/piden-la-detencion-del-futbolista-sebastian-villa-por-el-abuso-sexual-de-una-joven\/","og_locale":"es_ES","og_type":"article","og_title":"Piden la detenci\u00f3n del futbolista Sebasti\u00e1n Villa por el abuso sexual de una joven - Noticias Radio Reflejos","og_description":"El pedido fue formulado por la fiscal Vanesa Gonz\u00e1lez, pero ahora ser\u00e1 el juez de Garant\u00edas 2 de Lomas de Zamora, Javier Maffucci Moore, quien deber\u00e1 resolver si hace lugar o no.","og_url":"https:\/\/www.noticiasradioreflejos.com.ar\/2021\/piden-la-detencion-del-futbolista-sebastian-villa-por-el-abuso-sexual-de-una-joven\/","og_site_name":"Noticias Radio Reflejos","article_published_time":"2022-06-08T11:26:09+00:00","article_modified_time":"2022-06-08T11:27:17+00:00","og_image":[{"url":"https:\/\/www.telam.com.ar\/thumbs\/bluesteel\/advf\/imagenes\/2022\/05\/628cfa6d1ef74_900.jpg","type":"","width":"","height":""}],"author":"Arnaldo Botto","twitter_card":"summary_large_image","schema":{"@context":"https:\/\/schema.org","@graph":[{"@type":"WebPage","@id":"https:\/\/www.noticiasradioreflejos.com.ar\/2021\/piden-la-detencion-del-futbolista-sebastian-villa-por-el-abuso-sexual-de-una-joven\/","url":"https:\/\/www.noticiasradioreflejos.com.ar\/2021\/piden-la-detencion-del-futbolista-sebastian-villa-por-el-abuso-sexual-de-una-joven\/","name":"Piden la detenci\u00f3n del futbolista Sebasti\u00e1n Villa por el abuso sexual de una joven - Noticias Radio Reflejos","isPartOf":{"@id":"https:\/\/www.noticiasradioreflejos.com.ar\/2021\/#website"},"primaryImageOfPage":{"@id":"https:\/\/www.noticiasradioreflejos.com.ar\/2021\/piden-la-detencion-del-futbolista-sebastian-villa-por-el-abuso-sexual-de-una-joven\/#primaryimage"},"image":{"@id":"https:\/\/www.noticiasradioreflejos.com.ar\/2021\/piden-la-detencion-del-futbolista-sebastian-villa-por-el-abuso-sexual-de-una-joven\/#primaryimage"},"thumbnailUrl":"https:\/\/www.telam.com.ar\/thumbs\/bluesteel\/advf\/imagenes\/2022\/05\/628cfa6d1ef74_900.jpg","datePublished":"2022-06-08T11:26:09+00:00","dateModified":"2022-06-08T11:27:17+00:00","author":{"@id":"https:\/\/www.noticiasradioreflejos.com.ar\/2021\/#\/schema\/person\/ad82545263dcc5ec0996818884fd5fb1"},"breadcrumb":{"@id":"https:\/\/www.noticiasradioreflejos.com.ar\/2021\/piden-la-detencion-del-futbolista-sebastian-villa-por-el-abuso-sexual-de-una-joven\/#breadcrumb"},"inLanguage":"es","potentialAction":[{"@type":"ReadAction","target":["https:\/\/www.noticiasradioreflejos.com.ar\/2021\/piden-la-detencion-del-futbolista-sebastian-villa-por-el-abuso-sexual-de-una-joven\/"]}]},{"@type":"ImageObject","inLanguage":"es","@id":"https:\/\/www.noticiasradioreflejos.com.ar\/2021\/piden-la-detencion-del-futbolista-sebastian-villa-por-el-abuso-sexual-de-una-joven\/#primaryimage","url":"https:\/\/www.telam.com.ar\/thumbs\/bluesteel\/advf\/imagenes\/2022\/05\/628cfa6d1ef74_900.jpg","contentUrl":"https:\/\/www.telam.com.ar\/thumbs\/bluesteel\/advf\/imagenes\/2022\/05\/628cfa6d1ef74_900.jpg"},{"@type":"BreadcrumbList","@id":"https:\/\/www.noticiasradioreflejos.com.ar\/2021\/piden-la-detencion-del-futbolista-sebastian-villa-por-el-abuso-sexual-de-una-joven\/#breadcrumb","itemListElement":[{"@type":"ListItem","position":1,"name":"Portada","item":"https:\/\/www.noticiasradioreflejos.com.ar\/2021\/"},{"@type":"ListItem","position":2,"name":"Piden la detenci\u00f3n del futbolista Sebasti\u00e1n Villa por el abuso sexual de una joven"}]},{"@type":"WebSite","@id":"https:\/\/www.noticiasradioreflejos.com.ar\/2021\/#website","url":"https:\/\/www.noticiasradioreflejos.com.ar\/2021\/","name":"Noticias Radio Reflejos","description":"Las noticias de mi comarca","potentialAction":[{"@type":"SearchAction","target":{"@type":"EntryPoint","urlTemplate":"https:\/\/www.noticiasradioreflejos.com.ar\/2021\/?s={search_term_string}"},"query-input":{"@type":"PropertyValueSpecification","valueRequired":true,"valueName":"search_term_string"}}],"inLanguage":"es"},{"@type":"Person","@id":"https:\/\/www.noticiasradioreflejos.com.ar\/2021\/#\/schema\/person\/ad82545263dcc5ec0996818884fd5fb1","name":"Arnaldo Botto","image":{"@type":"ImageObject","inLanguage":"es","@id":"https:\/\/www.noticiasradioreflejos.com.ar\/2021\/#\/schema\/person\/image\/","url":"https:\/\/secure.gravatar.com\/avatar\/55cb5e37c1efa326397366e6974cb338056df65cb50e7d64d1cf314e87504837?s=96&d=mm&r=g","contentUrl":"https:\/\/secure.gravatar.com\/avatar\/55cb5e37c1efa326397366e6974cb338056df65cb50e7d64d1cf314e87504837?s=96&d=mm&r=g","caption":"Arnaldo Botto"},"url":"https:\/\/www.noticiasradioreflejos.com.ar\/2021\/author\/arnaldo\/"}]}},"_links":{"self":[{"href":"https:\/\/www.noticiasradioreflejos.com.ar\/2021\/wp-json\/wp\/v2\/posts\/73426","targetHints":{"allow":["GET"]}}],"collection":[{"href":"https:\/\/www.noticiasradioreflejos.com.ar\/2021\/wp-json\/wp\/v2\/posts"}],"about":[{"href":"https:\/\/www.noticiasradioreflejos.com.ar\/2021\/wp-json\/wp\/v2\/types\/post"}],"author":[{"embeddable":true,"href":"https:\/\/www.noticiasradioreflejos.com.ar\/2021\/wp-json\/wp\/v2\/users\/3"}],"replies":[{"embeddable":true,"href":"https:\/\/www.noticiasradioreflejos.com.ar\/2021\/wp-json\/wp\/v2\/comments?post=73426"}],"version-history":[{"count":1,"href":"https:\/\/www.noticiasradioreflejos.com.ar\/2021\/wp-json\/wp\/v2\/posts\/73426\/revisions"}],"predecessor-version":[{"id":73427,"href":"https:\/\/www.noticiasradioreflejos.com.ar\/2021\/wp-json\/wp\/v2\/posts\/73426\/revisions\/73427"}],"wp:attachment":[{"href":"https:\/\/www.noticiasradioreflejos.com.ar\/2021\/wp-json\/wp\/v2\/media?parent=73426"}],"wp:term":[{"taxonomy":"category","embeddable":true,"href":"https:\/\/www.noticiasradioreflejos.com.ar\/2021\/wp-json\/wp\/v2\/categories?post=73426"},{"taxonomy":"post_tag","embeddable":true,"href":"https:\/\/www.noticiasradioreflejos.com.ar\/2021\/wp-json\/wp\/v2\/tags?post=73426"}],"curies":[{"name":"wp","href":"https:\/\/api.w.org\/{rel}","templated":true}]}}