{"id":73421,"date":"2022-06-07T21:33:15","date_gmt":"2022-06-07T21:33:15","guid":{"rendered":"http:\/\/www.noticiasradioreflejos.com.ar\/2021\/?p=73421"},"modified":"2022-06-08T13:40:27","modified_gmt":"2022-06-08T13:40:27","slug":"aeroclub-de-saldungaray-disponen-una-medida-para-habilitar-las-emergencias","status":"publish","type":"post","link":"https:\/\/www.noticiasradioreflejos.com.ar\/2021\/aeroclub-de-saldungaray-disponen-una-medida-para-habilitar-las-emergencias\/","title":{"rendered":"Aeroclub de Saldungaray: disponen una medida para habilitar las emergencias"},"content":{"rendered":"<p>El fiscal Santiago Ulpiano Mart\u00ednez, a cargo de la investigaci\u00f3n, firm\u00f3 una especie de cautelar y le dio intervenci\u00f3n a la Polic\u00eda de Seguridad Aeroportuaria para que aclare la situaci\u00f3n.<!--more--><\/p>\n<p>El fiscal federal Santiago Ulpiano Mart\u00ednez dispuso una medida preventiva, similar a una cautelar, para hacer cesar \u00abtoda turbaci\u00f3n o impedimento para la aeronavegaci\u00f3n\u00bb en el Aeroclub Saldungaray, inutilizado desde hace unos d\u00edas tras quedar envuelto en una puja por la posesi\u00f3n de las tierras.<\/p>\n<p>   \u00abEse tipo de pistas son alternativas y tambi\u00e9n de uso sanitario, con las licencias correspondientes, con lo cual, de ser necesario, se deber\u00eda usar\u00bb, explic\u00f3 una fuente judicial.<\/p>\n<p>   Esto se dio en el marco de la presentaci\u00f3n que, a trav\u00e9s del abogado Hugo Fern\u00e1ndez, realiz\u00f3 la semana pasada la comisi\u00f3n directiva de la entidad, luego de que la familia Leturia, due\u00f1a original del predio, tomara el mismo y colocara cadenas y candados.<\/p>\n<p> El Juzgado Federal N\u00ba 1, a cargo del juez Walter L\u00f3pez Da Silva, deleg\u00f3 la investigaci\u00f3n en la Fiscal\u00eda Federal N\u00ba 1.<\/p>\n<p>   En ese contexto, otra medida que orden\u00f3 el fiscal Mart\u00ednez es darle intervenci\u00f3n a la Polic\u00eda de Seguridad Aeroportuaria (PSA) para que investigue e informe sobre la situaci\u00f3n de las tierras (a cargo de qui\u00e9n est\u00e1n actualmente), el estado dominial y las habilitaciones, tanto con las partes en pugna como con las autoridades oficiales.<\/p>\n<p>   El aeroclub aclar\u00f3 que no tiene el boleto compra-venta de la propiedad aunque, junto con la denuncia, adjunt\u00f3 copia del acta de la asamblea general ordinaria del 31 de agosto de 1952, donde consta que esa propiedad fue adquirida a Santiago Leturia en 36 mil pesos, as\u00ed como otro terreno, para levantar el hangar, que se compr\u00f3 a Hip\u00f3lito Tisera en 6.965 pesos.<\/p>\n<p>Fuente: La Nueva<\/p>\n","protected":false},"excerpt":{"rendered":"<p>El fiscal Santiago Ulpiano Mart\u00ednez, a cargo de la investigaci\u00f3n, firm\u00f3 una especie de cautelar y le dio intervenci\u00f3n a la Polic\u00eda de Seguridad Aeroportuaria para que aclare la situaci\u00f3n.<\/p>\n","protected":false},"author":3,"featured_media":73422,"comment_status":"closed","ping_status":"closed","sticky":false,"template":"","format":"standard","meta":{"footnotes":""},"categories":[57,1],"tags":[],"class_list":["post-73421","post","type-post","status-publish","format-standard","has-post-thumbnail","hentry","category-judiciales","category-sin-categoria"],"yoast_head":"<!-- This site is optimized with the Yoast SEO plugin v25.9 - https:\/\/yoast.com\/wordpress\/plugins\/seo\/ -->\n<title>Aeroclub de Saldungaray: disponen una medida para habilitar las emergencias - Noticias Radio Reflejos<\/title>\n<meta name=\"robots\" content=\"index, follow, max-snippet:-1, max-image-preview:large, max-video-preview:-1\" \/>\n<link rel=\"canonical\" href=\"https:\/\/www.noticiasradioreflejos.com.ar\/2021\/aeroclub-de-saldungaray-disponen-una-medida-para-habilitar-las-emergencias\/\" \/>\n<meta property=\"og:locale\" content=\"es_ES\" \/>\n<meta property=\"og:type\" content=\"article\" \/>\n<meta property=\"og:title\" content=\"Aeroclub de Saldungaray: disponen una medida para habilitar las emergencias - Noticias Radio Reflejos\" \/>\n<meta property=\"og:description\" content=\"El fiscal Santiago Ulpiano Mart\u00ednez, a cargo de la investigaci\u00f3n, firm\u00f3 una especie de cautelar y le dio intervenci\u00f3n a la Polic\u00eda de Seguridad Aeroportuaria para que aclare la situaci\u00f3n.\" \/>\n<meta property=\"og:url\" content=\"https:\/\/www.noticiasradioreflejos.com.ar\/2021\/aeroclub-de-saldungaray-disponen-una-medida-para-habilitar-las-emergencias\/\" \/>\n<meta property=\"og:site_name\" content=\"Noticias Radio Reflejos\" \/>\n<meta property=\"article:published_time\" content=\"2022-06-07T21:33:15+00:00\" \/>\n<meta property=\"article:modified_time\" content=\"2022-06-08T13:40:27+00:00\" \/>\n<meta property=\"og:image\" content=\"https:\/\/www.noticiasradioreflejos.com.ar\/2021\/wp-content\/uploads\/2022\/06\/Aero-Saldungaray.jpg\" \/>\n\t<meta property=\"og:image:width\" content=\"789\" \/>\n\t<meta property=\"og:image:height\" content=\"502\" \/>\n\t<meta property=\"og:image:type\" content=\"image\/jpeg\" \/>\n<meta name=\"author\" content=\"Arnaldo Botto\" \/>\n<meta name=\"twitter:card\" content=\"summary_large_image\" \/>\n<script type=\"application\/ld+json\" class=\"yoast-schema-graph\">{\"@context\":\"https:\/\/schema.org\",\"@graph\":[{\"@type\":\"WebPage\",\"@id\":\"https:\/\/www.noticiasradioreflejos.com.ar\/2021\/aeroclub-de-saldungaray-disponen-una-medida-para-habilitar-las-emergencias\/\",\"url\":\"https:\/\/www.noticiasradioreflejos.com.ar\/2021\/aeroclub-de-saldungaray-disponen-una-medida-para-habilitar-las-emergencias\/\",\"name\":\"Aeroclub de Saldungaray: disponen una medida para habilitar las emergencias - Noticias Radio Reflejos\",\"isPartOf\":{\"@id\":\"https:\/\/www.noticiasradioreflejos.com.ar\/2021\/#website\"},\"primaryImageOfPage\":{\"@id\":\"https:\/\/www.noticiasradioreflejos.com.ar\/2021\/aeroclub-de-saldungaray-disponen-una-medida-para-habilitar-las-emergencias\/#primaryimage\"},\"image\":{\"@id\":\"https:\/\/www.noticiasradioreflejos.com.ar\/2021\/aeroclub-de-saldungaray-disponen-una-medida-para-habilitar-las-emergencias\/#primaryimage\"},\"thumbnailUrl\":\"https:\/\/www.noticiasradioreflejos.com.ar\/2021\/wp-content\/uploads\/2022\/06\/Aero-Saldungaray.jpg\",\"datePublished\":\"2022-06-07T21:33:15+00:00\",\"dateModified\":\"2022-06-08T13:40:27+00:00\",\"author\":{\"@id\":\"https:\/\/www.noticiasradioreflejos.com.ar\/2021\/#\/schema\/person\/ad82545263dcc5ec0996818884fd5fb1\"},\"breadcrumb\":{\"@id\":\"https:\/\/www.noticiasradioreflejos.com.ar\/2021\/aeroclub-de-saldungaray-disponen-una-medida-para-habilitar-las-emergencias\/#breadcrumb\"},\"inLanguage\":\"es\",\"potentialAction\":[{\"@type\":\"ReadAction\",\"target\":[\"https:\/\/www.noticiasradioreflejos.com.ar\/2021\/aeroclub-de-saldungaray-disponen-una-medida-para-habilitar-las-emergencias\/\"]}]},{\"@type\":\"ImageObject\",\"inLanguage\":\"es\",\"@id\":\"https:\/\/www.noticiasradioreflejos.com.ar\/2021\/aeroclub-de-saldungaray-disponen-una-medida-para-habilitar-las-emergencias\/#primaryimage\",\"url\":\"https:\/\/www.noticiasradioreflejos.com.ar\/2021\/wp-content\/uploads\/2022\/06\/Aero-Saldungaray.jpg\",\"contentUrl\":\"https:\/\/www.noticiasradioreflejos.com.ar\/2021\/wp-content\/uploads\/2022\/06\/Aero-Saldungaray.jpg\",\"width\":789,\"height\":502},{\"@type\":\"BreadcrumbList\",\"@id\":\"https:\/\/www.noticiasradioreflejos.com.ar\/2021\/aeroclub-de-saldungaray-disponen-una-medida-para-habilitar-las-emergencias\/#breadcrumb\",\"itemListElement\":[{\"@type\":\"ListItem\",\"position\":1,\"name\":\"Portada\",\"item\":\"https:\/\/www.noticiasradioreflejos.com.ar\/2021\/\"},{\"@type\":\"ListItem\",\"position\":2,\"name\":\"Aeroclub de Saldungaray: disponen una medida para habilitar las emergencias\"}]},{\"@type\":\"WebSite\",\"@id\":\"https:\/\/www.noticiasradioreflejos.com.ar\/2021\/#website\",\"url\":\"https:\/\/www.noticiasradioreflejos.com.ar\/2021\/\",\"name\":\"Noticias Radio Reflejos\",\"description\":\"Las noticias de mi comarca\",\"potentialAction\":[{\"@type\":\"SearchAction\",\"target\":{\"@type\":\"EntryPoint\",\"urlTemplate\":\"https:\/\/www.noticiasradioreflejos.com.ar\/2021\/?s={search_term_string}\"},\"query-input\":{\"@type\":\"PropertyValueSpecification\",\"valueRequired\":true,\"valueName\":\"search_term_string\"}}],\"inLanguage\":\"es\"},{\"@type\":\"Person\",\"@id\":\"https:\/\/www.noticiasradioreflejos.com.ar\/2021\/#\/schema\/person\/ad82545263dcc5ec0996818884fd5fb1\",\"name\":\"Arnaldo Botto\",\"image\":{\"@type\":\"ImageObject\",\"inLanguage\":\"es\",\"@id\":\"https:\/\/www.noticiasradioreflejos.com.ar\/2021\/#\/schema\/person\/image\/\",\"url\":\"https:\/\/secure.gravatar.com\/avatar\/55cb5e37c1efa326397366e6974cb338056df65cb50e7d64d1cf314e87504837?s=96&d=mm&r=g\",\"contentUrl\":\"https:\/\/secure.gravatar.com\/avatar\/55cb5e37c1efa326397366e6974cb338056df65cb50e7d64d1cf314e87504837?s=96&d=mm&r=g\",\"caption\":\"Arnaldo Botto\"},\"url\":\"https:\/\/www.noticiasradioreflejos.com.ar\/2021\/author\/arnaldo\/\"}]}<\/script>\n<!-- \/ Yoast SEO plugin. -->","yoast_head_json":{"title":"Aeroclub de Saldungaray: disponen una medida para habilitar las emergencias - Noticias Radio Reflejos","robots":{"index":"index","follow":"follow","max-snippet":"max-snippet:-1","max-image-preview":"max-image-preview:large","max-video-preview":"max-video-preview:-1"},"canonical":"https:\/\/www.noticiasradioreflejos.com.ar\/2021\/aeroclub-de-saldungaray-disponen-una-medida-para-habilitar-las-emergencias\/","og_locale":"es_ES","og_type":"article","og_title":"Aeroclub de Saldungaray: disponen una medida para habilitar las emergencias - Noticias Radio Reflejos","og_description":"El fiscal Santiago Ulpiano Mart\u00ednez, a cargo de la investigaci\u00f3n, firm\u00f3 una especie de cautelar y le dio intervenci\u00f3n a la Polic\u00eda de Seguridad Aeroportuaria para que aclare la situaci\u00f3n.","og_url":"https:\/\/www.noticiasradioreflejos.com.ar\/2021\/aeroclub-de-saldungaray-disponen-una-medida-para-habilitar-las-emergencias\/","og_site_name":"Noticias Radio Reflejos","article_published_time":"2022-06-07T21:33:15+00:00","article_modified_time":"2022-06-08T13:40:27+00:00","og_image":[{"width":789,"height":502,"url":"https:\/\/www.noticiasradioreflejos.com.ar\/2021\/wp-content\/uploads\/2022\/06\/Aero-Saldungaray.jpg","type":"image\/jpeg"}],"author":"Arnaldo Botto","twitter_card":"summary_large_image","schema":{"@context":"https:\/\/schema.org","@graph":[{"@type":"WebPage","@id":"https:\/\/www.noticiasradioreflejos.com.ar\/2021\/aeroclub-de-saldungaray-disponen-una-medida-para-habilitar-las-emergencias\/","url":"https:\/\/www.noticiasradioreflejos.com.ar\/2021\/aeroclub-de-saldungaray-disponen-una-medida-para-habilitar-las-emergencias\/","name":"Aeroclub de Saldungaray: disponen una medida para habilitar las emergencias - Noticias Radio Reflejos","isPartOf":{"@id":"https:\/\/www.noticiasradioreflejos.com.ar\/2021\/#website"},"primaryImageOfPage":{"@id":"https:\/\/www.noticiasradioreflejos.com.ar\/2021\/aeroclub-de-saldungaray-disponen-una-medida-para-habilitar-las-emergencias\/#primaryimage"},"image":{"@id":"https:\/\/www.noticiasradioreflejos.com.ar\/2021\/aeroclub-de-saldungaray-disponen-una-medida-para-habilitar-las-emergencias\/#primaryimage"},"thumbnailUrl":"https:\/\/www.noticiasradioreflejos.com.ar\/2021\/wp-content\/uploads\/2022\/06\/Aero-Saldungaray.jpg","datePublished":"2022-06-07T21:33:15+00:00","dateModified":"2022-06-08T13:40:27+00:00","author":{"@id":"https:\/\/www.noticiasradioreflejos.com.ar\/2021\/#\/schema\/person\/ad82545263dcc5ec0996818884fd5fb1"},"breadcrumb":{"@id":"https:\/\/www.noticiasradioreflejos.com.ar\/2021\/aeroclub-de-saldungaray-disponen-una-medida-para-habilitar-las-emergencias\/#breadcrumb"},"inLanguage":"es","potentialAction":[{"@type":"ReadAction","target":["https:\/\/www.noticiasradioreflejos.com.ar\/2021\/aeroclub-de-saldungaray-disponen-una-medida-para-habilitar-las-emergencias\/"]}]},{"@type":"ImageObject","inLanguage":"es","@id":"https:\/\/www.noticiasradioreflejos.com.ar\/2021\/aeroclub-de-saldungaray-disponen-una-medida-para-habilitar-las-emergencias\/#primaryimage","url":"https:\/\/www.noticiasradioreflejos.com.ar\/2021\/wp-content\/uploads\/2022\/06\/Aero-Saldungaray.jpg","contentUrl":"https:\/\/www.noticiasradioreflejos.com.ar\/2021\/wp-content\/uploads\/2022\/06\/Aero-Saldungaray.jpg","width":789,"height":502},{"@type":"BreadcrumbList","@id":"https:\/\/www.noticiasradioreflejos.com.ar\/2021\/aeroclub-de-saldungaray-disponen-una-medida-para-habilitar-las-emergencias\/#breadcrumb","itemListElement":[{"@type":"ListItem","position":1,"name":"Portada","item":"https:\/\/www.noticiasradioreflejos.com.ar\/2021\/"},{"@type":"ListItem","position":2,"name":"Aeroclub de Saldungaray: disponen una medida para habilitar las emergencias"}]},{"@type":"WebSite","@id":"https:\/\/www.noticiasradioreflejos.com.ar\/2021\/#website","url":"https:\/\/www.noticiasradioreflejos.com.ar\/2021\/","name":"Noticias Radio Reflejos","description":"Las noticias de mi comarca","potentialAction":[{"@type":"SearchAction","target":{"@type":"EntryPoint","urlTemplate":"https:\/\/www.noticiasradioreflejos.com.ar\/2021\/?s={search_term_string}"},"query-input":{"@type":"PropertyValueSpecification","valueRequired":true,"valueName":"search_term_string"}}],"inLanguage":"es"},{"@type":"Person","@id":"https:\/\/www.noticiasradioreflejos.com.ar\/2021\/#\/schema\/person\/ad82545263dcc5ec0996818884fd5fb1","name":"Arnaldo Botto","image":{"@type":"ImageObject","inLanguage":"es","@id":"https:\/\/www.noticiasradioreflejos.com.ar\/2021\/#\/schema\/person\/image\/","url":"https:\/\/secure.gravatar.com\/avatar\/55cb5e37c1efa326397366e6974cb338056df65cb50e7d64d1cf314e87504837?s=96&d=mm&r=g","contentUrl":"https:\/\/secure.gravatar.com\/avatar\/55cb5e37c1efa326397366e6974cb338056df65cb50e7d64d1cf314e87504837?s=96&d=mm&r=g","caption":"Arnaldo Botto"},"url":"https:\/\/www.noticiasradioreflejos.com.ar\/2021\/author\/arnaldo\/"}]}},"_links":{"self":[{"href":"https:\/\/www.noticiasradioreflejos.com.ar\/2021\/wp-json\/wp\/v2\/posts\/73421","targetHints":{"allow":["GET"]}}],"collection":[{"href":"https:\/\/www.noticiasradioreflejos.com.ar\/2021\/wp-json\/wp\/v2\/posts"}],"about":[{"href":"https:\/\/www.noticiasradioreflejos.com.ar\/2021\/wp-json\/wp\/v2\/types\/post"}],"author":[{"embeddable":true,"href":"https:\/\/www.noticiasradioreflejos.com.ar\/2021\/wp-json\/wp\/v2\/users\/3"}],"replies":[{"embeddable":true,"href":"https:\/\/www.noticiasradioreflejos.com.ar\/2021\/wp-json\/wp\/v2\/comments?post=73421"}],"version-history":[{"count":1,"href":"https:\/\/www.noticiasradioreflejos.com.ar\/2021\/wp-json\/wp\/v2\/posts\/73421\/revisions"}],"predecessor-version":[{"id":73423,"href":"https:\/\/www.noticiasradioreflejos.com.ar\/2021\/wp-json\/wp\/v2\/posts\/73421\/revisions\/73423"}],"wp:featuredmedia":[{"embeddable":true,"href":"https:\/\/www.noticiasradioreflejos.com.ar\/2021\/wp-json\/wp\/v2\/media\/73422"}],"wp:attachment":[{"href":"https:\/\/www.noticiasradioreflejos.com.ar\/2021\/wp-json\/wp\/v2\/media?parent=73421"}],"wp:term":[{"taxonomy":"category","embeddable":true,"href":"https:\/\/www.noticiasradioreflejos.com.ar\/2021\/wp-json\/wp\/v2\/categories?post=73421"},{"taxonomy":"post_tag","embeddable":true,"href":"https:\/\/www.noticiasradioreflejos.com.ar\/2021\/wp-json\/wp\/v2\/tags?post=73421"}],"curies":[{"name":"wp","href":"https:\/\/api.w.org\/{rel}","templated":true}]}}