{"id":73390,"date":"2022-06-07T17:59:34","date_gmt":"2022-06-07T17:59:34","guid":{"rendered":"http:\/\/www.noticiasradioreflejos.com.ar\/2021\/?p=73390"},"modified":"2022-06-07T18:00:21","modified_gmt":"2022-06-07T18:00:21","slug":"zacconi-es-un-mentiroso-y-hay-que-ver-por-que-lo-hace","status":"publish","type":"post","link":"https:\/\/www.noticiasradioreflejos.com.ar\/2021\/zacconi-es-un-mentiroso-y-hay-que-ver-por-que-lo-hace\/","title":{"rendered":"\u201cZacconi es un mentiroso y hay que ver por qu\u00e9 lo hace\u201d"},"content":{"rendered":"<p>El edil de<strong> Juntos por el Cambio, Luis Castro<\/strong>, sali\u00f3 con los tapones de punta a cruzar los dichos expresados por su par Bruno Zacconi, respecto al trabajo del Consejo Escolar.<!--more--><\/p>\n<p>Fue subiendo de temperatura con el correr de los minutos. A Luis Castro no le gustaron para nada los dichos de su par Bruno Zacconi, y no tard\u00f3 demasiado en hacerlo notar a viva voz y sin medias tintas.<\/p>\n<p>\u201cEn la nota que dio Zacconi minti\u00f3 en un 80%. Una persona que miente es mentirosa. Hay que ver por qu\u00e9 lo hace. Tal vez\u2026 estimo\u2026 por falta de informaci\u00f3n y no por mala intenci\u00f3n. \u00c9l sabr\u00e1 las causas de por qu\u00e9 minti\u00f3. Pero decir que el Consejo Escolar no gestiona, o decir que se dieron cuenta por una ola de fr\u00edo\u2026 no es as\u00ed\u2026 lo explic\u00f3 Dorado. No hay ninguna escuela con falta de calefacci\u00f3n y mucho menos que el Consejo Escolar no trabaja\u201d.<\/p>\n<p>Esta nueva guerra medi\u00e1tica entre ambos lados de la grieta, comenz\u00f3 a ra\u00edz de un comunicado en el cual varios funcionarios se plegaron, a modo de solidaridad por lo que ocurre en otros puntos de la provincia respecto al dictado de clases en establecimientos sin calefacci\u00f3n.<\/p>\n<p>Al respecto Castro cont\u00f3 que \u201cel comunicado sale porque hay diputados de nuestro espacio que presentaron un proyecto de declaraci\u00f3n. La idea fue sacar un comunicado y no hacer una resoluci\u00f3n, porque si no el Concejo se llena de resoluciones y muchas de estas cuestiones se pueden bajar con un comunicado\u201d.<\/p>\n<p>De igual manera resalt\u00f3 que \u201cpor suerte en nuestro distrito no tenemos problemas de calefacci\u00f3n. La idea era solidarizarnos, ya que muchas instituciones incluso pueden estar cerradas por este tema\u201d.<\/p>\n<p>Fue all\u00ed cuando comenz\u00f3 a cargar las tintas sobre Zacconi: \u201cnos sorprenden las declaraciones del concejal Zacconi, ya que el comunicado resalta el acompa\u00f1amiento que siempre ha tenido Bordoni con la educaci\u00f3n en el distrito. No es la primera vez que lo hacen. Apuntan al Consejo Escolar porque no tienen representaci\u00f3n en ese espacio\u201d.<\/p>\n<p>En esa l\u00ednea y r\u00e1pido de reflejos, le enrostr\u00f3 la gesti\u00f3n al subrayar que \u201clos directores de escuela saben muy bien el trabajo que viene haciendo el Consejo Escolar y los padres que llevan a sus hijos a los colegios\u201d.<\/p>\n<p>Sin perder tiempo, comenz\u00f3 a desmenuzar los dichos del otro edil. \u201cEl concejal Zacconi plantea que estamos en campa\u00f1a. Nosotros estamos en campa\u00f1a todo el a\u00f1o, porque la mejor campa\u00f1a es trabajar todos los d\u00edas. Si eso es la campa\u00f1a, entonces s\u00ed, estamos totalmente en campa\u00f1a\u201d.<\/p>\n<p>Al tiempo que en otro pasaje de la charla confirm\u00f3 que \u201cel Consejo Escolar maneja alrededor de 33 millones de pesos anuales. Si encara cada una de las obras que hacen falta, al tercer mes del a\u00f1o se quedan sin recursos. Por eso hacen una lista de prioridades para abordar\u201d.<\/p>\n<p>&nbsp;<\/p>\n<p><iframe loading=\"lazy\" src=\"https:\/\/w.soundcloud.com\/player\/?url=https%3A\/\/api.soundcloud.com\/tracks\/1282772983&amp;color=%23ff5500&amp;auto_play=false&amp;hide_related=false&amp;show_comments=true&amp;show_user=true&amp;show_reposts=false&amp;show_teaser=true\" width=\"100%\" height=\"166\" frameborder=\"no\" scrolling=\"no\"><\/iframe><\/p>\n<div style=\"font-size: 10px; color: #cccccc; line-break: anywhere; word-break: normal; overflow: hidden; white-space: nowrap; text-overflow: ellipsis; font-family: Interstate,Lucida Grande,Lucida Sans Unicode,Lucida Sans,Garuda,Verdana,Tahoma,sans-serif; font-weight: 100;\"><a style=\"color: #cccccc; text-decoration: none;\" title=\"fmreflejos 103.7\" href=\"https:\/\/soundcloud.com\/fmreflejos-103-7\" target=\"_blank\" rel=\"noopener\">fmreflejos 103.7<\/a> \u00b7 <a style=\"color: #cccccc; text-decoration: none;\" title=\"Luis Castro\" href=\"https:\/\/soundcloud.com\/fmreflejos-103-7\/luis-castro-404388929\" target=\"_blank\" rel=\"noopener\">Luis Castro<\/a><\/div>\n","protected":false},"excerpt":{"rendered":"<p>El edil de Juntos por el Cambio, Luis Castro, sali\u00f3 con los tapones de punta a cruzar los dichos expresados por su par Bruno Zacconi, respecto al trabajo del Consejo Escolar.<\/p>\n","protected":false},"author":3,"featured_media":0,"comment_status":"closed","ping_status":"closed","sticky":false,"template":"","format":"standard","meta":{"footnotes":""},"categories":[24],"tags":[48],"class_list":["post-73390","post","type-post","status-publish","format-standard","hentry","category-politica","tag-destacada"],"yoast_head":"<!-- This site is optimized with the Yoast SEO plugin v25.9 - https:\/\/yoast.com\/wordpress\/plugins\/seo\/ -->\n<title>\u201cZacconi es un mentiroso y hay que ver por qu\u00e9 lo hace\u201d - Noticias Radio Reflejos<\/title>\n<meta name=\"robots\" content=\"index, follow, max-snippet:-1, max-image-preview:large, max-video-preview:-1\" \/>\n<link rel=\"canonical\" href=\"https:\/\/www.noticiasradioreflejos.com.ar\/2021\/zacconi-es-un-mentiroso-y-hay-que-ver-por-que-lo-hace\/\" \/>\n<meta property=\"og:locale\" content=\"es_ES\" \/>\n<meta property=\"og:type\" content=\"article\" \/>\n<meta property=\"og:title\" content=\"\u201cZacconi es un mentiroso y hay que ver por qu\u00e9 lo hace\u201d - Noticias Radio Reflejos\" \/>\n<meta property=\"og:description\" content=\"El edil de Juntos por el Cambio, Luis Castro, sali\u00f3 con los tapones de punta a cruzar los dichos expresados por su par Bruno Zacconi, respecto al trabajo del Consejo Escolar.\" \/>\n<meta property=\"og:url\" content=\"https:\/\/www.noticiasradioreflejos.com.ar\/2021\/zacconi-es-un-mentiroso-y-hay-que-ver-por-que-lo-hace\/\" \/>\n<meta property=\"og:site_name\" content=\"Noticias Radio Reflejos\" \/>\n<meta property=\"article:published_time\" content=\"2022-06-07T17:59:34+00:00\" \/>\n<meta property=\"article:modified_time\" content=\"2022-06-07T18:00:21+00:00\" \/>\n<meta property=\"og:image\" content=\"https:\/\/www.noticiasradioreflejos.com.ar\/2021\/wp-content\/uploads\/2022\/06\/luis-Castro.jpg\" \/>\n\t<meta property=\"og:image:width\" content=\"476\" \/>\n\t<meta property=\"og:image:height\" content=\"476\" \/>\n\t<meta property=\"og:image:type\" content=\"image\/jpeg\" \/>\n<meta name=\"author\" content=\"Arnaldo Botto\" \/>\n<meta name=\"twitter:card\" content=\"summary_large_image\" \/>\n<script type=\"application\/ld+json\" class=\"yoast-schema-graph\">{\"@context\":\"https:\/\/schema.org\",\"@graph\":[{\"@type\":\"WebPage\",\"@id\":\"https:\/\/www.noticiasradioreflejos.com.ar\/2021\/zacconi-es-un-mentiroso-y-hay-que-ver-por-que-lo-hace\/\",\"url\":\"https:\/\/www.noticiasradioreflejos.com.ar\/2021\/zacconi-es-un-mentiroso-y-hay-que-ver-por-que-lo-hace\/\",\"name\":\"\u201cZacconi es un mentiroso y hay que ver por qu\u00e9 lo hace\u201d - Noticias Radio Reflejos\",\"isPartOf\":{\"@id\":\"https:\/\/www.noticiasradioreflejos.com.ar\/2021\/#website\"},\"datePublished\":\"2022-06-07T17:59:34+00:00\",\"dateModified\":\"2022-06-07T18:00:21+00:00\",\"author\":{\"@id\":\"https:\/\/www.noticiasradioreflejos.com.ar\/2021\/#\/schema\/person\/ad82545263dcc5ec0996818884fd5fb1\"},\"breadcrumb\":{\"@id\":\"https:\/\/www.noticiasradioreflejos.com.ar\/2021\/zacconi-es-un-mentiroso-y-hay-que-ver-por-que-lo-hace\/#breadcrumb\"},\"inLanguage\":\"es\",\"potentialAction\":[{\"@type\":\"ReadAction\",\"target\":[\"https:\/\/www.noticiasradioreflejos.com.ar\/2021\/zacconi-es-un-mentiroso-y-hay-que-ver-por-que-lo-hace\/\"]}]},{\"@type\":\"BreadcrumbList\",\"@id\":\"https:\/\/www.noticiasradioreflejos.com.ar\/2021\/zacconi-es-un-mentiroso-y-hay-que-ver-por-que-lo-hace\/#breadcrumb\",\"itemListElement\":[{\"@type\":\"ListItem\",\"position\":1,\"name\":\"Portada\",\"item\":\"https:\/\/www.noticiasradioreflejos.com.ar\/2021\/\"},{\"@type\":\"ListItem\",\"position\":2,\"name\":\"\u201cZacconi es un mentiroso y hay que ver por qu\u00e9 lo hace\u201d\"}]},{\"@type\":\"WebSite\",\"@id\":\"https:\/\/www.noticiasradioreflejos.com.ar\/2021\/#website\",\"url\":\"https:\/\/www.noticiasradioreflejos.com.ar\/2021\/\",\"name\":\"Noticias Radio Reflejos\",\"description\":\"Las noticias de mi comarca\",\"potentialAction\":[{\"@type\":\"SearchAction\",\"target\":{\"@type\":\"EntryPoint\",\"urlTemplate\":\"https:\/\/www.noticiasradioreflejos.com.ar\/2021\/?s={search_term_string}\"},\"query-input\":{\"@type\":\"PropertyValueSpecification\",\"valueRequired\":true,\"valueName\":\"search_term_string\"}}],\"inLanguage\":\"es\"},{\"@type\":\"Person\",\"@id\":\"https:\/\/www.noticiasradioreflejos.com.ar\/2021\/#\/schema\/person\/ad82545263dcc5ec0996818884fd5fb1\",\"name\":\"Arnaldo Botto\",\"image\":{\"@type\":\"ImageObject\",\"inLanguage\":\"es\",\"@id\":\"https:\/\/www.noticiasradioreflejos.com.ar\/2021\/#\/schema\/person\/image\/\",\"url\":\"https:\/\/secure.gravatar.com\/avatar\/55cb5e37c1efa326397366e6974cb338056df65cb50e7d64d1cf314e87504837?s=96&d=mm&r=g\",\"contentUrl\":\"https:\/\/secure.gravatar.com\/avatar\/55cb5e37c1efa326397366e6974cb338056df65cb50e7d64d1cf314e87504837?s=96&d=mm&r=g\",\"caption\":\"Arnaldo Botto\"},\"url\":\"https:\/\/www.noticiasradioreflejos.com.ar\/2021\/author\/arnaldo\/\"}]}<\/script>\n<!-- \/ Yoast SEO plugin. -->","yoast_head_json":{"title":"\u201cZacconi es un mentiroso y hay que ver por qu\u00e9 lo hace\u201d - Noticias Radio Reflejos","robots":{"index":"index","follow":"follow","max-snippet":"max-snippet:-1","max-image-preview":"max-image-preview:large","max-video-preview":"max-video-preview:-1"},"canonical":"https:\/\/www.noticiasradioreflejos.com.ar\/2021\/zacconi-es-un-mentiroso-y-hay-que-ver-por-que-lo-hace\/","og_locale":"es_ES","og_type":"article","og_title":"\u201cZacconi es un mentiroso y hay que ver por qu\u00e9 lo hace\u201d - Noticias Radio Reflejos","og_description":"El edil de Juntos por el Cambio, Luis Castro, sali\u00f3 con los tapones de punta a cruzar los dichos expresados por su par Bruno Zacconi, respecto al trabajo del Consejo Escolar.","og_url":"https:\/\/www.noticiasradioreflejos.com.ar\/2021\/zacconi-es-un-mentiroso-y-hay-que-ver-por-que-lo-hace\/","og_site_name":"Noticias Radio Reflejos","article_published_time":"2022-06-07T17:59:34+00:00","article_modified_time":"2022-06-07T18:00:21+00:00","og_image":[{"width":476,"height":476,"url":"https:\/\/www.noticiasradioreflejos.com.ar\/2021\/wp-content\/uploads\/2022\/06\/luis-Castro.jpg","type":"image\/jpeg"}],"author":"Arnaldo Botto","twitter_card":"summary_large_image","schema":{"@context":"https:\/\/schema.org","@graph":[{"@type":"WebPage","@id":"https:\/\/www.noticiasradioreflejos.com.ar\/2021\/zacconi-es-un-mentiroso-y-hay-que-ver-por-que-lo-hace\/","url":"https:\/\/www.noticiasradioreflejos.com.ar\/2021\/zacconi-es-un-mentiroso-y-hay-que-ver-por-que-lo-hace\/","name":"\u201cZacconi es un mentiroso y hay que ver por qu\u00e9 lo hace\u201d - Noticias Radio Reflejos","isPartOf":{"@id":"https:\/\/www.noticiasradioreflejos.com.ar\/2021\/#website"},"datePublished":"2022-06-07T17:59:34+00:00","dateModified":"2022-06-07T18:00:21+00:00","author":{"@id":"https:\/\/www.noticiasradioreflejos.com.ar\/2021\/#\/schema\/person\/ad82545263dcc5ec0996818884fd5fb1"},"breadcrumb":{"@id":"https:\/\/www.noticiasradioreflejos.com.ar\/2021\/zacconi-es-un-mentiroso-y-hay-que-ver-por-que-lo-hace\/#breadcrumb"},"inLanguage":"es","potentialAction":[{"@type":"ReadAction","target":["https:\/\/www.noticiasradioreflejos.com.ar\/2021\/zacconi-es-un-mentiroso-y-hay-que-ver-por-que-lo-hace\/"]}]},{"@type":"BreadcrumbList","@id":"https:\/\/www.noticiasradioreflejos.com.ar\/2021\/zacconi-es-un-mentiroso-y-hay-que-ver-por-que-lo-hace\/#breadcrumb","itemListElement":[{"@type":"ListItem","position":1,"name":"Portada","item":"https:\/\/www.noticiasradioreflejos.com.ar\/2021\/"},{"@type":"ListItem","position":2,"name":"\u201cZacconi es un mentiroso y hay que ver por qu\u00e9 lo hace\u201d"}]},{"@type":"WebSite","@id":"https:\/\/www.noticiasradioreflejos.com.ar\/2021\/#website","url":"https:\/\/www.noticiasradioreflejos.com.ar\/2021\/","name":"Noticias Radio Reflejos","description":"Las noticias de mi comarca","potentialAction":[{"@type":"SearchAction","target":{"@type":"EntryPoint","urlTemplate":"https:\/\/www.noticiasradioreflejos.com.ar\/2021\/?s={search_term_string}"},"query-input":{"@type":"PropertyValueSpecification","valueRequired":true,"valueName":"search_term_string"}}],"inLanguage":"es"},{"@type":"Person","@id":"https:\/\/www.noticiasradioreflejos.com.ar\/2021\/#\/schema\/person\/ad82545263dcc5ec0996818884fd5fb1","name":"Arnaldo Botto","image":{"@type":"ImageObject","inLanguage":"es","@id":"https:\/\/www.noticiasradioreflejos.com.ar\/2021\/#\/schema\/person\/image\/","url":"https:\/\/secure.gravatar.com\/avatar\/55cb5e37c1efa326397366e6974cb338056df65cb50e7d64d1cf314e87504837?s=96&d=mm&r=g","contentUrl":"https:\/\/secure.gravatar.com\/avatar\/55cb5e37c1efa326397366e6974cb338056df65cb50e7d64d1cf314e87504837?s=96&d=mm&r=g","caption":"Arnaldo Botto"},"url":"https:\/\/www.noticiasradioreflejos.com.ar\/2021\/author\/arnaldo\/"}]}},"_links":{"self":[{"href":"https:\/\/www.noticiasradioreflejos.com.ar\/2021\/wp-json\/wp\/v2\/posts\/73390","targetHints":{"allow":["GET"]}}],"collection":[{"href":"https:\/\/www.noticiasradioreflejos.com.ar\/2021\/wp-json\/wp\/v2\/posts"}],"about":[{"href":"https:\/\/www.noticiasradioreflejos.com.ar\/2021\/wp-json\/wp\/v2\/types\/post"}],"author":[{"embeddable":true,"href":"https:\/\/www.noticiasradioreflejos.com.ar\/2021\/wp-json\/wp\/v2\/users\/3"}],"replies":[{"embeddable":true,"href":"https:\/\/www.noticiasradioreflejos.com.ar\/2021\/wp-json\/wp\/v2\/comments?post=73390"}],"version-history":[{"count":3,"href":"https:\/\/www.noticiasradioreflejos.com.ar\/2021\/wp-json\/wp\/v2\/posts\/73390\/revisions"}],"predecessor-version":[{"id":73403,"href":"https:\/\/www.noticiasradioreflejos.com.ar\/2021\/wp-json\/wp\/v2\/posts\/73390\/revisions\/73403"}],"wp:attachment":[{"href":"https:\/\/www.noticiasradioreflejos.com.ar\/2021\/wp-json\/wp\/v2\/media?parent=73390"}],"wp:term":[{"taxonomy":"category","embeddable":true,"href":"https:\/\/www.noticiasradioreflejos.com.ar\/2021\/wp-json\/wp\/v2\/categories?post=73390"},{"taxonomy":"post_tag","embeddable":true,"href":"https:\/\/www.noticiasradioreflejos.com.ar\/2021\/wp-json\/wp\/v2\/tags?post=73390"}],"curies":[{"name":"wp","href":"https:\/\/api.w.org\/{rel}","templated":true}]}}