{"id":73381,"date":"2022-06-07T17:55:33","date_gmt":"2022-06-07T17:55:33","guid":{"rendered":"http:\/\/www.noticiasradioreflejos.com.ar\/2021\/?p=73381"},"modified":"2022-06-07T17:55:33","modified_gmt":"2022-06-07T17:55:33","slug":"cerramos-el-2021-con-160-toneladas-procesadas-de-elementos-reciclados","status":"publish","type":"post","link":"https:\/\/www.noticiasradioreflejos.com.ar\/2021\/cerramos-el-2021-con-160-toneladas-procesadas-de-elementos-reciclados\/","title":{"rendered":"\u201cCerramos el 2021 con 160 toneladas procesadas de elementos reciclados\u201d"},"content":{"rendered":"<p>As\u00ed lo confirm\u00f3 <strong>Liliana Diehl<\/strong>. Coordinadora de la planta <strong>3 R de Saldungaray<\/strong>. \u201cTenemos mucha colaboraci\u00f3n de los supermercados\u201d asegur\u00f3.<!--more--><\/p>\n<p>Es un tema que cada vez est\u00e1 m\u00e1s instalado y en donde las nuevas generaciones han tomado definitivamente la posta. El cuidado del planeta es crucial para las pr\u00f3ximas d\u00e9cadas, y entre las medidas a tomar, el reciclado cuenta con un rol preponderante.<\/p>\n<p><a title=\"material-reciclado-4.jpeg_1280\" href=\"https:\/\/www.flickr.com\/photos\/182279889@N02\/52129666661\/in\/dateposted-public\/\" data-flickr-embed=\"true\"><img loading=\"lazy\" decoding=\"async\" src=\"https:\/\/live.staticflickr.com\/65535\/52129666661_af869375b4_c.jpg\" alt=\"material-reciclado-4.jpeg_1280\" width=\"800\" height=\"450\" \/><\/a><script async src=\"\/\/embedr.flickr.com\/assets\/client-code.js\" charset=\"utf-8\"><\/script><\/p>\n<p>Al respecto, Liliana Diehl, Coordinadora de la planta 3 R de Saldungaray, coment\u00f3 que \u201cdesde el \u00e1rea de medio ambiente, conjuntamente con la cooperativa que coordino, estamos buscando concientizar a la poblaci\u00f3n sobre el cuidado del ambiente donde habitamos. Justo por el pasado domingo, que fue el d\u00eda del Medio Ambiente, se decidi\u00f3 plantar frutales en Sierra de la Ventana. En Saldungaray se colocaron arbustivas en la plaza\u201d.<\/p>\n<p>En esa l\u00ednea detall\u00f3 que \u201cse colocaron cuatro almendros en Sierra y en Saldungaray ocho arbustivas. A\u00f1o tras a\u00f1o la cooperativa viene trabajando en la forestaci\u00f3n, al margen de otras tareas que venimos desarrollando.<\/p>\n<p>Sobre esas otras l\u00edneas Diehl mencion\u00f3 que \u201ccomo por ejemplo, un reciclado de polietileno de baja densidad. Eso se enfarda, se env\u00eda a una f\u00e1brica de Bah\u00eda Blanca, y all\u00ed lo convierten en nuevas bobinas de bolsas domiciliarias o de consorcio. Una parte es donada a la escuela especial de Saldungaray, y ellos las fraccionan y las venden en el mercado local\u201d.<\/p>\n<p>Para llevar adelante la tarea, admiti\u00f3 que \u201ctenemos mucha colaboraci\u00f3n de los supermercados. Pasa el cami\u00f3n una o dos veces por semana. Venimos creciendo en la cantidad de polietileno que se junta, por eso la idea es que ese polietileno vuelva a ambas localidades nuevamente en bolsas y se tome conciencia de la importancia del reciclado\u201d.<\/p>\n<p><a title=\"imagen\" href=\"https:\/\/www.flickr.com\/photos\/182279889@N02\/52130158160\/in\/dateposted-public\/\" data-flickr-embed=\"true\"><img loading=\"lazy\" decoding=\"async\" src=\"https:\/\/live.staticflickr.com\/65535\/52130158160_e8965f7dfc_c.jpg\" alt=\"imagen\" width=\"800\" height=\"508\" \/><\/a><script async src=\"\/\/embedr.flickr.com\/assets\/client-code.js\" charset=\"utf-8\"><\/script><\/p>\n<p>Al mismo tiempo que entreg\u00f3 un dato contundente: \u201cen toneladas cerramos el 2021 con 160 toneladas procesadas. Eso quiere decir que llegaron a la planta, se separaron, se enfardaron y salieron al mercado del circuito del reciclado\u201d.<\/p>\n<p>Por \u00faltimo, y sembrando conciencia, admiti\u00f3 que \u201centre los pl\u00e1sticos que no se tratan en Argentina est\u00e1n los vasos de yogurt. Hoy lo que se hace con eso son eco ladrillos o para pl\u00e1sticos de un solo uso, como paquetes de az\u00facar o de fideos. No hay un tratamiento espec\u00edfico para eso. Habr\u00eda que generar con esto bio gas. Se est\u00e1 trabajando al respecto con el Conicet, pero es un proceso lento\u201d.<\/p>\n<p>&nbsp;<\/p>\n<p>&nbsp;<\/p>\n<p><iframe loading=\"lazy\" src=\"https:\/\/w.soundcloud.com\/player\/?url=https%3A\/\/api.soundcloud.com\/tracks\/1282744219&amp;color=%23ff5500&amp;auto_play=false&amp;hide_related=false&amp;show_comments=true&amp;show_user=true&amp;show_reposts=false&amp;show_teaser=true\" width=\"100%\" height=\"166\" frameborder=\"no\" scrolling=\"no\"><\/iframe><\/p>\n<div style=\"font-size: 10px; color: #cccccc; line-break: anywhere; word-break: normal; overflow: hidden; white-space: nowrap; text-overflow: ellipsis; font-family: Interstate,Lucida Grande,Lucida Sans Unicode,Lucida Sans,Garuda,Verdana,Tahoma,sans-serif; font-weight: 100;\"><a style=\"color: #cccccc; text-decoration: none;\" title=\"fmreflejos 103.7\" href=\"https:\/\/soundcloud.com\/fmreflejos-103-7\" target=\"_blank\" rel=\"noopener\">fmreflejos 103.7<\/a> \u00b7 <a style=\"color: #cccccc; text-decoration: none;\" title=\"LILIANA DIEHL\" href=\"https:\/\/soundcloud.com\/fmreflejos-103-7\/liliana-diel\" target=\"_blank\" rel=\"noopener\">LILIANA DIEHL<\/a><\/div>\n","protected":false},"excerpt":{"rendered":"<p>As\u00ed lo confirm\u00f3 Liliana Diehl. Coordinadora de la planta 3 R de Saldungaray. \u201cTenemos mucha colaboraci\u00f3n de los supermercados\u201d asegur\u00f3.<\/p>\n","protected":false},"author":3,"featured_media":0,"comment_status":"closed","ping_status":"closed","sticky":false,"template":"","format":"standard","meta":{"footnotes":""},"categories":[28,26],"tags":[48],"class_list":["post-73381","post","type-post","status-publish","format-standard","hentry","category-municipales","category-sociedad","tag-destacada"],"yoast_head":"<!-- This site is optimized with the Yoast SEO plugin v25.9 - https:\/\/yoast.com\/wordpress\/plugins\/seo\/ -->\n<title>\u201cCerramos el 2021 con 160 toneladas procesadas de elementos reciclados\u201d - Noticias Radio Reflejos<\/title>\n<meta name=\"robots\" content=\"index, follow, max-snippet:-1, max-image-preview:large, max-video-preview:-1\" \/>\n<link rel=\"canonical\" href=\"https:\/\/www.noticiasradioreflejos.com.ar\/2021\/cerramos-el-2021-con-160-toneladas-procesadas-de-elementos-reciclados\/\" \/>\n<meta property=\"og:locale\" content=\"es_ES\" \/>\n<meta property=\"og:type\" content=\"article\" \/>\n<meta property=\"og:title\" content=\"\u201cCerramos el 2021 con 160 toneladas procesadas de elementos reciclados\u201d - Noticias Radio Reflejos\" \/>\n<meta property=\"og:description\" content=\"As\u00ed lo confirm\u00f3 Liliana Diehl. Coordinadora de la planta 3 R de Saldungaray. \u201cTenemos mucha colaboraci\u00f3n de los supermercados\u201d asegur\u00f3.\" \/>\n<meta property=\"og:url\" content=\"https:\/\/www.noticiasradioreflejos.com.ar\/2021\/cerramos-el-2021-con-160-toneladas-procesadas-de-elementos-reciclados\/\" \/>\n<meta property=\"og:site_name\" content=\"Noticias Radio Reflejos\" \/>\n<meta property=\"article:published_time\" content=\"2022-06-07T17:55:33+00:00\" \/>\n<meta property=\"og:image\" content=\"https:\/\/live.staticflickr.com\/65535\/52129666661_af869375b4_c.jpg\" \/>\n<meta name=\"author\" content=\"Arnaldo Botto\" \/>\n<meta name=\"twitter:card\" content=\"summary_large_image\" \/>\n<script type=\"application\/ld+json\" class=\"yoast-schema-graph\">{\"@context\":\"https:\/\/schema.org\",\"@graph\":[{\"@type\":\"WebPage\",\"@id\":\"https:\/\/www.noticiasradioreflejos.com.ar\/2021\/cerramos-el-2021-con-160-toneladas-procesadas-de-elementos-reciclados\/\",\"url\":\"https:\/\/www.noticiasradioreflejos.com.ar\/2021\/cerramos-el-2021-con-160-toneladas-procesadas-de-elementos-reciclados\/\",\"name\":\"\u201cCerramos el 2021 con 160 toneladas procesadas de elementos reciclados\u201d - Noticias Radio Reflejos\",\"isPartOf\":{\"@id\":\"https:\/\/www.noticiasradioreflejos.com.ar\/2021\/#website\"},\"primaryImageOfPage\":{\"@id\":\"https:\/\/www.noticiasradioreflejos.com.ar\/2021\/cerramos-el-2021-con-160-toneladas-procesadas-de-elementos-reciclados\/#primaryimage\"},\"image\":{\"@id\":\"https:\/\/www.noticiasradioreflejos.com.ar\/2021\/cerramos-el-2021-con-160-toneladas-procesadas-de-elementos-reciclados\/#primaryimage\"},\"thumbnailUrl\":\"https:\/\/live.staticflickr.com\/65535\/52129666661_af869375b4_c.jpg\",\"datePublished\":\"2022-06-07T17:55:33+00:00\",\"author\":{\"@id\":\"https:\/\/www.noticiasradioreflejos.com.ar\/2021\/#\/schema\/person\/ad82545263dcc5ec0996818884fd5fb1\"},\"breadcrumb\":{\"@id\":\"https:\/\/www.noticiasradioreflejos.com.ar\/2021\/cerramos-el-2021-con-160-toneladas-procesadas-de-elementos-reciclados\/#breadcrumb\"},\"inLanguage\":\"es\",\"potentialAction\":[{\"@type\":\"ReadAction\",\"target\":[\"https:\/\/www.noticiasradioreflejos.com.ar\/2021\/cerramos-el-2021-con-160-toneladas-procesadas-de-elementos-reciclados\/\"]}]},{\"@type\":\"ImageObject\",\"inLanguage\":\"es\",\"@id\":\"https:\/\/www.noticiasradioreflejos.com.ar\/2021\/cerramos-el-2021-con-160-toneladas-procesadas-de-elementos-reciclados\/#primaryimage\",\"url\":\"https:\/\/live.staticflickr.com\/65535\/52129666661_af869375b4_c.jpg\",\"contentUrl\":\"https:\/\/live.staticflickr.com\/65535\/52129666661_af869375b4_c.jpg\"},{\"@type\":\"BreadcrumbList\",\"@id\":\"https:\/\/www.noticiasradioreflejos.com.ar\/2021\/cerramos-el-2021-con-160-toneladas-procesadas-de-elementos-reciclados\/#breadcrumb\",\"itemListElement\":[{\"@type\":\"ListItem\",\"position\":1,\"name\":\"Portada\",\"item\":\"https:\/\/www.noticiasradioreflejos.com.ar\/2021\/\"},{\"@type\":\"ListItem\",\"position\":2,\"name\":\"\u201cCerramos el 2021 con 160 toneladas procesadas de elementos reciclados\u201d\"}]},{\"@type\":\"WebSite\",\"@id\":\"https:\/\/www.noticiasradioreflejos.com.ar\/2021\/#website\",\"url\":\"https:\/\/www.noticiasradioreflejos.com.ar\/2021\/\",\"name\":\"Noticias Radio Reflejos\",\"description\":\"Las noticias de mi comarca\",\"potentialAction\":[{\"@type\":\"SearchAction\",\"target\":{\"@type\":\"EntryPoint\",\"urlTemplate\":\"https:\/\/www.noticiasradioreflejos.com.ar\/2021\/?s={search_term_string}\"},\"query-input\":{\"@type\":\"PropertyValueSpecification\",\"valueRequired\":true,\"valueName\":\"search_term_string\"}}],\"inLanguage\":\"es\"},{\"@type\":\"Person\",\"@id\":\"https:\/\/www.noticiasradioreflejos.com.ar\/2021\/#\/schema\/person\/ad82545263dcc5ec0996818884fd5fb1\",\"name\":\"Arnaldo Botto\",\"image\":{\"@type\":\"ImageObject\",\"inLanguage\":\"es\",\"@id\":\"https:\/\/www.noticiasradioreflejos.com.ar\/2021\/#\/schema\/person\/image\/\",\"url\":\"https:\/\/secure.gravatar.com\/avatar\/55cb5e37c1efa326397366e6974cb338056df65cb50e7d64d1cf314e87504837?s=96&d=mm&r=g\",\"contentUrl\":\"https:\/\/secure.gravatar.com\/avatar\/55cb5e37c1efa326397366e6974cb338056df65cb50e7d64d1cf314e87504837?s=96&d=mm&r=g\",\"caption\":\"Arnaldo Botto\"},\"url\":\"https:\/\/www.noticiasradioreflejos.com.ar\/2021\/author\/arnaldo\/\"}]}<\/script>\n<!-- \/ Yoast SEO plugin. -->","yoast_head_json":{"title":"\u201cCerramos el 2021 con 160 toneladas procesadas de elementos reciclados\u201d - Noticias Radio Reflejos","robots":{"index":"index","follow":"follow","max-snippet":"max-snippet:-1","max-image-preview":"max-image-preview:large","max-video-preview":"max-video-preview:-1"},"canonical":"https:\/\/www.noticiasradioreflejos.com.ar\/2021\/cerramos-el-2021-con-160-toneladas-procesadas-de-elementos-reciclados\/","og_locale":"es_ES","og_type":"article","og_title":"\u201cCerramos el 2021 con 160 toneladas procesadas de elementos reciclados\u201d - Noticias Radio Reflejos","og_description":"As\u00ed lo confirm\u00f3 Liliana Diehl. Coordinadora de la planta 3 R de Saldungaray. \u201cTenemos mucha colaboraci\u00f3n de los supermercados\u201d asegur\u00f3.","og_url":"https:\/\/www.noticiasradioreflejos.com.ar\/2021\/cerramos-el-2021-con-160-toneladas-procesadas-de-elementos-reciclados\/","og_site_name":"Noticias Radio Reflejos","article_published_time":"2022-06-07T17:55:33+00:00","og_image":[{"url":"https:\/\/live.staticflickr.com\/65535\/52129666661_af869375b4_c.jpg","type":"","width":"","height":""}],"author":"Arnaldo Botto","twitter_card":"summary_large_image","schema":{"@context":"https:\/\/schema.org","@graph":[{"@type":"WebPage","@id":"https:\/\/www.noticiasradioreflejos.com.ar\/2021\/cerramos-el-2021-con-160-toneladas-procesadas-de-elementos-reciclados\/","url":"https:\/\/www.noticiasradioreflejos.com.ar\/2021\/cerramos-el-2021-con-160-toneladas-procesadas-de-elementos-reciclados\/","name":"\u201cCerramos el 2021 con 160 toneladas procesadas de elementos reciclados\u201d - Noticias Radio Reflejos","isPartOf":{"@id":"https:\/\/www.noticiasradioreflejos.com.ar\/2021\/#website"},"primaryImageOfPage":{"@id":"https:\/\/www.noticiasradioreflejos.com.ar\/2021\/cerramos-el-2021-con-160-toneladas-procesadas-de-elementos-reciclados\/#primaryimage"},"image":{"@id":"https:\/\/www.noticiasradioreflejos.com.ar\/2021\/cerramos-el-2021-con-160-toneladas-procesadas-de-elementos-reciclados\/#primaryimage"},"thumbnailUrl":"https:\/\/live.staticflickr.com\/65535\/52129666661_af869375b4_c.jpg","datePublished":"2022-06-07T17:55:33+00:00","author":{"@id":"https:\/\/www.noticiasradioreflejos.com.ar\/2021\/#\/schema\/person\/ad82545263dcc5ec0996818884fd5fb1"},"breadcrumb":{"@id":"https:\/\/www.noticiasradioreflejos.com.ar\/2021\/cerramos-el-2021-con-160-toneladas-procesadas-de-elementos-reciclados\/#breadcrumb"},"inLanguage":"es","potentialAction":[{"@type":"ReadAction","target":["https:\/\/www.noticiasradioreflejos.com.ar\/2021\/cerramos-el-2021-con-160-toneladas-procesadas-de-elementos-reciclados\/"]}]},{"@type":"ImageObject","inLanguage":"es","@id":"https:\/\/www.noticiasradioreflejos.com.ar\/2021\/cerramos-el-2021-con-160-toneladas-procesadas-de-elementos-reciclados\/#primaryimage","url":"https:\/\/live.staticflickr.com\/65535\/52129666661_af869375b4_c.jpg","contentUrl":"https:\/\/live.staticflickr.com\/65535\/52129666661_af869375b4_c.jpg"},{"@type":"BreadcrumbList","@id":"https:\/\/www.noticiasradioreflejos.com.ar\/2021\/cerramos-el-2021-con-160-toneladas-procesadas-de-elementos-reciclados\/#breadcrumb","itemListElement":[{"@type":"ListItem","position":1,"name":"Portada","item":"https:\/\/www.noticiasradioreflejos.com.ar\/2021\/"},{"@type":"ListItem","position":2,"name":"\u201cCerramos el 2021 con 160 toneladas procesadas de elementos reciclados\u201d"}]},{"@type":"WebSite","@id":"https:\/\/www.noticiasradioreflejos.com.ar\/2021\/#website","url":"https:\/\/www.noticiasradioreflejos.com.ar\/2021\/","name":"Noticias Radio Reflejos","description":"Las noticias de mi comarca","potentialAction":[{"@type":"SearchAction","target":{"@type":"EntryPoint","urlTemplate":"https:\/\/www.noticiasradioreflejos.com.ar\/2021\/?s={search_term_string}"},"query-input":{"@type":"PropertyValueSpecification","valueRequired":true,"valueName":"search_term_string"}}],"inLanguage":"es"},{"@type":"Person","@id":"https:\/\/www.noticiasradioreflejos.com.ar\/2021\/#\/schema\/person\/ad82545263dcc5ec0996818884fd5fb1","name":"Arnaldo Botto","image":{"@type":"ImageObject","inLanguage":"es","@id":"https:\/\/www.noticiasradioreflejos.com.ar\/2021\/#\/schema\/person\/image\/","url":"https:\/\/secure.gravatar.com\/avatar\/55cb5e37c1efa326397366e6974cb338056df65cb50e7d64d1cf314e87504837?s=96&d=mm&r=g","contentUrl":"https:\/\/secure.gravatar.com\/avatar\/55cb5e37c1efa326397366e6974cb338056df65cb50e7d64d1cf314e87504837?s=96&d=mm&r=g","caption":"Arnaldo Botto"},"url":"https:\/\/www.noticiasradioreflejos.com.ar\/2021\/author\/arnaldo\/"}]}},"_links":{"self":[{"href":"https:\/\/www.noticiasradioreflejos.com.ar\/2021\/wp-json\/wp\/v2\/posts\/73381","targetHints":{"allow":["GET"]}}],"collection":[{"href":"https:\/\/www.noticiasradioreflejos.com.ar\/2021\/wp-json\/wp\/v2\/posts"}],"about":[{"href":"https:\/\/www.noticiasradioreflejos.com.ar\/2021\/wp-json\/wp\/v2\/types\/post"}],"author":[{"embeddable":true,"href":"https:\/\/www.noticiasradioreflejos.com.ar\/2021\/wp-json\/wp\/v2\/users\/3"}],"replies":[{"embeddable":true,"href":"https:\/\/www.noticiasradioreflejos.com.ar\/2021\/wp-json\/wp\/v2\/comments?post=73381"}],"version-history":[{"count":2,"href":"https:\/\/www.noticiasradioreflejos.com.ar\/2021\/wp-json\/wp\/v2\/posts\/73381\/revisions"}],"predecessor-version":[{"id":73399,"href":"https:\/\/www.noticiasradioreflejos.com.ar\/2021\/wp-json\/wp\/v2\/posts\/73381\/revisions\/73399"}],"wp:attachment":[{"href":"https:\/\/www.noticiasradioreflejos.com.ar\/2021\/wp-json\/wp\/v2\/media?parent=73381"}],"wp:term":[{"taxonomy":"category","embeddable":true,"href":"https:\/\/www.noticiasradioreflejos.com.ar\/2021\/wp-json\/wp\/v2\/categories?post=73381"},{"taxonomy":"post_tag","embeddable":true,"href":"https:\/\/www.noticiasradioreflejos.com.ar\/2021\/wp-json\/wp\/v2\/tags?post=73381"}],"curies":[{"name":"wp","href":"https:\/\/api.w.org\/{rel}","templated":true}]}}