{"id":73379,"date":"2022-06-07T17:33:02","date_gmt":"2022-06-07T17:33:02","guid":{"rendered":"http:\/\/www.noticiasradioreflejos.com.ar\/2021\/?p=73379"},"modified":"2022-06-07T17:35:15","modified_gmt":"2022-06-07T17:35:15","slug":"ninguna-escuela-se-tuvo-que-cerrar-por-problemas-de-calefaccion","status":"publish","type":"post","link":"https:\/\/www.noticiasradioreflejos.com.ar\/2021\/ninguna-escuela-se-tuvo-que-cerrar-por-problemas-de-calefaccion\/","title":{"rendered":"\u201cNinguna escuela se tuvo que cerrar por problemas de calefacci\u00f3n\u201d"},"content":{"rendered":"<p><strong>El profesor Gabriel Dorado<\/strong>, presidente del Consejo Escolar de Tornquist, dio su versi\u00f3n de la pol\u00e9mica generada ayer entre dichos contrapuestos de pol\u00edticos locales, respecto a inconvenientes de infraestructura en los colegios.<!--more--><\/p>\n<p>Con voz calma y tono pausado, el profesor Gabriel Dorado busc\u00f3 traer luz a un tema que ayer sirvi\u00f3 para alimentar la grieta entre ambos partidos pol\u00edticos: la infraestructura en los colegios del distrito.<\/p>\n<p>El integrante del Consejo Escolar asegur\u00f3 que \u201cla idea es compartir con la comunidad todo lo que se va haciendo. No es visible. Solamente dentro de cada escuela se ve lo que se est\u00e1 haciendo. Cre\u00edamos importante por este motivo visibilizarlo. Es una tarea que te obliga a estar siempre al pie del ca\u00f1\u00f3n\u201d.<\/p>\n<p>Dando cifras exactas, el educador mencion\u00f3 que \u201ctenemos aproximadamente 49 establecimientos, y atendemos principalmente infraestructura, comedores escolares y auxiliares. Todo esto engloba a m\u00e1s de dos mil alumnos\u201d.<\/p>\n<p>Al mismo tiempo remarc\u00f3 que \u201cen este momento tenemos 352 calefactores, los cuales se deben revisar en enero y febrero pero lo que pasa es que no llegan las partidas. Este a\u00f1o, el 14 de febrero, solicitamos a trav\u00e9s de los medios que se acerquen los gasistas y proveedores. El 15 de marzo se pidieron presupuestos a los gasistas que estaban inscriptos, y hasta el 20 de mayo se recorrieron todas las escuelas. En base a eso se fueron limpiaron los artefactos y se repararon aquellos que lo necesitaban\u201d.<\/p>\n<p>En esa l\u00ednea resalt\u00f3 que \u201cninguna escuela se tuvo que cerrar por problemas de calefacci\u00f3n. Ahora tenemos dos calefactores que no est\u00e1n funcionando en la escuela t\u00e9cnica, pero nada m\u00e1s\u201d.<\/p>\n<p>Al tiempo que despejando las dudas generadas d\u00edas atr\u00e1s, reconoci\u00f3 que \u201ca partir del 13 de mayo ten\u00edamos una partida de dinero al margen del fondo compensador. Se invirtieron m\u00e1s de un mill\u00f3n de pesos en esa tarea de limpiar y reparar calefactor. Del informe que nos pasaron los proveedores, 22 calefactores est\u00e1n llegando al fin de su vida \u00fatil, por lo que comenzamos a comprarlos desde el viernes\u201d.<\/p>\n<p><iframe loading=\"lazy\" width=\"100%\" height=\"166\" scrolling=\"no\" frameborder=\"no\" allow=\"autoplay\" src=\"https:\/\/w.soundcloud.com\/player\/?url=https%3A\/\/api.soundcloud.com\/tracks\/1282699384&#038;color=%23ff5500&#038;auto_play=false&#038;hide_related=false&#038;show_comments=true&#038;show_user=true&#038;show_reposts=false&#038;show_teaser=true\"><\/iframe><\/p>\n<div style=\"font-size: 10px; color: #cccccc;line-break: anywhere;word-break: normal;overflow: hidden;white-space: nowrap;text-overflow: ellipsis; font-family: Interstate,Lucida Grande,Lucida Sans Unicode,Lucida Sans,Garuda,Verdana,Tahoma,sans-serif;font-weight: 100;\"><a href=\"https:\/\/soundcloud.com\/fmreflejos-103-7\" title=\"fmreflejos 103.7\" target=\"_blank\" style=\"color: #cccccc; text-decoration: none;\" rel=\"noopener\">fmreflejos 103.7<\/a> \u00b7 <a href=\"https:\/\/soundcloud.com\/fmreflejos-103-7\/gabriel-dorado-1\" title=\"Gabriel Dorado\" target=\"_blank\" style=\"color: #cccccc; text-decoration: none;\" rel=\"noopener\">Gabriel Dorado<\/a><\/div>\n","protected":false},"excerpt":{"rendered":"<p>El profesor Gabriel Dorado, presidente del Consejo Escolar de Tornquist, dio su versi\u00f3n de la pol\u00e9mica generada ayer entre dichos contrapuestos de pol\u00edticos locales, respecto a inconvenientes de infraestructura en los colegios.<\/p>\n","protected":false},"author":3,"featured_media":39944,"comment_status":"closed","ping_status":"closed","sticky":false,"template":"","format":"standard","meta":{"footnotes":""},"categories":[34,24],"tags":[48],"class_list":["post-73379","post","type-post","status-publish","format-standard","has-post-thumbnail","hentry","category-educacion","category-politica","tag-destacada"],"yoast_head":"<!-- This site is optimized with the Yoast SEO plugin v25.9 - https:\/\/yoast.com\/wordpress\/plugins\/seo\/ -->\n<title>\u201cNinguna escuela se tuvo que cerrar por problemas de calefacci\u00f3n\u201d - Noticias Radio Reflejos<\/title>\n<meta name=\"robots\" content=\"index, follow, max-snippet:-1, max-image-preview:large, max-video-preview:-1\" \/>\n<link rel=\"canonical\" href=\"https:\/\/www.noticiasradioreflejos.com.ar\/2021\/ninguna-escuela-se-tuvo-que-cerrar-por-problemas-de-calefaccion\/\" \/>\n<meta property=\"og:locale\" content=\"es_ES\" \/>\n<meta property=\"og:type\" content=\"article\" \/>\n<meta property=\"og:title\" content=\"\u201cNinguna escuela se tuvo que cerrar por problemas de calefacci\u00f3n\u201d - Noticias Radio Reflejos\" \/>\n<meta property=\"og:description\" content=\"El profesor Gabriel Dorado, presidente del Consejo Escolar de Tornquist, dio su versi\u00f3n de la pol\u00e9mica generada ayer entre dichos contrapuestos de pol\u00edticos locales, respecto a inconvenientes de infraestructura en los colegios.\" \/>\n<meta property=\"og:url\" content=\"https:\/\/www.noticiasradioreflejos.com.ar\/2021\/ninguna-escuela-se-tuvo-que-cerrar-por-problemas-de-calefaccion\/\" \/>\n<meta property=\"og:site_name\" content=\"Noticias Radio Reflejos\" \/>\n<meta property=\"article:published_time\" content=\"2022-06-07T17:33:02+00:00\" \/>\n<meta property=\"article:modified_time\" content=\"2022-06-07T17:35:15+00:00\" \/>\n<meta property=\"og:image\" content=\"https:\/\/www.noticiasradioreflejos.com.ar\/2021\/wp-content\/uploads\/2020\/03\/Escuela-2-Saldunga.jpg\" \/>\n\t<meta property=\"og:image:width\" content=\"640\" \/>\n\t<meta property=\"og:image:height\" content=\"640\" \/>\n\t<meta property=\"og:image:type\" content=\"image\/jpeg\" \/>\n<meta name=\"author\" content=\"Arnaldo Botto\" \/>\n<meta name=\"twitter:card\" content=\"summary_large_image\" \/>\n<script type=\"application\/ld+json\" class=\"yoast-schema-graph\">{\"@context\":\"https:\/\/schema.org\",\"@graph\":[{\"@type\":\"WebPage\",\"@id\":\"https:\/\/www.noticiasradioreflejos.com.ar\/2021\/ninguna-escuela-se-tuvo-que-cerrar-por-problemas-de-calefaccion\/\",\"url\":\"https:\/\/www.noticiasradioreflejos.com.ar\/2021\/ninguna-escuela-se-tuvo-que-cerrar-por-problemas-de-calefaccion\/\",\"name\":\"\u201cNinguna escuela se tuvo que cerrar por problemas de calefacci\u00f3n\u201d - Noticias Radio Reflejos\",\"isPartOf\":{\"@id\":\"https:\/\/www.noticiasradioreflejos.com.ar\/2021\/#website\"},\"primaryImageOfPage\":{\"@id\":\"https:\/\/www.noticiasradioreflejos.com.ar\/2021\/ninguna-escuela-se-tuvo-que-cerrar-por-problemas-de-calefaccion\/#primaryimage\"},\"image\":{\"@id\":\"https:\/\/www.noticiasradioreflejos.com.ar\/2021\/ninguna-escuela-se-tuvo-que-cerrar-por-problemas-de-calefaccion\/#primaryimage\"},\"thumbnailUrl\":\"https:\/\/www.noticiasradioreflejos.com.ar\/2021\/wp-content\/uploads\/2020\/03\/Escuela-2-Saldunga.jpg\",\"datePublished\":\"2022-06-07T17:33:02+00:00\",\"dateModified\":\"2022-06-07T17:35:15+00:00\",\"author\":{\"@id\":\"https:\/\/www.noticiasradioreflejos.com.ar\/2021\/#\/schema\/person\/ad82545263dcc5ec0996818884fd5fb1\"},\"breadcrumb\":{\"@id\":\"https:\/\/www.noticiasradioreflejos.com.ar\/2021\/ninguna-escuela-se-tuvo-que-cerrar-por-problemas-de-calefaccion\/#breadcrumb\"},\"inLanguage\":\"es\",\"potentialAction\":[{\"@type\":\"ReadAction\",\"target\":[\"https:\/\/www.noticiasradioreflejos.com.ar\/2021\/ninguna-escuela-se-tuvo-que-cerrar-por-problemas-de-calefaccion\/\"]}]},{\"@type\":\"ImageObject\",\"inLanguage\":\"es\",\"@id\":\"https:\/\/www.noticiasradioreflejos.com.ar\/2021\/ninguna-escuela-se-tuvo-que-cerrar-por-problemas-de-calefaccion\/#primaryimage\",\"url\":\"https:\/\/www.noticiasradioreflejos.com.ar\/2021\/wp-content\/uploads\/2020\/03\/Escuela-2-Saldunga.jpg\",\"contentUrl\":\"https:\/\/www.noticiasradioreflejos.com.ar\/2021\/wp-content\/uploads\/2020\/03\/Escuela-2-Saldunga.jpg\",\"width\":640,\"height\":640},{\"@type\":\"BreadcrumbList\",\"@id\":\"https:\/\/www.noticiasradioreflejos.com.ar\/2021\/ninguna-escuela-se-tuvo-que-cerrar-por-problemas-de-calefaccion\/#breadcrumb\",\"itemListElement\":[{\"@type\":\"ListItem\",\"position\":1,\"name\":\"Portada\",\"item\":\"https:\/\/www.noticiasradioreflejos.com.ar\/2021\/\"},{\"@type\":\"ListItem\",\"position\":2,\"name\":\"\u201cNinguna escuela se tuvo que cerrar por problemas de calefacci\u00f3n\u201d\"}]},{\"@type\":\"WebSite\",\"@id\":\"https:\/\/www.noticiasradioreflejos.com.ar\/2021\/#website\",\"url\":\"https:\/\/www.noticiasradioreflejos.com.ar\/2021\/\",\"name\":\"Noticias Radio Reflejos\",\"description\":\"Las noticias de mi comarca\",\"potentialAction\":[{\"@type\":\"SearchAction\",\"target\":{\"@type\":\"EntryPoint\",\"urlTemplate\":\"https:\/\/www.noticiasradioreflejos.com.ar\/2021\/?s={search_term_string}\"},\"query-input\":{\"@type\":\"PropertyValueSpecification\",\"valueRequired\":true,\"valueName\":\"search_term_string\"}}],\"inLanguage\":\"es\"},{\"@type\":\"Person\",\"@id\":\"https:\/\/www.noticiasradioreflejos.com.ar\/2021\/#\/schema\/person\/ad82545263dcc5ec0996818884fd5fb1\",\"name\":\"Arnaldo Botto\",\"image\":{\"@type\":\"ImageObject\",\"inLanguage\":\"es\",\"@id\":\"https:\/\/www.noticiasradioreflejos.com.ar\/2021\/#\/schema\/person\/image\/\",\"url\":\"https:\/\/secure.gravatar.com\/avatar\/55cb5e37c1efa326397366e6974cb338056df65cb50e7d64d1cf314e87504837?s=96&d=mm&r=g\",\"contentUrl\":\"https:\/\/secure.gravatar.com\/avatar\/55cb5e37c1efa326397366e6974cb338056df65cb50e7d64d1cf314e87504837?s=96&d=mm&r=g\",\"caption\":\"Arnaldo Botto\"},\"url\":\"https:\/\/www.noticiasradioreflejos.com.ar\/2021\/author\/arnaldo\/\"}]}<\/script>\n<!-- \/ Yoast SEO plugin. -->","yoast_head_json":{"title":"\u201cNinguna escuela se tuvo que cerrar por problemas de calefacci\u00f3n\u201d - Noticias Radio Reflejos","robots":{"index":"index","follow":"follow","max-snippet":"max-snippet:-1","max-image-preview":"max-image-preview:large","max-video-preview":"max-video-preview:-1"},"canonical":"https:\/\/www.noticiasradioreflejos.com.ar\/2021\/ninguna-escuela-se-tuvo-que-cerrar-por-problemas-de-calefaccion\/","og_locale":"es_ES","og_type":"article","og_title":"\u201cNinguna escuela se tuvo que cerrar por problemas de calefacci\u00f3n\u201d - Noticias Radio Reflejos","og_description":"El profesor Gabriel Dorado, presidente del Consejo Escolar de Tornquist, dio su versi\u00f3n de la pol\u00e9mica generada ayer entre dichos contrapuestos de pol\u00edticos locales, respecto a inconvenientes de infraestructura en los colegios.","og_url":"https:\/\/www.noticiasradioreflejos.com.ar\/2021\/ninguna-escuela-se-tuvo-que-cerrar-por-problemas-de-calefaccion\/","og_site_name":"Noticias Radio Reflejos","article_published_time":"2022-06-07T17:33:02+00:00","article_modified_time":"2022-06-07T17:35:15+00:00","og_image":[{"width":640,"height":640,"url":"https:\/\/www.noticiasradioreflejos.com.ar\/2021\/wp-content\/uploads\/2020\/03\/Escuela-2-Saldunga.jpg","type":"image\/jpeg"}],"author":"Arnaldo Botto","twitter_card":"summary_large_image","schema":{"@context":"https:\/\/schema.org","@graph":[{"@type":"WebPage","@id":"https:\/\/www.noticiasradioreflejos.com.ar\/2021\/ninguna-escuela-se-tuvo-que-cerrar-por-problemas-de-calefaccion\/","url":"https:\/\/www.noticiasradioreflejos.com.ar\/2021\/ninguna-escuela-se-tuvo-que-cerrar-por-problemas-de-calefaccion\/","name":"\u201cNinguna escuela se tuvo que cerrar por problemas de calefacci\u00f3n\u201d - Noticias Radio Reflejos","isPartOf":{"@id":"https:\/\/www.noticiasradioreflejos.com.ar\/2021\/#website"},"primaryImageOfPage":{"@id":"https:\/\/www.noticiasradioreflejos.com.ar\/2021\/ninguna-escuela-se-tuvo-que-cerrar-por-problemas-de-calefaccion\/#primaryimage"},"image":{"@id":"https:\/\/www.noticiasradioreflejos.com.ar\/2021\/ninguna-escuela-se-tuvo-que-cerrar-por-problemas-de-calefaccion\/#primaryimage"},"thumbnailUrl":"https:\/\/www.noticiasradioreflejos.com.ar\/2021\/wp-content\/uploads\/2020\/03\/Escuela-2-Saldunga.jpg","datePublished":"2022-06-07T17:33:02+00:00","dateModified":"2022-06-07T17:35:15+00:00","author":{"@id":"https:\/\/www.noticiasradioreflejos.com.ar\/2021\/#\/schema\/person\/ad82545263dcc5ec0996818884fd5fb1"},"breadcrumb":{"@id":"https:\/\/www.noticiasradioreflejos.com.ar\/2021\/ninguna-escuela-se-tuvo-que-cerrar-por-problemas-de-calefaccion\/#breadcrumb"},"inLanguage":"es","potentialAction":[{"@type":"ReadAction","target":["https:\/\/www.noticiasradioreflejos.com.ar\/2021\/ninguna-escuela-se-tuvo-que-cerrar-por-problemas-de-calefaccion\/"]}]},{"@type":"ImageObject","inLanguage":"es","@id":"https:\/\/www.noticiasradioreflejos.com.ar\/2021\/ninguna-escuela-se-tuvo-que-cerrar-por-problemas-de-calefaccion\/#primaryimage","url":"https:\/\/www.noticiasradioreflejos.com.ar\/2021\/wp-content\/uploads\/2020\/03\/Escuela-2-Saldunga.jpg","contentUrl":"https:\/\/www.noticiasradioreflejos.com.ar\/2021\/wp-content\/uploads\/2020\/03\/Escuela-2-Saldunga.jpg","width":640,"height":640},{"@type":"BreadcrumbList","@id":"https:\/\/www.noticiasradioreflejos.com.ar\/2021\/ninguna-escuela-se-tuvo-que-cerrar-por-problemas-de-calefaccion\/#breadcrumb","itemListElement":[{"@type":"ListItem","position":1,"name":"Portada","item":"https:\/\/www.noticiasradioreflejos.com.ar\/2021\/"},{"@type":"ListItem","position":2,"name":"\u201cNinguna escuela se tuvo que cerrar por problemas de calefacci\u00f3n\u201d"}]},{"@type":"WebSite","@id":"https:\/\/www.noticiasradioreflejos.com.ar\/2021\/#website","url":"https:\/\/www.noticiasradioreflejos.com.ar\/2021\/","name":"Noticias Radio Reflejos","description":"Las noticias de mi comarca","potentialAction":[{"@type":"SearchAction","target":{"@type":"EntryPoint","urlTemplate":"https:\/\/www.noticiasradioreflejos.com.ar\/2021\/?s={search_term_string}"},"query-input":{"@type":"PropertyValueSpecification","valueRequired":true,"valueName":"search_term_string"}}],"inLanguage":"es"},{"@type":"Person","@id":"https:\/\/www.noticiasradioreflejos.com.ar\/2021\/#\/schema\/person\/ad82545263dcc5ec0996818884fd5fb1","name":"Arnaldo Botto","image":{"@type":"ImageObject","inLanguage":"es","@id":"https:\/\/www.noticiasradioreflejos.com.ar\/2021\/#\/schema\/person\/image\/","url":"https:\/\/secure.gravatar.com\/avatar\/55cb5e37c1efa326397366e6974cb338056df65cb50e7d64d1cf314e87504837?s=96&d=mm&r=g","contentUrl":"https:\/\/secure.gravatar.com\/avatar\/55cb5e37c1efa326397366e6974cb338056df65cb50e7d64d1cf314e87504837?s=96&d=mm&r=g","caption":"Arnaldo Botto"},"url":"https:\/\/www.noticiasradioreflejos.com.ar\/2021\/author\/arnaldo\/"}]}},"_links":{"self":[{"href":"https:\/\/www.noticiasradioreflejos.com.ar\/2021\/wp-json\/wp\/v2\/posts\/73379","targetHints":{"allow":["GET"]}}],"collection":[{"href":"https:\/\/www.noticiasradioreflejos.com.ar\/2021\/wp-json\/wp\/v2\/posts"}],"about":[{"href":"https:\/\/www.noticiasradioreflejos.com.ar\/2021\/wp-json\/wp\/v2\/types\/post"}],"author":[{"embeddable":true,"href":"https:\/\/www.noticiasradioreflejos.com.ar\/2021\/wp-json\/wp\/v2\/users\/3"}],"replies":[{"embeddable":true,"href":"https:\/\/www.noticiasradioreflejos.com.ar\/2021\/wp-json\/wp\/v2\/comments?post=73379"}],"version-history":[{"count":2,"href":"https:\/\/www.noticiasradioreflejos.com.ar\/2021\/wp-json\/wp\/v2\/posts\/73379\/revisions"}],"predecessor-version":[{"id":73383,"href":"https:\/\/www.noticiasradioreflejos.com.ar\/2021\/wp-json\/wp\/v2\/posts\/73379\/revisions\/73383"}],"wp:featuredmedia":[{"embeddable":true,"href":"https:\/\/www.noticiasradioreflejos.com.ar\/2021\/wp-json\/wp\/v2\/media\/39944"}],"wp:attachment":[{"href":"https:\/\/www.noticiasradioreflejos.com.ar\/2021\/wp-json\/wp\/v2\/media?parent=73379"}],"wp:term":[{"taxonomy":"category","embeddable":true,"href":"https:\/\/www.noticiasradioreflejos.com.ar\/2021\/wp-json\/wp\/v2\/categories?post=73379"},{"taxonomy":"post_tag","embeddable":true,"href":"https:\/\/www.noticiasradioreflejos.com.ar\/2021\/wp-json\/wp\/v2\/tags?post=73379"}],"curies":[{"name":"wp","href":"https:\/\/api.w.org\/{rel}","templated":true}]}}