{"id":73354,"date":"2022-06-07T10:32:38","date_gmt":"2022-06-07T10:32:38","guid":{"rendered":"http:\/\/www.noticiasradioreflejos.com.ar\/2021\/?p=73354"},"modified":"2022-06-07T10:32:38","modified_gmt":"2022-06-07T10:32:38","slug":"por-primera-vez-se-registro-la-migracion-completa-de-una-ballena-franca-con-cria","status":"publish","type":"post","link":"https:\/\/www.noticiasradioreflejos.com.ar\/2021\/por-primera-vez-se-registro-la-migracion-completa-de-una-ballena-franca-con-cria\/","title":{"rendered":"Por primera vez se registr\u00f3 la migraci\u00f3n completa de una ballena franca con cr\u00eda"},"content":{"rendered":"<p>El informe se basa en el desplazamiento de \u00abElectra\u00bb, una de las 18 ballenas francas australes equipadas con transmisores satelitales durante la temporada 2021 en el marco del proyecto \u00abSiguiendo Ballenas\u201d.<!--more--><\/p>\n<figure class=\"mb-3\"><img decoding=\"async\" src=\"https:\/\/www.telam.com.ar\/thumbs\/bluesteel\/advf\/imagenes\/editadas\/617fe9d0698a7_900.jpg\" alt=\"Registran el recorrido migratorio completo de una ballena franca con cra que parti desde Pennsula Valds y regres al mismo punto Foto Nicols Lewin\" width=\"100%\" height=\"100%\" \/><\/p>\n<div class=\"media-icons\"><\/div><figcaption><span style=\"color: #ff6600;\"><em>Registran el recorrido migratorio completo de una ballena franca con cr\u00eda que parti\u00f3 desde Pen\u00ednsula Vald\u00e9s y regres\u00f3 al mismo punto. Foto: Nicol\u00e1s Lewin<\/p>\n<p><\/em><\/span><\/figcaption><\/figure>\n<p>El recorrido migratorio completo de una ballena franca con cr\u00eda que parti\u00f3 desde Pen\u00ednsula Vald\u00e9s en el noreste del Chubut y regres\u00f3 al mismo punto,<strong>\u00a0tras recorrer 18.087 kil\u00f3metros en 239 d\u00edas<\/strong>\u00a0logr\u00f3 ser registrado por primera vez, inform\u00f3 la Wildlife Conservation Society (WCS)<\/p>\n<p>El informe se basa en el desplazamiento de \u00abElectra\u00bb, una de las 18 ballenas francas australes equipadas con transmisores satelitales durante la temporada 2021 en el marco del proyecto \u00abSiguiendo Ballenas\u201d, precis\u00f3 la organizaci\u00f3n.<\/p>\n<p>La publicaci\u00f3n aclara que este es el segundo caso en que se registra la trayectoria completa de una ballena franca austral desde su partida del \u00e1rea de cr\u00eda de Pen\u00ednsula Vald\u00e9s en un a\u00f1o y regreso al a\u00f1o siguiente, aunque en el anterior caso se trat\u00f3 de \u00abPapill\u00f3n\u00bb, un individuo solitario monitoreado durante la temporada 2014.<\/p>\n<p>En el caso de \u00abElectra\u00bb\u00a0<strong>es una de las seis ballenas con dispositivo a\u00fan activo\u00a0<\/strong>y que el 21 de mayo, tras un largo viaje de 18.087 kil\u00f3metros durante 239 d\u00edas, arrib\u00f3 al Golfo San Jos\u00e9, sobre la cara norte de Pen\u00ednsula Vald\u00e9s y dado que a\u00fan no fue avistada, se desconoce si permanece con su cr\u00eda, o si ya fue destetada.<\/p>\n<p>\u00abEste registro es de gran relevancia por el hecho de ser una hembra con cr\u00eda, dado que en su migraci\u00f3n ellas est\u00e1n sujetas a enormes demandas energ\u00e9ticas\u00bb, indica el informe de la WCS.<\/p>\n<p>&nbsp;<\/p>\n<figure class=\"mb-3\"><img decoding=\"async\" src=\"https:\/\/www.telam.com.ar\/thumbs\/bluesteel\/advf\/imagenes\/2021\/09\/612fc4441c68b_900.jpg\" alt=\"El mamfero junto a su cra recorri ms de 18 mil kilmetros Foto Maxi Jonas\" width=\"100%\" height=\"100%\" \/><\/p>\n<div class=\"media-icons\"><\/div><figcaption><em><span style=\"color: #ff6600;\">El mam\u00edfero junto a su cr\u00eda recorri\u00f3 m\u00e1s de 18 mil kil\u00f3metros. Foto: Maxi Jonas<\/span><\/em><\/figcaption><\/figure>\n<p>Tras definir el valor cient\u00edfico de conocer las \u00e1reas y las distancias recorridas en su viaje completo como\u00a0<strong>\u00abun aporte muy importante al conocimiento de la especie\u00bb<\/strong>, el estudio describe que \u00abtras salir del Golfo Nuevo el 6 de noviembre de 2021, Electra recorri\u00f3 \u00e1reas de alimentaci\u00f3n ubicadas en la plataforma continental argentina y en aguas m\u00e1s profundas del borde del Talud y cercanas al Agujero Azul\u00bb.<\/p>\n<p><strong>\u00abLuego regres\u00f3 al \u00e1rea de Pen\u00ednsula Vald\u00e9s el 21 de mayo 2022, probablemente a destetar a su cr\u00eda nacida en 2021\u00bb<\/strong>, se destaca.<\/p>\n<p>Entre las \u00e1reas recorridas por \u00abElectra\u00bb se encuentra el\u00a0<a href=\"https:\/\/www.telam.com.ar\/notas\/202004\/447489-agujero-azul-alimentacion-ballenas-costas-patagonia.html\" target=\"_blank\" rel=\"noopener\">\u00abAgujero Azul\u00bb<\/a>, una regi\u00f3n de alta productividad primaria que sirve de \u00e1rea de alimentaci\u00f3n para aves y mam\u00edferos marinos y otras especies como la merluza y el calamar.<\/p>\n<h2 class=\"\">Sobre los antecedentes y el Proyecto<\/h2>\n<p>El \u00fanico registro previo de recorrido migratorio completo fue\u00a0<strong>el de \u201cPapill\u00f3n\u201d<\/strong>, un macho juvenil marcado en 2014, cuyo dispositivo transmiti\u00f3 se\u00f1ales durante 8 meses ininterrumpidos desde su partida del Golfo Nuevo hasta su regreso a la misma zona al a\u00f1o siguiente.<\/p>\n<p>Durante los seis meses que estuvo en mar abierto, \u00abPapill\u00f3n\u00bb se mantuvo cerca del borde de la plataforma continental argentina, aproximadamente a 300 millas de Pen\u00ednsula Vald\u00e9s.<\/p>\n<p><strong>La informaci\u00f3n que genera el proyecto \u00abSiguiendo Ballenas\u00bb<\/strong>\u00a0permite conocer los sitios que recorren las ballenas francas australes en sus rutas migratorias, desde sus \u00e1reas de reproducci\u00f3n y cr\u00eda a las \u00e1reas de alimentaci\u00f3n, y as\u00ed localizar los ambientes claves para su ciclo de vida en el Atl\u00e1ntico Sur.<\/p>\n<p>&nbsp;<\/p>\n<figure class=\"mb-3\"><img decoding=\"async\" src=\"https:\/\/www.telam.com.ar\/thumbs\/bluesteel\/advf\/imagenes\/2021\/09\/61447cf29677e_900.jpg\" alt=\"En el caso de Electra es una de las seis ballenas con dispositivo an activo Foto Maxi Jonas\" width=\"100%\" height=\"100%\" \/><\/p>\n<div class=\"media-icons\"><\/div><figcaption><em><span style=\"color: #ff6600;\">En el caso de \u00abElectra\u00bb, es una de las seis ballenas con dispositivo a\u00fan activo. Foto: Maxi Jonas<\/p>\n<p><\/span><\/em><\/figcaption><\/figure>\n<p>El proyecto de seguimiento satelital de ballenas francas de Chubut y R\u00edo Negro\u00a0<strong>se inici\u00f3 en 2014<\/strong>\u00a0y, desde entonces, ha registrado las trayectorias de 65 individuos, aunque en solo dos casos se complet\u00f3 el periplo.<\/p>\n<p>Adem\u00e1s de contribuir a la conservaci\u00f3n de la especie, el proyecto demuestra el gran valor de las nuevas tecnolog\u00edas para su estudio.<\/p>\n<p>\u201cSiguiendo Ballenas\u201d es un proyecto realizado a partir de la articulaci\u00f3n de varias organizaciones, entre ellas el equipo del Laboratorio de Mam\u00edferos Marinos del Conicet, la Fundaci\u00f3n Patagonia Natural, el Instituto de Conservaci\u00f3n de Ballenas y varias universidades del pa\u00eds y del exterior con el aval del Ministerio de Relaciones Exteriores de la Rep\u00fablica Argentina y el apoyo de la Asociaci\u00f3n de Gu\u00edas Balleneros de Puerto Pir\u00e1mides.<\/p>\n","protected":false},"excerpt":{"rendered":"<p>El informe se basa en el desplazamiento de \u00abElectra\u00bb, una de las 18 ballenas francas australes equipadas con transmisores satelitales durante la temporada 2021 en el marco del proyecto \u00abSiguiendo Ballenas\u201d.<\/p>\n","protected":false},"author":3,"featured_media":0,"comment_status":"closed","ping_status":"closed","sticky":false,"template":"","format":"standard","meta":{"footnotes":""},"categories":[46,35],"tags":[],"class_list":["post-73354","post","type-post","status-publish","format-standard","hentry","category-ciencia-y-tecnologia","category-cultura"],"yoast_head":"<!-- This site is optimized with the Yoast SEO plugin v25.9 - https:\/\/yoast.com\/wordpress\/plugins\/seo\/ -->\n<title>Por primera vez se registr\u00f3 la migraci\u00f3n completa de una ballena franca con cr\u00eda - Noticias Radio Reflejos<\/title>\n<meta name=\"robots\" content=\"index, follow, max-snippet:-1, max-image-preview:large, max-video-preview:-1\" \/>\n<link rel=\"canonical\" href=\"https:\/\/www.noticiasradioreflejos.com.ar\/2021\/por-primera-vez-se-registro-la-migracion-completa-de-una-ballena-franca-con-cria\/\" \/>\n<meta property=\"og:locale\" content=\"es_ES\" \/>\n<meta property=\"og:type\" content=\"article\" \/>\n<meta property=\"og:title\" content=\"Por primera vez se registr\u00f3 la migraci\u00f3n completa de una ballena franca con cr\u00eda - Noticias Radio Reflejos\" \/>\n<meta property=\"og:description\" content=\"El informe se basa en el desplazamiento de \u00abElectra\u00bb, una de las 18 ballenas francas australes equipadas con transmisores satelitales durante la temporada 2021 en el marco del proyecto \u00abSiguiendo Ballenas\u201d.\" \/>\n<meta property=\"og:url\" content=\"https:\/\/www.noticiasradioreflejos.com.ar\/2021\/por-primera-vez-se-registro-la-migracion-completa-de-una-ballena-franca-con-cria\/\" \/>\n<meta property=\"og:site_name\" content=\"Noticias Radio Reflejos\" \/>\n<meta property=\"article:published_time\" content=\"2022-06-07T10:32:38+00:00\" \/>\n<meta property=\"og:image\" content=\"https:\/\/www.telam.com.ar\/thumbs\/bluesteel\/advf\/imagenes\/editadas\/617fe9d0698a7_900.jpg\" \/>\n<meta name=\"author\" content=\"Arnaldo Botto\" \/>\n<meta name=\"twitter:card\" content=\"summary_large_image\" \/>\n<script type=\"application\/ld+json\" class=\"yoast-schema-graph\">{\"@context\":\"https:\/\/schema.org\",\"@graph\":[{\"@type\":\"WebPage\",\"@id\":\"https:\/\/www.noticiasradioreflejos.com.ar\/2021\/por-primera-vez-se-registro-la-migracion-completa-de-una-ballena-franca-con-cria\/\",\"url\":\"https:\/\/www.noticiasradioreflejos.com.ar\/2021\/por-primera-vez-se-registro-la-migracion-completa-de-una-ballena-franca-con-cria\/\",\"name\":\"Por primera vez se registr\u00f3 la migraci\u00f3n completa de una ballena franca con cr\u00eda - Noticias Radio Reflejos\",\"isPartOf\":{\"@id\":\"https:\/\/www.noticiasradioreflejos.com.ar\/2021\/#website\"},\"primaryImageOfPage\":{\"@id\":\"https:\/\/www.noticiasradioreflejos.com.ar\/2021\/por-primera-vez-se-registro-la-migracion-completa-de-una-ballena-franca-con-cria\/#primaryimage\"},\"image\":{\"@id\":\"https:\/\/www.noticiasradioreflejos.com.ar\/2021\/por-primera-vez-se-registro-la-migracion-completa-de-una-ballena-franca-con-cria\/#primaryimage\"},\"thumbnailUrl\":\"https:\/\/www.telam.com.ar\/thumbs\/bluesteel\/advf\/imagenes\/editadas\/617fe9d0698a7_900.jpg\",\"datePublished\":\"2022-06-07T10:32:38+00:00\",\"author\":{\"@id\":\"https:\/\/www.noticiasradioreflejos.com.ar\/2021\/#\/schema\/person\/ad82545263dcc5ec0996818884fd5fb1\"},\"breadcrumb\":{\"@id\":\"https:\/\/www.noticiasradioreflejos.com.ar\/2021\/por-primera-vez-se-registro-la-migracion-completa-de-una-ballena-franca-con-cria\/#breadcrumb\"},\"inLanguage\":\"es\",\"potentialAction\":[{\"@type\":\"ReadAction\",\"target\":[\"https:\/\/www.noticiasradioreflejos.com.ar\/2021\/por-primera-vez-se-registro-la-migracion-completa-de-una-ballena-franca-con-cria\/\"]}]},{\"@type\":\"ImageObject\",\"inLanguage\":\"es\",\"@id\":\"https:\/\/www.noticiasradioreflejos.com.ar\/2021\/por-primera-vez-se-registro-la-migracion-completa-de-una-ballena-franca-con-cria\/#primaryimage\",\"url\":\"https:\/\/www.telam.com.ar\/thumbs\/bluesteel\/advf\/imagenes\/editadas\/617fe9d0698a7_900.jpg\",\"contentUrl\":\"https:\/\/www.telam.com.ar\/thumbs\/bluesteel\/advf\/imagenes\/editadas\/617fe9d0698a7_900.jpg\"},{\"@type\":\"BreadcrumbList\",\"@id\":\"https:\/\/www.noticiasradioreflejos.com.ar\/2021\/por-primera-vez-se-registro-la-migracion-completa-de-una-ballena-franca-con-cria\/#breadcrumb\",\"itemListElement\":[{\"@type\":\"ListItem\",\"position\":1,\"name\":\"Portada\",\"item\":\"https:\/\/www.noticiasradioreflejos.com.ar\/2021\/\"},{\"@type\":\"ListItem\",\"position\":2,\"name\":\"Por primera vez se registr\u00f3 la migraci\u00f3n completa de una ballena franca con cr\u00eda\"}]},{\"@type\":\"WebSite\",\"@id\":\"https:\/\/www.noticiasradioreflejos.com.ar\/2021\/#website\",\"url\":\"https:\/\/www.noticiasradioreflejos.com.ar\/2021\/\",\"name\":\"Noticias Radio Reflejos\",\"description\":\"Las noticias de mi comarca\",\"potentialAction\":[{\"@type\":\"SearchAction\",\"target\":{\"@type\":\"EntryPoint\",\"urlTemplate\":\"https:\/\/www.noticiasradioreflejos.com.ar\/2021\/?s={search_term_string}\"},\"query-input\":{\"@type\":\"PropertyValueSpecification\",\"valueRequired\":true,\"valueName\":\"search_term_string\"}}],\"inLanguage\":\"es\"},{\"@type\":\"Person\",\"@id\":\"https:\/\/www.noticiasradioreflejos.com.ar\/2021\/#\/schema\/person\/ad82545263dcc5ec0996818884fd5fb1\",\"name\":\"Arnaldo Botto\",\"image\":{\"@type\":\"ImageObject\",\"inLanguage\":\"es\",\"@id\":\"https:\/\/www.noticiasradioreflejos.com.ar\/2021\/#\/schema\/person\/image\/\",\"url\":\"https:\/\/secure.gravatar.com\/avatar\/55cb5e37c1efa326397366e6974cb338056df65cb50e7d64d1cf314e87504837?s=96&d=mm&r=g\",\"contentUrl\":\"https:\/\/secure.gravatar.com\/avatar\/55cb5e37c1efa326397366e6974cb338056df65cb50e7d64d1cf314e87504837?s=96&d=mm&r=g\",\"caption\":\"Arnaldo Botto\"},\"url\":\"https:\/\/www.noticiasradioreflejos.com.ar\/2021\/author\/arnaldo\/\"}]}<\/script>\n<!-- \/ Yoast SEO plugin. -->","yoast_head_json":{"title":"Por primera vez se registr\u00f3 la migraci\u00f3n completa de una ballena franca con cr\u00eda - Noticias Radio Reflejos","robots":{"index":"index","follow":"follow","max-snippet":"max-snippet:-1","max-image-preview":"max-image-preview:large","max-video-preview":"max-video-preview:-1"},"canonical":"https:\/\/www.noticiasradioreflejos.com.ar\/2021\/por-primera-vez-se-registro-la-migracion-completa-de-una-ballena-franca-con-cria\/","og_locale":"es_ES","og_type":"article","og_title":"Por primera vez se registr\u00f3 la migraci\u00f3n completa de una ballena franca con cr\u00eda - Noticias Radio Reflejos","og_description":"El informe se basa en el desplazamiento de \u00abElectra\u00bb, una de las 18 ballenas francas australes equipadas con transmisores satelitales durante la temporada 2021 en el marco del proyecto \u00abSiguiendo Ballenas\u201d.","og_url":"https:\/\/www.noticiasradioreflejos.com.ar\/2021\/por-primera-vez-se-registro-la-migracion-completa-de-una-ballena-franca-con-cria\/","og_site_name":"Noticias Radio Reflejos","article_published_time":"2022-06-07T10:32:38+00:00","og_image":[{"url":"https:\/\/www.telam.com.ar\/thumbs\/bluesteel\/advf\/imagenes\/editadas\/617fe9d0698a7_900.jpg","type":"","width":"","height":""}],"author":"Arnaldo Botto","twitter_card":"summary_large_image","schema":{"@context":"https:\/\/schema.org","@graph":[{"@type":"WebPage","@id":"https:\/\/www.noticiasradioreflejos.com.ar\/2021\/por-primera-vez-se-registro-la-migracion-completa-de-una-ballena-franca-con-cria\/","url":"https:\/\/www.noticiasradioreflejos.com.ar\/2021\/por-primera-vez-se-registro-la-migracion-completa-de-una-ballena-franca-con-cria\/","name":"Por primera vez se registr\u00f3 la migraci\u00f3n completa de una ballena franca con cr\u00eda - Noticias Radio Reflejos","isPartOf":{"@id":"https:\/\/www.noticiasradioreflejos.com.ar\/2021\/#website"},"primaryImageOfPage":{"@id":"https:\/\/www.noticiasradioreflejos.com.ar\/2021\/por-primera-vez-se-registro-la-migracion-completa-de-una-ballena-franca-con-cria\/#primaryimage"},"image":{"@id":"https:\/\/www.noticiasradioreflejos.com.ar\/2021\/por-primera-vez-se-registro-la-migracion-completa-de-una-ballena-franca-con-cria\/#primaryimage"},"thumbnailUrl":"https:\/\/www.telam.com.ar\/thumbs\/bluesteel\/advf\/imagenes\/editadas\/617fe9d0698a7_900.jpg","datePublished":"2022-06-07T10:32:38+00:00","author":{"@id":"https:\/\/www.noticiasradioreflejos.com.ar\/2021\/#\/schema\/person\/ad82545263dcc5ec0996818884fd5fb1"},"breadcrumb":{"@id":"https:\/\/www.noticiasradioreflejos.com.ar\/2021\/por-primera-vez-se-registro-la-migracion-completa-de-una-ballena-franca-con-cria\/#breadcrumb"},"inLanguage":"es","potentialAction":[{"@type":"ReadAction","target":["https:\/\/www.noticiasradioreflejos.com.ar\/2021\/por-primera-vez-se-registro-la-migracion-completa-de-una-ballena-franca-con-cria\/"]}]},{"@type":"ImageObject","inLanguage":"es","@id":"https:\/\/www.noticiasradioreflejos.com.ar\/2021\/por-primera-vez-se-registro-la-migracion-completa-de-una-ballena-franca-con-cria\/#primaryimage","url":"https:\/\/www.telam.com.ar\/thumbs\/bluesteel\/advf\/imagenes\/editadas\/617fe9d0698a7_900.jpg","contentUrl":"https:\/\/www.telam.com.ar\/thumbs\/bluesteel\/advf\/imagenes\/editadas\/617fe9d0698a7_900.jpg"},{"@type":"BreadcrumbList","@id":"https:\/\/www.noticiasradioreflejos.com.ar\/2021\/por-primera-vez-se-registro-la-migracion-completa-de-una-ballena-franca-con-cria\/#breadcrumb","itemListElement":[{"@type":"ListItem","position":1,"name":"Portada","item":"https:\/\/www.noticiasradioreflejos.com.ar\/2021\/"},{"@type":"ListItem","position":2,"name":"Por primera vez se registr\u00f3 la migraci\u00f3n completa de una ballena franca con cr\u00eda"}]},{"@type":"WebSite","@id":"https:\/\/www.noticiasradioreflejos.com.ar\/2021\/#website","url":"https:\/\/www.noticiasradioreflejos.com.ar\/2021\/","name":"Noticias Radio Reflejos","description":"Las noticias de mi comarca","potentialAction":[{"@type":"SearchAction","target":{"@type":"EntryPoint","urlTemplate":"https:\/\/www.noticiasradioreflejos.com.ar\/2021\/?s={search_term_string}"},"query-input":{"@type":"PropertyValueSpecification","valueRequired":true,"valueName":"search_term_string"}}],"inLanguage":"es"},{"@type":"Person","@id":"https:\/\/www.noticiasradioreflejos.com.ar\/2021\/#\/schema\/person\/ad82545263dcc5ec0996818884fd5fb1","name":"Arnaldo Botto","image":{"@type":"ImageObject","inLanguage":"es","@id":"https:\/\/www.noticiasradioreflejos.com.ar\/2021\/#\/schema\/person\/image\/","url":"https:\/\/secure.gravatar.com\/avatar\/55cb5e37c1efa326397366e6974cb338056df65cb50e7d64d1cf314e87504837?s=96&d=mm&r=g","contentUrl":"https:\/\/secure.gravatar.com\/avatar\/55cb5e37c1efa326397366e6974cb338056df65cb50e7d64d1cf314e87504837?s=96&d=mm&r=g","caption":"Arnaldo Botto"},"url":"https:\/\/www.noticiasradioreflejos.com.ar\/2021\/author\/arnaldo\/"}]}},"_links":{"self":[{"href":"https:\/\/www.noticiasradioreflejos.com.ar\/2021\/wp-json\/wp\/v2\/posts\/73354","targetHints":{"allow":["GET"]}}],"collection":[{"href":"https:\/\/www.noticiasradioreflejos.com.ar\/2021\/wp-json\/wp\/v2\/posts"}],"about":[{"href":"https:\/\/www.noticiasradioreflejos.com.ar\/2021\/wp-json\/wp\/v2\/types\/post"}],"author":[{"embeddable":true,"href":"https:\/\/www.noticiasradioreflejos.com.ar\/2021\/wp-json\/wp\/v2\/users\/3"}],"replies":[{"embeddable":true,"href":"https:\/\/www.noticiasradioreflejos.com.ar\/2021\/wp-json\/wp\/v2\/comments?post=73354"}],"version-history":[{"count":1,"href":"https:\/\/www.noticiasradioreflejos.com.ar\/2021\/wp-json\/wp\/v2\/posts\/73354\/revisions"}],"predecessor-version":[{"id":73356,"href":"https:\/\/www.noticiasradioreflejos.com.ar\/2021\/wp-json\/wp\/v2\/posts\/73354\/revisions\/73356"}],"wp:attachment":[{"href":"https:\/\/www.noticiasradioreflejos.com.ar\/2021\/wp-json\/wp\/v2\/media?parent=73354"}],"wp:term":[{"taxonomy":"category","embeddable":true,"href":"https:\/\/www.noticiasradioreflejos.com.ar\/2021\/wp-json\/wp\/v2\/categories?post=73354"},{"taxonomy":"post_tag","embeddable":true,"href":"https:\/\/www.noticiasradioreflejos.com.ar\/2021\/wp-json\/wp\/v2\/tags?post=73354"}],"curies":[{"name":"wp","href":"https:\/\/api.w.org\/{rel}","templated":true}]}}