{"id":73348,"date":"2022-06-07T10:19:07","date_gmt":"2022-06-07T10:19:07","guid":{"rendered":"http:\/\/www.noticiasradioreflejos.com.ar\/2021\/?p=73348"},"modified":"2022-06-07T10:19:07","modified_gmt":"2022-06-07T10:19:07","slug":"impuesto-a-las-ganancias-el-gobierno-oficializo-la-suba-del-minimo-no-imponible","status":"publish","type":"post","link":"https:\/\/www.noticiasradioreflejos.com.ar\/2021\/impuesto-a-las-ganancias-el-gobierno-oficializo-la-suba-del-minimo-no-imponible\/","title":{"rendered":"Impuesto a las ganancias: el Gobierno oficializ\u00f3 la suba del m\u00ednimo no imponible"},"content":{"rendered":"<header class=\"article-header-wrapper\">\n<div class=\"article-header\">\n<p class=\"article-subheadline\">La medida, que hab\u00eda sido anticipada por Mart\u00edn Guzm\u00e1n tras los reclamos de Sergio Massa, se hizo efectiva a partir de la publicaci\u00f3n en el Bolet\u00edn Oficial de Decreto 298\/2022<\/p>\n<\/div>\n<\/header>\n<p><!--more--><\/p>\n<article class=\"article\">\n<div class=\"nd-body-article\">\n<p class=\"paragraph\">Casi dos semanas despu\u00e9s de que el ministro de Econom\u00eda,\u00a0<b>Mart\u00edn Guzm\u00e1n<\/b>, lo anunciara en la Casa Rosada, el Gobierno confirm\u00f3 este martes el nuevo piso del Impuesto a las Ganancias, que desde junio es de $280.792. La medida se hizo efectiva a partir de la publicaci\u00f3n en el\u00a0<b>Bolet\u00edn Oficial\u00a0<\/b>de\u00a0<b>Decreto 298\/2022<\/b>.<\/p>\n<p class=\"paragraph\">Con la firma del presidente<b>\u00a0Alberto Fern\u00e1ndez<\/b>, del jefe de gabinete,\u00a0<b>Juan Manzur<\/b>\u00a0y del propio titular del Palacio de Hacienda, las autoridades nacionales informaron que ese ser\u00e1 el l\u00edmite a partir del cual quedar\u00e1n alcanzado por este gravamen los salarios brutos durante el actual periodo fiscal.<\/p>\n<p class=\"paragraph\">Adem\u00e1s, se aclar\u00f3 que \u201cpara el caso de las rentas mencionadas en los incisos a), b) y c) del art\u00edculo 82 de la ley\u201d, quienes no superen ese monto mensual \u201cdeber\u00e1n adicionar a la deducci\u00f3n del apartado 2 del inciso c) del art\u00edculo 30 de la citada norma legal, un monto equivalente al que surja de restar a la ganancia neta las deducciones de los incisos a), b) y c) del citado art\u00edculo 30, de manera tal que ser\u00e1 igual al importe que -una vez computada- determine que la ganancia neta sujeta a impuesto sea igual a cero\u201d.<\/p>\n<p class=\"paragraph\">En tanto, quienes excedan esa cifra pero no lleguen a una remuneraci\u00f3n o haber mayor de $324.182, inclusive, la Administraci\u00f3n Federal de Ingresos P\u00fablicos (AFIP) \u201cser\u00e1 la encargada de establecer el monto deducible adicional pertinente, conforme lo prev\u00e9 la segunda parte del ante\u00faltimo p\u00e1rrafo del inciso c) del art\u00edculo 30 de la ley del impuesto\u201d.<\/p>\n<div class=\"visual__image\"><img loading=\"lazy\" decoding=\"async\" class=\"\" src=\"https:\/\/cloudfront-us-east-1.images.arcpublishing.com\/infobae\/ZRSLYXUYQNDIHD2M6DGX5LJRRE.jpg\" sizes=\"auto, (min-width: 800px) 50vw, 90vw\" srcset=\"https:\/\/www.infobae.com\/new-resizer\/Vkoa_OB9EMTd5w9Y9yOijZHUyiY=\/420x280\/filters:format(webp):quality(85)\/cloudfront-us-east-1.images.arcpublishing.com\/infobae\/ZRSLYXUYQNDIHD2M6DGX5LJRRE.jpg 420w,https:\/\/www.infobae.com\/new-resizer\/ATrnCVmfAlL6Ae_tvdrzcWFNonM=\/768x512\/filters:format(webp):quality(85)\/cloudfront-us-east-1.images.arcpublishing.com\/infobae\/ZRSLYXUYQNDIHD2M6DGX5LJRRE.jpg 768w,https:\/\/www.infobae.com\/new-resizer\/2MhVuEQXjLEloOcw-hHiEs2s-bY=\/992x661\/filters:format(webp):quality(85)\/cloudfront-us-east-1.images.arcpublishing.com\/infobae\/ZRSLYXUYQNDIHD2M6DGX5LJRRE.jpg 992w,https:\/\/www.infobae.com\/new-resizer\/AND3wMjwQZ-x-eLcWy1u2WnAHUI=\/1200x800\/filters:format(webp):quality(85)\/cloudfront-us-east-1.images.arcpublishing.com\/infobae\/ZRSLYXUYQNDIHD2M6DGX5LJRRE.jpg 1200w,https:\/\/www.infobae.com\/new-resizer\/m_SlK40b9R67JkHbSr0waGth5Ok=\/1440x960\/filters:format(webp):quality(85)\/cloudfront-us-east-1.images.arcpublishing.com\/infobae\/ZRSLYXUYQNDIHD2M6DGX5LJRRE.jpg 1440w\" alt=\"El aumento del piso de Ganancias hab\u00eda sido anunciado por el ministro de Econom\u00eda, Mart\u00edn Guzm\u00e1n \" width=\"1920\" height=\"1279\" \/>El aumento del piso de Ganancias hab\u00eda sido anunciado por el ministro de Econom\u00eda, Mart\u00edn Guzm\u00e1n<\/div>\n<p class=\"paragraph\">Asimismo, se anticip\u00f3 que el organismo conducido por\u00a0<b>Mercedes Marc\u00f3 del Pont\u00a0<\/b>\u201cadecuar\u00e1 las disposiciones referidas al r\u00e9gimen de retenci\u00f3n aplicable, en virtud de las modificaciones introducidas\u201d a partir del incremento del m\u00ednimo no imponible de Ganancias.<\/p>\n<p class=\"paragraph\">Por \u00faltimo, se ratific\u00f3 que\u00a0<b>\u201clas disposiciones del presente decreto entrar\u00e1n en vigencia el d\u00eda de su publicaci\u00f3n en el Bolet\u00edn Oficial y resultar\u00e1n de aplicaci\u00f3n para las remuneraciones y\/o haberes brutos mensuales devengados a partir del 1\u00b0 de junio de 2022, inclusive\u201d.<\/b><\/p>\n<p class=\"paragraph\">La suba del piso desde el que se paga este impuesto, que hasta ahora era de $225.000, hab\u00eda sido reclamada en varias oportunidades por el presidente de la C\u00e1mara de Diputados, Sergio Massa, quien a lo largo de las \u00faltimas semanas le envi\u00f3\u00a0<a href=\"https:\/\/www.infobae.com\/economia\/2022\/05\/26\/sergio-massa-le-volvio-a-exigir-a-martin-guzman-que-suba-el-piso-de-ganancias-antes-del-pago-del-aguinaldo\/\" target=\"_blank\" rel=\"noopener\">una serie de cartas a Guzm\u00e1n\u00a0<\/a>se\u00f1alando la necesidad de implementar este incremento antes del pago del medio aguinaldo.<\/p>\n<p class=\"paragraph\">Finalmente, el ministro de Econom\u00eda anunci\u00f3 el 27 de mayo pasado este incremento, luego de una reuni\u00f3n que mantuvo en la Casa Rosada con el l\u00edder del Frente Renovador y los cosecretarios generales de la Confederaci\u00f3n General del Trabajo (CGT),\u00a0<b>H\u00e9ctor Daer<\/b>,\u00a0<b>Pablo Moyano\u00a0<\/b>y\u00a0<b>Carlos Acu\u00f1a<\/b>.<\/p>\n<p class=\"paragraph\">Despu\u00e9s de aquella reuni\u00f3n, Massa destac\u00f3 que Alberto Fern\u00e1ndez haya tomado esta medida que busca frenar la ca\u00edda del poder adquisitivo debido a la inflaci\u00f3n: \u201cComo Estado tenemos que hacer un esfuerzo para que el trabajador no pierda al momento de pagar los impuestos.\u00a0<b>La suba del m\u00ednimo no imponible nos permite mantener la idea de que el salario no es ganancia<\/b>, sino remuneraci\u00f3n\u201d, afirm\u00f3.<\/p>\n<p class=\"paragraph\">En los considerandos del Decreto publicado este martes, el Gobierno se\u00f1al{o que resultaba \u201cnecesario anticipar parcialmente, y hasta su completa aplicaci\u00f3n, la actualizaci\u00f3n anual\u201d de los m\u00ednimos no imponibles de este gravamen, con el objetivo de \u201cevitar que la carga tributaria neutralice los beneficios vigentes y en consonancia con \u201cla correspondiente pol\u00edtica salarial\u201d.<\/p>\n<div class=\"rawHTML raw_html\">\n<div class=\"container-video\"><iframe loading=\"lazy\" src=\"https:\/\/drive.google.com\/file\/d\/1sQzKmrNvt8-qQ-UFhRr3mGzp5AkHBWdZ\/preview\" width=\"100%\" height=\"480\" data-mce-fragment=\"1\"><\/iframe><\/div>\n<\/div>\n<p class=\"paragraph\"><span style=\"color: #ff6600;\"><b>Fuente Infobae<\/b><\/span><\/p>\n<\/div>\n<\/article>\n","protected":false},"excerpt":{"rendered":"<p>La medida, que hab\u00eda sido anticipada por Mart\u00edn Guzm\u00e1n tras los reclamos de Sergio Massa, se hizo efectiva a partir de la publicaci\u00f3n en el Bolet\u00edn Oficial de Decreto 298\/2022<\/p>\n","protected":false},"author":3,"featured_media":73349,"comment_status":"closed","ping_status":"closed","sticky":false,"template":"","format":"standard","meta":{"footnotes":""},"categories":[36,26],"tags":[],"class_list":["post-73348","post","type-post","status-publish","format-standard","has-post-thumbnail","hentry","category-economia","category-sociedad"],"yoast_head":"<!-- This site is optimized with the Yoast SEO plugin v25.9 - https:\/\/yoast.com\/wordpress\/plugins\/seo\/ -->\n<title>Impuesto a las ganancias: el Gobierno oficializ\u00f3 la suba del m\u00ednimo no imponible - Noticias Radio Reflejos<\/title>\n<meta name=\"robots\" content=\"index, follow, max-snippet:-1, max-image-preview:large, max-video-preview:-1\" \/>\n<link rel=\"canonical\" href=\"https:\/\/www.noticiasradioreflejos.com.ar\/2021\/impuesto-a-las-ganancias-el-gobierno-oficializo-la-suba-del-minimo-no-imponible\/\" \/>\n<meta property=\"og:locale\" content=\"es_ES\" \/>\n<meta property=\"og:type\" content=\"article\" \/>\n<meta property=\"og:title\" content=\"Impuesto a las ganancias: el Gobierno oficializ\u00f3 la suba del m\u00ednimo no imponible - Noticias Radio Reflejos\" \/>\n<meta property=\"og:description\" content=\"La medida, que hab\u00eda sido anticipada por Mart\u00edn Guzm\u00e1n tras los reclamos de Sergio Massa, se hizo efectiva a partir de la publicaci\u00f3n en el Bolet\u00edn Oficial de Decreto 298\/2022\" \/>\n<meta property=\"og:url\" content=\"https:\/\/www.noticiasradioreflejos.com.ar\/2021\/impuesto-a-las-ganancias-el-gobierno-oficializo-la-suba-del-minimo-no-imponible\/\" \/>\n<meta property=\"og:site_name\" content=\"Noticias Radio Reflejos\" \/>\n<meta property=\"article:published_time\" content=\"2022-06-07T10:19:07+00:00\" \/>\n<meta property=\"og:image\" content=\"https:\/\/www.noticiasradioreflejos.com.ar\/2021\/wp-content\/uploads\/2022\/06\/dinero-cajero.jpg\" \/>\n\t<meta property=\"og:image:width\" content=\"768\" \/>\n\t<meta property=\"og:image:height\" content=\"512\" \/>\n\t<meta property=\"og:image:type\" content=\"image\/jpeg\" \/>\n<meta name=\"author\" content=\"Arnaldo Botto\" \/>\n<meta name=\"twitter:card\" content=\"summary_large_image\" \/>\n<script type=\"application\/ld+json\" class=\"yoast-schema-graph\">{\"@context\":\"https:\/\/schema.org\",\"@graph\":[{\"@type\":\"WebPage\",\"@id\":\"https:\/\/www.noticiasradioreflejos.com.ar\/2021\/impuesto-a-las-ganancias-el-gobierno-oficializo-la-suba-del-minimo-no-imponible\/\",\"url\":\"https:\/\/www.noticiasradioreflejos.com.ar\/2021\/impuesto-a-las-ganancias-el-gobierno-oficializo-la-suba-del-minimo-no-imponible\/\",\"name\":\"Impuesto a las ganancias: el Gobierno oficializ\u00f3 la suba del m\u00ednimo no imponible - Noticias Radio Reflejos\",\"isPartOf\":{\"@id\":\"https:\/\/www.noticiasradioreflejos.com.ar\/2021\/#website\"},\"primaryImageOfPage\":{\"@id\":\"https:\/\/www.noticiasradioreflejos.com.ar\/2021\/impuesto-a-las-ganancias-el-gobierno-oficializo-la-suba-del-minimo-no-imponible\/#primaryimage\"},\"image\":{\"@id\":\"https:\/\/www.noticiasradioreflejos.com.ar\/2021\/impuesto-a-las-ganancias-el-gobierno-oficializo-la-suba-del-minimo-no-imponible\/#primaryimage\"},\"thumbnailUrl\":\"https:\/\/www.noticiasradioreflejos.com.ar\/2021\/wp-content\/uploads\/2022\/06\/dinero-cajero.jpg\",\"datePublished\":\"2022-06-07T10:19:07+00:00\",\"author\":{\"@id\":\"https:\/\/www.noticiasradioreflejos.com.ar\/2021\/#\/schema\/person\/ad82545263dcc5ec0996818884fd5fb1\"},\"breadcrumb\":{\"@id\":\"https:\/\/www.noticiasradioreflejos.com.ar\/2021\/impuesto-a-las-ganancias-el-gobierno-oficializo-la-suba-del-minimo-no-imponible\/#breadcrumb\"},\"inLanguage\":\"es\",\"potentialAction\":[{\"@type\":\"ReadAction\",\"target\":[\"https:\/\/www.noticiasradioreflejos.com.ar\/2021\/impuesto-a-las-ganancias-el-gobierno-oficializo-la-suba-del-minimo-no-imponible\/\"]}]},{\"@type\":\"ImageObject\",\"inLanguage\":\"es\",\"@id\":\"https:\/\/www.noticiasradioreflejos.com.ar\/2021\/impuesto-a-las-ganancias-el-gobierno-oficializo-la-suba-del-minimo-no-imponible\/#primaryimage\",\"url\":\"https:\/\/www.noticiasradioreflejos.com.ar\/2021\/wp-content\/uploads\/2022\/06\/dinero-cajero.jpg\",\"contentUrl\":\"https:\/\/www.noticiasradioreflejos.com.ar\/2021\/wp-content\/uploads\/2022\/06\/dinero-cajero.jpg\",\"width\":768,\"height\":512},{\"@type\":\"BreadcrumbList\",\"@id\":\"https:\/\/www.noticiasradioreflejos.com.ar\/2021\/impuesto-a-las-ganancias-el-gobierno-oficializo-la-suba-del-minimo-no-imponible\/#breadcrumb\",\"itemListElement\":[{\"@type\":\"ListItem\",\"position\":1,\"name\":\"Portada\",\"item\":\"https:\/\/www.noticiasradioreflejos.com.ar\/2021\/\"},{\"@type\":\"ListItem\",\"position\":2,\"name\":\"Impuesto a las ganancias: el Gobierno oficializ\u00f3 la suba del m\u00ednimo no imponible\"}]},{\"@type\":\"WebSite\",\"@id\":\"https:\/\/www.noticiasradioreflejos.com.ar\/2021\/#website\",\"url\":\"https:\/\/www.noticiasradioreflejos.com.ar\/2021\/\",\"name\":\"Noticias Radio Reflejos\",\"description\":\"Las noticias de mi comarca\",\"potentialAction\":[{\"@type\":\"SearchAction\",\"target\":{\"@type\":\"EntryPoint\",\"urlTemplate\":\"https:\/\/www.noticiasradioreflejos.com.ar\/2021\/?s={search_term_string}\"},\"query-input\":{\"@type\":\"PropertyValueSpecification\",\"valueRequired\":true,\"valueName\":\"search_term_string\"}}],\"inLanguage\":\"es\"},{\"@type\":\"Person\",\"@id\":\"https:\/\/www.noticiasradioreflejos.com.ar\/2021\/#\/schema\/person\/ad82545263dcc5ec0996818884fd5fb1\",\"name\":\"Arnaldo Botto\",\"image\":{\"@type\":\"ImageObject\",\"inLanguage\":\"es\",\"@id\":\"https:\/\/www.noticiasradioreflejos.com.ar\/2021\/#\/schema\/person\/image\/\",\"url\":\"https:\/\/secure.gravatar.com\/avatar\/55cb5e37c1efa326397366e6974cb338056df65cb50e7d64d1cf314e87504837?s=96&d=mm&r=g\",\"contentUrl\":\"https:\/\/secure.gravatar.com\/avatar\/55cb5e37c1efa326397366e6974cb338056df65cb50e7d64d1cf314e87504837?s=96&d=mm&r=g\",\"caption\":\"Arnaldo Botto\"},\"url\":\"https:\/\/www.noticiasradioreflejos.com.ar\/2021\/author\/arnaldo\/\"}]}<\/script>\n<!-- \/ Yoast SEO plugin. -->","yoast_head_json":{"title":"Impuesto a las ganancias: el Gobierno oficializ\u00f3 la suba del m\u00ednimo no imponible - Noticias Radio Reflejos","robots":{"index":"index","follow":"follow","max-snippet":"max-snippet:-1","max-image-preview":"max-image-preview:large","max-video-preview":"max-video-preview:-1"},"canonical":"https:\/\/www.noticiasradioreflejos.com.ar\/2021\/impuesto-a-las-ganancias-el-gobierno-oficializo-la-suba-del-minimo-no-imponible\/","og_locale":"es_ES","og_type":"article","og_title":"Impuesto a las ganancias: el Gobierno oficializ\u00f3 la suba del m\u00ednimo no imponible - Noticias Radio Reflejos","og_description":"La medida, que hab\u00eda sido anticipada por Mart\u00edn Guzm\u00e1n tras los reclamos de Sergio Massa, se hizo efectiva a partir de la publicaci\u00f3n en el Bolet\u00edn Oficial de Decreto 298\/2022","og_url":"https:\/\/www.noticiasradioreflejos.com.ar\/2021\/impuesto-a-las-ganancias-el-gobierno-oficializo-la-suba-del-minimo-no-imponible\/","og_site_name":"Noticias Radio Reflejos","article_published_time":"2022-06-07T10:19:07+00:00","og_image":[{"width":768,"height":512,"url":"https:\/\/www.noticiasradioreflejos.com.ar\/2021\/wp-content\/uploads\/2022\/06\/dinero-cajero.jpg","type":"image\/jpeg"}],"author":"Arnaldo Botto","twitter_card":"summary_large_image","schema":{"@context":"https:\/\/schema.org","@graph":[{"@type":"WebPage","@id":"https:\/\/www.noticiasradioreflejos.com.ar\/2021\/impuesto-a-las-ganancias-el-gobierno-oficializo-la-suba-del-minimo-no-imponible\/","url":"https:\/\/www.noticiasradioreflejos.com.ar\/2021\/impuesto-a-las-ganancias-el-gobierno-oficializo-la-suba-del-minimo-no-imponible\/","name":"Impuesto a las ganancias: el Gobierno oficializ\u00f3 la suba del m\u00ednimo no imponible - Noticias Radio Reflejos","isPartOf":{"@id":"https:\/\/www.noticiasradioreflejos.com.ar\/2021\/#website"},"primaryImageOfPage":{"@id":"https:\/\/www.noticiasradioreflejos.com.ar\/2021\/impuesto-a-las-ganancias-el-gobierno-oficializo-la-suba-del-minimo-no-imponible\/#primaryimage"},"image":{"@id":"https:\/\/www.noticiasradioreflejos.com.ar\/2021\/impuesto-a-las-ganancias-el-gobierno-oficializo-la-suba-del-minimo-no-imponible\/#primaryimage"},"thumbnailUrl":"https:\/\/www.noticiasradioreflejos.com.ar\/2021\/wp-content\/uploads\/2022\/06\/dinero-cajero.jpg","datePublished":"2022-06-07T10:19:07+00:00","author":{"@id":"https:\/\/www.noticiasradioreflejos.com.ar\/2021\/#\/schema\/person\/ad82545263dcc5ec0996818884fd5fb1"},"breadcrumb":{"@id":"https:\/\/www.noticiasradioreflejos.com.ar\/2021\/impuesto-a-las-ganancias-el-gobierno-oficializo-la-suba-del-minimo-no-imponible\/#breadcrumb"},"inLanguage":"es","potentialAction":[{"@type":"ReadAction","target":["https:\/\/www.noticiasradioreflejos.com.ar\/2021\/impuesto-a-las-ganancias-el-gobierno-oficializo-la-suba-del-minimo-no-imponible\/"]}]},{"@type":"ImageObject","inLanguage":"es","@id":"https:\/\/www.noticiasradioreflejos.com.ar\/2021\/impuesto-a-las-ganancias-el-gobierno-oficializo-la-suba-del-minimo-no-imponible\/#primaryimage","url":"https:\/\/www.noticiasradioreflejos.com.ar\/2021\/wp-content\/uploads\/2022\/06\/dinero-cajero.jpg","contentUrl":"https:\/\/www.noticiasradioreflejos.com.ar\/2021\/wp-content\/uploads\/2022\/06\/dinero-cajero.jpg","width":768,"height":512},{"@type":"BreadcrumbList","@id":"https:\/\/www.noticiasradioreflejos.com.ar\/2021\/impuesto-a-las-ganancias-el-gobierno-oficializo-la-suba-del-minimo-no-imponible\/#breadcrumb","itemListElement":[{"@type":"ListItem","position":1,"name":"Portada","item":"https:\/\/www.noticiasradioreflejos.com.ar\/2021\/"},{"@type":"ListItem","position":2,"name":"Impuesto a las ganancias: el Gobierno oficializ\u00f3 la suba del m\u00ednimo no imponible"}]},{"@type":"WebSite","@id":"https:\/\/www.noticiasradioreflejos.com.ar\/2021\/#website","url":"https:\/\/www.noticiasradioreflejos.com.ar\/2021\/","name":"Noticias Radio Reflejos","description":"Las noticias de mi comarca","potentialAction":[{"@type":"SearchAction","target":{"@type":"EntryPoint","urlTemplate":"https:\/\/www.noticiasradioreflejos.com.ar\/2021\/?s={search_term_string}"},"query-input":{"@type":"PropertyValueSpecification","valueRequired":true,"valueName":"search_term_string"}}],"inLanguage":"es"},{"@type":"Person","@id":"https:\/\/www.noticiasradioreflejos.com.ar\/2021\/#\/schema\/person\/ad82545263dcc5ec0996818884fd5fb1","name":"Arnaldo Botto","image":{"@type":"ImageObject","inLanguage":"es","@id":"https:\/\/www.noticiasradioreflejos.com.ar\/2021\/#\/schema\/person\/image\/","url":"https:\/\/secure.gravatar.com\/avatar\/55cb5e37c1efa326397366e6974cb338056df65cb50e7d64d1cf314e87504837?s=96&d=mm&r=g","contentUrl":"https:\/\/secure.gravatar.com\/avatar\/55cb5e37c1efa326397366e6974cb338056df65cb50e7d64d1cf314e87504837?s=96&d=mm&r=g","caption":"Arnaldo Botto"},"url":"https:\/\/www.noticiasradioreflejos.com.ar\/2021\/author\/arnaldo\/"}]}},"_links":{"self":[{"href":"https:\/\/www.noticiasradioreflejos.com.ar\/2021\/wp-json\/wp\/v2\/posts\/73348","targetHints":{"allow":["GET"]}}],"collection":[{"href":"https:\/\/www.noticiasradioreflejos.com.ar\/2021\/wp-json\/wp\/v2\/posts"}],"about":[{"href":"https:\/\/www.noticiasradioreflejos.com.ar\/2021\/wp-json\/wp\/v2\/types\/post"}],"author":[{"embeddable":true,"href":"https:\/\/www.noticiasradioreflejos.com.ar\/2021\/wp-json\/wp\/v2\/users\/3"}],"replies":[{"embeddable":true,"href":"https:\/\/www.noticiasradioreflejos.com.ar\/2021\/wp-json\/wp\/v2\/comments?post=73348"}],"version-history":[{"count":1,"href":"https:\/\/www.noticiasradioreflejos.com.ar\/2021\/wp-json\/wp\/v2\/posts\/73348\/revisions"}],"predecessor-version":[{"id":73350,"href":"https:\/\/www.noticiasradioreflejos.com.ar\/2021\/wp-json\/wp\/v2\/posts\/73348\/revisions\/73350"}],"wp:featuredmedia":[{"embeddable":true,"href":"https:\/\/www.noticiasradioreflejos.com.ar\/2021\/wp-json\/wp\/v2\/media\/73349"}],"wp:attachment":[{"href":"https:\/\/www.noticiasradioreflejos.com.ar\/2021\/wp-json\/wp\/v2\/media?parent=73348"}],"wp:term":[{"taxonomy":"category","embeddable":true,"href":"https:\/\/www.noticiasradioreflejos.com.ar\/2021\/wp-json\/wp\/v2\/categories?post=73348"},{"taxonomy":"post_tag","embeddable":true,"href":"https:\/\/www.noticiasradioreflejos.com.ar\/2021\/wp-json\/wp\/v2\/tags?post=73348"}],"curies":[{"name":"wp","href":"https:\/\/api.w.org\/{rel}","templated":true}]}}