{"id":73344,"date":"2022-06-07T10:13:52","date_gmt":"2022-06-07T10:13:52","guid":{"rendered":"http:\/\/www.noticiasradioreflejos.com.ar\/2021\/?p=73344"},"modified":"2022-06-07T10:15:47","modified_gmt":"2022-06-07T10:15:47","slug":"como-era-el-primer-periodico-patrio-que-creo-mariano-moreno","status":"publish","type":"post","link":"https:\/\/www.noticiasradioreflejos.com.ar\/2021\/como-era-el-primer-periodico-patrio-que-creo-mariano-moreno\/","title":{"rendered":"C\u00f3mo era el primer peri\u00f3dico patrio que cre\u00f3 Mariano Moreno"},"content":{"rendered":"<p>A 212 a\u00f1os de su aparici\u00f3n repasamos la primera edici\u00f3n de la \u00abGazeta de Buenos Ayres\u00bb, publicaci\u00f3n que expresaba el ideario de los pr\u00f3ceres de la Revoluci\u00f3n de Mayo. Con Moreno como editor principal e ide\u00f3logo, desde aquellas p\u00e1ginas aparecidas el 7 de junio de 1810 se apostaba a informar, comprometer y vislumbrar un futuro en libertad.<!--more--><\/p>\n<div class=\"name\">POR DANIEL GIARONE<\/div>\n<div class=\"time\"><\/div>\n<div>\n<div class=\"wrapper-editable-content\">\n<div>\n<div class=\"container-md\">\n<div class=\"row\">\n<div class=\"col-md-12 speak\">\n<div class=\"paragraph\">\n<figure class=\"mb-3\"><img decoding=\"async\" src=\"https:\/\/www.telam.com.ar\/thumbs\/bluesteel\/advf\/imagenes\/2022\/06\/629e74aa16158_900.jpg\" alt=\"Mariano Moreno y la Gaceta de Buenos Aires Ilustracin de Osvaldo Rvora\" width=\"100%\" height=\"100%\" \/><\/p>\n<div class=\"media-icons\"><\/div><figcaption>Mariano Moreno y la Gaceta de Buenos Aires. Ilustraci\u00f3n de Osvaldo R\u00e9vora.<\/figcaption><\/figure>\n<p>\u201c\u00bfPor qu\u00e9 se han ocultado a las Provincias sus medidas relativas a consolidar su uni\u00f3n, bajo el nuevo sistema? \u00bfPor qu\u00e9 se les ha de tener ignorantes de las noticias pr\u00f3speras o adversas que manifiesten el sucesivo estado de la Pen\u00ednsula?\u201d. Los interrogantes corresponden a la nota que<strong>\u00a0bajo el t\u00edtulo \u201cOrden de la Junta\u201d\u00a0<\/strong>abre el n\u00famero 1 de la Gaceta de Buenos Aires, que el 7 de junio de 1810 se convirti\u00f3 en el primer \u00f3rgano de prensa de la Patria en ciernes.<\/p>\n<p>Preguntar, interpelar, convocar a la acci\u00f3n. Un gesto de periodismo moderno y revolucionario en la Am\u00e9rica hisp\u00e1nica sometida a la censura y al absolutismo de la Corona Espa\u00f1ola. Y en la tapa de aquel primer n\u00famero, apenas despu\u00e9s de la fecha, una frase del historiador romano Cornelio T\u00e1cito para que no quedaran dudas: \u201c\u2026con la rara felicidad de los tiempos en los que pensar lo que quieras y decir lo que piensas est\u00e1 permitido\u201d.<\/p>\n<blockquote class=\"\"><p>En memoria de la aparici\u00f3n del primer n\u00famero de la Gaceta de Buenos Aires, en la Argentina el d\u00eda del periodista se celebra cada 7 de junio. As\u00ed lo dispuso el Primer Congreso Nacional de Periodistas, celebrado en la provincia de C\u00f3rdoba en 1938.<\/p><\/blockquote>\n<p><strong>La Gaceta de Buenos Aires fue impulsada por Mariano Moreno y fundada por orden de la Primera Junta cinco d\u00edas antes de su aparici\u00f3n: el 2 de junio de 1810.<\/strong>\u00a0En el decreto que la creaba, el primer gobierno patrio fundaba su raz\u00f3n de ser en \u201cel derecho que tiene el pueblo de saber la conducta de sus representantes\u201d. Y se mantendr\u00eda viva durante once a\u00f1os,\u00a0<strong>cuando el 12 de septiembre de 1821 Bernardino Rivadavia la sustituir\u00eda por el Registro Oficial.<\/strong><\/p>\n<h2 class=\"\">Esparcir las ideas<\/h2>\n<figure class=\"mb-3\"><img decoding=\"async\" src=\"https:\/\/www.telam.com.ar\/thumbs\/bluesteel\/advf\/imagenes\/2022\/06\/629e3221d8936_900.jpg\" alt=\"La primera edicin de la Gaceta de Buenos Aires\" width=\"100%\" height=\"100%\" \/><\/p>\n<div class=\"media-icons\"><\/div><figcaption>La primera edici\u00f3n de la Gaceta de Buenos Aires.<\/figcaption><\/figure>\n<p>La redacci\u00f3n de la publicaci\u00f3n fue encargada al vocal y sacerdote Manuel Alberti, aunque\u00a0<strong>la mayor\u00eda de los textos resultaron escritos por Moreno<\/strong>, el principal ide\u00f3logo de la Revoluci\u00f3n de Mayo. Al menos, hasta su renuncia a la Junta en diciembre de 1810. Tambi\u00e9n participaron en el flamante medio Juan Jos\u00e9 Castelli, Manuel Belgrano, Pedro Agrelo y Bernardo de Monteagudo, entre otros.<\/p>\n<p>\u201cCuando se estableci\u00f3 la Junta, se echaba de menos el medio sencillo de esparcir las ideas, y hacer a los hombres comunicativos, que en todas partes se ejecuta por esta clase de escritos. Esta falta no pudo escapar a la penetraci\u00f3n del doctor Moreno, y su anhelo del bien p\u00fablico lo determin\u00f3 a la fundaci\u00f3n de una gaceta enteramente nueva, y que jam\u00e1s se habr\u00eda visto en las colonias en otras circunstancias\u201d, relata\u00a0<strong>Manuel Moreno, hermano del Secretario de la Junta, en \u201cVida y Memorias de Mariano Moreno\u201d.<\/strong><\/p>\n<p>La Gaceta fue el quinto medio impreso de Buenos Aires y el primero de un gobierno aut\u00f3nomo de la metr\u00f3poli. Sus antecedentes inmediatos, el \u201cTel\u00e9grafo Mercantil\u201d, el \u201cSemanario de Agricultura, Industria y Comercio\u201d o el \u201cComercio de Buenos Aires, carec\u00edan del contexto que ahora se presentaba:<strong>\u00a0impulsar un gobierno en nombre de Fernando VII (cautivo de Napole\u00f3n) pero con el ideario de Napole\u00f3n, o al menos de la Revoluci\u00f3n Francesa: Libertad, Igualdad, Fraternidad.\u00a0<\/strong><\/p>\n<p>\u201cLa Gazeta de Buenos Ayres -agrega Manuel Moreno- sal\u00eda peri\u00f3dicamente dos veces en cada semana, fuera de las ocasiones que exig\u00edan una publicaci\u00f3n extraordinaria, las cuales ocurr\u00edan frecuentemente\u201d y buscaba \u201cexcitar el \u00e1nimo del pueblo a examinar sus intereses y sus derechos; establecer los principios s\u00f3lidos de su felicidad, y combatir a los agentes de la tiran\u00eda\u201d.<\/p>\n<div class=\"jumbotron pt-4 mt-3\">\n<h3 class=\"module-title\">TODO POR UN PESO<\/h3>\n<p>En su primer n\u00famero la Gaceta de Buenos Aires anuncia que su frecuencia ser\u00e1 semanal (todos los jueves), su extensi\u00f3n de un pliego y medio y que se vender\u00e1 por suscripci\u00f3n:\u00a0<strong>a un peso por mes en Buenos Aires; a diez reales \u201cen los pueblos comprendidos por la Administraci\u00f3n principal de Correos\u201d; y a doce reales en Chile y Per\u00fa.<\/strong><\/p>\n<p>La suscripci\u00f3n deb\u00eda hacerse en la Imprenta de Ni\u00f1os Exp\u00f3sitos (donde el peri\u00f3dico se imprim\u00eda) y por un lapso m\u00ednimo de tres meses para Buenos Aires y de seis para el resto de los destinos.\u00a0<strong>En todos los casos el pago era por anticipado.<\/strong><\/p>\n<\/div>\n<h2 class=\"\">N\u00famero uno<\/h2>\n<p>El art\u00edculo que abre el primer n\u00famero de la Gaceta es todo un editorial, tanto en el sentido period\u00edstico como pol\u00edtico del texto. All\u00ed se fijan los lineamientos que esboza Manuel Moreno en el texto sobre su hermano. Tambi\u00e9n\u00a0<strong>los objetivos period\u00edsticos: llegar a los habitantes de Buenos Aires<\/strong>, informar sobre las medidas del gobierno provisional (la Junta deb\u00eda ser ampliada o reemplaza por un \u00f3rgano que incluya representantes de las llamadas provincias interiores) y dar cuenta de la guerra contra los franceses en territorio espa\u00f1ol.<\/p>\n<p>\u201cUna exacta noticia de los procedimientos de la Junta, una continuada comunicaci\u00f3n p\u00fablica de las medidas que acuerde para consolidar la grande obra que se ha principiado, una sincera y franca manifestaci\u00f3n de los estorbos que se oponen al fin de su instalaci\u00f3n y de los medios que adopta para allanarlos,\u00a0<strong>son un deber en el gobierno provisorio<\/strong>\u201d, detalla la nota de apertura, que tiene en su primera letra capitular un detalle distintivo de dise\u00f1o.<\/p>\n<p>Y adem\u00e1s: \u201cCuando el Congreso general necesite un conocimiento del plan de gobierno que la Junta Provisional ha guardado, no huir\u00e1n sus vocales de darlo, y su franqueza desterrar\u00e1 toda sospecha de que se hacen necesarios o temen ser conocidos, pero es m\u00e1s digno de su representaci\u00f3n fiar a la opini\u00f3n p\u00fablica la defensa de sus procedimientos y que cuando todos van a tener parte en la decisi\u00f3n de su suerte, nadie ignore aquellos principios pol\u00edticos que deben reglar su resoluci\u00f3n\u201d.<\/p>\n<p>La libertad de expresi\u00f3n y la democratizaci\u00f3n del debate sobre las pol\u00edticas de gobierno aparecen como los ejes del texto firmado por Mariano Moreno como Secretario de la Primera Junta. Sobre el final se informa adem\u00e1s que Manuel Alberti har\u00e1 las veces de director del flamante peri\u00f3dico, recibiendo los escritos a publicar. Todo como \u201cdemostraci\u00f3n sincera de aprecio\u201d del gobierno hacia \u201cel pueblo\u201d por la confianza depositada en ella para \u201casegurar la felicidad de estas Provincias\u201d.<\/p>\n<h2 class=\"\">Noticias de aqu\u00ed y de all\u00e1<\/h2>\n<figure class=\"right mb-3\"><img decoding=\"async\" src=\"https:\/\/www.telam.com.ar\/thumbs\/bluesteel\/advf\/imagenes\/2022\/01\/61e87497ab112_450.jpg\" alt=\"Mariano Moreno el creador del primer peridico patrio\" width=\"100%\" height=\"100%\" \/><\/p>\n<div class=\"media-icons\"><\/div><figcaption>Mariano Moreno, el creador del primer peri\u00f3dico patrio.<\/figcaption><\/figure>\n<p>Separada apenas por una filigrana (una suerte de doble bigote mostacho),<strong>\u00a0la publicaci\u00f3n contin\u00faa con una serie de noticias referidas a la guerra en Espa\u00f1a<\/strong>: la intercepci\u00f3n y desv\u00edo de una fragata que hab\u00eda partido de Lima por parte de la Armada brit\u00e1nica para que no caiga en manos de los franceses; y cartas procedentes de C\u00e1diz que dan cuenta de los preparativos en el puerto de esa ciudad de la Corona para repeler a las tropas napole\u00f3nicas.<\/p>\n<p>Despu\u00e9s vuelve la informaci\u00f3n local. En ellas\u00a0<strong>se destaca la renuncia del Portero de la Secretaria del Superior Gobierno, que hab\u00eda servido al depuesto Virrey Cisneros.\u00a0<\/strong>Y enseguida una desmentida: que se hayan dejado de pagar los sueldos a los \u201cempleados civiles\u201d de la administraci\u00f3n. De lo que se trata, informa el texto, es de una nueva modalidad que establece la necesidad de un decreto especial de la Junta. El objetivo: ordenar las erogaciones y evitar discrecionalidades.<\/p>\n<p>La edici\u00f3n inaugural de la Gaceta contin\u00faa con una nota un poco m\u00e1s extensa que las anteriores, donde se repite el t\u00edtulo \u201cOrden de la Junta\u201d (en it\u00e1lica como detalle de dise\u00f1o). Se refiere a la fijaci\u00f3n de\u00a0<strong>nuevos aranceles para la exportaci\u00f3n de cuero<\/strong>, estableciendo como l\u00edmite a esta medida de pol\u00edtica econ\u00f3mica \u201cla celebraci\u00f3n del Congreso de las provincias dependientes\u201d. Toda una declaraci\u00f3n pol\u00edtica de integraci\u00f3n entre Buenos Aires y las llamadas provincias interiores, donde se miraba con cierto recelo los sucesos de Mayo.<\/p>\n<p>En el mismo sentido puede leerse el texto que le sigue, referida a la jura y fidelidad de todos los funcionarios p\u00fablicos a las nuevas autoridades. Es decir, a la Primera Junta surgida el 25 de\u00a0 mayo de 1810.\u00a0<strong>Es el texto m\u00e1s pol\u00edtico, junto con la editorial de apertura, del primer n\u00famero.<\/strong><\/p>\n<p>Una cr\u00f3nica llena de adjetivaciones (\u201cmagn\u00edfico espect\u00e1culo\u201d, \u201cfeliz resultado de tan respetable Asambea\u201d, \u201clas almas sensibles desfallec\u00edan ante la novedad de una impresi\u00f3n dulc\u00edsima\u201d, etc.) que pretend\u00eda reforzar la conveniente lealtad a Fernando VII y suturar las heridas abiertas con la revuelta que hab\u00eda depuesto al Virrey s\u00f3lo unos pocos d\u00edas antes.<\/p>\n<p>\u201cTodos juraron; y todos morir\u00e1n, antes que quebranten la sagrada obligaci\u00f3n que se han impuesto\u201d, informa (\u00bfy advierte?) la nota en sus p\u00e1rrafos finales. Y enseguida da cuenta de la celebraci\u00f3n, el 30 de mayo, del Te Deum en la Catedral, donde hubo doble festejo:\u00a0<strong>el d\u00eda de \u201cnuestro augusto monarca Don Fernando VII\u201d y \u201cla instalaci\u00f3n de la Junta\u201d.\u00a0<\/strong>El texto deja constancia adem\u00e1s de la participaci\u00f3n de todas las \u201ccorporaciones, jefes y vecindario\u201d. Y tambi\u00e9n del \u201cExcelent\u00edsimo Se\u00f1or Don Baltazar Hidalgo de Cisneros\u201d.<\/p>\n<div class=\"jumbotron pt-4 mt-3\">\n<h3 class=\"module-title\">SE BUSCA PORTERO<\/h3>\n<p>La noticia m\u00e1s curiosa de la edici\u00f3n inaugural de la Gaceta de Buenos Aires es\u00a0<strong>la renuncia de Don Blas Camble como Portero de la Secretar\u00eda del Superior Gobierno<\/strong>. Parece que Don Blas prefiri\u00f3 irse con su patr\u00f3n, Baltazar Cisneros. La nota consigna que a pesar de que la Junta \u201cle rog\u00f3 que continuase\u201d por \u201cconsideraci\u00f3n a la familia\u201d del ex Virrey, Camble opt\u00f3 por \u201cseguir en calidad de dom\u00e9stico de dicho Se\u00f1or\u201d.<\/p>\n<p>En medio de tanta consideraci\u00f3n hacia Cisneros y su familia, los patriotas marcan una diferencia. Anuncian que abren la postulaci\u00f3n para cubrir el cargo durante ocho d\u00edas,\u00a0<strong>\u201cen inteligencia que \u00e9ste como los dem\u00e1s empleos sujetos a la provisi\u00f3n de la Junta\u201d ser\u00e1n \u201cpremio del que acreditase mayor m\u00e9rito\u201d.<\/strong><\/p>\n<\/div>\n<h2 class=\"\">Hay m\u00e1s informaci\u00f3n para este bolet\u00edn<\/h2>\n<p>En el tramo final, la publicaci\u00f3n vuelve sobre las noticias del \u201cexterior\u201d, como si retomara una imaginaria secci\u00f3n de \u201cInternacionales\u201d:\u00a0<strong>desde Estados Unidos<\/strong>\u00a0informan sobre la presencia de \u201cmuchos emisarios de Jos\u00e9 Bonaparte\u201d en Baltimore, cuya misi\u00f3n ser\u00eda \u201cla de formar partidos\u201d; una alerta sobre el avance de tropas portuguesas sobre territorio nacional traspasando \u201cla banda meridional del Ibicuy\u201d, acerca de lo cual la Junta tomar\u00e1 las medidas para \u201cresguardar la integridad de los territorios del Rey\u201d; y la carta \u201cde una persona respetable\u201d dando cuenta de nuevas noticias sobre la resistencia en Espa\u00f1a a los franceses.<\/p>\n<p>El \u00faltimo art\u00edculo destacado del primer n\u00famero ser\u00e1 la publicaci\u00f3n parcial de<strong>\u00a0una proclama del Consejo de Regencia (m\u00e1xima autoridad para la Espa\u00f1a ocupada)<\/strong>\u00a0convocando a los \u201cespa\u00f1oles americanos\u201d a enviar diputados para un Congreso nacional para coordinar la lucha contra Napole\u00f3n, unificar todos los territorios de la Corona Espa\u00f1ola y contribuir a la \u201crestauraci\u00f3n y recomposici\u00f3n de la Monarqu\u00eda\u201d.<\/p>\n<p>Si bien el texto no est\u00e1 acompa\u00f1ado por comentarios de ning\u00fan tipo, se promete la impresi\u00f3n y difusi\u00f3n completa de la proclama.\u00a0<strong>Un acto informativo que para el sector m\u00e1s radical de los patriotas, expresados en Moreno, Castelli y Belgrano<\/strong>, daba cuenta de la complejidad de los tiempos por venir. Esto es: el retroceso del papel democratizador que jugaron las Juntas en buena parte de la Corona y el avance, sesgo restaurador inclu\u00eddo, del absolutismo que evidenciar\u00eda el Consejo de Regencia.<\/p>\n<\/div>\n<\/div>\n<\/div>\n<\/div>\n<\/div>\n<\/div>\n<\/div>\n","protected":false},"excerpt":{"rendered":"<p>A 212 a\u00f1os de su aparici\u00f3n repasamos la primera edici\u00f3n de la \u00abGazeta de Buenos Ayres\u00bb, publicaci\u00f3n que expresaba el ideario de los pr\u00f3ceres de la Revoluci\u00f3n de Mayo. Con Moreno como editor principal e ide\u00f3logo, desde aquellas p\u00e1ginas aparecidas el 7 de junio de 1810 se apostaba a informar, comprometer y vislumbrar un futuro [&hellip;]<\/p>\n","protected":false},"author":3,"featured_media":0,"comment_status":"closed","ping_status":"closed","sticky":false,"template":"","format":"standard","meta":{"footnotes":""},"categories":[35,34],"tags":[],"class_list":["post-73344","post","type-post","status-publish","format-standard","hentry","category-cultura","category-educacion"],"yoast_head":"<!-- This site is optimized with the Yoast SEO plugin v25.9 - https:\/\/yoast.com\/wordpress\/plugins\/seo\/ -->\n<title>C\u00f3mo era el primer peri\u00f3dico patrio que cre\u00f3 Mariano Moreno - Noticias Radio Reflejos<\/title>\n<meta name=\"robots\" content=\"index, follow, max-snippet:-1, max-image-preview:large, max-video-preview:-1\" \/>\n<link rel=\"canonical\" href=\"https:\/\/www.noticiasradioreflejos.com.ar\/2021\/como-era-el-primer-periodico-patrio-que-creo-mariano-moreno\/\" \/>\n<meta property=\"og:locale\" content=\"es_ES\" \/>\n<meta property=\"og:type\" content=\"article\" \/>\n<meta property=\"og:title\" content=\"C\u00f3mo era el primer peri\u00f3dico patrio que cre\u00f3 Mariano Moreno - Noticias Radio Reflejos\" \/>\n<meta property=\"og:description\" content=\"A 212 a\u00f1os de su aparici\u00f3n repasamos la primera edici\u00f3n de la \u00abGazeta de Buenos Ayres\u00bb, publicaci\u00f3n que expresaba el ideario de los pr\u00f3ceres de la Revoluci\u00f3n de Mayo. Con Moreno como editor principal e ide\u00f3logo, desde aquellas p\u00e1ginas aparecidas el 7 de junio de 1810 se apostaba a informar, comprometer y vislumbrar un futuro [&hellip;]\" \/>\n<meta property=\"og:url\" content=\"https:\/\/www.noticiasradioreflejos.com.ar\/2021\/como-era-el-primer-periodico-patrio-que-creo-mariano-moreno\/\" \/>\n<meta property=\"og:site_name\" content=\"Noticias Radio Reflejos\" \/>\n<meta property=\"article:published_time\" content=\"2022-06-07T10:13:52+00:00\" \/>\n<meta property=\"article:modified_time\" content=\"2022-06-07T10:15:47+00:00\" \/>\n<meta property=\"og:image\" content=\"https:\/\/www.telam.com.ar\/thumbs\/bluesteel\/advf\/imagenes\/2022\/06\/629e74aa16158_900.jpg\" \/>\n<meta name=\"author\" content=\"Arnaldo Botto\" \/>\n<meta name=\"twitter:card\" content=\"summary_large_image\" \/>\n<script type=\"application\/ld+json\" class=\"yoast-schema-graph\">{\"@context\":\"https:\/\/schema.org\",\"@graph\":[{\"@type\":\"WebPage\",\"@id\":\"https:\/\/www.noticiasradioreflejos.com.ar\/2021\/como-era-el-primer-periodico-patrio-que-creo-mariano-moreno\/\",\"url\":\"https:\/\/www.noticiasradioreflejos.com.ar\/2021\/como-era-el-primer-periodico-patrio-que-creo-mariano-moreno\/\",\"name\":\"C\u00f3mo era el primer peri\u00f3dico patrio que cre\u00f3 Mariano Moreno - Noticias Radio Reflejos\",\"isPartOf\":{\"@id\":\"https:\/\/www.noticiasradioreflejos.com.ar\/2021\/#website\"},\"primaryImageOfPage\":{\"@id\":\"https:\/\/www.noticiasradioreflejos.com.ar\/2021\/como-era-el-primer-periodico-patrio-que-creo-mariano-moreno\/#primaryimage\"},\"image\":{\"@id\":\"https:\/\/www.noticiasradioreflejos.com.ar\/2021\/como-era-el-primer-periodico-patrio-que-creo-mariano-moreno\/#primaryimage\"},\"thumbnailUrl\":\"https:\/\/www.telam.com.ar\/thumbs\/bluesteel\/advf\/imagenes\/2022\/06\/629e74aa16158_900.jpg\",\"datePublished\":\"2022-06-07T10:13:52+00:00\",\"dateModified\":\"2022-06-07T10:15:47+00:00\",\"author\":{\"@id\":\"https:\/\/www.noticiasradioreflejos.com.ar\/2021\/#\/schema\/person\/ad82545263dcc5ec0996818884fd5fb1\"},\"breadcrumb\":{\"@id\":\"https:\/\/www.noticiasradioreflejos.com.ar\/2021\/como-era-el-primer-periodico-patrio-que-creo-mariano-moreno\/#breadcrumb\"},\"inLanguage\":\"es\",\"potentialAction\":[{\"@type\":\"ReadAction\",\"target\":[\"https:\/\/www.noticiasradioreflejos.com.ar\/2021\/como-era-el-primer-periodico-patrio-que-creo-mariano-moreno\/\"]}]},{\"@type\":\"ImageObject\",\"inLanguage\":\"es\",\"@id\":\"https:\/\/www.noticiasradioreflejos.com.ar\/2021\/como-era-el-primer-periodico-patrio-que-creo-mariano-moreno\/#primaryimage\",\"url\":\"https:\/\/www.telam.com.ar\/thumbs\/bluesteel\/advf\/imagenes\/2022\/06\/629e74aa16158_900.jpg\",\"contentUrl\":\"https:\/\/www.telam.com.ar\/thumbs\/bluesteel\/advf\/imagenes\/2022\/06\/629e74aa16158_900.jpg\"},{\"@type\":\"BreadcrumbList\",\"@id\":\"https:\/\/www.noticiasradioreflejos.com.ar\/2021\/como-era-el-primer-periodico-patrio-que-creo-mariano-moreno\/#breadcrumb\",\"itemListElement\":[{\"@type\":\"ListItem\",\"position\":1,\"name\":\"Portada\",\"item\":\"https:\/\/www.noticiasradioreflejos.com.ar\/2021\/\"},{\"@type\":\"ListItem\",\"position\":2,\"name\":\"C\u00f3mo era el primer peri\u00f3dico patrio que cre\u00f3 Mariano Moreno\"}]},{\"@type\":\"WebSite\",\"@id\":\"https:\/\/www.noticiasradioreflejos.com.ar\/2021\/#website\",\"url\":\"https:\/\/www.noticiasradioreflejos.com.ar\/2021\/\",\"name\":\"Noticias Radio Reflejos\",\"description\":\"Las noticias de mi comarca\",\"potentialAction\":[{\"@type\":\"SearchAction\",\"target\":{\"@type\":\"EntryPoint\",\"urlTemplate\":\"https:\/\/www.noticiasradioreflejos.com.ar\/2021\/?s={search_term_string}\"},\"query-input\":{\"@type\":\"PropertyValueSpecification\",\"valueRequired\":true,\"valueName\":\"search_term_string\"}}],\"inLanguage\":\"es\"},{\"@type\":\"Person\",\"@id\":\"https:\/\/www.noticiasradioreflejos.com.ar\/2021\/#\/schema\/person\/ad82545263dcc5ec0996818884fd5fb1\",\"name\":\"Arnaldo Botto\",\"image\":{\"@type\":\"ImageObject\",\"inLanguage\":\"es\",\"@id\":\"https:\/\/www.noticiasradioreflejos.com.ar\/2021\/#\/schema\/person\/image\/\",\"url\":\"https:\/\/secure.gravatar.com\/avatar\/55cb5e37c1efa326397366e6974cb338056df65cb50e7d64d1cf314e87504837?s=96&d=mm&r=g\",\"contentUrl\":\"https:\/\/secure.gravatar.com\/avatar\/55cb5e37c1efa326397366e6974cb338056df65cb50e7d64d1cf314e87504837?s=96&d=mm&r=g\",\"caption\":\"Arnaldo Botto\"},\"url\":\"https:\/\/www.noticiasradioreflejos.com.ar\/2021\/author\/arnaldo\/\"}]}<\/script>\n<!-- \/ Yoast SEO plugin. -->","yoast_head_json":{"title":"C\u00f3mo era el primer peri\u00f3dico patrio que cre\u00f3 Mariano Moreno - Noticias Radio Reflejos","robots":{"index":"index","follow":"follow","max-snippet":"max-snippet:-1","max-image-preview":"max-image-preview:large","max-video-preview":"max-video-preview:-1"},"canonical":"https:\/\/www.noticiasradioreflejos.com.ar\/2021\/como-era-el-primer-periodico-patrio-que-creo-mariano-moreno\/","og_locale":"es_ES","og_type":"article","og_title":"C\u00f3mo era el primer peri\u00f3dico patrio que cre\u00f3 Mariano Moreno - Noticias Radio Reflejos","og_description":"A 212 a\u00f1os de su aparici\u00f3n repasamos la primera edici\u00f3n de la \u00abGazeta de Buenos Ayres\u00bb, publicaci\u00f3n que expresaba el ideario de los pr\u00f3ceres de la Revoluci\u00f3n de Mayo. Con Moreno como editor principal e ide\u00f3logo, desde aquellas p\u00e1ginas aparecidas el 7 de junio de 1810 se apostaba a informar, comprometer y vislumbrar un futuro [&hellip;]","og_url":"https:\/\/www.noticiasradioreflejos.com.ar\/2021\/como-era-el-primer-periodico-patrio-que-creo-mariano-moreno\/","og_site_name":"Noticias Radio Reflejos","article_published_time":"2022-06-07T10:13:52+00:00","article_modified_time":"2022-06-07T10:15:47+00:00","og_image":[{"url":"https:\/\/www.telam.com.ar\/thumbs\/bluesteel\/advf\/imagenes\/2022\/06\/629e74aa16158_900.jpg","type":"","width":"","height":""}],"author":"Arnaldo Botto","twitter_card":"summary_large_image","schema":{"@context":"https:\/\/schema.org","@graph":[{"@type":"WebPage","@id":"https:\/\/www.noticiasradioreflejos.com.ar\/2021\/como-era-el-primer-periodico-patrio-que-creo-mariano-moreno\/","url":"https:\/\/www.noticiasradioreflejos.com.ar\/2021\/como-era-el-primer-periodico-patrio-que-creo-mariano-moreno\/","name":"C\u00f3mo era el primer peri\u00f3dico patrio que cre\u00f3 Mariano Moreno - Noticias Radio Reflejos","isPartOf":{"@id":"https:\/\/www.noticiasradioreflejos.com.ar\/2021\/#website"},"primaryImageOfPage":{"@id":"https:\/\/www.noticiasradioreflejos.com.ar\/2021\/como-era-el-primer-periodico-patrio-que-creo-mariano-moreno\/#primaryimage"},"image":{"@id":"https:\/\/www.noticiasradioreflejos.com.ar\/2021\/como-era-el-primer-periodico-patrio-que-creo-mariano-moreno\/#primaryimage"},"thumbnailUrl":"https:\/\/www.telam.com.ar\/thumbs\/bluesteel\/advf\/imagenes\/2022\/06\/629e74aa16158_900.jpg","datePublished":"2022-06-07T10:13:52+00:00","dateModified":"2022-06-07T10:15:47+00:00","author":{"@id":"https:\/\/www.noticiasradioreflejos.com.ar\/2021\/#\/schema\/person\/ad82545263dcc5ec0996818884fd5fb1"},"breadcrumb":{"@id":"https:\/\/www.noticiasradioreflejos.com.ar\/2021\/como-era-el-primer-periodico-patrio-que-creo-mariano-moreno\/#breadcrumb"},"inLanguage":"es","potentialAction":[{"@type":"ReadAction","target":["https:\/\/www.noticiasradioreflejos.com.ar\/2021\/como-era-el-primer-periodico-patrio-que-creo-mariano-moreno\/"]}]},{"@type":"ImageObject","inLanguage":"es","@id":"https:\/\/www.noticiasradioreflejos.com.ar\/2021\/como-era-el-primer-periodico-patrio-que-creo-mariano-moreno\/#primaryimage","url":"https:\/\/www.telam.com.ar\/thumbs\/bluesteel\/advf\/imagenes\/2022\/06\/629e74aa16158_900.jpg","contentUrl":"https:\/\/www.telam.com.ar\/thumbs\/bluesteel\/advf\/imagenes\/2022\/06\/629e74aa16158_900.jpg"},{"@type":"BreadcrumbList","@id":"https:\/\/www.noticiasradioreflejos.com.ar\/2021\/como-era-el-primer-periodico-patrio-que-creo-mariano-moreno\/#breadcrumb","itemListElement":[{"@type":"ListItem","position":1,"name":"Portada","item":"https:\/\/www.noticiasradioreflejos.com.ar\/2021\/"},{"@type":"ListItem","position":2,"name":"C\u00f3mo era el primer peri\u00f3dico patrio que cre\u00f3 Mariano Moreno"}]},{"@type":"WebSite","@id":"https:\/\/www.noticiasradioreflejos.com.ar\/2021\/#website","url":"https:\/\/www.noticiasradioreflejos.com.ar\/2021\/","name":"Noticias Radio Reflejos","description":"Las noticias de mi comarca","potentialAction":[{"@type":"SearchAction","target":{"@type":"EntryPoint","urlTemplate":"https:\/\/www.noticiasradioreflejos.com.ar\/2021\/?s={search_term_string}"},"query-input":{"@type":"PropertyValueSpecification","valueRequired":true,"valueName":"search_term_string"}}],"inLanguage":"es"},{"@type":"Person","@id":"https:\/\/www.noticiasradioreflejos.com.ar\/2021\/#\/schema\/person\/ad82545263dcc5ec0996818884fd5fb1","name":"Arnaldo Botto","image":{"@type":"ImageObject","inLanguage":"es","@id":"https:\/\/www.noticiasradioreflejos.com.ar\/2021\/#\/schema\/person\/image\/","url":"https:\/\/secure.gravatar.com\/avatar\/55cb5e37c1efa326397366e6974cb338056df65cb50e7d64d1cf314e87504837?s=96&d=mm&r=g","contentUrl":"https:\/\/secure.gravatar.com\/avatar\/55cb5e37c1efa326397366e6974cb338056df65cb50e7d64d1cf314e87504837?s=96&d=mm&r=g","caption":"Arnaldo Botto"},"url":"https:\/\/www.noticiasradioreflejos.com.ar\/2021\/author\/arnaldo\/"}]}},"_links":{"self":[{"href":"https:\/\/www.noticiasradioreflejos.com.ar\/2021\/wp-json\/wp\/v2\/posts\/73344","targetHints":{"allow":["GET"]}}],"collection":[{"href":"https:\/\/www.noticiasradioreflejos.com.ar\/2021\/wp-json\/wp\/v2\/posts"}],"about":[{"href":"https:\/\/www.noticiasradioreflejos.com.ar\/2021\/wp-json\/wp\/v2\/types\/post"}],"author":[{"embeddable":true,"href":"https:\/\/www.noticiasradioreflejos.com.ar\/2021\/wp-json\/wp\/v2\/users\/3"}],"replies":[{"embeddable":true,"href":"https:\/\/www.noticiasradioreflejos.com.ar\/2021\/wp-json\/wp\/v2\/comments?post=73344"}],"version-history":[{"count":1,"href":"https:\/\/www.noticiasradioreflejos.com.ar\/2021\/wp-json\/wp\/v2\/posts\/73344\/revisions"}],"predecessor-version":[{"id":73346,"href":"https:\/\/www.noticiasradioreflejos.com.ar\/2021\/wp-json\/wp\/v2\/posts\/73344\/revisions\/73346"}],"wp:attachment":[{"href":"https:\/\/www.noticiasradioreflejos.com.ar\/2021\/wp-json\/wp\/v2\/media?parent=73344"}],"wp:term":[{"taxonomy":"category","embeddable":true,"href":"https:\/\/www.noticiasradioreflejos.com.ar\/2021\/wp-json\/wp\/v2\/categories?post=73344"},{"taxonomy":"post_tag","embeddable":true,"href":"https:\/\/www.noticiasradioreflejos.com.ar\/2021\/wp-json\/wp\/v2\/tags?post=73344"}],"curies":[{"name":"wp","href":"https:\/\/api.w.org\/{rel}","templated":true}]}}