{"id":73338,"date":"2022-06-06T21:50:29","date_gmt":"2022-06-06T21:50:29","guid":{"rendered":"http:\/\/www.noticiasradioreflejos.com.ar\/2021\/?p=73338"},"modified":"2022-06-06T22:29:17","modified_gmt":"2022-06-06T22:29:17","slug":"curso-de-socorrista-en-ambientes-rurales-naturales-y-agrestes","status":"publish","type":"post","link":"https:\/\/www.noticiasradioreflejos.com.ar\/2021\/curso-de-socorrista-en-ambientes-rurales-naturales-y-agrestes\/","title":{"rendered":"Curso de \u201cSocorrista en ambientes Rurales, Naturales y Agrestes\u201d"},"content":{"rendered":"<p>El Ministerio de Turismo y Deportes de la Naci\u00f3n, en convenio con la Asociaci\u00f3n Argentina de Ecoturismo y Turismo Aventura (AAETAV), y la Subsecretar\u00eda de Turismo &#8211; PBA &#8211; abrieron la inscripci\u00f3n al curso de \u201cSocorrista en ambientes Rurales, Naturales y Agrestes\u201d a realizarse en el partido de Tornquist desde el 21 al 28 de junio.<!--more--><\/p>\n<div class=\"a8nywdso j7796vcc rz4wbd8a l29c1vbm\"><span class=\"d2edcug0 hpfvmrgz qv66sw1b c1et5uql lr9zc1uh a8c37x1j fe6kdd0r mau55g9w c8b282yb keod5gw0 nxhoafnm aigsh9s9 d3f4x2em iv3no6db jq4qci2q a3bd9o3v b1v8xokw oo9gr5id\" dir=\"auto\"><br \/>\nE<strong>l WFR (Wilderness First Responder)<\/strong> incorpora 55h de formaci\u00f3n te\u00f3rico-pr\u00e1ctica y 30h de evaluaci\u00f3n en terreno destinados a fortalecer las capacidades de prestadores y gu\u00edas tur\u00edsticos en ambientes naturales, rurales y agrestes, que les permitir\u00e1n acceder a est\u00e1ndares de calidad internacional requeridos por los viajeros y operadores receptivos.<br \/>\nImportante: Solo podr\u00e1n inscribirse aquellos prestadores debidamente acreditados y que tengan disponibilidad completa para realizar la totalidad de horas de curso y evaluaci\u00f3n bajo modalidad presencial.<\/span><\/div>\n<div class=\"a8nywdso j7796vcc rz4wbd8a l29c1vbm\"><span class=\"d2edcug0 hpfvmrgz qv66sw1b c1et5uql lr9zc1uh a8c37x1j fe6kdd0r mau55g9w c8b282yb keod5gw0 nxhoafnm aigsh9s9 d3f4x2em iv3no6db jq4qci2q a3bd9o3v b1v8xokw oo9gr5id\" dir=\"auto\"><br \/>\n<strong>Lugar: Tornquist<\/strong><br \/>\n<strong>Modalidad: Intensiva &#8211; Presencial<\/strong><br \/>\n<strong>Fechas: 21 al 28 de junio 2022<\/strong><br \/>\n<strong>Inscripci\u00f3n abierta hasta el 10 de junio.<\/strong><br \/>\n<strong>Link:\u00a0<a class=\"oajrlxb2 g5ia77u1 qu0x051f esr5mh6w e9989ue4 r7d6kgcz rq0escxv nhd2j8a9 nc684nl6 p7hjln8o kvgmc6g5 cxmmr5t8 oygrvhab hcukyx3x jb3vyjys rz4wbd8a qt6c0cv9 a8nywdso i1ao9s8h esuyzwwr f1sip0of lzcic4wl gpro0wi8 py34i1dx\" tabindex=\"0\" role=\"link\" href=\"https:\/\/www.yvera.tur.ar\/capacitate\/turismoaventura\/inscripcion\/7?fbclid=IwAR3YBW62GVT2iKZQvXl2xETWqvkeEh4WpasLjIQxvsgCMPbC0xqjUUqqSE0\" target=\"_blank\" rel=\"nofollow noopener\">https:\/\/www.yvera.tur.ar\/&#8230;\/turismoaventura\/inscripcion\/7<\/a><\/strong><br \/>\n<strong>Cupo limitado: 30 prestadores<\/strong><br \/>\n<strong>Costo: Gratuito\u00a0<\/strong><\/span><\/div>\n<div>\n<div>\n<div class=\"jmbispl3 olo4ujb6\">\n<div class=\"rq0escxv l9j0dhe7 du4w35lb j83agx80 pfnyh3mw i1fnvgqd gs1a9yip owycx6da btwxx1t3 e5nlhep0 ecm0bbzt mysgfdmx hddg9phg\">\n<div class=\"rq0escxv l9j0dhe7 du4w35lb j83agx80 cbu4d94t d2edcug0 hpfvmrgz rj1gh0hx buofh1pr g5gj957u iuny7tx3 ipjc6fyt\">\n<div class=\"oajrlxb2 gs1a9yip g5ia77u1 mtkw9kbi tlpljxtp qensuy8j ppp5ayq2 goun2846 ccm00jje s44p3ltw mk2mc5f4 rt8b4zig n8ej3o3l agehan2d sk4xxmp2 rq0escxv nhd2j8a9 mg4g778l pfnyh3mw p7hjln8o kvgmc6g5 cxmmr5t8 oygrvhab hcukyx3x tgvbjcpo hpfvmrgz jb3vyjys rz4wbd8a qt6c0cv9 a8nywdso l9j0dhe7 i1ao9s8h esuyzwwr du4w35lb n00je7tq arfg74bv qs9ysxi8 k77z8yql pq6dq46d btwxx1t3 abiwlrkh p8dawk7l lzcic4wl gokke00a\" tabindex=\"0\" role=\"button\" aria-label=\"Me gusta\">\n<div class=\"rq0escxv l9j0dhe7 du4w35lb j83agx80 rj1gh0hx buofh1pr g5gj957u hpfvmrgz taijpn5t bp9cbjyn owycx6da btwxx1t3 d1544ag0 tw6a2znq jb3vyjys dlv3wnog rl04r1d5 mysgfdmx hddg9phg qu8okrzs g0qnabr5\">\n<div class=\"rq0escxv l9j0dhe7 du4w35lb j83agx80 cbu4d94t pfnyh3mw d2edcug0 hpfvmrgz ph5uu5jm b3onmgus iuny7tx3 ipjc6fyt\"><\/div>\n<p><a title=\"socorrista\" href=\"https:\/\/www.flickr.com\/photos\/182279889@N02\/52127943344\/in\/dateposted-public\/\" data-flickr-embed=\"true\"><img loading=\"lazy\" decoding=\"async\" class=\"aligncenter\" src=\"https:\/\/live.staticflickr.com\/65535\/52127943344_91e647ddde.jpg\" alt=\"socorrista\" width=\"620\" height=\"627\" \/><\/a><script async src=\"\/\/embedr.flickr.com\/assets\/client-code.js\" charset=\"utf-8\"><\/script><\/p>\n<\/div>\n<\/div>\n<\/div>\n<\/div>\n<\/div>\n<\/div>\n<\/div>\n","protected":false},"excerpt":{"rendered":"<p>El Ministerio de Turismo y Deportes de la Naci\u00f3n, en convenio con la Asociaci\u00f3n Argentina de Ecoturismo y Turismo Aventura (AAETAV), y la Subsecretar\u00eda de Turismo &#8211; PBA &#8211; abrieron la inscripci\u00f3n al curso de \u201cSocorrista en ambientes Rurales, Naturales y Agrestes\u201d a realizarse en el partido de Tornquist desde el 21 al 28 de [&hellip;]<\/p>\n","protected":false},"author":3,"featured_media":0,"comment_status":"closed","ping_status":"closed","sticky":false,"template":"","format":"standard","meta":{"footnotes":""},"categories":[34,58,33],"tags":[],"class_list":["post-73338","post","type-post","status-publish","format-standard","hentry","category-educacion","category-gobierno","category-turismo"],"yoast_head":"<!-- This site is optimized with the Yoast SEO plugin v25.9 - https:\/\/yoast.com\/wordpress\/plugins\/seo\/ -->\n<title>Curso de \u201cSocorrista en ambientes Rurales, Naturales y Agrestes\u201d - Noticias Radio Reflejos<\/title>\n<meta name=\"robots\" content=\"index, follow, max-snippet:-1, max-image-preview:large, max-video-preview:-1\" \/>\n<link rel=\"canonical\" href=\"https:\/\/www.noticiasradioreflejos.com.ar\/2021\/curso-de-socorrista-en-ambientes-rurales-naturales-y-agrestes\/\" \/>\n<meta property=\"og:locale\" content=\"es_ES\" \/>\n<meta property=\"og:type\" content=\"article\" \/>\n<meta property=\"og:title\" content=\"Curso de \u201cSocorrista en ambientes Rurales, Naturales y Agrestes\u201d - Noticias Radio Reflejos\" \/>\n<meta property=\"og:description\" content=\"El Ministerio de Turismo y Deportes de la Naci\u00f3n, en convenio con la Asociaci\u00f3n Argentina de Ecoturismo y Turismo Aventura (AAETAV), y la Subsecretar\u00eda de Turismo &#8211; PBA &#8211; abrieron la inscripci\u00f3n al curso de \u201cSocorrista en ambientes Rurales, Naturales y Agrestes\u201d a realizarse en el partido de Tornquist desde el 21 al 28 de [&hellip;]\" \/>\n<meta property=\"og:url\" content=\"https:\/\/www.noticiasradioreflejos.com.ar\/2021\/curso-de-socorrista-en-ambientes-rurales-naturales-y-agrestes\/\" \/>\n<meta property=\"og:site_name\" content=\"Noticias Radio Reflejos\" \/>\n<meta property=\"article:published_time\" content=\"2022-06-06T21:50:29+00:00\" \/>\n<meta property=\"article:modified_time\" content=\"2022-06-06T22:29:17+00:00\" \/>\n<meta property=\"og:image\" content=\"https:\/\/live.staticflickr.com\/65535\/52127943344_91e647ddde.jpg\" \/>\n<meta name=\"author\" content=\"Arnaldo Botto\" \/>\n<meta name=\"twitter:card\" content=\"summary_large_image\" \/>\n<script type=\"application\/ld+json\" class=\"yoast-schema-graph\">{\"@context\":\"https:\/\/schema.org\",\"@graph\":[{\"@type\":\"WebPage\",\"@id\":\"https:\/\/www.noticiasradioreflejos.com.ar\/2021\/curso-de-socorrista-en-ambientes-rurales-naturales-y-agrestes\/\",\"url\":\"https:\/\/www.noticiasradioreflejos.com.ar\/2021\/curso-de-socorrista-en-ambientes-rurales-naturales-y-agrestes\/\",\"name\":\"Curso de \u201cSocorrista en ambientes Rurales, Naturales y Agrestes\u201d - Noticias Radio Reflejos\",\"isPartOf\":{\"@id\":\"https:\/\/www.noticiasradioreflejos.com.ar\/2021\/#website\"},\"primaryImageOfPage\":{\"@id\":\"https:\/\/www.noticiasradioreflejos.com.ar\/2021\/curso-de-socorrista-en-ambientes-rurales-naturales-y-agrestes\/#primaryimage\"},\"image\":{\"@id\":\"https:\/\/www.noticiasradioreflejos.com.ar\/2021\/curso-de-socorrista-en-ambientes-rurales-naturales-y-agrestes\/#primaryimage\"},\"thumbnailUrl\":\"https:\/\/live.staticflickr.com\/65535\/52127943344_91e647ddde.jpg\",\"datePublished\":\"2022-06-06T21:50:29+00:00\",\"dateModified\":\"2022-06-06T22:29:17+00:00\",\"author\":{\"@id\":\"https:\/\/www.noticiasradioreflejos.com.ar\/2021\/#\/schema\/person\/ad82545263dcc5ec0996818884fd5fb1\"},\"breadcrumb\":{\"@id\":\"https:\/\/www.noticiasradioreflejos.com.ar\/2021\/curso-de-socorrista-en-ambientes-rurales-naturales-y-agrestes\/#breadcrumb\"},\"inLanguage\":\"es\",\"potentialAction\":[{\"@type\":\"ReadAction\",\"target\":[\"https:\/\/www.noticiasradioreflejos.com.ar\/2021\/curso-de-socorrista-en-ambientes-rurales-naturales-y-agrestes\/\"]}]},{\"@type\":\"ImageObject\",\"inLanguage\":\"es\",\"@id\":\"https:\/\/www.noticiasradioreflejos.com.ar\/2021\/curso-de-socorrista-en-ambientes-rurales-naturales-y-agrestes\/#primaryimage\",\"url\":\"https:\/\/live.staticflickr.com\/65535\/52127943344_91e647ddde.jpg\",\"contentUrl\":\"https:\/\/live.staticflickr.com\/65535\/52127943344_91e647ddde.jpg\"},{\"@type\":\"BreadcrumbList\",\"@id\":\"https:\/\/www.noticiasradioreflejos.com.ar\/2021\/curso-de-socorrista-en-ambientes-rurales-naturales-y-agrestes\/#breadcrumb\",\"itemListElement\":[{\"@type\":\"ListItem\",\"position\":1,\"name\":\"Portada\",\"item\":\"https:\/\/www.noticiasradioreflejos.com.ar\/2021\/\"},{\"@type\":\"ListItem\",\"position\":2,\"name\":\"Curso de \u201cSocorrista en ambientes Rurales, Naturales y Agrestes\u201d\"}]},{\"@type\":\"WebSite\",\"@id\":\"https:\/\/www.noticiasradioreflejos.com.ar\/2021\/#website\",\"url\":\"https:\/\/www.noticiasradioreflejos.com.ar\/2021\/\",\"name\":\"Noticias Radio Reflejos\",\"description\":\"Las noticias de mi comarca\",\"potentialAction\":[{\"@type\":\"SearchAction\",\"target\":{\"@type\":\"EntryPoint\",\"urlTemplate\":\"https:\/\/www.noticiasradioreflejos.com.ar\/2021\/?s={search_term_string}\"},\"query-input\":{\"@type\":\"PropertyValueSpecification\",\"valueRequired\":true,\"valueName\":\"search_term_string\"}}],\"inLanguage\":\"es\"},{\"@type\":\"Person\",\"@id\":\"https:\/\/www.noticiasradioreflejos.com.ar\/2021\/#\/schema\/person\/ad82545263dcc5ec0996818884fd5fb1\",\"name\":\"Arnaldo Botto\",\"image\":{\"@type\":\"ImageObject\",\"inLanguage\":\"es\",\"@id\":\"https:\/\/www.noticiasradioreflejos.com.ar\/2021\/#\/schema\/person\/image\/\",\"url\":\"https:\/\/secure.gravatar.com\/avatar\/55cb5e37c1efa326397366e6974cb338056df65cb50e7d64d1cf314e87504837?s=96&d=mm&r=g\",\"contentUrl\":\"https:\/\/secure.gravatar.com\/avatar\/55cb5e37c1efa326397366e6974cb338056df65cb50e7d64d1cf314e87504837?s=96&d=mm&r=g\",\"caption\":\"Arnaldo Botto\"},\"url\":\"https:\/\/www.noticiasradioreflejos.com.ar\/2021\/author\/arnaldo\/\"}]}<\/script>\n<!-- \/ Yoast SEO plugin. -->","yoast_head_json":{"title":"Curso de \u201cSocorrista en ambientes Rurales, Naturales y Agrestes\u201d - Noticias Radio Reflejos","robots":{"index":"index","follow":"follow","max-snippet":"max-snippet:-1","max-image-preview":"max-image-preview:large","max-video-preview":"max-video-preview:-1"},"canonical":"https:\/\/www.noticiasradioreflejos.com.ar\/2021\/curso-de-socorrista-en-ambientes-rurales-naturales-y-agrestes\/","og_locale":"es_ES","og_type":"article","og_title":"Curso de \u201cSocorrista en ambientes Rurales, Naturales y Agrestes\u201d - Noticias Radio Reflejos","og_description":"El Ministerio de Turismo y Deportes de la Naci\u00f3n, en convenio con la Asociaci\u00f3n Argentina de Ecoturismo y Turismo Aventura (AAETAV), y la Subsecretar\u00eda de Turismo &#8211; PBA &#8211; abrieron la inscripci\u00f3n al curso de \u201cSocorrista en ambientes Rurales, Naturales y Agrestes\u201d a realizarse en el partido de Tornquist desde el 21 al 28 de [&hellip;]","og_url":"https:\/\/www.noticiasradioreflejos.com.ar\/2021\/curso-de-socorrista-en-ambientes-rurales-naturales-y-agrestes\/","og_site_name":"Noticias Radio Reflejos","article_published_time":"2022-06-06T21:50:29+00:00","article_modified_time":"2022-06-06T22:29:17+00:00","og_image":[{"url":"https:\/\/live.staticflickr.com\/65535\/52127943344_91e647ddde.jpg","type":"","width":"","height":""}],"author":"Arnaldo Botto","twitter_card":"summary_large_image","schema":{"@context":"https:\/\/schema.org","@graph":[{"@type":"WebPage","@id":"https:\/\/www.noticiasradioreflejos.com.ar\/2021\/curso-de-socorrista-en-ambientes-rurales-naturales-y-agrestes\/","url":"https:\/\/www.noticiasradioreflejos.com.ar\/2021\/curso-de-socorrista-en-ambientes-rurales-naturales-y-agrestes\/","name":"Curso de \u201cSocorrista en ambientes Rurales, Naturales y Agrestes\u201d - Noticias Radio Reflejos","isPartOf":{"@id":"https:\/\/www.noticiasradioreflejos.com.ar\/2021\/#website"},"primaryImageOfPage":{"@id":"https:\/\/www.noticiasradioreflejos.com.ar\/2021\/curso-de-socorrista-en-ambientes-rurales-naturales-y-agrestes\/#primaryimage"},"image":{"@id":"https:\/\/www.noticiasradioreflejos.com.ar\/2021\/curso-de-socorrista-en-ambientes-rurales-naturales-y-agrestes\/#primaryimage"},"thumbnailUrl":"https:\/\/live.staticflickr.com\/65535\/52127943344_91e647ddde.jpg","datePublished":"2022-06-06T21:50:29+00:00","dateModified":"2022-06-06T22:29:17+00:00","author":{"@id":"https:\/\/www.noticiasradioreflejos.com.ar\/2021\/#\/schema\/person\/ad82545263dcc5ec0996818884fd5fb1"},"breadcrumb":{"@id":"https:\/\/www.noticiasradioreflejos.com.ar\/2021\/curso-de-socorrista-en-ambientes-rurales-naturales-y-agrestes\/#breadcrumb"},"inLanguage":"es","potentialAction":[{"@type":"ReadAction","target":["https:\/\/www.noticiasradioreflejos.com.ar\/2021\/curso-de-socorrista-en-ambientes-rurales-naturales-y-agrestes\/"]}]},{"@type":"ImageObject","inLanguage":"es","@id":"https:\/\/www.noticiasradioreflejos.com.ar\/2021\/curso-de-socorrista-en-ambientes-rurales-naturales-y-agrestes\/#primaryimage","url":"https:\/\/live.staticflickr.com\/65535\/52127943344_91e647ddde.jpg","contentUrl":"https:\/\/live.staticflickr.com\/65535\/52127943344_91e647ddde.jpg"},{"@type":"BreadcrumbList","@id":"https:\/\/www.noticiasradioreflejos.com.ar\/2021\/curso-de-socorrista-en-ambientes-rurales-naturales-y-agrestes\/#breadcrumb","itemListElement":[{"@type":"ListItem","position":1,"name":"Portada","item":"https:\/\/www.noticiasradioreflejos.com.ar\/2021\/"},{"@type":"ListItem","position":2,"name":"Curso de \u201cSocorrista en ambientes Rurales, Naturales y Agrestes\u201d"}]},{"@type":"WebSite","@id":"https:\/\/www.noticiasradioreflejos.com.ar\/2021\/#website","url":"https:\/\/www.noticiasradioreflejos.com.ar\/2021\/","name":"Noticias Radio Reflejos","description":"Las noticias de mi comarca","potentialAction":[{"@type":"SearchAction","target":{"@type":"EntryPoint","urlTemplate":"https:\/\/www.noticiasradioreflejos.com.ar\/2021\/?s={search_term_string}"},"query-input":{"@type":"PropertyValueSpecification","valueRequired":true,"valueName":"search_term_string"}}],"inLanguage":"es"},{"@type":"Person","@id":"https:\/\/www.noticiasradioreflejos.com.ar\/2021\/#\/schema\/person\/ad82545263dcc5ec0996818884fd5fb1","name":"Arnaldo Botto","image":{"@type":"ImageObject","inLanguage":"es","@id":"https:\/\/www.noticiasradioreflejos.com.ar\/2021\/#\/schema\/person\/image\/","url":"https:\/\/secure.gravatar.com\/avatar\/55cb5e37c1efa326397366e6974cb338056df65cb50e7d64d1cf314e87504837?s=96&d=mm&r=g","contentUrl":"https:\/\/secure.gravatar.com\/avatar\/55cb5e37c1efa326397366e6974cb338056df65cb50e7d64d1cf314e87504837?s=96&d=mm&r=g","caption":"Arnaldo Botto"},"url":"https:\/\/www.noticiasradioreflejos.com.ar\/2021\/author\/arnaldo\/"}]}},"_links":{"self":[{"href":"https:\/\/www.noticiasradioreflejos.com.ar\/2021\/wp-json\/wp\/v2\/posts\/73338","targetHints":{"allow":["GET"]}}],"collection":[{"href":"https:\/\/www.noticiasradioreflejos.com.ar\/2021\/wp-json\/wp\/v2\/posts"}],"about":[{"href":"https:\/\/www.noticiasradioreflejos.com.ar\/2021\/wp-json\/wp\/v2\/types\/post"}],"author":[{"embeddable":true,"href":"https:\/\/www.noticiasradioreflejos.com.ar\/2021\/wp-json\/wp\/v2\/users\/3"}],"replies":[{"embeddable":true,"href":"https:\/\/www.noticiasradioreflejos.com.ar\/2021\/wp-json\/wp\/v2\/comments?post=73338"}],"version-history":[{"count":2,"href":"https:\/\/www.noticiasradioreflejos.com.ar\/2021\/wp-json\/wp\/v2\/posts\/73338\/revisions"}],"predecessor-version":[{"id":73341,"href":"https:\/\/www.noticiasradioreflejos.com.ar\/2021\/wp-json\/wp\/v2\/posts\/73338\/revisions\/73341"}],"wp:attachment":[{"href":"https:\/\/www.noticiasradioreflejos.com.ar\/2021\/wp-json\/wp\/v2\/media?parent=73338"}],"wp:term":[{"taxonomy":"category","embeddable":true,"href":"https:\/\/www.noticiasradioreflejos.com.ar\/2021\/wp-json\/wp\/v2\/categories?post=73338"},{"taxonomy":"post_tag","embeddable":true,"href":"https:\/\/www.noticiasradioreflejos.com.ar\/2021\/wp-json\/wp\/v2\/tags?post=73338"}],"curies":[{"name":"wp","href":"https:\/\/api.w.org\/{rel}","templated":true}]}}