{"id":73331,"date":"2022-06-06T19:50:56","date_gmt":"2022-06-06T19:50:56","guid":{"rendered":"http:\/\/www.noticiasradioreflejos.com.ar\/2021\/?p=73331"},"modified":"2022-06-06T19:50:56","modified_gmt":"2022-06-06T19:50:56","slug":"detuvieron-al-presidente-de-vicentin-por-disponer-de-bienes-cautelados-por-la-justicia","status":"publish","type":"post","link":"https:\/\/www.noticiasradioreflejos.com.ar\/2021\/detuvieron-al-presidente-de-vicentin-por-disponer-de-bienes-cautelados-por-la-justicia\/","title":{"rendered":"Detuvieron al presidente de Vicentin por disponer de bienes cautelados por la Justicia"},"content":{"rendered":"<p>Omar Scarel ser\u00e1 trasladado a Rosario, donde se realizar\u00e1 una audiencia de imputaci\u00f3n en la causa por la venta de acciones de la empresa Renova sobre las cuales exist\u00eda una medida cautelar.<!--more--><\/p>\n<figure class=\"mb-3\"><img decoding=\"async\" src=\"https:\/\/www.telam.com.ar\/thumbs\/bluesteel\/advf\/imagenes\/2021\/10\/617b29560ecf9_900.jpg\" alt=\"Omar Scarel antes de ser directivo fue contador de la firma \" width=\"100%\" height=\"100%\" \/><\/p>\n<div class=\"media-icons\"><\/div><figcaption>Omar Scarel antes de ser directivo fue contador de la firma.<\/figcaption><\/figure>\n<p>El presidente del directorio de la aceitera Vicentin SAIC, Omar Adolfo Scarel, fue detenido este lunes\u00a0<strong>por orden de la Justicia de Santa Fe en la ciudad de Avellaneda, en el norte de la provincia, en el marco de una causa que investiga la venta de acciones<\/strong>\u00a0de la empresa Renova que estaban cautelados por la Justicia, informaron fuentes judiciales.<\/p>\n<p>La detenci\u00f3n de Scarel se concret\u00f3 en Avellaneda, distante unos 330 kil\u00f3metros al norte de la ciudad de Santa Fe, donde Vicentin tiene adem\u00e1s su sede central, y en las pr\u00f3ximas horas ser\u00e1 trasladado hacia Rosario, donde el mi\u00e9rcoles se realizar\u00eda la audiencia de imputaci\u00f3n.<\/p>\n<p>Tras conocerse la detenci\u00f3n, efectuada por agentes de la Divisi\u00f3n Inteligencia de la Agencia de Investigaci\u00f3n Criminal (AIC) de la polic\u00eda de Santa Fe<strong>, la empresa emiti\u00f3 un comunicado en el que sostuvo que \u00abno existe ning\u00fan argumento razonable que justifique una medida de esta gravedad\u00bb.<\/strong><\/p>\n<p>Adem\u00e1s de la detenci\u00f3n de Scarel, la Unidad de Delitos Econ\u00f3micos y Complejos del Ministerio P\u00fablico de la Acusaci\u00f3n (MPA) de Rosario orden\u00f3 allanamientos en oficinas de la empresa Viterra, que comparte con Vicentin el paquete accionario de Renova.<\/p>\n<p>Las fuentes dijeron que el<strong>\u00a0fiscal Miguel Moreno investiga a Scarel por maniobras realizadas antes de ocupar la presidencia de Vicentin, cuando era contador de la firma.<\/strong><br \/>\nEntre otras acciones, le endilga haber confeccionado y utilizado balances anuales con cierre a octubre de 2017 y octubre 2018 con datos falsos que ocultaban los verdaderos n\u00fameros de la empresa.<\/p>\n<p>Tambi\u00e9n se le imputa haber presentado informes ante bancos internacionales con la intenci\u00f3n de mostrar que Vicentin pose\u00eda una posici\u00f3n financiera s\u00f3lida para conseguir cr\u00e9ditos.<\/p>\n<p>Esas maniobras habr\u00edan sido realizadas presuntamente por Scarel entre enero de 2017 y julio de 2019 y le habr\u00edan permitido a la aceitera conseguir cr\u00e9ditos por US$ 500 millones.<\/p>\n<figure class=\"mb-3\"><img decoding=\"async\" src=\"https:\/\/www.telam.com.ar\/thumbs\/bluesteel\/advf\/imagenes\/2020\/12\/5fdbcaa76ecbe_900.jpg\" alt=\"El fiscal Miguel Moreno investiga maniobras realizadas en la firma entre enero de 2017 y julio de 2019\" width=\"100%\" height=\"100%\" \/><\/p>\n<div class=\"media-icons\"><\/div><figcaption>El fiscal Miguel Moreno investiga maniobras realizadas en la firma entre enero de 2017 y julio de 2019.<\/figcaption><\/figure>\n<p><strong>La primera reacci\u00f3n de la empresa fue descalificar la acci\u00f3n de la Justicia de Santa Fe.<\/strong><\/p>\n<p>A trav\u00e9s de un comunicado dijeron que \u00abes absolutamente falso\u00bb que la compa\u00f1\u00eda haya \u00abincumplido estas restricciones y todos los acuerdos concursales alcanzados hasta el momento\u00bb.<\/p>\n<p>La nota de prensa niega que haya existido un \u00abincumplimiento o desobediencia de una medida cautelar dictada, que establece restricciones sobre posibles ventas de activos o acciones de la sociedad\u00bb. Vicentin se\u00f1al\u00f3 que esos acuerdos<strong>\u00a0\u00abse encuentran en instancias precontractuales ad refer\u00e9ndum de las respectivas homologaciones judiciales y de los levantamientos de las medidas cautelares interpuestas\u201d<\/strong><\/p>\n<p>\u00abEl se\u00f1or Scarel como todos los miembros del directorio de Vicentin SAIC imputados en la causa, han estado siempre a derecho, a disposici\u00f3n de la justicia y han prestado su colaboraci\u00f3n cada vez que esta les ha sido requerida\u201d, a\u00f1adi\u00f3 el texto.<\/p>\n<p>Adem\u00e1s, enfatizaron que \u00abllama poderosamente la atenci\u00f3n que este hecho (la detenci\u00f3n) ocurra cuando se han alcanzado las mayor\u00edas de c\u00e1pitas necesarias para aprobar la propuesta concursal y cuando el concurso se encuentra pr\u00f3ximo a resolverse con la aprobaci\u00f3n de las entidades financieras, para alcanzar la mayor\u00eda necesaria en cuanto al capital requerido\u201d.<\/p>\n<p>La detenci\u00f3n de Scarel se da en el marco de las graves dificultades financieras de Vicentin, que incluso llev\u00f3 al Gobierno nacional a intervenirla en forma transitoria en junio de 2020, en parte debido a que el Banco Naci\u00f3n era uno de los principales acreedores por cr\u00e9ditos otorgados durante la presidencia de Mauricio Macri.<\/p>\n","protected":false},"excerpt":{"rendered":"<p>Omar Scarel ser\u00e1 trasladado a Rosario, donde se realizar\u00e1 una audiencia de imputaci\u00f3n en la causa por la venta de acciones de la empresa Renova sobre las cuales exist\u00eda una medida cautelar.<\/p>\n","protected":false},"author":3,"featured_media":0,"comment_status":"closed","ping_status":"closed","sticky":false,"template":"","format":"standard","meta":{"footnotes":""},"categories":[57,29],"tags":[],"class_list":["post-73331","post","type-post","status-publish","format-standard","hentry","category-judiciales","category-policiales"],"yoast_head":"<!-- This site is optimized with the Yoast SEO plugin v25.9 - https:\/\/yoast.com\/wordpress\/plugins\/seo\/ -->\n<title>Detuvieron al presidente de Vicentin por disponer de bienes cautelados por la Justicia - Noticias Radio Reflejos<\/title>\n<meta name=\"robots\" content=\"index, follow, max-snippet:-1, max-image-preview:large, max-video-preview:-1\" \/>\n<link rel=\"canonical\" href=\"https:\/\/www.noticiasradioreflejos.com.ar\/2021\/detuvieron-al-presidente-de-vicentin-por-disponer-de-bienes-cautelados-por-la-justicia\/\" \/>\n<meta property=\"og:locale\" content=\"es_ES\" \/>\n<meta property=\"og:type\" content=\"article\" \/>\n<meta property=\"og:title\" content=\"Detuvieron al presidente de Vicentin por disponer de bienes cautelados por la Justicia - Noticias Radio Reflejos\" \/>\n<meta property=\"og:description\" content=\"Omar Scarel ser\u00e1 trasladado a Rosario, donde se realizar\u00e1 una audiencia de imputaci\u00f3n en la causa por la venta de acciones de la empresa Renova sobre las cuales exist\u00eda una medida cautelar.\" \/>\n<meta property=\"og:url\" content=\"https:\/\/www.noticiasradioreflejos.com.ar\/2021\/detuvieron-al-presidente-de-vicentin-por-disponer-de-bienes-cautelados-por-la-justicia\/\" \/>\n<meta property=\"og:site_name\" content=\"Noticias Radio Reflejos\" \/>\n<meta property=\"article:published_time\" content=\"2022-06-06T19:50:56+00:00\" \/>\n<meta property=\"og:image\" content=\"https:\/\/www.telam.com.ar\/thumbs\/bluesteel\/advf\/imagenes\/2021\/10\/617b29560ecf9_900.jpg\" \/>\n<meta name=\"author\" content=\"Arnaldo Botto\" \/>\n<meta name=\"twitter:card\" content=\"summary_large_image\" \/>\n<script type=\"application\/ld+json\" class=\"yoast-schema-graph\">{\"@context\":\"https:\/\/schema.org\",\"@graph\":[{\"@type\":\"WebPage\",\"@id\":\"https:\/\/www.noticiasradioreflejos.com.ar\/2021\/detuvieron-al-presidente-de-vicentin-por-disponer-de-bienes-cautelados-por-la-justicia\/\",\"url\":\"https:\/\/www.noticiasradioreflejos.com.ar\/2021\/detuvieron-al-presidente-de-vicentin-por-disponer-de-bienes-cautelados-por-la-justicia\/\",\"name\":\"Detuvieron al presidente de Vicentin por disponer de bienes cautelados por la Justicia - Noticias Radio Reflejos\",\"isPartOf\":{\"@id\":\"https:\/\/www.noticiasradioreflejos.com.ar\/2021\/#website\"},\"primaryImageOfPage\":{\"@id\":\"https:\/\/www.noticiasradioreflejos.com.ar\/2021\/detuvieron-al-presidente-de-vicentin-por-disponer-de-bienes-cautelados-por-la-justicia\/#primaryimage\"},\"image\":{\"@id\":\"https:\/\/www.noticiasradioreflejos.com.ar\/2021\/detuvieron-al-presidente-de-vicentin-por-disponer-de-bienes-cautelados-por-la-justicia\/#primaryimage\"},\"thumbnailUrl\":\"https:\/\/www.telam.com.ar\/thumbs\/bluesteel\/advf\/imagenes\/2021\/10\/617b29560ecf9_900.jpg\",\"datePublished\":\"2022-06-06T19:50:56+00:00\",\"author\":{\"@id\":\"https:\/\/www.noticiasradioreflejos.com.ar\/2021\/#\/schema\/person\/ad82545263dcc5ec0996818884fd5fb1\"},\"breadcrumb\":{\"@id\":\"https:\/\/www.noticiasradioreflejos.com.ar\/2021\/detuvieron-al-presidente-de-vicentin-por-disponer-de-bienes-cautelados-por-la-justicia\/#breadcrumb\"},\"inLanguage\":\"es\",\"potentialAction\":[{\"@type\":\"ReadAction\",\"target\":[\"https:\/\/www.noticiasradioreflejos.com.ar\/2021\/detuvieron-al-presidente-de-vicentin-por-disponer-de-bienes-cautelados-por-la-justicia\/\"]}]},{\"@type\":\"ImageObject\",\"inLanguage\":\"es\",\"@id\":\"https:\/\/www.noticiasradioreflejos.com.ar\/2021\/detuvieron-al-presidente-de-vicentin-por-disponer-de-bienes-cautelados-por-la-justicia\/#primaryimage\",\"url\":\"https:\/\/www.telam.com.ar\/thumbs\/bluesteel\/advf\/imagenes\/2021\/10\/617b29560ecf9_900.jpg\",\"contentUrl\":\"https:\/\/www.telam.com.ar\/thumbs\/bluesteel\/advf\/imagenes\/2021\/10\/617b29560ecf9_900.jpg\"},{\"@type\":\"BreadcrumbList\",\"@id\":\"https:\/\/www.noticiasradioreflejos.com.ar\/2021\/detuvieron-al-presidente-de-vicentin-por-disponer-de-bienes-cautelados-por-la-justicia\/#breadcrumb\",\"itemListElement\":[{\"@type\":\"ListItem\",\"position\":1,\"name\":\"Portada\",\"item\":\"https:\/\/www.noticiasradioreflejos.com.ar\/2021\/\"},{\"@type\":\"ListItem\",\"position\":2,\"name\":\"Detuvieron al presidente de Vicentin por disponer de bienes cautelados por la Justicia\"}]},{\"@type\":\"WebSite\",\"@id\":\"https:\/\/www.noticiasradioreflejos.com.ar\/2021\/#website\",\"url\":\"https:\/\/www.noticiasradioreflejos.com.ar\/2021\/\",\"name\":\"Noticias Radio Reflejos\",\"description\":\"Las noticias de mi comarca\",\"potentialAction\":[{\"@type\":\"SearchAction\",\"target\":{\"@type\":\"EntryPoint\",\"urlTemplate\":\"https:\/\/www.noticiasradioreflejos.com.ar\/2021\/?s={search_term_string}\"},\"query-input\":{\"@type\":\"PropertyValueSpecification\",\"valueRequired\":true,\"valueName\":\"search_term_string\"}}],\"inLanguage\":\"es\"},{\"@type\":\"Person\",\"@id\":\"https:\/\/www.noticiasradioreflejos.com.ar\/2021\/#\/schema\/person\/ad82545263dcc5ec0996818884fd5fb1\",\"name\":\"Arnaldo Botto\",\"image\":{\"@type\":\"ImageObject\",\"inLanguage\":\"es\",\"@id\":\"https:\/\/www.noticiasradioreflejos.com.ar\/2021\/#\/schema\/person\/image\/\",\"url\":\"https:\/\/secure.gravatar.com\/avatar\/55cb5e37c1efa326397366e6974cb338056df65cb50e7d64d1cf314e87504837?s=96&d=mm&r=g\",\"contentUrl\":\"https:\/\/secure.gravatar.com\/avatar\/55cb5e37c1efa326397366e6974cb338056df65cb50e7d64d1cf314e87504837?s=96&d=mm&r=g\",\"caption\":\"Arnaldo Botto\"},\"url\":\"https:\/\/www.noticiasradioreflejos.com.ar\/2021\/author\/arnaldo\/\"}]}<\/script>\n<!-- \/ Yoast SEO plugin. -->","yoast_head_json":{"title":"Detuvieron al presidente de Vicentin por disponer de bienes cautelados por la Justicia - Noticias Radio Reflejos","robots":{"index":"index","follow":"follow","max-snippet":"max-snippet:-1","max-image-preview":"max-image-preview:large","max-video-preview":"max-video-preview:-1"},"canonical":"https:\/\/www.noticiasradioreflejos.com.ar\/2021\/detuvieron-al-presidente-de-vicentin-por-disponer-de-bienes-cautelados-por-la-justicia\/","og_locale":"es_ES","og_type":"article","og_title":"Detuvieron al presidente de Vicentin por disponer de bienes cautelados por la Justicia - Noticias Radio Reflejos","og_description":"Omar Scarel ser\u00e1 trasladado a Rosario, donde se realizar\u00e1 una audiencia de imputaci\u00f3n en la causa por la venta de acciones de la empresa Renova sobre las cuales exist\u00eda una medida cautelar.","og_url":"https:\/\/www.noticiasradioreflejos.com.ar\/2021\/detuvieron-al-presidente-de-vicentin-por-disponer-de-bienes-cautelados-por-la-justicia\/","og_site_name":"Noticias Radio Reflejos","article_published_time":"2022-06-06T19:50:56+00:00","og_image":[{"url":"https:\/\/www.telam.com.ar\/thumbs\/bluesteel\/advf\/imagenes\/2021\/10\/617b29560ecf9_900.jpg","type":"","width":"","height":""}],"author":"Arnaldo Botto","twitter_card":"summary_large_image","schema":{"@context":"https:\/\/schema.org","@graph":[{"@type":"WebPage","@id":"https:\/\/www.noticiasradioreflejos.com.ar\/2021\/detuvieron-al-presidente-de-vicentin-por-disponer-de-bienes-cautelados-por-la-justicia\/","url":"https:\/\/www.noticiasradioreflejos.com.ar\/2021\/detuvieron-al-presidente-de-vicentin-por-disponer-de-bienes-cautelados-por-la-justicia\/","name":"Detuvieron al presidente de Vicentin por disponer de bienes cautelados por la Justicia - Noticias Radio Reflejos","isPartOf":{"@id":"https:\/\/www.noticiasradioreflejos.com.ar\/2021\/#website"},"primaryImageOfPage":{"@id":"https:\/\/www.noticiasradioreflejos.com.ar\/2021\/detuvieron-al-presidente-de-vicentin-por-disponer-de-bienes-cautelados-por-la-justicia\/#primaryimage"},"image":{"@id":"https:\/\/www.noticiasradioreflejos.com.ar\/2021\/detuvieron-al-presidente-de-vicentin-por-disponer-de-bienes-cautelados-por-la-justicia\/#primaryimage"},"thumbnailUrl":"https:\/\/www.telam.com.ar\/thumbs\/bluesteel\/advf\/imagenes\/2021\/10\/617b29560ecf9_900.jpg","datePublished":"2022-06-06T19:50:56+00:00","author":{"@id":"https:\/\/www.noticiasradioreflejos.com.ar\/2021\/#\/schema\/person\/ad82545263dcc5ec0996818884fd5fb1"},"breadcrumb":{"@id":"https:\/\/www.noticiasradioreflejos.com.ar\/2021\/detuvieron-al-presidente-de-vicentin-por-disponer-de-bienes-cautelados-por-la-justicia\/#breadcrumb"},"inLanguage":"es","potentialAction":[{"@type":"ReadAction","target":["https:\/\/www.noticiasradioreflejos.com.ar\/2021\/detuvieron-al-presidente-de-vicentin-por-disponer-de-bienes-cautelados-por-la-justicia\/"]}]},{"@type":"ImageObject","inLanguage":"es","@id":"https:\/\/www.noticiasradioreflejos.com.ar\/2021\/detuvieron-al-presidente-de-vicentin-por-disponer-de-bienes-cautelados-por-la-justicia\/#primaryimage","url":"https:\/\/www.telam.com.ar\/thumbs\/bluesteel\/advf\/imagenes\/2021\/10\/617b29560ecf9_900.jpg","contentUrl":"https:\/\/www.telam.com.ar\/thumbs\/bluesteel\/advf\/imagenes\/2021\/10\/617b29560ecf9_900.jpg"},{"@type":"BreadcrumbList","@id":"https:\/\/www.noticiasradioreflejos.com.ar\/2021\/detuvieron-al-presidente-de-vicentin-por-disponer-de-bienes-cautelados-por-la-justicia\/#breadcrumb","itemListElement":[{"@type":"ListItem","position":1,"name":"Portada","item":"https:\/\/www.noticiasradioreflejos.com.ar\/2021\/"},{"@type":"ListItem","position":2,"name":"Detuvieron al presidente de Vicentin por disponer de bienes cautelados por la Justicia"}]},{"@type":"WebSite","@id":"https:\/\/www.noticiasradioreflejos.com.ar\/2021\/#website","url":"https:\/\/www.noticiasradioreflejos.com.ar\/2021\/","name":"Noticias Radio Reflejos","description":"Las noticias de mi comarca","potentialAction":[{"@type":"SearchAction","target":{"@type":"EntryPoint","urlTemplate":"https:\/\/www.noticiasradioreflejos.com.ar\/2021\/?s={search_term_string}"},"query-input":{"@type":"PropertyValueSpecification","valueRequired":true,"valueName":"search_term_string"}}],"inLanguage":"es"},{"@type":"Person","@id":"https:\/\/www.noticiasradioreflejos.com.ar\/2021\/#\/schema\/person\/ad82545263dcc5ec0996818884fd5fb1","name":"Arnaldo Botto","image":{"@type":"ImageObject","inLanguage":"es","@id":"https:\/\/www.noticiasradioreflejos.com.ar\/2021\/#\/schema\/person\/image\/","url":"https:\/\/secure.gravatar.com\/avatar\/55cb5e37c1efa326397366e6974cb338056df65cb50e7d64d1cf314e87504837?s=96&d=mm&r=g","contentUrl":"https:\/\/secure.gravatar.com\/avatar\/55cb5e37c1efa326397366e6974cb338056df65cb50e7d64d1cf314e87504837?s=96&d=mm&r=g","caption":"Arnaldo Botto"},"url":"https:\/\/www.noticiasradioreflejos.com.ar\/2021\/author\/arnaldo\/"}]}},"_links":{"self":[{"href":"https:\/\/www.noticiasradioreflejos.com.ar\/2021\/wp-json\/wp\/v2\/posts\/73331","targetHints":{"allow":["GET"]}}],"collection":[{"href":"https:\/\/www.noticiasradioreflejos.com.ar\/2021\/wp-json\/wp\/v2\/posts"}],"about":[{"href":"https:\/\/www.noticiasradioreflejos.com.ar\/2021\/wp-json\/wp\/v2\/types\/post"}],"author":[{"embeddable":true,"href":"https:\/\/www.noticiasradioreflejos.com.ar\/2021\/wp-json\/wp\/v2\/users\/3"}],"replies":[{"embeddable":true,"href":"https:\/\/www.noticiasradioreflejos.com.ar\/2021\/wp-json\/wp\/v2\/comments?post=73331"}],"version-history":[{"count":1,"href":"https:\/\/www.noticiasradioreflejos.com.ar\/2021\/wp-json\/wp\/v2\/posts\/73331\/revisions"}],"predecessor-version":[{"id":73333,"href":"https:\/\/www.noticiasradioreflejos.com.ar\/2021\/wp-json\/wp\/v2\/posts\/73331\/revisions\/73333"}],"wp:attachment":[{"href":"https:\/\/www.noticiasradioreflejos.com.ar\/2021\/wp-json\/wp\/v2\/media?parent=73331"}],"wp:term":[{"taxonomy":"category","embeddable":true,"href":"https:\/\/www.noticiasradioreflejos.com.ar\/2021\/wp-json\/wp\/v2\/categories?post=73331"},{"taxonomy":"post_tag","embeddable":true,"href":"https:\/\/www.noticiasradioreflejos.com.ar\/2021\/wp-json\/wp\/v2\/tags?post=73331"}],"curies":[{"name":"wp","href":"https:\/\/api.w.org\/{rel}","templated":true}]}}