{"id":73329,"date":"2022-06-06T19:45:12","date_gmt":"2022-06-06T19:45:12","guid":{"rendered":"http:\/\/www.noticiasradioreflejos.com.ar\/2021\/?p=73329"},"modified":"2022-06-06T19:45:12","modified_gmt":"2022-06-06T19:45:12","slug":"para-macri-fue-desmesurada-la-reaccion-de-la-ucr-a-sus-comentarios-sobre-yrigoyen","status":"publish","type":"post","link":"https:\/\/www.noticiasradioreflejos.com.ar\/2021\/para-macri-fue-desmesurada-la-reaccion-de-la-ucr-a-sus-comentarios-sobre-yrigoyen\/","title":{"rendered":"Para Macri fue \u00abdesmesurada\u00bb la reacci\u00f3n de la UCR a sus comentarios sobre Yrigoyen"},"content":{"rendered":"<p>\u00abLamento la carta que he recibido (a todas luces desmesurada) que descontextualiza un apunte hist\u00f3rico que hice en una conferencia en Brasil\u00bb, afirm\u00f3 el expresidente, acusado por sectores del radicalismo de generar un quiebre en JxC.<!--more--><\/p>\n<figure class=\"mb-3\"><img decoding=\"async\" src=\"https:\/\/www.telam.com.ar\/thumbs\/bluesteel\/advf\/imagenes\/2021\/12\/61bde29806a83_900.jpg\" alt=\"Macri y Morales en pocas en las que sus relaciones eran ms cordiales\" width=\"100%\" height=\"100%\" \/><\/p>\n<div class=\"media-icons\"><\/div><figcaption>Macri y Morales, en \u00e9pocas en las que sus relaciones eran m\u00e1s cordiales.<\/figcaption><\/figure>\n<p>La pol\u00e9mica dentro de Juntos por el Cambio (JxC) generada\u00a0<strong>luego de que Mauricio Macri calificara de \u00abpopulista\u00bb al expresidente Hip\u00f3lito Yrigoyen<\/strong>\u00a0continu\u00f3 este lunes, si bien el exmandatario lament\u00f3 sus dichos, consider\u00f3 tambi\u00e9n que la respuesta que recibi\u00f3 de parte del titular del partido, Gerardo Morales, fue \u00abdesmesurada\u00bb.<\/p>\n<p>Durante toda la ma\u00f1ana del lunes, al igual que el domingo, diferentes<strong>\u00a0referentes del radicalismo<\/strong>, como el jefe del partido, Gerardo Morales, o el titular de la Convenci\u00f3n, Gast\u00f3n Manes,\u00a0<strong>hab\u00edan cuestionado a Macri por sus palabras<\/strong>, y calific\u00f3 sus expresiones como \u00abirresponsables\u00bb e \u00abincomprensibles\u00bb.<\/p>\n<p>Macri sali\u00f3 a responder a trav\u00e9s de Twitter y, si bien lament\u00f3 sus palabras, dijo al mismo tiempo que<strong>\u00a0la respuesta del radicalismo, plasmada a trav\u00e9s de una carta emitida por el Comit\u00e9 Nacional, hab\u00eda sido \u00abdesmesurada\u00bb.<\/strong><\/p>\n<p>\u00abLamento especialmente lo inoportuna que resulta frente a la angustia y el hartazgo de los argentinos, que hoy nos reclaman unidad y claridad en nuestras ideas sobre c\u00f3mo vamos a sacar el pa\u00eds adelante\u00bb, dijo Macri sobre la consideraci\u00f3n que hab\u00eda hecho del expresidente radical.<\/p>\n<blockquote class=\"twitter-tweet\" data-width=\"500\" data-dnt=\"true\">\n<p lang=\"es\" dir=\"ltr\">Lamento especialmente lo inoportuna que resulta frente a la angustia y el hartazgo de los argentinos, que hoy nos reclaman unidad y claridad en nuestras ideas sobre c\u00f3mo vamos a sacar el pa\u00eds adelante.<\/p>\n<p>&mdash; Mauricio Macri (@mauriciomacri) <a href=\"https:\/\/twitter.com\/mauriciomacri\/status\/1533810989375885317?ref_src=twsrc%5Etfw\">June 6, 2022<\/a><\/p><\/blockquote>\n<p><script async src=\"https:\/\/platform.twitter.com\/widgets.js\" charset=\"utf-8\"><\/script><\/p>\n<p>Asimismo, el exmandatario comparti\u00f3 por la misma red social un video para demostrar que, dijo,<strong>\u00a0\u00absiempre\u00bb valor\u00f3 \u00ablas ideas del radicalismo en sus distintos matices\u00bb.<\/strong><\/p>\n<p>De todos modos,\u00a0<strong>aprovech\u00f3 su descargo para seguir la pol\u00e9mica con el radicalismo, al considerar que la respuesta a sus dichos fue \u00abdesmesurada\u00bb.<\/strong><\/p>\n<p>\u00abLamento la carta que he recibido (a todas luces desmesurada) que descontextualiza un apunte hist\u00f3rico que hice en una conferencia en Brasil\u00bb, afirm\u00f3.<\/p>\n<p>Macri se refiri\u00f3 as\u00ed a la misiva publicada este domingo por Morales, en la cual se repudiaban sus expresiones.<\/p>\n<p>En esa carta se afirmaba que\u00a0<strong>\u00abla grieta no es el camino\u00bb<\/strong>\u00a0y, tras resaltar la figura de Yrigoyen, se expresaba sobre Macri que \u00abdenigrar la figura hist\u00f3rica de una persona que entreg\u00f3 su vida a la obra de una mejor Argentina es adem\u00e1s hacerle da\u00f1o a nuestra propia historia de pa\u00eds\u00bb.<\/p>\n<p>En su respuesta,<strong>\u00a0Morales tambi\u00e9n hab\u00eda afirmado, dirigi\u00e9ndose a a Macri, que si su \u00abintenci\u00f3n es romper JxC para buscar un acuerdo con sectores de la extrema derecha antidemocr\u00e1tica lo mejor es decirlo concretamente\u00bb.<\/strong><\/p>\n<p>En un foro en Brasil, Macri hab\u00eda instado a \u00abluchar contra el populismo en forma global\u00bb y precis\u00f3 que esa corriente \u00abse origin\u00f3 en Latinoam\u00e9rica y tal vez en Argentina es donde arranc\u00f3, primero con Yrigoyen y despu\u00e9s con (Juan) Per\u00f3n y Evita (Duarte de Per\u00f3n)\u00bb.<\/p>\n<p>Morales insisti\u00f3 con sus cuestionamientos al decir, por Radio con Vos, que \u00abno es la primera vez que recibimos un agravio de Macri desde el radicalismo. En mi opini\u00f3n no sirve producir una grieta en JxC\u00bb.<\/p>\n<p><strong>\u00abLas palabras de Macri son una descalificaci\u00f3n contra Yrigoyen y eso no lo puedo permitir\u00bb<\/strong>, agreg\u00f3 en di\u00e1logo con radio Metro 95.1.<\/p>\n<p>Con respecto a la actitud del expresidente, se\u00f1al\u00f3 que \u00abno est\u00e1 bien esta actitud de Macri que es irresponsable y, adem\u00e1s, es ego\u00edsta. \u00c9l deber\u00eda ocupar un rol m\u00e1s lateral\u00bb.<\/p>\n<p>Tambi\u00e9n se sum\u00f3 al debate\u00a0<strong>el flamante titular de la Convenci\u00f3n Nacional de la UCR, Gast\u00f3n Manes<\/strong>, quien expres\u00f3 que \u00abatacar la identidad de un partido centenario y atacar a un estadista de primer nivel como Yrigoyen es un poco incomprensible\u00bb.<\/p>\n<p>\u00abNo s\u00e9 a qu\u00e9 atribuirlo, pero de un expresidente se espera que ejercite la prudencia en sus declaraciones\u00bb, afirm\u00f3 Manes al hablar con la radio AM 750.<\/p>\n<p>El hermano del diputado nacional Facundo Manes, uno de los eventuales presidenciables del espacio junto a Morales, agreg\u00f3 que \u00abla Convenci\u00f3n del radicalismo no s\u00f3lo aprob\u00f3 la pertenencia (de la UCR) a JxC, sino que la coalici\u00f3n va a basarse en ideas y no en hombres\u00bb.<\/p>\n<p><strong>\u00abNosotros vamos a hacer un programa de 20 pol\u00edticas de Estado y vamos a hacer aliados con quienes suscriban estas pol\u00edticas de Estado\u00bb<\/strong>, afirm\u00f3 Manes, y dijo que no le constaban las afinidades entre Macri y el referente libertario Javier Milei.<\/p>\n<p>Por su parte, el diputado nacional y exvicepresidente Julio Cobos afirm\u00f3 por Radio Nacional que \u00abestas expresiones de Macri degradan al radicalismo. No hay que confundir entre ser popular y ser populista\u00bb, advirti\u00f3.<\/p>\n<p>El tambi\u00e9n exgobernador de la provincia de Mendoza sostuvo tambi\u00e9n que \u00abson injustas las observaciones sobre Yrigoyen\u00bb y asever\u00f3 que las declaraciones de Macri fueron \u00abmuy desafortunadas\u00bb.<\/p>\n<p>Por redes sociales tambi\u00e9n se sumaron a la discusi\u00f3n el exministro de Salud del Gobierno de Cambiemos Adolfo Rubinstein, quien se\u00f1al\u00f3, en alusi\u00f3n a Macri, que<strong>\u00a0\u00abya bastante grieta tenemos como para abrir otra hacia dentro de nuestro espacio. No es por ah\u00ed\u00bb.<\/strong><\/p>\n<p>En tanto, en defensa de Macri sali\u00f3 el exministro de Cultura Pablo Avelluto, quien por redes sociales se\u00f1al\u00f3 que \u00abla tradici\u00f3n populista radical no s\u00f3lo comenz\u00f3 con Yrigoyen. Seg\u00fan parece, contin\u00faa vigente. Morales deber\u00eda ofenderse menos con sus aliados. Su reciente carta abierta a Mauricio Macri es agresiva e insultante\u00bb, complet\u00f3 Avelluto.<\/p>\n","protected":false},"excerpt":{"rendered":"<p>\u00abLamento la carta que he recibido (a todas luces desmesurada) que descontextualiza un apunte hist\u00f3rico que hice en una conferencia en Brasil\u00bb, afirm\u00f3 el expresidente, acusado por sectores del radicalismo de generar un quiebre en JxC.<\/p>\n","protected":false},"author":3,"featured_media":0,"comment_status":"closed","ping_status":"closed","sticky":false,"template":"","format":"standard","meta":{"footnotes":""},"categories":[24],"tags":[],"class_list":["post-73329","post","type-post","status-publish","format-standard","hentry","category-politica"],"yoast_head":"<!-- This site is optimized with the Yoast SEO plugin v25.9 - https:\/\/yoast.com\/wordpress\/plugins\/seo\/ -->\n<title>Para Macri fue &quot;desmesurada&quot; la reacci\u00f3n de la UCR a sus comentarios sobre Yrigoyen - Noticias Radio Reflejos<\/title>\n<meta name=\"robots\" content=\"index, follow, max-snippet:-1, max-image-preview:large, max-video-preview:-1\" \/>\n<link rel=\"canonical\" href=\"https:\/\/www.noticiasradioreflejos.com.ar\/2021\/para-macri-fue-desmesurada-la-reaccion-de-la-ucr-a-sus-comentarios-sobre-yrigoyen\/\" \/>\n<meta property=\"og:locale\" content=\"es_ES\" \/>\n<meta property=\"og:type\" content=\"article\" \/>\n<meta property=\"og:title\" content=\"Para Macri fue &quot;desmesurada&quot; la reacci\u00f3n de la UCR a sus comentarios sobre Yrigoyen - Noticias Radio Reflejos\" \/>\n<meta property=\"og:description\" content=\"\u00abLamento la carta que he recibido (a todas luces desmesurada) que descontextualiza un apunte hist\u00f3rico que hice en una conferencia en Brasil\u00bb, afirm\u00f3 el expresidente, acusado por sectores del radicalismo de generar un quiebre en JxC.\" \/>\n<meta property=\"og:url\" content=\"https:\/\/www.noticiasradioreflejos.com.ar\/2021\/para-macri-fue-desmesurada-la-reaccion-de-la-ucr-a-sus-comentarios-sobre-yrigoyen\/\" \/>\n<meta property=\"og:site_name\" content=\"Noticias Radio Reflejos\" \/>\n<meta property=\"article:published_time\" content=\"2022-06-06T19:45:12+00:00\" \/>\n<meta property=\"og:image\" content=\"https:\/\/www.telam.com.ar\/thumbs\/bluesteel\/advf\/imagenes\/2021\/12\/61bde29806a83_900.jpg\" \/>\n<meta name=\"author\" content=\"Arnaldo Botto\" \/>\n<meta name=\"twitter:card\" content=\"summary_large_image\" \/>\n<script type=\"application\/ld+json\" class=\"yoast-schema-graph\">{\"@context\":\"https:\/\/schema.org\",\"@graph\":[{\"@type\":\"WebPage\",\"@id\":\"https:\/\/www.noticiasradioreflejos.com.ar\/2021\/para-macri-fue-desmesurada-la-reaccion-de-la-ucr-a-sus-comentarios-sobre-yrigoyen\/\",\"url\":\"https:\/\/www.noticiasradioreflejos.com.ar\/2021\/para-macri-fue-desmesurada-la-reaccion-de-la-ucr-a-sus-comentarios-sobre-yrigoyen\/\",\"name\":\"Para Macri fue \\\"desmesurada\\\" la reacci\u00f3n de la UCR a sus comentarios sobre Yrigoyen - Noticias Radio Reflejos\",\"isPartOf\":{\"@id\":\"https:\/\/www.noticiasradioreflejos.com.ar\/2021\/#website\"},\"primaryImageOfPage\":{\"@id\":\"https:\/\/www.noticiasradioreflejos.com.ar\/2021\/para-macri-fue-desmesurada-la-reaccion-de-la-ucr-a-sus-comentarios-sobre-yrigoyen\/#primaryimage\"},\"image\":{\"@id\":\"https:\/\/www.noticiasradioreflejos.com.ar\/2021\/para-macri-fue-desmesurada-la-reaccion-de-la-ucr-a-sus-comentarios-sobre-yrigoyen\/#primaryimage\"},\"thumbnailUrl\":\"https:\/\/www.telam.com.ar\/thumbs\/bluesteel\/advf\/imagenes\/2021\/12\/61bde29806a83_900.jpg\",\"datePublished\":\"2022-06-06T19:45:12+00:00\",\"author\":{\"@id\":\"https:\/\/www.noticiasradioreflejos.com.ar\/2021\/#\/schema\/person\/ad82545263dcc5ec0996818884fd5fb1\"},\"breadcrumb\":{\"@id\":\"https:\/\/www.noticiasradioreflejos.com.ar\/2021\/para-macri-fue-desmesurada-la-reaccion-de-la-ucr-a-sus-comentarios-sobre-yrigoyen\/#breadcrumb\"},\"inLanguage\":\"es\",\"potentialAction\":[{\"@type\":\"ReadAction\",\"target\":[\"https:\/\/www.noticiasradioreflejos.com.ar\/2021\/para-macri-fue-desmesurada-la-reaccion-de-la-ucr-a-sus-comentarios-sobre-yrigoyen\/\"]}]},{\"@type\":\"ImageObject\",\"inLanguage\":\"es\",\"@id\":\"https:\/\/www.noticiasradioreflejos.com.ar\/2021\/para-macri-fue-desmesurada-la-reaccion-de-la-ucr-a-sus-comentarios-sobre-yrigoyen\/#primaryimage\",\"url\":\"https:\/\/www.telam.com.ar\/thumbs\/bluesteel\/advf\/imagenes\/2021\/12\/61bde29806a83_900.jpg\",\"contentUrl\":\"https:\/\/www.telam.com.ar\/thumbs\/bluesteel\/advf\/imagenes\/2021\/12\/61bde29806a83_900.jpg\"},{\"@type\":\"BreadcrumbList\",\"@id\":\"https:\/\/www.noticiasradioreflejos.com.ar\/2021\/para-macri-fue-desmesurada-la-reaccion-de-la-ucr-a-sus-comentarios-sobre-yrigoyen\/#breadcrumb\",\"itemListElement\":[{\"@type\":\"ListItem\",\"position\":1,\"name\":\"Portada\",\"item\":\"https:\/\/www.noticiasradioreflejos.com.ar\/2021\/\"},{\"@type\":\"ListItem\",\"position\":2,\"name\":\"Para Macri fue \u00abdesmesurada\u00bb la reacci\u00f3n de la UCR a sus comentarios sobre Yrigoyen\"}]},{\"@type\":\"WebSite\",\"@id\":\"https:\/\/www.noticiasradioreflejos.com.ar\/2021\/#website\",\"url\":\"https:\/\/www.noticiasradioreflejos.com.ar\/2021\/\",\"name\":\"Noticias Radio Reflejos\",\"description\":\"Las noticias de mi comarca\",\"potentialAction\":[{\"@type\":\"SearchAction\",\"target\":{\"@type\":\"EntryPoint\",\"urlTemplate\":\"https:\/\/www.noticiasradioreflejos.com.ar\/2021\/?s={search_term_string}\"},\"query-input\":{\"@type\":\"PropertyValueSpecification\",\"valueRequired\":true,\"valueName\":\"search_term_string\"}}],\"inLanguage\":\"es\"},{\"@type\":\"Person\",\"@id\":\"https:\/\/www.noticiasradioreflejos.com.ar\/2021\/#\/schema\/person\/ad82545263dcc5ec0996818884fd5fb1\",\"name\":\"Arnaldo Botto\",\"image\":{\"@type\":\"ImageObject\",\"inLanguage\":\"es\",\"@id\":\"https:\/\/www.noticiasradioreflejos.com.ar\/2021\/#\/schema\/person\/image\/\",\"url\":\"https:\/\/secure.gravatar.com\/avatar\/55cb5e37c1efa326397366e6974cb338056df65cb50e7d64d1cf314e87504837?s=96&d=mm&r=g\",\"contentUrl\":\"https:\/\/secure.gravatar.com\/avatar\/55cb5e37c1efa326397366e6974cb338056df65cb50e7d64d1cf314e87504837?s=96&d=mm&r=g\",\"caption\":\"Arnaldo Botto\"},\"url\":\"https:\/\/www.noticiasradioreflejos.com.ar\/2021\/author\/arnaldo\/\"}]}<\/script>\n<!-- \/ Yoast SEO plugin. -->","yoast_head_json":{"title":"Para Macri fue \"desmesurada\" la reacci\u00f3n de la UCR a sus comentarios sobre Yrigoyen - Noticias Radio Reflejos","robots":{"index":"index","follow":"follow","max-snippet":"max-snippet:-1","max-image-preview":"max-image-preview:large","max-video-preview":"max-video-preview:-1"},"canonical":"https:\/\/www.noticiasradioreflejos.com.ar\/2021\/para-macri-fue-desmesurada-la-reaccion-de-la-ucr-a-sus-comentarios-sobre-yrigoyen\/","og_locale":"es_ES","og_type":"article","og_title":"Para Macri fue \"desmesurada\" la reacci\u00f3n de la UCR a sus comentarios sobre Yrigoyen - Noticias Radio Reflejos","og_description":"\u00abLamento la carta que he recibido (a todas luces desmesurada) que descontextualiza un apunte hist\u00f3rico que hice en una conferencia en Brasil\u00bb, afirm\u00f3 el expresidente, acusado por sectores del radicalismo de generar un quiebre en JxC.","og_url":"https:\/\/www.noticiasradioreflejos.com.ar\/2021\/para-macri-fue-desmesurada-la-reaccion-de-la-ucr-a-sus-comentarios-sobre-yrigoyen\/","og_site_name":"Noticias Radio Reflejos","article_published_time":"2022-06-06T19:45:12+00:00","og_image":[{"url":"https:\/\/www.telam.com.ar\/thumbs\/bluesteel\/advf\/imagenes\/2021\/12\/61bde29806a83_900.jpg","type":"","width":"","height":""}],"author":"Arnaldo Botto","twitter_card":"summary_large_image","schema":{"@context":"https:\/\/schema.org","@graph":[{"@type":"WebPage","@id":"https:\/\/www.noticiasradioreflejos.com.ar\/2021\/para-macri-fue-desmesurada-la-reaccion-de-la-ucr-a-sus-comentarios-sobre-yrigoyen\/","url":"https:\/\/www.noticiasradioreflejos.com.ar\/2021\/para-macri-fue-desmesurada-la-reaccion-de-la-ucr-a-sus-comentarios-sobre-yrigoyen\/","name":"Para Macri fue \"desmesurada\" la reacci\u00f3n de la UCR a sus comentarios sobre Yrigoyen - Noticias Radio Reflejos","isPartOf":{"@id":"https:\/\/www.noticiasradioreflejos.com.ar\/2021\/#website"},"primaryImageOfPage":{"@id":"https:\/\/www.noticiasradioreflejos.com.ar\/2021\/para-macri-fue-desmesurada-la-reaccion-de-la-ucr-a-sus-comentarios-sobre-yrigoyen\/#primaryimage"},"image":{"@id":"https:\/\/www.noticiasradioreflejos.com.ar\/2021\/para-macri-fue-desmesurada-la-reaccion-de-la-ucr-a-sus-comentarios-sobre-yrigoyen\/#primaryimage"},"thumbnailUrl":"https:\/\/www.telam.com.ar\/thumbs\/bluesteel\/advf\/imagenes\/2021\/12\/61bde29806a83_900.jpg","datePublished":"2022-06-06T19:45:12+00:00","author":{"@id":"https:\/\/www.noticiasradioreflejos.com.ar\/2021\/#\/schema\/person\/ad82545263dcc5ec0996818884fd5fb1"},"breadcrumb":{"@id":"https:\/\/www.noticiasradioreflejos.com.ar\/2021\/para-macri-fue-desmesurada-la-reaccion-de-la-ucr-a-sus-comentarios-sobre-yrigoyen\/#breadcrumb"},"inLanguage":"es","potentialAction":[{"@type":"ReadAction","target":["https:\/\/www.noticiasradioreflejos.com.ar\/2021\/para-macri-fue-desmesurada-la-reaccion-de-la-ucr-a-sus-comentarios-sobre-yrigoyen\/"]}]},{"@type":"ImageObject","inLanguage":"es","@id":"https:\/\/www.noticiasradioreflejos.com.ar\/2021\/para-macri-fue-desmesurada-la-reaccion-de-la-ucr-a-sus-comentarios-sobre-yrigoyen\/#primaryimage","url":"https:\/\/www.telam.com.ar\/thumbs\/bluesteel\/advf\/imagenes\/2021\/12\/61bde29806a83_900.jpg","contentUrl":"https:\/\/www.telam.com.ar\/thumbs\/bluesteel\/advf\/imagenes\/2021\/12\/61bde29806a83_900.jpg"},{"@type":"BreadcrumbList","@id":"https:\/\/www.noticiasradioreflejos.com.ar\/2021\/para-macri-fue-desmesurada-la-reaccion-de-la-ucr-a-sus-comentarios-sobre-yrigoyen\/#breadcrumb","itemListElement":[{"@type":"ListItem","position":1,"name":"Portada","item":"https:\/\/www.noticiasradioreflejos.com.ar\/2021\/"},{"@type":"ListItem","position":2,"name":"Para Macri fue \u00abdesmesurada\u00bb la reacci\u00f3n de la UCR a sus comentarios sobre Yrigoyen"}]},{"@type":"WebSite","@id":"https:\/\/www.noticiasradioreflejos.com.ar\/2021\/#website","url":"https:\/\/www.noticiasradioreflejos.com.ar\/2021\/","name":"Noticias Radio Reflejos","description":"Las noticias de mi comarca","potentialAction":[{"@type":"SearchAction","target":{"@type":"EntryPoint","urlTemplate":"https:\/\/www.noticiasradioreflejos.com.ar\/2021\/?s={search_term_string}"},"query-input":{"@type":"PropertyValueSpecification","valueRequired":true,"valueName":"search_term_string"}}],"inLanguage":"es"},{"@type":"Person","@id":"https:\/\/www.noticiasradioreflejos.com.ar\/2021\/#\/schema\/person\/ad82545263dcc5ec0996818884fd5fb1","name":"Arnaldo Botto","image":{"@type":"ImageObject","inLanguage":"es","@id":"https:\/\/www.noticiasradioreflejos.com.ar\/2021\/#\/schema\/person\/image\/","url":"https:\/\/secure.gravatar.com\/avatar\/55cb5e37c1efa326397366e6974cb338056df65cb50e7d64d1cf314e87504837?s=96&d=mm&r=g","contentUrl":"https:\/\/secure.gravatar.com\/avatar\/55cb5e37c1efa326397366e6974cb338056df65cb50e7d64d1cf314e87504837?s=96&d=mm&r=g","caption":"Arnaldo Botto"},"url":"https:\/\/www.noticiasradioreflejos.com.ar\/2021\/author\/arnaldo\/"}]}},"_links":{"self":[{"href":"https:\/\/www.noticiasradioreflejos.com.ar\/2021\/wp-json\/wp\/v2\/posts\/73329","targetHints":{"allow":["GET"]}}],"collection":[{"href":"https:\/\/www.noticiasradioreflejos.com.ar\/2021\/wp-json\/wp\/v2\/posts"}],"about":[{"href":"https:\/\/www.noticiasradioreflejos.com.ar\/2021\/wp-json\/wp\/v2\/types\/post"}],"author":[{"embeddable":true,"href":"https:\/\/www.noticiasradioreflejos.com.ar\/2021\/wp-json\/wp\/v2\/users\/3"}],"replies":[{"embeddable":true,"href":"https:\/\/www.noticiasradioreflejos.com.ar\/2021\/wp-json\/wp\/v2\/comments?post=73329"}],"version-history":[{"count":1,"href":"https:\/\/www.noticiasradioreflejos.com.ar\/2021\/wp-json\/wp\/v2\/posts\/73329\/revisions"}],"predecessor-version":[{"id":73330,"href":"https:\/\/www.noticiasradioreflejos.com.ar\/2021\/wp-json\/wp\/v2\/posts\/73329\/revisions\/73330"}],"wp:attachment":[{"href":"https:\/\/www.noticiasradioreflejos.com.ar\/2021\/wp-json\/wp\/v2\/media?parent=73329"}],"wp:term":[{"taxonomy":"category","embeddable":true,"href":"https:\/\/www.noticiasradioreflejos.com.ar\/2021\/wp-json\/wp\/v2\/categories?post=73329"},{"taxonomy":"post_tag","embeddable":true,"href":"https:\/\/www.noticiasradioreflejos.com.ar\/2021\/wp-json\/wp\/v2\/tags?post=73329"}],"curies":[{"name":"wp","href":"https:\/\/api.w.org\/{rel}","templated":true}]}}