{"id":73318,"date":"2022-06-06T18:07:55","date_gmt":"2022-06-06T18:07:55","guid":{"rendered":"http:\/\/www.noticiasradioreflejos.com.ar\/2021\/?p=73318"},"modified":"2022-06-06T18:07:55","modified_gmt":"2022-06-06T18:07:55","slug":"en-el-distrito-de-tornquist-los-calefactores-no-se-compraron-en-enero-o-febrero-se-compraron-el-lunes","status":"publish","type":"post","link":"https:\/\/www.noticiasradioreflejos.com.ar\/2021\/en-el-distrito-de-tornquist-los-calefactores-no-se-compraron-en-enero-o-febrero-se-compraron-el-lunes\/","title":{"rendered":"\u201cEn el distrito de Tornquist los calefactores no se compraron en enero o febrero; se compraron el lunes\u201d"},"content":{"rendered":"<p><strong>El concejal Bruno Zacconi<\/strong> se meti\u00f3 en la disputa generada tras un comunicado de Juntos por el Cambio, que se plegaba a la problem\u00e1tica provincial de la calefacci\u00f3n en las escuelas.<!--more--><\/p>\n<p>Un nuevo condimento lleg\u00f3 para alimentar la grieta. En esta ocasi\u00f3n, alcanz\u00f3 tan solo con un comunicado de Juntos por el Cambio respecto a los problemas de calefacci\u00f3n en las escuelas de la provincia para que el cruce de chicanas sobrevuele el aire de la comarca, en un comienzo de semana donde el fr\u00edo dio cierto alivio.<\/p>\n<p><strong>\u201cEl comunicado tiene en parte hasta tintes irracionales que quieren cargarse gestiones. Parece que el bloque de Juntos ya est\u00e1 en campa\u00f1a\u201d<\/strong> remarc\u00f3 el edil Bruno Zacconi, al mismo tiempo que reconoci\u00f3 que \u201clo que causa gracia es que parece que el consejo escolar comenz\u00f3 a trabajar ahora\u201d.<\/p>\n<p>En esa l\u00ednea admiti\u00f3 que \u201cel intendente trabaja much\u00edsimo en educaci\u00f3n y fue reconocido en campa\u00f1a. Pero am\u00e9n de eso, cuando hablamos de gesti\u00f3n del consejo escolar podr\u00edamos hacer much\u00edsimas cr\u00edticas, y sobre todo con este comunicado\u201d.<\/p>\n<p>Siguiendo ese\u00a0 hilo, fustig\u00f3 al decir que<strong> \u201cse quejan de la calefacci\u00f3n a nivel provincial, y no digo que no tengan raz\u00f3n, pero uno tiene que ser muy prolijo con estas declaraciones, porque si el consejo escolar hubiese previsto la calefacci\u00f3n de nuestros chicos en nuestro distrito, no deber\u00eda haber salido el lunes pasado con una ola polar encima, a comprar calefactores. No se compraron en enero o febrero en el distrito de tornquist, se compraron el lunes\u201d.<\/strong><\/p>\n<p>Cerrando el tema, reflexion\u00f3 que \u201cuno cuando se queja tiene que estar muy seguro de lo que viene haciendo y condecirse con la realidad. No digo que no tengan o tengan raz\u00f3n. En el distrito tenemos temas m\u00e1s importantes que meternos con problem\u00e1ticas provinciales que no tienen que ver con la realidad del distrito\u201d.<\/p>\n<p>En otro pasaje de la charla, y al ser el ex funcionario a cargo del \u00e1rea de diversidad y juventud, lo vivido en el teatro Funke con la emisi\u00f3n del cortometraje sobre violencia de g\u00e9nero fue un tema que tambi\u00e9n sali\u00f3.<\/p>\n<p>\u201cLa verdad que la semana pasada fue muy gratificante a nivel colectivo, como sociedad, la participaci\u00f3n en el teatro que tuvimos el viernes de este corto. Fue muy importante. Remarca la toma de conciencia que se tiene sobre la lucha contra la violencia de g\u00e9nero\u201d sostuvo.<\/p>\n<p>De igual manera se sincer\u00f3 al decir que \u201chace dos a\u00f1os cuando empez\u00e1bamos con la direcci\u00f3n de juventud, g\u00e9nero y diversidad sexual, eran temas que no estaban abordados. Solo hab\u00eda expresiones de vecinas en el concejo de las mujeres o red de vecinas. Falta much\u00edsimo por trabajar. Nadie lo desconoce. Pero en dos a\u00f1os se han dado pasos important\u00edsimos y tiene que ver con un acompa\u00f1amiento muy fuerte que sentidos desde el Ministerio de la Mujer\u201d.<\/p>\n<p>&nbsp;<\/p>\n<p><iframe loading=\"lazy\" src=\"https:\/\/w.soundcloud.com\/player\/?url=https%3A\/\/api.soundcloud.com\/tracks\/1282052236&amp;color=%23ff5500&amp;auto_play=false&amp;hide_related=false&amp;show_comments=true&amp;show_user=true&amp;show_reposts=false&amp;show_teaser=true\" width=\"100%\" height=\"166\" frameborder=\"no\" scrolling=\"no\"><\/iframe><\/p>\n<div style=\"font-size: 10px; color: #cccccc; line-break: anywhere; word-break: normal; overflow: hidden; white-space: nowrap; text-overflow: ellipsis; font-family: Interstate,Lucida Grande,Lucida Sans Unicode,Lucida Sans,Garuda,Verdana,Tahoma,sans-serif; font-weight: 100;\"><a style=\"color: #cccccc; text-decoration: none;\" title=\"fmreflejos 103.7\" href=\"https:\/\/soundcloud.com\/fmreflejos-103-7\" target=\"_blank\" rel=\"noopener\">fmreflejos 103.7<\/a> \u00b7 <a style=\"color: #cccccc; text-decoration: none;\" title=\"Bruno Zacconi\" href=\"https:\/\/soundcloud.com\/fmreflejos-103-7\/bruno-zaconni-7\" target=\"_blank\" rel=\"noopener\">Bruno Zacconi<\/a><\/div>\n","protected":false},"excerpt":{"rendered":"<p>El concejal Bruno Zacconi se meti\u00f3 en la disputa generada tras un comunicado de Juntos por el Cambio, que se plegaba a la problem\u00e1tica provincial de la calefacci\u00f3n en las escuelas.<\/p>\n","protected":false},"author":3,"featured_media":0,"comment_status":"closed","ping_status":"closed","sticky":false,"template":"","format":"standard","meta":{"footnotes":""},"categories":[28,24],"tags":[48],"class_list":["post-73318","post","type-post","status-publish","format-standard","hentry","category-municipales","category-politica","tag-destacada"],"yoast_head":"<!-- This site is optimized with the Yoast SEO plugin v25.9 - https:\/\/yoast.com\/wordpress\/plugins\/seo\/ -->\n<title>\u201cEn el distrito de Tornquist los calefactores no se compraron en enero o febrero; se compraron el lunes\u201d - Noticias Radio Reflejos<\/title>\n<meta name=\"robots\" content=\"index, follow, max-snippet:-1, max-image-preview:large, max-video-preview:-1\" \/>\n<link rel=\"canonical\" href=\"https:\/\/www.noticiasradioreflejos.com.ar\/2021\/en-el-distrito-de-tornquist-los-calefactores-no-se-compraron-en-enero-o-febrero-se-compraron-el-lunes\/\" \/>\n<meta property=\"og:locale\" content=\"es_ES\" \/>\n<meta property=\"og:type\" content=\"article\" \/>\n<meta property=\"og:title\" content=\"\u201cEn el distrito de Tornquist los calefactores no se compraron en enero o febrero; se compraron el lunes\u201d - Noticias Radio Reflejos\" \/>\n<meta property=\"og:description\" content=\"El concejal Bruno Zacconi se meti\u00f3 en la disputa generada tras un comunicado de Juntos por el Cambio, que se plegaba a la problem\u00e1tica provincial de la calefacci\u00f3n en las escuelas.\" \/>\n<meta property=\"og:url\" content=\"https:\/\/www.noticiasradioreflejos.com.ar\/2021\/en-el-distrito-de-tornquist-los-calefactores-no-se-compraron-en-enero-o-febrero-se-compraron-el-lunes\/\" \/>\n<meta property=\"og:site_name\" content=\"Noticias Radio Reflejos\" \/>\n<meta property=\"article:published_time\" content=\"2022-06-06T18:07:55+00:00\" \/>\n<meta property=\"og:image\" content=\"https:\/\/www.noticiasradioreflejos.com.ar\/2021\/wp-content\/uploads\/2021\/07\/logosol300x200.png\" \/>\n\t<meta property=\"og:image:width\" content=\"300\" \/>\n\t<meta property=\"og:image:height\" content=\"200\" \/>\n\t<meta property=\"og:image:type\" content=\"image\/png\" \/>\n<meta name=\"author\" content=\"Arnaldo Botto\" \/>\n<meta name=\"twitter:card\" content=\"summary_large_image\" \/>\n<script type=\"application\/ld+json\" class=\"yoast-schema-graph\">{\"@context\":\"https:\/\/schema.org\",\"@graph\":[{\"@type\":\"WebPage\",\"@id\":\"https:\/\/www.noticiasradioreflejos.com.ar\/2021\/en-el-distrito-de-tornquist-los-calefactores-no-se-compraron-en-enero-o-febrero-se-compraron-el-lunes\/\",\"url\":\"https:\/\/www.noticiasradioreflejos.com.ar\/2021\/en-el-distrito-de-tornquist-los-calefactores-no-se-compraron-en-enero-o-febrero-se-compraron-el-lunes\/\",\"name\":\"\u201cEn el distrito de Tornquist los calefactores no se compraron en enero o febrero; se compraron el lunes\u201d - Noticias Radio Reflejos\",\"isPartOf\":{\"@id\":\"https:\/\/www.noticiasradioreflejos.com.ar\/2021\/#website\"},\"datePublished\":\"2022-06-06T18:07:55+00:00\",\"author\":{\"@id\":\"https:\/\/www.noticiasradioreflejos.com.ar\/2021\/#\/schema\/person\/ad82545263dcc5ec0996818884fd5fb1\"},\"breadcrumb\":{\"@id\":\"https:\/\/www.noticiasradioreflejos.com.ar\/2021\/en-el-distrito-de-tornquist-los-calefactores-no-se-compraron-en-enero-o-febrero-se-compraron-el-lunes\/#breadcrumb\"},\"inLanguage\":\"es\",\"potentialAction\":[{\"@type\":\"ReadAction\",\"target\":[\"https:\/\/www.noticiasradioreflejos.com.ar\/2021\/en-el-distrito-de-tornquist-los-calefactores-no-se-compraron-en-enero-o-febrero-se-compraron-el-lunes\/\"]}]},{\"@type\":\"BreadcrumbList\",\"@id\":\"https:\/\/www.noticiasradioreflejos.com.ar\/2021\/en-el-distrito-de-tornquist-los-calefactores-no-se-compraron-en-enero-o-febrero-se-compraron-el-lunes\/#breadcrumb\",\"itemListElement\":[{\"@type\":\"ListItem\",\"position\":1,\"name\":\"Portada\",\"item\":\"https:\/\/www.noticiasradioreflejos.com.ar\/2021\/\"},{\"@type\":\"ListItem\",\"position\":2,\"name\":\"\u201cEn el distrito de Tornquist los calefactores no se compraron en enero o febrero; se compraron el lunes\u201d\"}]},{\"@type\":\"WebSite\",\"@id\":\"https:\/\/www.noticiasradioreflejos.com.ar\/2021\/#website\",\"url\":\"https:\/\/www.noticiasradioreflejos.com.ar\/2021\/\",\"name\":\"Noticias Radio Reflejos\",\"description\":\"Las noticias de mi comarca\",\"potentialAction\":[{\"@type\":\"SearchAction\",\"target\":{\"@type\":\"EntryPoint\",\"urlTemplate\":\"https:\/\/www.noticiasradioreflejos.com.ar\/2021\/?s={search_term_string}\"},\"query-input\":{\"@type\":\"PropertyValueSpecification\",\"valueRequired\":true,\"valueName\":\"search_term_string\"}}],\"inLanguage\":\"es\"},{\"@type\":\"Person\",\"@id\":\"https:\/\/www.noticiasradioreflejos.com.ar\/2021\/#\/schema\/person\/ad82545263dcc5ec0996818884fd5fb1\",\"name\":\"Arnaldo Botto\",\"image\":{\"@type\":\"ImageObject\",\"inLanguage\":\"es\",\"@id\":\"https:\/\/www.noticiasradioreflejos.com.ar\/2021\/#\/schema\/person\/image\/\",\"url\":\"https:\/\/secure.gravatar.com\/avatar\/55cb5e37c1efa326397366e6974cb338056df65cb50e7d64d1cf314e87504837?s=96&d=mm&r=g\",\"contentUrl\":\"https:\/\/secure.gravatar.com\/avatar\/55cb5e37c1efa326397366e6974cb338056df65cb50e7d64d1cf314e87504837?s=96&d=mm&r=g\",\"caption\":\"Arnaldo Botto\"},\"url\":\"https:\/\/www.noticiasradioreflejos.com.ar\/2021\/author\/arnaldo\/\"}]}<\/script>\n<!-- \/ Yoast SEO plugin. -->","yoast_head_json":{"title":"\u201cEn el distrito de Tornquist los calefactores no se compraron en enero o febrero; se compraron el lunes\u201d - Noticias Radio Reflejos","robots":{"index":"index","follow":"follow","max-snippet":"max-snippet:-1","max-image-preview":"max-image-preview:large","max-video-preview":"max-video-preview:-1"},"canonical":"https:\/\/www.noticiasradioreflejos.com.ar\/2021\/en-el-distrito-de-tornquist-los-calefactores-no-se-compraron-en-enero-o-febrero-se-compraron-el-lunes\/","og_locale":"es_ES","og_type":"article","og_title":"\u201cEn el distrito de Tornquist los calefactores no se compraron en enero o febrero; se compraron el lunes\u201d - Noticias Radio Reflejos","og_description":"El concejal Bruno Zacconi se meti\u00f3 en la disputa generada tras un comunicado de Juntos por el Cambio, que se plegaba a la problem\u00e1tica provincial de la calefacci\u00f3n en las escuelas.","og_url":"https:\/\/www.noticiasradioreflejos.com.ar\/2021\/en-el-distrito-de-tornquist-los-calefactores-no-se-compraron-en-enero-o-febrero-se-compraron-el-lunes\/","og_site_name":"Noticias Radio Reflejos","article_published_time":"2022-06-06T18:07:55+00:00","og_image":[{"width":300,"height":200,"url":"https:\/\/www.noticiasradioreflejos.com.ar\/2021\/wp-content\/uploads\/2021\/07\/logosol300x200.png","type":"image\/png"}],"author":"Arnaldo Botto","twitter_card":"summary_large_image","schema":{"@context":"https:\/\/schema.org","@graph":[{"@type":"WebPage","@id":"https:\/\/www.noticiasradioreflejos.com.ar\/2021\/en-el-distrito-de-tornquist-los-calefactores-no-se-compraron-en-enero-o-febrero-se-compraron-el-lunes\/","url":"https:\/\/www.noticiasradioreflejos.com.ar\/2021\/en-el-distrito-de-tornquist-los-calefactores-no-se-compraron-en-enero-o-febrero-se-compraron-el-lunes\/","name":"\u201cEn el distrito de Tornquist los calefactores no se compraron en enero o febrero; se compraron el lunes\u201d - Noticias Radio Reflejos","isPartOf":{"@id":"https:\/\/www.noticiasradioreflejos.com.ar\/2021\/#website"},"datePublished":"2022-06-06T18:07:55+00:00","author":{"@id":"https:\/\/www.noticiasradioreflejos.com.ar\/2021\/#\/schema\/person\/ad82545263dcc5ec0996818884fd5fb1"},"breadcrumb":{"@id":"https:\/\/www.noticiasradioreflejos.com.ar\/2021\/en-el-distrito-de-tornquist-los-calefactores-no-se-compraron-en-enero-o-febrero-se-compraron-el-lunes\/#breadcrumb"},"inLanguage":"es","potentialAction":[{"@type":"ReadAction","target":["https:\/\/www.noticiasradioreflejos.com.ar\/2021\/en-el-distrito-de-tornquist-los-calefactores-no-se-compraron-en-enero-o-febrero-se-compraron-el-lunes\/"]}]},{"@type":"BreadcrumbList","@id":"https:\/\/www.noticiasradioreflejos.com.ar\/2021\/en-el-distrito-de-tornquist-los-calefactores-no-se-compraron-en-enero-o-febrero-se-compraron-el-lunes\/#breadcrumb","itemListElement":[{"@type":"ListItem","position":1,"name":"Portada","item":"https:\/\/www.noticiasradioreflejos.com.ar\/2021\/"},{"@type":"ListItem","position":2,"name":"\u201cEn el distrito de Tornquist los calefactores no se compraron en enero o febrero; se compraron el lunes\u201d"}]},{"@type":"WebSite","@id":"https:\/\/www.noticiasradioreflejos.com.ar\/2021\/#website","url":"https:\/\/www.noticiasradioreflejos.com.ar\/2021\/","name":"Noticias Radio Reflejos","description":"Las noticias de mi comarca","potentialAction":[{"@type":"SearchAction","target":{"@type":"EntryPoint","urlTemplate":"https:\/\/www.noticiasradioreflejos.com.ar\/2021\/?s={search_term_string}"},"query-input":{"@type":"PropertyValueSpecification","valueRequired":true,"valueName":"search_term_string"}}],"inLanguage":"es"},{"@type":"Person","@id":"https:\/\/www.noticiasradioreflejos.com.ar\/2021\/#\/schema\/person\/ad82545263dcc5ec0996818884fd5fb1","name":"Arnaldo Botto","image":{"@type":"ImageObject","inLanguage":"es","@id":"https:\/\/www.noticiasradioreflejos.com.ar\/2021\/#\/schema\/person\/image\/","url":"https:\/\/secure.gravatar.com\/avatar\/55cb5e37c1efa326397366e6974cb338056df65cb50e7d64d1cf314e87504837?s=96&d=mm&r=g","contentUrl":"https:\/\/secure.gravatar.com\/avatar\/55cb5e37c1efa326397366e6974cb338056df65cb50e7d64d1cf314e87504837?s=96&d=mm&r=g","caption":"Arnaldo Botto"},"url":"https:\/\/www.noticiasradioreflejos.com.ar\/2021\/author\/arnaldo\/"}]}},"_links":{"self":[{"href":"https:\/\/www.noticiasradioreflejos.com.ar\/2021\/wp-json\/wp\/v2\/posts\/73318","targetHints":{"allow":["GET"]}}],"collection":[{"href":"https:\/\/www.noticiasradioreflejos.com.ar\/2021\/wp-json\/wp\/v2\/posts"}],"about":[{"href":"https:\/\/www.noticiasradioreflejos.com.ar\/2021\/wp-json\/wp\/v2\/types\/post"}],"author":[{"embeddable":true,"href":"https:\/\/www.noticiasradioreflejos.com.ar\/2021\/wp-json\/wp\/v2\/users\/3"}],"replies":[{"embeddable":true,"href":"https:\/\/www.noticiasradioreflejos.com.ar\/2021\/wp-json\/wp\/v2\/comments?post=73318"}],"version-history":[{"count":2,"href":"https:\/\/www.noticiasradioreflejos.com.ar\/2021\/wp-json\/wp\/v2\/posts\/73318\/revisions"}],"predecessor-version":[{"id":73328,"href":"https:\/\/www.noticiasradioreflejos.com.ar\/2021\/wp-json\/wp\/v2\/posts\/73318\/revisions\/73328"}],"wp:attachment":[{"href":"https:\/\/www.noticiasradioreflejos.com.ar\/2021\/wp-json\/wp\/v2\/media?parent=73318"}],"wp:term":[{"taxonomy":"category","embeddable":true,"href":"https:\/\/www.noticiasradioreflejos.com.ar\/2021\/wp-json\/wp\/v2\/categories?post=73318"},{"taxonomy":"post_tag","embeddable":true,"href":"https:\/\/www.noticiasradioreflejos.com.ar\/2021\/wp-json\/wp\/v2\/tags?post=73318"}],"curies":[{"name":"wp","href":"https:\/\/api.w.org\/{rel}","templated":true}]}}