{"id":73313,"date":"2022-06-06T17:28:10","date_gmt":"2022-06-06T17:28:10","guid":{"rendered":"http:\/\/www.noticiasradioreflejos.com.ar\/2021\/?p=73313"},"modified":"2022-06-06T17:33:02","modified_gmt":"2022-06-06T17:33:02","slug":"condenaron-a-un-abusador-a-la-pena-de-12-anos-y-medio-de-prision","status":"publish","type":"post","link":"https:\/\/www.noticiasradioreflejos.com.ar\/2021\/condenaron-a-un-abusador-a-la-pena-de-12-anos-y-medio-de-prision\/","title":{"rendered":"Condenaron a un abusador a la pena de 12 a\u00f1os y medio de prisi\u00f3n"},"content":{"rendered":"<p>El Tribunal en lo Criminal N.\u00ba 2 conden\u00f3 a Walter Sebasti\u00e1n Rawson como autor penalmente responsable del delito de abuso sexual gravemente ultrajante en perjuicio de una compa\u00f1era de trabajo, a la pena de 6 a\u00f1os y 10 meses de prisi\u00f3n.<!--more--><\/p>\n<div class=\"col-lg-6\"><img decoding=\"async\" class=\"img-fluid aligncenter\" src=\"https:\/\/agenciadenoticiasjudiciales.com\/wp-content\/uploads\/2022\/03\/tribunales-17-1200x1200.jpg\" alt=\"\" \/><\/div>\n<div class=\"post-single-wrapper p-t-xs-60\">\n<div class=\"container\">\n<div class=\"social-share-sticky\">\n<div class=\"shared-counts-wrap sidebar-top style-icon\"><\/div>\n<\/div>\n<div class=\"row\">\n<div class=\"col-xl-8 axil-main\">\n<div class=\"theiaStickySidebar\">\n<article class=\"post-details\">Adem\u00e1s, el imputado contaba con una sentencia condenatoria del Tribunal en lo Criminal N\u00b0 3 por el delito de abuso sexual simple reiterado, agravado por el v\u00ednculo y por ser cometido contra una menor de 18 a\u00f1os, aprovech\u00e1ndose de la situaci\u00f3n de convivencia, en concurso real con abuso sexual simple reiterado, agravado por el vinculo -dos hechos- en concurso real de delitos, en la que se le impuso la pena de 6 a\u00f1os de prisi\u00f3n.Por lo tanto, el Juez Eugenio Casas \u2013 integrante unipersonal del Tribunal \u2013 entendi\u00f3 que la pena \u00fanica que corresponde imponerle a Rawson es la de 12 a\u00f1os y 6 meses de prisi\u00f3n.<\/article>\n<\/div>\n<\/div>\n<\/div>\n<\/div>\n<\/div>\n","protected":false},"excerpt":{"rendered":"<p>El Tribunal en lo Criminal N.\u00ba 2 conden\u00f3 a Walter Sebasti\u00e1n Rawson como autor penalmente responsable del delito de abuso sexual gravemente ultrajante en perjuicio de una compa\u00f1era de trabajo, a la pena de 6 a\u00f1os y 10 meses de prisi\u00f3n.<\/p>\n","protected":false},"author":3,"featured_media":0,"comment_status":"closed","ping_status":"closed","sticky":false,"template":"","format":"standard","meta":{"footnotes":""},"categories":[57],"tags":[],"class_list":["post-73313","post","type-post","status-publish","format-standard","hentry","category-judiciales"],"yoast_head":"<!-- This site is optimized with the Yoast SEO plugin v25.9 - https:\/\/yoast.com\/wordpress\/plugins\/seo\/ -->\n<title>Condenaron a un abusador a la pena de 12 a\u00f1os y medio de prisi\u00f3n - Noticias Radio Reflejos<\/title>\n<meta name=\"robots\" content=\"index, follow, max-snippet:-1, max-image-preview:large, max-video-preview:-1\" \/>\n<link rel=\"canonical\" href=\"https:\/\/www.noticiasradioreflejos.com.ar\/2021\/condenaron-a-un-abusador-a-la-pena-de-12-anos-y-medio-de-prision\/\" \/>\n<meta property=\"og:locale\" content=\"es_ES\" \/>\n<meta property=\"og:type\" content=\"article\" \/>\n<meta property=\"og:title\" content=\"Condenaron a un abusador a la pena de 12 a\u00f1os y medio de prisi\u00f3n - Noticias Radio Reflejos\" \/>\n<meta property=\"og:description\" content=\"El Tribunal en lo Criminal N.\u00ba 2 conden\u00f3 a Walter Sebasti\u00e1n Rawson como autor penalmente responsable del delito de abuso sexual gravemente ultrajante en perjuicio de una compa\u00f1era de trabajo, a la pena de 6 a\u00f1os y 10 meses de prisi\u00f3n.\" \/>\n<meta property=\"og:url\" content=\"https:\/\/www.noticiasradioreflejos.com.ar\/2021\/condenaron-a-un-abusador-a-la-pena-de-12-anos-y-medio-de-prision\/\" \/>\n<meta property=\"og:site_name\" content=\"Noticias Radio Reflejos\" \/>\n<meta property=\"article:published_time\" content=\"2022-06-06T17:28:10+00:00\" \/>\n<meta property=\"article:modified_time\" content=\"2022-06-06T17:33:02+00:00\" \/>\n<meta property=\"og:image\" content=\"https:\/\/agenciadenoticiasjudiciales.com\/wp-content\/uploads\/2022\/03\/tribunales-17-1200x1200.jpg\" \/>\n<meta name=\"author\" content=\"Arnaldo Botto\" \/>\n<meta name=\"twitter:card\" content=\"summary_large_image\" \/>\n<script type=\"application\/ld+json\" class=\"yoast-schema-graph\">{\"@context\":\"https:\/\/schema.org\",\"@graph\":[{\"@type\":\"WebPage\",\"@id\":\"https:\/\/www.noticiasradioreflejos.com.ar\/2021\/condenaron-a-un-abusador-a-la-pena-de-12-anos-y-medio-de-prision\/\",\"url\":\"https:\/\/www.noticiasradioreflejos.com.ar\/2021\/condenaron-a-un-abusador-a-la-pena-de-12-anos-y-medio-de-prision\/\",\"name\":\"Condenaron a un abusador a la pena de 12 a\u00f1os y medio de prisi\u00f3n - Noticias Radio Reflejos\",\"isPartOf\":{\"@id\":\"https:\/\/www.noticiasradioreflejos.com.ar\/2021\/#website\"},\"primaryImageOfPage\":{\"@id\":\"https:\/\/www.noticiasradioreflejos.com.ar\/2021\/condenaron-a-un-abusador-a-la-pena-de-12-anos-y-medio-de-prision\/#primaryimage\"},\"image\":{\"@id\":\"https:\/\/www.noticiasradioreflejos.com.ar\/2021\/condenaron-a-un-abusador-a-la-pena-de-12-anos-y-medio-de-prision\/#primaryimage\"},\"thumbnailUrl\":\"https:\/\/agenciadenoticiasjudiciales.com\/wp-content\/uploads\/2022\/03\/tribunales-17-1200x1200.jpg\",\"datePublished\":\"2022-06-06T17:28:10+00:00\",\"dateModified\":\"2022-06-06T17:33:02+00:00\",\"author\":{\"@id\":\"https:\/\/www.noticiasradioreflejos.com.ar\/2021\/#\/schema\/person\/ad82545263dcc5ec0996818884fd5fb1\"},\"breadcrumb\":{\"@id\":\"https:\/\/www.noticiasradioreflejos.com.ar\/2021\/condenaron-a-un-abusador-a-la-pena-de-12-anos-y-medio-de-prision\/#breadcrumb\"},\"inLanguage\":\"es\",\"potentialAction\":[{\"@type\":\"ReadAction\",\"target\":[\"https:\/\/www.noticiasradioreflejos.com.ar\/2021\/condenaron-a-un-abusador-a-la-pena-de-12-anos-y-medio-de-prision\/\"]}]},{\"@type\":\"ImageObject\",\"inLanguage\":\"es\",\"@id\":\"https:\/\/www.noticiasradioreflejos.com.ar\/2021\/condenaron-a-un-abusador-a-la-pena-de-12-anos-y-medio-de-prision\/#primaryimage\",\"url\":\"https:\/\/agenciadenoticiasjudiciales.com\/wp-content\/uploads\/2022\/03\/tribunales-17-1200x1200.jpg\",\"contentUrl\":\"https:\/\/agenciadenoticiasjudiciales.com\/wp-content\/uploads\/2022\/03\/tribunales-17-1200x1200.jpg\"},{\"@type\":\"BreadcrumbList\",\"@id\":\"https:\/\/www.noticiasradioreflejos.com.ar\/2021\/condenaron-a-un-abusador-a-la-pena-de-12-anos-y-medio-de-prision\/#breadcrumb\",\"itemListElement\":[{\"@type\":\"ListItem\",\"position\":1,\"name\":\"Portada\",\"item\":\"https:\/\/www.noticiasradioreflejos.com.ar\/2021\/\"},{\"@type\":\"ListItem\",\"position\":2,\"name\":\"Condenaron a un abusador a la pena de 12 a\u00f1os y medio de prisi\u00f3n\"}]},{\"@type\":\"WebSite\",\"@id\":\"https:\/\/www.noticiasradioreflejos.com.ar\/2021\/#website\",\"url\":\"https:\/\/www.noticiasradioreflejos.com.ar\/2021\/\",\"name\":\"Noticias Radio Reflejos\",\"description\":\"Las noticias de mi comarca\",\"potentialAction\":[{\"@type\":\"SearchAction\",\"target\":{\"@type\":\"EntryPoint\",\"urlTemplate\":\"https:\/\/www.noticiasradioreflejos.com.ar\/2021\/?s={search_term_string}\"},\"query-input\":{\"@type\":\"PropertyValueSpecification\",\"valueRequired\":true,\"valueName\":\"search_term_string\"}}],\"inLanguage\":\"es\"},{\"@type\":\"Person\",\"@id\":\"https:\/\/www.noticiasradioreflejos.com.ar\/2021\/#\/schema\/person\/ad82545263dcc5ec0996818884fd5fb1\",\"name\":\"Arnaldo Botto\",\"image\":{\"@type\":\"ImageObject\",\"inLanguage\":\"es\",\"@id\":\"https:\/\/www.noticiasradioreflejos.com.ar\/2021\/#\/schema\/person\/image\/\",\"url\":\"https:\/\/secure.gravatar.com\/avatar\/55cb5e37c1efa326397366e6974cb338056df65cb50e7d64d1cf314e87504837?s=96&d=mm&r=g\",\"contentUrl\":\"https:\/\/secure.gravatar.com\/avatar\/55cb5e37c1efa326397366e6974cb338056df65cb50e7d64d1cf314e87504837?s=96&d=mm&r=g\",\"caption\":\"Arnaldo Botto\"},\"url\":\"https:\/\/www.noticiasradioreflejos.com.ar\/2021\/author\/arnaldo\/\"}]}<\/script>\n<!-- \/ Yoast SEO plugin. -->","yoast_head_json":{"title":"Condenaron a un abusador a la pena de 12 a\u00f1os y medio de prisi\u00f3n - Noticias Radio Reflejos","robots":{"index":"index","follow":"follow","max-snippet":"max-snippet:-1","max-image-preview":"max-image-preview:large","max-video-preview":"max-video-preview:-1"},"canonical":"https:\/\/www.noticiasradioreflejos.com.ar\/2021\/condenaron-a-un-abusador-a-la-pena-de-12-anos-y-medio-de-prision\/","og_locale":"es_ES","og_type":"article","og_title":"Condenaron a un abusador a la pena de 12 a\u00f1os y medio de prisi\u00f3n - Noticias Radio Reflejos","og_description":"El Tribunal en lo Criminal N.\u00ba 2 conden\u00f3 a Walter Sebasti\u00e1n Rawson como autor penalmente responsable del delito de abuso sexual gravemente ultrajante en perjuicio de una compa\u00f1era de trabajo, a la pena de 6 a\u00f1os y 10 meses de prisi\u00f3n.","og_url":"https:\/\/www.noticiasradioreflejos.com.ar\/2021\/condenaron-a-un-abusador-a-la-pena-de-12-anos-y-medio-de-prision\/","og_site_name":"Noticias Radio Reflejos","article_published_time":"2022-06-06T17:28:10+00:00","article_modified_time":"2022-06-06T17:33:02+00:00","og_image":[{"url":"https:\/\/agenciadenoticiasjudiciales.com\/wp-content\/uploads\/2022\/03\/tribunales-17-1200x1200.jpg","type":"","width":"","height":""}],"author":"Arnaldo Botto","twitter_card":"summary_large_image","schema":{"@context":"https:\/\/schema.org","@graph":[{"@type":"WebPage","@id":"https:\/\/www.noticiasradioreflejos.com.ar\/2021\/condenaron-a-un-abusador-a-la-pena-de-12-anos-y-medio-de-prision\/","url":"https:\/\/www.noticiasradioreflejos.com.ar\/2021\/condenaron-a-un-abusador-a-la-pena-de-12-anos-y-medio-de-prision\/","name":"Condenaron a un abusador a la pena de 12 a\u00f1os y medio de prisi\u00f3n - Noticias Radio Reflejos","isPartOf":{"@id":"https:\/\/www.noticiasradioreflejos.com.ar\/2021\/#website"},"primaryImageOfPage":{"@id":"https:\/\/www.noticiasradioreflejos.com.ar\/2021\/condenaron-a-un-abusador-a-la-pena-de-12-anos-y-medio-de-prision\/#primaryimage"},"image":{"@id":"https:\/\/www.noticiasradioreflejos.com.ar\/2021\/condenaron-a-un-abusador-a-la-pena-de-12-anos-y-medio-de-prision\/#primaryimage"},"thumbnailUrl":"https:\/\/agenciadenoticiasjudiciales.com\/wp-content\/uploads\/2022\/03\/tribunales-17-1200x1200.jpg","datePublished":"2022-06-06T17:28:10+00:00","dateModified":"2022-06-06T17:33:02+00:00","author":{"@id":"https:\/\/www.noticiasradioreflejos.com.ar\/2021\/#\/schema\/person\/ad82545263dcc5ec0996818884fd5fb1"},"breadcrumb":{"@id":"https:\/\/www.noticiasradioreflejos.com.ar\/2021\/condenaron-a-un-abusador-a-la-pena-de-12-anos-y-medio-de-prision\/#breadcrumb"},"inLanguage":"es","potentialAction":[{"@type":"ReadAction","target":["https:\/\/www.noticiasradioreflejos.com.ar\/2021\/condenaron-a-un-abusador-a-la-pena-de-12-anos-y-medio-de-prision\/"]}]},{"@type":"ImageObject","inLanguage":"es","@id":"https:\/\/www.noticiasradioreflejos.com.ar\/2021\/condenaron-a-un-abusador-a-la-pena-de-12-anos-y-medio-de-prision\/#primaryimage","url":"https:\/\/agenciadenoticiasjudiciales.com\/wp-content\/uploads\/2022\/03\/tribunales-17-1200x1200.jpg","contentUrl":"https:\/\/agenciadenoticiasjudiciales.com\/wp-content\/uploads\/2022\/03\/tribunales-17-1200x1200.jpg"},{"@type":"BreadcrumbList","@id":"https:\/\/www.noticiasradioreflejos.com.ar\/2021\/condenaron-a-un-abusador-a-la-pena-de-12-anos-y-medio-de-prision\/#breadcrumb","itemListElement":[{"@type":"ListItem","position":1,"name":"Portada","item":"https:\/\/www.noticiasradioreflejos.com.ar\/2021\/"},{"@type":"ListItem","position":2,"name":"Condenaron a un abusador a la pena de 12 a\u00f1os y medio de prisi\u00f3n"}]},{"@type":"WebSite","@id":"https:\/\/www.noticiasradioreflejos.com.ar\/2021\/#website","url":"https:\/\/www.noticiasradioreflejos.com.ar\/2021\/","name":"Noticias Radio Reflejos","description":"Las noticias de mi comarca","potentialAction":[{"@type":"SearchAction","target":{"@type":"EntryPoint","urlTemplate":"https:\/\/www.noticiasradioreflejos.com.ar\/2021\/?s={search_term_string}"},"query-input":{"@type":"PropertyValueSpecification","valueRequired":true,"valueName":"search_term_string"}}],"inLanguage":"es"},{"@type":"Person","@id":"https:\/\/www.noticiasradioreflejos.com.ar\/2021\/#\/schema\/person\/ad82545263dcc5ec0996818884fd5fb1","name":"Arnaldo Botto","image":{"@type":"ImageObject","inLanguage":"es","@id":"https:\/\/www.noticiasradioreflejos.com.ar\/2021\/#\/schema\/person\/image\/","url":"https:\/\/secure.gravatar.com\/avatar\/55cb5e37c1efa326397366e6974cb338056df65cb50e7d64d1cf314e87504837?s=96&d=mm&r=g","contentUrl":"https:\/\/secure.gravatar.com\/avatar\/55cb5e37c1efa326397366e6974cb338056df65cb50e7d64d1cf314e87504837?s=96&d=mm&r=g","caption":"Arnaldo Botto"},"url":"https:\/\/www.noticiasradioreflejos.com.ar\/2021\/author\/arnaldo\/"}]}},"_links":{"self":[{"href":"https:\/\/www.noticiasradioreflejos.com.ar\/2021\/wp-json\/wp\/v2\/posts\/73313","targetHints":{"allow":["GET"]}}],"collection":[{"href":"https:\/\/www.noticiasradioreflejos.com.ar\/2021\/wp-json\/wp\/v2\/posts"}],"about":[{"href":"https:\/\/www.noticiasradioreflejos.com.ar\/2021\/wp-json\/wp\/v2\/types\/post"}],"author":[{"embeddable":true,"href":"https:\/\/www.noticiasradioreflejos.com.ar\/2021\/wp-json\/wp\/v2\/users\/3"}],"replies":[{"embeddable":true,"href":"https:\/\/www.noticiasradioreflejos.com.ar\/2021\/wp-json\/wp\/v2\/comments?post=73313"}],"version-history":[{"count":3,"href":"https:\/\/www.noticiasradioreflejos.com.ar\/2021\/wp-json\/wp\/v2\/posts\/73313\/revisions"}],"predecessor-version":[{"id":73319,"href":"https:\/\/www.noticiasradioreflejos.com.ar\/2021\/wp-json\/wp\/v2\/posts\/73313\/revisions\/73319"}],"wp:attachment":[{"href":"https:\/\/www.noticiasradioreflejos.com.ar\/2021\/wp-json\/wp\/v2\/media?parent=73313"}],"wp:term":[{"taxonomy":"category","embeddable":true,"href":"https:\/\/www.noticiasradioreflejos.com.ar\/2021\/wp-json\/wp\/v2\/categories?post=73313"},{"taxonomy":"post_tag","embeddable":true,"href":"https:\/\/www.noticiasradioreflejos.com.ar\/2021\/wp-json\/wp\/v2\/tags?post=73313"}],"curies":[{"name":"wp","href":"https:\/\/api.w.org\/{rel}","templated":true}]}}