{"id":73311,"date":"2022-06-06T17:51:28","date_gmt":"2022-06-06T17:51:28","guid":{"rendered":"http:\/\/www.noticiasradioreflejos.com.ar\/2021\/?p=73311"},"modified":"2022-06-10T14:06:46","modified_gmt":"2022-06-10T14:06:46","slug":"este-viernes-habra-musica-de-orillas-en-el-teatro-funke","status":"publish","type":"post","link":"https:\/\/www.noticiasradioreflejos.com.ar\/2021\/este-viernes-habra-musica-de-orillas-en-el-teatro-funke\/","title":{"rendered":"Este viernes habr\u00e1 m\u00fasica de orillas en el teatro Funke"},"content":{"rendered":"<p>El uruguayo Fernando Cuello y el rosarino Mart\u00edn Neri presentar\u00e1n \u201cDos orillas, una Canci\u00f3n\u201d.<!--more--><\/p>\n<p><iframe loading=\"lazy\" title=\"YouTube video player\" src=\"https:\/\/www.youtube.com\/embed\/3gNoFv3xubs\" width=\"330\" height=\"186\" frameborder=\"0\" allowfullscreen=\"allowfullscreen\"><\/iframe><\/p>\n<p>Un evento por dem\u00e1s atractivo tendr\u00e1 lugar el pr\u00f3ximo viernes desde las 21 en el teatro Funke. All\u00ed converger\u00e1n dos artistas, unidos por la m\u00fasica y el agua que todo lo nutre y conecta.<\/p>\n<p>\u201cDos orillas, una Canci\u00f3n\u201d es un espect\u00e1culo que suma cr\u00edticas positivas, tras su paso por Viedma, Bah\u00eda Blanca y Mar del Plata. En los pr\u00f3ximos d\u00edas se presentar\u00e1 en la comarca y al respecto uno de sus artistas, Fernando Cuello, adelant\u00f3 detalles.<\/p>\n<p>\u201cYo soy de Uruguay y nac\u00ed a los pies del R\u00edo de la Plata. Mart\u00edn Neri es de Rosario y naci\u00f3 a los pies del R\u00edo Paran\u00e1. Un d\u00eda nos conocimos y empezamos a ver que sin tener conexiones, nuestras canciones hablaban de las mismas cosas\u201d mencion\u00f3 para romper el hielo.<\/p>\n<p>Y en esa l\u00ednea admiti\u00f3 que \u201ces como si los r\u00edos que van bajando fueran llevando un mont\u00f3n de condimentos que van dejando a ambas orillas. Llegamos a la conclusi\u00f3n de que hay dos orillas distintas pero que la canci\u00f3n es una sola\u201d.<\/p>\n<p>Recordando ese primer contacto juntos, Cuello admiti\u00f3 que \u201clo conoc\u00ed en un encuentro de cantautores. No nos conoc\u00edamos y ve\u00edamos que hab\u00eda muchos puntos en com\u00fan. Eso que parece que divide, que son puestos como l\u00edmites geogr\u00e1ficos, pero a ambos m\u00e1rgenes del r\u00edo no hay diferencias culturales\u201d.<\/p>\n<p>Por \u00faltimo, y adentr\u00e1ndose en lo que se escuchar\u00e1 el pr\u00f3ximo viernes, Fernando se\u00f1al\u00f3 que \u201cnosotros con Mart\u00edn hacemos m\u00fasica cerca del agua como decimos. Chamam\u00e9, candombe\u2026 ritmos que siempre han estado conectados con los r\u00edos. Nuestro mayor intento es no parecernos a nadie. Solo cantamos un par de canciones que no son nuestras\u201d.<\/p>\n<p>&nbsp;<\/p>\n<p><iframe loading=\"lazy\" src=\"https:\/\/w.soundcloud.com\/player\/?url=https%3A\/\/api.soundcloud.com\/tracks\/1282036567&amp;color=%23ff5500&amp;auto_play=false&amp;hide_related=false&amp;show_comments=true&amp;show_user=true&amp;show_reposts=false&amp;show_teaser=true\" width=\"100%\" height=\"166\" frameborder=\"no\" scrolling=\"no\"><\/iframe><\/p>\n<div style=\"font-size: 10px; color: #cccccc; line-break: anywhere; word-break: normal; overflow: hidden; white-space: nowrap; text-overflow: ellipsis; font-family: Interstate,Lucida Grande,Lucida Sans Unicode,Lucida Sans,Garuda,Verdana,Tahoma,sans-serif; font-weight: 100;\"><a style=\"color: #cccccc; text-decoration: none;\" title=\"fmreflejos 103.7\" href=\"https:\/\/soundcloud.com\/fmreflejos-103-7\" target=\"_blank\" rel=\"noopener\">fmreflejos 103.7<\/a> \u00b7 <a style=\"color: #cccccc; text-decoration: none;\" title=\"Fer Cuello\" href=\"https:\/\/soundcloud.com\/fmreflejos-103-7\/fer-cuello\" target=\"_blank\" rel=\"noopener\">Fer Cuello<\/a><\/div>\n<p><span style=\"color: #000080;\"><strong>Foto de portada La Nueva<\/strong><\/span><\/p>\n<p style=\"margin: 12px auto 6px auto; font-family: Helvetica,Arial,Sans-serif; font-style: normal; font-variant: normal; font-weight: normal; font-size: 14px; line-height: normal; font-size-adjust: none; font-stretch: normal; -x-system-font: none; display: block;\"><a style=\"text-decoration: underline;\" title=\"View TORNQUIST- MARTI\u0301N NERI Y FER CUELLO on Scribd\" href=\"https:\/\/www.scribd.com\/document\/577272730\/TORNQUIST-MARTI-N-NERI-Y-FER-CUELLO#from_embed\">TORNQUIST- MARTI\u0301N NERI Y FER CUELLO<\/a> by <a style=\"text-decoration: underline;\" title=\"View FM Reflejos Sierra de la Ventana's profile on Scribd\" href=\"https:\/\/es.scribd.com\/user\/128459674\/FM-Reflejos-Sierra-de-la-Ventana#from_embed\">FM Reflejos Sierra de la Ventana<\/a> on Scribd<\/p>\n<p><iframe loading=\"lazy\" id=\"doc_54296\" class=\"scribd_iframe_embed\" title=\"TORNQUIST- MARTI\u0301N NERI Y FER CUELLO\" src=\"https:\/\/es.scribd.com\/embeds\/577272730\/content?start_page=1&amp;view_mode=scroll&amp;access_key=key-m5uRNJC4vyDZUssJRiBh\" width=\"100%\" height=\"600\" frameborder=\"0\" scrolling=\"no\" data-auto-height=\"false\" data-aspect-ratio=\"0.7080062794348508\"><\/iframe><\/p>\n","protected":false},"excerpt":{"rendered":"<p>El uruguayo Fernando Cuello y el rosarino Mart\u00edn Neri presentar\u00e1n \u201cDos orillas, una Canci\u00f3n\u201d.<\/p>\n","protected":false},"author":3,"featured_media":0,"comment_status":"closed","ping_status":"closed","sticky":false,"template":"","format":"standard","meta":{"footnotes":""},"categories":[35,28,26],"tags":[],"class_list":["post-73311","post","type-post","status-publish","format-standard","hentry","category-cultura","category-municipales","category-sociedad"],"yoast_head":"<!-- This site is optimized with the Yoast SEO plugin v25.9 - https:\/\/yoast.com\/wordpress\/plugins\/seo\/ -->\n<title>Este viernes habr\u00e1 m\u00fasica de orillas en el teatro Funke - Noticias Radio Reflejos<\/title>\n<meta name=\"robots\" content=\"index, follow, max-snippet:-1, max-image-preview:large, max-video-preview:-1\" \/>\n<link rel=\"canonical\" href=\"https:\/\/www.noticiasradioreflejos.com.ar\/2021\/este-viernes-habra-musica-de-orillas-en-el-teatro-funke\/\" \/>\n<meta property=\"og:locale\" content=\"es_ES\" \/>\n<meta property=\"og:type\" content=\"article\" \/>\n<meta property=\"og:title\" content=\"Este viernes habr\u00e1 m\u00fasica de orillas en el teatro Funke - Noticias Radio Reflejos\" \/>\n<meta property=\"og:description\" content=\"El uruguayo Fernando Cuello y el rosarino Mart\u00edn Neri presentar\u00e1n \u201cDos orillas, una Canci\u00f3n\u201d.\" \/>\n<meta property=\"og:url\" content=\"https:\/\/www.noticiasradioreflejos.com.ar\/2021\/este-viernes-habra-musica-de-orillas-en-el-teatro-funke\/\" \/>\n<meta property=\"og:site_name\" content=\"Noticias Radio Reflejos\" \/>\n<meta property=\"article:published_time\" content=\"2022-06-06T17:51:28+00:00\" \/>\n<meta property=\"article:modified_time\" content=\"2022-06-10T14:06:46+00:00\" \/>\n<meta property=\"og:image\" content=\"https:\/\/www.noticiasradioreflejos.com.ar\/2021\/wp-content\/uploads\/2021\/07\/logosol300x200.png\" \/>\n\t<meta property=\"og:image:width\" content=\"300\" \/>\n\t<meta property=\"og:image:height\" content=\"200\" \/>\n\t<meta property=\"og:image:type\" content=\"image\/png\" \/>\n<meta name=\"author\" content=\"Arnaldo Botto\" \/>\n<meta name=\"twitter:card\" content=\"summary_large_image\" \/>\n<script type=\"application\/ld+json\" class=\"yoast-schema-graph\">{\"@context\":\"https:\/\/schema.org\",\"@graph\":[{\"@type\":\"WebPage\",\"@id\":\"https:\/\/www.noticiasradioreflejos.com.ar\/2021\/este-viernes-habra-musica-de-orillas-en-el-teatro-funke\/\",\"url\":\"https:\/\/www.noticiasradioreflejos.com.ar\/2021\/este-viernes-habra-musica-de-orillas-en-el-teatro-funke\/\",\"name\":\"Este viernes habr\u00e1 m\u00fasica de orillas en el teatro Funke - Noticias Radio Reflejos\",\"isPartOf\":{\"@id\":\"https:\/\/www.noticiasradioreflejos.com.ar\/2021\/#website\"},\"datePublished\":\"2022-06-06T17:51:28+00:00\",\"dateModified\":\"2022-06-10T14:06:46+00:00\",\"author\":{\"@id\":\"https:\/\/www.noticiasradioreflejos.com.ar\/2021\/#\/schema\/person\/ad82545263dcc5ec0996818884fd5fb1\"},\"breadcrumb\":{\"@id\":\"https:\/\/www.noticiasradioreflejos.com.ar\/2021\/este-viernes-habra-musica-de-orillas-en-el-teatro-funke\/#breadcrumb\"},\"inLanguage\":\"es\",\"potentialAction\":[{\"@type\":\"ReadAction\",\"target\":[\"https:\/\/www.noticiasradioreflejos.com.ar\/2021\/este-viernes-habra-musica-de-orillas-en-el-teatro-funke\/\"]}]},{\"@type\":\"BreadcrumbList\",\"@id\":\"https:\/\/www.noticiasradioreflejos.com.ar\/2021\/este-viernes-habra-musica-de-orillas-en-el-teatro-funke\/#breadcrumb\",\"itemListElement\":[{\"@type\":\"ListItem\",\"position\":1,\"name\":\"Portada\",\"item\":\"https:\/\/www.noticiasradioreflejos.com.ar\/2021\/\"},{\"@type\":\"ListItem\",\"position\":2,\"name\":\"Este viernes habr\u00e1 m\u00fasica de orillas en el teatro Funke\"}]},{\"@type\":\"WebSite\",\"@id\":\"https:\/\/www.noticiasradioreflejos.com.ar\/2021\/#website\",\"url\":\"https:\/\/www.noticiasradioreflejos.com.ar\/2021\/\",\"name\":\"Noticias Radio Reflejos\",\"description\":\"Las noticias de mi comarca\",\"potentialAction\":[{\"@type\":\"SearchAction\",\"target\":{\"@type\":\"EntryPoint\",\"urlTemplate\":\"https:\/\/www.noticiasradioreflejos.com.ar\/2021\/?s={search_term_string}\"},\"query-input\":{\"@type\":\"PropertyValueSpecification\",\"valueRequired\":true,\"valueName\":\"search_term_string\"}}],\"inLanguage\":\"es\"},{\"@type\":\"Person\",\"@id\":\"https:\/\/www.noticiasradioreflejos.com.ar\/2021\/#\/schema\/person\/ad82545263dcc5ec0996818884fd5fb1\",\"name\":\"Arnaldo Botto\",\"image\":{\"@type\":\"ImageObject\",\"inLanguage\":\"es\",\"@id\":\"https:\/\/www.noticiasradioreflejos.com.ar\/2021\/#\/schema\/person\/image\/\",\"url\":\"https:\/\/secure.gravatar.com\/avatar\/55cb5e37c1efa326397366e6974cb338056df65cb50e7d64d1cf314e87504837?s=96&d=mm&r=g\",\"contentUrl\":\"https:\/\/secure.gravatar.com\/avatar\/55cb5e37c1efa326397366e6974cb338056df65cb50e7d64d1cf314e87504837?s=96&d=mm&r=g\",\"caption\":\"Arnaldo Botto\"},\"url\":\"https:\/\/www.noticiasradioreflejos.com.ar\/2021\/author\/arnaldo\/\"}]}<\/script>\n<!-- \/ Yoast SEO plugin. -->","yoast_head_json":{"title":"Este viernes habr\u00e1 m\u00fasica de orillas en el teatro Funke - Noticias Radio Reflejos","robots":{"index":"index","follow":"follow","max-snippet":"max-snippet:-1","max-image-preview":"max-image-preview:large","max-video-preview":"max-video-preview:-1"},"canonical":"https:\/\/www.noticiasradioreflejos.com.ar\/2021\/este-viernes-habra-musica-de-orillas-en-el-teatro-funke\/","og_locale":"es_ES","og_type":"article","og_title":"Este viernes habr\u00e1 m\u00fasica de orillas en el teatro Funke - Noticias Radio Reflejos","og_description":"El uruguayo Fernando Cuello y el rosarino Mart\u00edn Neri presentar\u00e1n \u201cDos orillas, una Canci\u00f3n\u201d.","og_url":"https:\/\/www.noticiasradioreflejos.com.ar\/2021\/este-viernes-habra-musica-de-orillas-en-el-teatro-funke\/","og_site_name":"Noticias Radio Reflejos","article_published_time":"2022-06-06T17:51:28+00:00","article_modified_time":"2022-06-10T14:06:46+00:00","og_image":[{"width":300,"height":200,"url":"https:\/\/www.noticiasradioreflejos.com.ar\/2021\/wp-content\/uploads\/2021\/07\/logosol300x200.png","type":"image\/png"}],"author":"Arnaldo Botto","twitter_card":"summary_large_image","schema":{"@context":"https:\/\/schema.org","@graph":[{"@type":"WebPage","@id":"https:\/\/www.noticiasradioreflejos.com.ar\/2021\/este-viernes-habra-musica-de-orillas-en-el-teatro-funke\/","url":"https:\/\/www.noticiasradioreflejos.com.ar\/2021\/este-viernes-habra-musica-de-orillas-en-el-teatro-funke\/","name":"Este viernes habr\u00e1 m\u00fasica de orillas en el teatro Funke - Noticias Radio Reflejos","isPartOf":{"@id":"https:\/\/www.noticiasradioreflejos.com.ar\/2021\/#website"},"datePublished":"2022-06-06T17:51:28+00:00","dateModified":"2022-06-10T14:06:46+00:00","author":{"@id":"https:\/\/www.noticiasradioreflejos.com.ar\/2021\/#\/schema\/person\/ad82545263dcc5ec0996818884fd5fb1"},"breadcrumb":{"@id":"https:\/\/www.noticiasradioreflejos.com.ar\/2021\/este-viernes-habra-musica-de-orillas-en-el-teatro-funke\/#breadcrumb"},"inLanguage":"es","potentialAction":[{"@type":"ReadAction","target":["https:\/\/www.noticiasradioreflejos.com.ar\/2021\/este-viernes-habra-musica-de-orillas-en-el-teatro-funke\/"]}]},{"@type":"BreadcrumbList","@id":"https:\/\/www.noticiasradioreflejos.com.ar\/2021\/este-viernes-habra-musica-de-orillas-en-el-teatro-funke\/#breadcrumb","itemListElement":[{"@type":"ListItem","position":1,"name":"Portada","item":"https:\/\/www.noticiasradioreflejos.com.ar\/2021\/"},{"@type":"ListItem","position":2,"name":"Este viernes habr\u00e1 m\u00fasica de orillas en el teatro Funke"}]},{"@type":"WebSite","@id":"https:\/\/www.noticiasradioreflejos.com.ar\/2021\/#website","url":"https:\/\/www.noticiasradioreflejos.com.ar\/2021\/","name":"Noticias Radio Reflejos","description":"Las noticias de mi comarca","potentialAction":[{"@type":"SearchAction","target":{"@type":"EntryPoint","urlTemplate":"https:\/\/www.noticiasradioreflejos.com.ar\/2021\/?s={search_term_string}"},"query-input":{"@type":"PropertyValueSpecification","valueRequired":true,"valueName":"search_term_string"}}],"inLanguage":"es"},{"@type":"Person","@id":"https:\/\/www.noticiasradioreflejos.com.ar\/2021\/#\/schema\/person\/ad82545263dcc5ec0996818884fd5fb1","name":"Arnaldo Botto","image":{"@type":"ImageObject","inLanguage":"es","@id":"https:\/\/www.noticiasradioreflejos.com.ar\/2021\/#\/schema\/person\/image\/","url":"https:\/\/secure.gravatar.com\/avatar\/55cb5e37c1efa326397366e6974cb338056df65cb50e7d64d1cf314e87504837?s=96&d=mm&r=g","contentUrl":"https:\/\/secure.gravatar.com\/avatar\/55cb5e37c1efa326397366e6974cb338056df65cb50e7d64d1cf314e87504837?s=96&d=mm&r=g","caption":"Arnaldo Botto"},"url":"https:\/\/www.noticiasradioreflejos.com.ar\/2021\/author\/arnaldo\/"}]}},"_links":{"self":[{"href":"https:\/\/www.noticiasradioreflejos.com.ar\/2021\/wp-json\/wp\/v2\/posts\/73311","targetHints":{"allow":["GET"]}}],"collection":[{"href":"https:\/\/www.noticiasradioreflejos.com.ar\/2021\/wp-json\/wp\/v2\/posts"}],"about":[{"href":"https:\/\/www.noticiasradioreflejos.com.ar\/2021\/wp-json\/wp\/v2\/types\/post"}],"author":[{"embeddable":true,"href":"https:\/\/www.noticiasradioreflejos.com.ar\/2021\/wp-json\/wp\/v2\/users\/3"}],"replies":[{"embeddable":true,"href":"https:\/\/www.noticiasradioreflejos.com.ar\/2021\/wp-json\/wp\/v2\/comments?post=73311"}],"version-history":[{"count":2,"href":"https:\/\/www.noticiasradioreflejos.com.ar\/2021\/wp-json\/wp\/v2\/posts\/73311\/revisions"}],"predecessor-version":[{"id":73325,"href":"https:\/\/www.noticiasradioreflejos.com.ar\/2021\/wp-json\/wp\/v2\/posts\/73311\/revisions\/73325"}],"wp:attachment":[{"href":"https:\/\/www.noticiasradioreflejos.com.ar\/2021\/wp-json\/wp\/v2\/media?parent=73311"}],"wp:term":[{"taxonomy":"category","embeddable":true,"href":"https:\/\/www.noticiasradioreflejos.com.ar\/2021\/wp-json\/wp\/v2\/categories?post=73311"},{"taxonomy":"post_tag","embeddable":true,"href":"https:\/\/www.noticiasradioreflejos.com.ar\/2021\/wp-json\/wp\/v2\/tags?post=73311"}],"curies":[{"name":"wp","href":"https:\/\/api.w.org\/{rel}","templated":true}]}}