{"id":73303,"date":"2022-06-06T17:38:56","date_gmt":"2022-06-06T17:38:56","guid":{"rendered":"http:\/\/www.noticiasradioreflejos.com.ar\/2021\/?p=73303"},"modified":"2022-06-06T17:38:56","modified_gmt":"2022-06-06T17:38:56","slug":"tornquist-el-mediometraje-sobre-violencia-de-genero-se-estreno-a-teatro-lleno","status":"publish","type":"post","link":"https:\/\/www.noticiasradioreflejos.com.ar\/2021\/tornquist-el-mediometraje-sobre-violencia-de-genero-se-estreno-a-teatro-lleno\/","title":{"rendered":"Tornquist: \u201cEl mediometraje sobre violencia de g\u00e9nero se estren\u00f3 a teatro lleno\u201d"},"content":{"rendered":"<p><strong>Daniela Aguilar,<\/strong> Subsecretaria de Juventudes, Pol\u00edticas de G\u00e9nero y Diversidades, destac\u00f3 el lleno absoluto que tuvo el teatro Rodolfo Funke al momento de emitirse por primera vez \u201cNo est\u00e1s Sola\u201d, una producci\u00f3n local que aborda esta tem\u00e1tica.<!--more--><\/p>\n<p><a title=\"no estas sola (2)\" href=\"https:\/\/www.flickr.com\/photos\/182279889@N02\/52127065211\/in\/dateposted-public\/\" data-flickr-embed=\"true\"><img loading=\"lazy\" decoding=\"async\" src=\"https:\/\/live.staticflickr.com\/65535\/52127065211_d4f737eafe_b.jpg\" alt=\"no estas sola (2)\" width=\"1024\" height=\"766\" \/><\/a><script async src=\"\/\/embedr.flickr.com\/assets\/client-code.js\" charset=\"utf-8\"><\/script><\/p>\n<p>El pasado 3 de junio se conmemor\u00f3 un nuevo aniversario del <strong>\u00abNi una Meno<\/strong>s\u00bb, y en el marco de esa jornada de reflexi\u00f3n y debate, se emiti\u00f3 por primera vez el corto sobre violencia de g\u00e9nero realizado \u00edntegramente en la comarca, <strong>\u201cNo est\u00e1s Sola\u201d<\/strong>. Tras la emisi\u00f3n, Florencia Gim\u00e9nez junto a Nicol\u00e1s y Puma cerraron el evento con la canci\u00f3n Creo.<\/p>\n<p>Al respecto <strong>Daniela Aguilar, Subsecretaria de Juventudes, Pol\u00edticas de G\u00e9nero y Diversidades,<\/strong> admiti\u00f3 que se dio a \u201ca teatro lleno, lo cual es una satisfacci\u00f3n muy grande tanto para m\u00ed como para las chicas que trabajaron y el municipio en s\u00ed. Fue muy lindo ver tanta gente. Esper\u00e1bamos una cantidad importante, pero no tanta\u201d.<\/p>\n<p>En esa l\u00ednea reconoci\u00f3 que \u201cal principio ten\u00edamos la charla de Evangelina Castro, alertando sobre los m\u00e9todos de captaci\u00f3n hacia redes de trata, y ya cuando comenz\u00f3 estaba lleno de gente\u201d.<\/p>\n<p><a title=\"no estas sola (1)\" href=\"https:\/\/www.flickr.com\/photos\/182279889@N02\/52126040272\/in\/dateposted-public\/\" data-flickr-embed=\"true\"><img loading=\"lazy\" decoding=\"async\" src=\"https:\/\/live.staticflickr.com\/31337\/52126040272_e963531b76_w.jpg\" alt=\"no estas sola (1)\" width=\"204\" height=\"360\" \/><\/a><script async src=\"\/\/embedr.flickr.com\/assets\/client-code.js\" charset=\"utf-8\"><\/script><\/p>\n<p>En otro pasaje de la charla la funcionaria reconoci\u00f3 que \u201cmucho de lo que nos pasa en el trabajo diario, como trabajamos sobre la confidencialidad, no podemos visibilizarlo. Lo hacemos a grandes rasgos. Para el com\u00fan de la gente por ah\u00ed no hacemos mucho, pero de fondo hay un gran trabajo diario\u201d.<\/p>\n<p>Consultada sobre lo negativo que se vuelca en las redes sociales, Aguilar cont\u00f3 que \u201clos comentarios machistas en las redes duelen, porque se intenta tapar el trabajo que hacemos. Nos ha pasado de atender urgencias en la madrugada, sin importar si es fin de semana o feriado. Por eso cuando nos hacen esos comentarios, duele, pero luego pensamos en las cosas positivas, como cada mujer que ha salido adelante, y esas son las peque\u00f1as cosas que nos ayudan d\u00eda a d\u00eda\u201d.<\/p>\n<p>Por \u00faltimo confirm\u00f3 que \u201cla idea es reestrenar el mediometraje en Sierra de la Ventana. La fecha la daremos en los pr\u00f3ximos d\u00edas\u201d.<\/p>\n<p>&nbsp;<\/p>\n<p>&nbsp;<\/p>\n<p><iframe loading=\"lazy\" src=\"https:\/\/w.soundcloud.com\/player\/?url=https%3A\/\/api.soundcloud.com\/tracks\/1282019977&amp;color=%23ff5500&amp;auto_play=false&amp;hide_related=false&amp;show_comments=true&amp;show_user=true&amp;show_reposts=false&amp;show_teaser=true\" width=\"100%\" height=\"166\" frameborder=\"no\" scrolling=\"no\"><\/iframe><\/p>\n<div style=\"font-size: 10px; color: #cccccc; line-break: anywhere; word-break: normal; overflow: hidden; white-space: nowrap; text-overflow: ellipsis; font-family: Interstate,Lucida Grande,Lucida Sans Unicode,Lucida Sans,Garuda,Verdana,Tahoma,sans-serif; font-weight: 100;\"><a style=\"color: #cccccc; text-decoration: none;\" title=\"fmreflejos 103.7\" href=\"https:\/\/soundcloud.com\/fmreflejos-103-7\" target=\"_blank\" rel=\"noopener\">fmreflejos 103.7<\/a> \u00b7 <a style=\"color: #cccccc; text-decoration: none;\" title=\"Daniela Aguilar\" href=\"https:\/\/soundcloud.com\/fmreflejos-103-7\/daniela-aguilar-1\" target=\"_blank\" rel=\"noopener\">Daniela Aguilar<\/a><\/div>\n<p><a title=\"no estas sola (1)\" href=\"https:\/\/www.flickr.com\/photos\/182279889@N02\/52127096868\/in\/dateposted-public\/\" data-flickr-embed=\"true\"><img loading=\"lazy\" decoding=\"async\" class=\"aligncenter\" src=\"https:\/\/live.staticflickr.com\/65535\/52127096868_b278c2323e_w.jpg\" alt=\"no estas sola (1)\" width=\"700\" height=\"495\" \/><\/a><script async src=\"\/\/embedr.flickr.com\/assets\/client-code.js\" charset=\"utf-8\"><\/script><\/p>\n","protected":false},"excerpt":{"rendered":"<p>Daniela Aguilar, Subsecretaria de Juventudes, Pol\u00edticas de G\u00e9nero y Diversidades, destac\u00f3 el lleno absoluto que tuvo el teatro Rodolfo Funke al momento de emitirse por primera vez \u201cNo est\u00e1s Sola\u201d, una producci\u00f3n local que aborda esta tem\u00e1tica.<\/p>\n","protected":false},"author":3,"featured_media":0,"comment_status":"closed","ping_status":"closed","sticky":false,"template":"","format":"standard","meta":{"footnotes":""},"categories":[35,28,26],"tags":[48],"class_list":["post-73303","post","type-post","status-publish","format-standard","hentry","category-cultura","category-municipales","category-sociedad","tag-destacada"],"yoast_head":"<!-- This site is optimized with the Yoast SEO plugin v25.9 - https:\/\/yoast.com\/wordpress\/plugins\/seo\/ -->\n<title>Tornquist: \u201cEl mediometraje sobre violencia de g\u00e9nero se estren\u00f3 a teatro lleno\u201d - Noticias Radio Reflejos<\/title>\n<meta name=\"robots\" content=\"index, follow, max-snippet:-1, max-image-preview:large, max-video-preview:-1\" \/>\n<link rel=\"canonical\" href=\"https:\/\/www.noticiasradioreflejos.com.ar\/2021\/tornquist-el-mediometraje-sobre-violencia-de-genero-se-estreno-a-teatro-lleno\/\" \/>\n<meta property=\"og:locale\" content=\"es_ES\" \/>\n<meta property=\"og:type\" content=\"article\" \/>\n<meta property=\"og:title\" content=\"Tornquist: \u201cEl mediometraje sobre violencia de g\u00e9nero se estren\u00f3 a teatro lleno\u201d - Noticias Radio Reflejos\" \/>\n<meta property=\"og:description\" content=\"Daniela Aguilar, Subsecretaria de Juventudes, Pol\u00edticas de G\u00e9nero y Diversidades, destac\u00f3 el lleno absoluto que tuvo el teatro Rodolfo Funke al momento de emitirse por primera vez \u201cNo est\u00e1s Sola\u201d, una producci\u00f3n local que aborda esta tem\u00e1tica.\" \/>\n<meta property=\"og:url\" content=\"https:\/\/www.noticiasradioreflejos.com.ar\/2021\/tornquist-el-mediometraje-sobre-violencia-de-genero-se-estreno-a-teatro-lleno\/\" \/>\n<meta property=\"og:site_name\" content=\"Noticias Radio Reflejos\" \/>\n<meta property=\"article:published_time\" content=\"2022-06-06T17:38:56+00:00\" \/>\n<meta property=\"og:image\" content=\"https:\/\/live.staticflickr.com\/65535\/52127065211_d4f737eafe_b.jpg\" \/>\n<meta name=\"author\" content=\"Arnaldo Botto\" \/>\n<meta name=\"twitter:card\" content=\"summary_large_image\" \/>\n<script type=\"application\/ld+json\" class=\"yoast-schema-graph\">{\"@context\":\"https:\/\/schema.org\",\"@graph\":[{\"@type\":\"WebPage\",\"@id\":\"https:\/\/www.noticiasradioreflejos.com.ar\/2021\/tornquist-el-mediometraje-sobre-violencia-de-genero-se-estreno-a-teatro-lleno\/\",\"url\":\"https:\/\/www.noticiasradioreflejos.com.ar\/2021\/tornquist-el-mediometraje-sobre-violencia-de-genero-se-estreno-a-teatro-lleno\/\",\"name\":\"Tornquist: \u201cEl mediometraje sobre violencia de g\u00e9nero se estren\u00f3 a teatro lleno\u201d - Noticias Radio Reflejos\",\"isPartOf\":{\"@id\":\"https:\/\/www.noticiasradioreflejos.com.ar\/2021\/#website\"},\"primaryImageOfPage\":{\"@id\":\"https:\/\/www.noticiasradioreflejos.com.ar\/2021\/tornquist-el-mediometraje-sobre-violencia-de-genero-se-estreno-a-teatro-lleno\/#primaryimage\"},\"image\":{\"@id\":\"https:\/\/www.noticiasradioreflejos.com.ar\/2021\/tornquist-el-mediometraje-sobre-violencia-de-genero-se-estreno-a-teatro-lleno\/#primaryimage\"},\"thumbnailUrl\":\"https:\/\/live.staticflickr.com\/65535\/52127065211_d4f737eafe_b.jpg\",\"datePublished\":\"2022-06-06T17:38:56+00:00\",\"author\":{\"@id\":\"https:\/\/www.noticiasradioreflejos.com.ar\/2021\/#\/schema\/person\/ad82545263dcc5ec0996818884fd5fb1\"},\"breadcrumb\":{\"@id\":\"https:\/\/www.noticiasradioreflejos.com.ar\/2021\/tornquist-el-mediometraje-sobre-violencia-de-genero-se-estreno-a-teatro-lleno\/#breadcrumb\"},\"inLanguage\":\"es\",\"potentialAction\":[{\"@type\":\"ReadAction\",\"target\":[\"https:\/\/www.noticiasradioreflejos.com.ar\/2021\/tornquist-el-mediometraje-sobre-violencia-de-genero-se-estreno-a-teatro-lleno\/\"]}]},{\"@type\":\"ImageObject\",\"inLanguage\":\"es\",\"@id\":\"https:\/\/www.noticiasradioreflejos.com.ar\/2021\/tornquist-el-mediometraje-sobre-violencia-de-genero-se-estreno-a-teatro-lleno\/#primaryimage\",\"url\":\"https:\/\/live.staticflickr.com\/65535\/52127065211_d4f737eafe_b.jpg\",\"contentUrl\":\"https:\/\/live.staticflickr.com\/65535\/52127065211_d4f737eafe_b.jpg\"},{\"@type\":\"BreadcrumbList\",\"@id\":\"https:\/\/www.noticiasradioreflejos.com.ar\/2021\/tornquist-el-mediometraje-sobre-violencia-de-genero-se-estreno-a-teatro-lleno\/#breadcrumb\",\"itemListElement\":[{\"@type\":\"ListItem\",\"position\":1,\"name\":\"Portada\",\"item\":\"https:\/\/www.noticiasradioreflejos.com.ar\/2021\/\"},{\"@type\":\"ListItem\",\"position\":2,\"name\":\"Tornquist: \u201cEl mediometraje sobre violencia de g\u00e9nero se estren\u00f3 a teatro lleno\u201d\"}]},{\"@type\":\"WebSite\",\"@id\":\"https:\/\/www.noticiasradioreflejos.com.ar\/2021\/#website\",\"url\":\"https:\/\/www.noticiasradioreflejos.com.ar\/2021\/\",\"name\":\"Noticias Radio Reflejos\",\"description\":\"Las noticias de mi comarca\",\"potentialAction\":[{\"@type\":\"SearchAction\",\"target\":{\"@type\":\"EntryPoint\",\"urlTemplate\":\"https:\/\/www.noticiasradioreflejos.com.ar\/2021\/?s={search_term_string}\"},\"query-input\":{\"@type\":\"PropertyValueSpecification\",\"valueRequired\":true,\"valueName\":\"search_term_string\"}}],\"inLanguage\":\"es\"},{\"@type\":\"Person\",\"@id\":\"https:\/\/www.noticiasradioreflejos.com.ar\/2021\/#\/schema\/person\/ad82545263dcc5ec0996818884fd5fb1\",\"name\":\"Arnaldo Botto\",\"image\":{\"@type\":\"ImageObject\",\"inLanguage\":\"es\",\"@id\":\"https:\/\/www.noticiasradioreflejos.com.ar\/2021\/#\/schema\/person\/image\/\",\"url\":\"https:\/\/secure.gravatar.com\/avatar\/55cb5e37c1efa326397366e6974cb338056df65cb50e7d64d1cf314e87504837?s=96&d=mm&r=g\",\"contentUrl\":\"https:\/\/secure.gravatar.com\/avatar\/55cb5e37c1efa326397366e6974cb338056df65cb50e7d64d1cf314e87504837?s=96&d=mm&r=g\",\"caption\":\"Arnaldo Botto\"},\"url\":\"https:\/\/www.noticiasradioreflejos.com.ar\/2021\/author\/arnaldo\/\"}]}<\/script>\n<!-- \/ Yoast SEO plugin. -->","yoast_head_json":{"title":"Tornquist: \u201cEl mediometraje sobre violencia de g\u00e9nero se estren\u00f3 a teatro lleno\u201d - Noticias Radio Reflejos","robots":{"index":"index","follow":"follow","max-snippet":"max-snippet:-1","max-image-preview":"max-image-preview:large","max-video-preview":"max-video-preview:-1"},"canonical":"https:\/\/www.noticiasradioreflejos.com.ar\/2021\/tornquist-el-mediometraje-sobre-violencia-de-genero-se-estreno-a-teatro-lleno\/","og_locale":"es_ES","og_type":"article","og_title":"Tornquist: \u201cEl mediometraje sobre violencia de g\u00e9nero se estren\u00f3 a teatro lleno\u201d - Noticias Radio Reflejos","og_description":"Daniela Aguilar, Subsecretaria de Juventudes, Pol\u00edticas de G\u00e9nero y Diversidades, destac\u00f3 el lleno absoluto que tuvo el teatro Rodolfo Funke al momento de emitirse por primera vez \u201cNo est\u00e1s Sola\u201d, una producci\u00f3n local que aborda esta tem\u00e1tica.","og_url":"https:\/\/www.noticiasradioreflejos.com.ar\/2021\/tornquist-el-mediometraje-sobre-violencia-de-genero-se-estreno-a-teatro-lleno\/","og_site_name":"Noticias Radio Reflejos","article_published_time":"2022-06-06T17:38:56+00:00","og_image":[{"url":"https:\/\/live.staticflickr.com\/65535\/52127065211_d4f737eafe_b.jpg","type":"","width":"","height":""}],"author":"Arnaldo Botto","twitter_card":"summary_large_image","schema":{"@context":"https:\/\/schema.org","@graph":[{"@type":"WebPage","@id":"https:\/\/www.noticiasradioreflejos.com.ar\/2021\/tornquist-el-mediometraje-sobre-violencia-de-genero-se-estreno-a-teatro-lleno\/","url":"https:\/\/www.noticiasradioreflejos.com.ar\/2021\/tornquist-el-mediometraje-sobre-violencia-de-genero-se-estreno-a-teatro-lleno\/","name":"Tornquist: \u201cEl mediometraje sobre violencia de g\u00e9nero se estren\u00f3 a teatro lleno\u201d - Noticias Radio Reflejos","isPartOf":{"@id":"https:\/\/www.noticiasradioreflejos.com.ar\/2021\/#website"},"primaryImageOfPage":{"@id":"https:\/\/www.noticiasradioreflejos.com.ar\/2021\/tornquist-el-mediometraje-sobre-violencia-de-genero-se-estreno-a-teatro-lleno\/#primaryimage"},"image":{"@id":"https:\/\/www.noticiasradioreflejos.com.ar\/2021\/tornquist-el-mediometraje-sobre-violencia-de-genero-se-estreno-a-teatro-lleno\/#primaryimage"},"thumbnailUrl":"https:\/\/live.staticflickr.com\/65535\/52127065211_d4f737eafe_b.jpg","datePublished":"2022-06-06T17:38:56+00:00","author":{"@id":"https:\/\/www.noticiasradioreflejos.com.ar\/2021\/#\/schema\/person\/ad82545263dcc5ec0996818884fd5fb1"},"breadcrumb":{"@id":"https:\/\/www.noticiasradioreflejos.com.ar\/2021\/tornquist-el-mediometraje-sobre-violencia-de-genero-se-estreno-a-teatro-lleno\/#breadcrumb"},"inLanguage":"es","potentialAction":[{"@type":"ReadAction","target":["https:\/\/www.noticiasradioreflejos.com.ar\/2021\/tornquist-el-mediometraje-sobre-violencia-de-genero-se-estreno-a-teatro-lleno\/"]}]},{"@type":"ImageObject","inLanguage":"es","@id":"https:\/\/www.noticiasradioreflejos.com.ar\/2021\/tornquist-el-mediometraje-sobre-violencia-de-genero-se-estreno-a-teatro-lleno\/#primaryimage","url":"https:\/\/live.staticflickr.com\/65535\/52127065211_d4f737eafe_b.jpg","contentUrl":"https:\/\/live.staticflickr.com\/65535\/52127065211_d4f737eafe_b.jpg"},{"@type":"BreadcrumbList","@id":"https:\/\/www.noticiasradioreflejos.com.ar\/2021\/tornquist-el-mediometraje-sobre-violencia-de-genero-se-estreno-a-teatro-lleno\/#breadcrumb","itemListElement":[{"@type":"ListItem","position":1,"name":"Portada","item":"https:\/\/www.noticiasradioreflejos.com.ar\/2021\/"},{"@type":"ListItem","position":2,"name":"Tornquist: \u201cEl mediometraje sobre violencia de g\u00e9nero se estren\u00f3 a teatro lleno\u201d"}]},{"@type":"WebSite","@id":"https:\/\/www.noticiasradioreflejos.com.ar\/2021\/#website","url":"https:\/\/www.noticiasradioreflejos.com.ar\/2021\/","name":"Noticias Radio Reflejos","description":"Las noticias de mi comarca","potentialAction":[{"@type":"SearchAction","target":{"@type":"EntryPoint","urlTemplate":"https:\/\/www.noticiasradioreflejos.com.ar\/2021\/?s={search_term_string}"},"query-input":{"@type":"PropertyValueSpecification","valueRequired":true,"valueName":"search_term_string"}}],"inLanguage":"es"},{"@type":"Person","@id":"https:\/\/www.noticiasradioreflejos.com.ar\/2021\/#\/schema\/person\/ad82545263dcc5ec0996818884fd5fb1","name":"Arnaldo Botto","image":{"@type":"ImageObject","inLanguage":"es","@id":"https:\/\/www.noticiasradioreflejos.com.ar\/2021\/#\/schema\/person\/image\/","url":"https:\/\/secure.gravatar.com\/avatar\/55cb5e37c1efa326397366e6974cb338056df65cb50e7d64d1cf314e87504837?s=96&d=mm&r=g","contentUrl":"https:\/\/secure.gravatar.com\/avatar\/55cb5e37c1efa326397366e6974cb338056df65cb50e7d64d1cf314e87504837?s=96&d=mm&r=g","caption":"Arnaldo Botto"},"url":"https:\/\/www.noticiasradioreflejos.com.ar\/2021\/author\/arnaldo\/"}]}},"_links":{"self":[{"href":"https:\/\/www.noticiasradioreflejos.com.ar\/2021\/wp-json\/wp\/v2\/posts\/73303","targetHints":{"allow":["GET"]}}],"collection":[{"href":"https:\/\/www.noticiasradioreflejos.com.ar\/2021\/wp-json\/wp\/v2\/posts"}],"about":[{"href":"https:\/\/www.noticiasradioreflejos.com.ar\/2021\/wp-json\/wp\/v2\/types\/post"}],"author":[{"embeddable":true,"href":"https:\/\/www.noticiasradioreflejos.com.ar\/2021\/wp-json\/wp\/v2\/users\/3"}],"replies":[{"embeddable":true,"href":"https:\/\/www.noticiasradioreflejos.com.ar\/2021\/wp-json\/wp\/v2\/comments?post=73303"}],"version-history":[{"count":3,"href":"https:\/\/www.noticiasradioreflejos.com.ar\/2021\/wp-json\/wp\/v2\/posts\/73303\/revisions"}],"predecessor-version":[{"id":73323,"href":"https:\/\/www.noticiasradioreflejos.com.ar\/2021\/wp-json\/wp\/v2\/posts\/73303\/revisions\/73323"}],"wp:attachment":[{"href":"https:\/\/www.noticiasradioreflejos.com.ar\/2021\/wp-json\/wp\/v2\/media?parent=73303"}],"wp:term":[{"taxonomy":"category","embeddable":true,"href":"https:\/\/www.noticiasradioreflejos.com.ar\/2021\/wp-json\/wp\/v2\/categories?post=73303"},{"taxonomy":"post_tag","embeddable":true,"href":"https:\/\/www.noticiasradioreflejos.com.ar\/2021\/wp-json\/wp\/v2\/tags?post=73303"}],"curies":[{"name":"wp","href":"https:\/\/api.w.org\/{rel}","templated":true}]}}