{"id":73298,"date":"2022-06-06T16:49:54","date_gmt":"2022-06-06T16:49:54","guid":{"rendered":"http:\/\/www.noticiasradioreflejos.com.ar\/2021\/?p=73298"},"modified":"2022-06-06T16:49:54","modified_gmt":"2022-06-06T16:49:54","slug":"se-desarrollo-el-taller-salud-mental-y-derechos-humanos-para-nuestros-abuelos","status":"publish","type":"post","link":"https:\/\/www.noticiasradioreflejos.com.ar\/2021\/se-desarrollo-el-taller-salud-mental-y-derechos-humanos-para-nuestros-abuelos\/","title":{"rendered":"Se desarroll\u00f3 el taller \u2018Salud Mental y Derechos Humanos para nuestros abuelos\u2019"},"content":{"rendered":"<p>Tal como estaba previsto, el \u00faltimo viernes se desarroll\u00f3 el Taller \u2018Salud Mental y Derechos Humanos para nuestros abuelos\u2019, organizado por la Subdirecci\u00f3n de Discapacidad y Tercera Edad de Tornquist Municipio en conjunto con Regi\u00f3n Sanitaria I del Ministerio de Salud.<!--more--><\/p>\n<p><a data-flickr-embed=\"true\" href=\"https:\/\/www.flickr.com\/photos\/182279889@N02\/52127185644\/in\/dateposted-public\/\" title=\"Taller DDHH AM (6)\"><img loading=\"lazy\" decoding=\"async\" src=\"https:\/\/live.staticflickr.com\/65535\/52127185644_67e5b0bb58_c.jpg\" width=\"800\" height=\"600\" alt=\"Taller DDHH AM (6)\"><\/a><script async src=\"\/\/embedr.flickr.com\/assets\/client-code.js\" charset=\"utf-8\"><\/script><\/p>\n<p>La jornada tuvo lugar en el Museo Casa de la Historia y cont\u00f3 con la participaci\u00f3n de profesionales de diferentes \u00e1reas municipales, agentes de hogares geri\u00e1tricos del distrito e interesados en general.<\/p>\n<p>A cargo de la Lic. M\u00f3nica Arancibia, la Lic. Alicia Farias y la abogada Victoria Aure, se abordaron los fen\u00f3menos vinculados al envejecimiento desde una mirada integral, para promover una visi\u00f3n enmarcada en la salud mental y el respeto por los derechos de las personas mayores.<\/p>\n<p>Asimismo, se reflexion\u00f3 acerca de los estereotipos, prejuicios que se desarrollan social y culturalmente, y de los diferentes tipos de violencias que existen hacia las personas que transitan esta etapa vital.<\/p>\n<p>Adem\u00e1s, siguiendo la consigna \u201cLos derechos humanos no envejecen\u201d, se trabaj\u00f3 acerca de los derechos de las personas mayores, como cu\u00e1les son, qu\u00e9 creencias hay de lo que sucede en esta etapa de la vida, c\u00f3mo trabajar para el acceso a los mismos y su efectivo cumplimiento.<\/p>\n","protected":false},"excerpt":{"rendered":"<p>Tal como estaba previsto, el \u00faltimo viernes se desarroll\u00f3 el Taller \u2018Salud Mental y Derechos Humanos para nuestros abuelos\u2019, organizado por la Subdirecci\u00f3n de Discapacidad y Tercera Edad de Tornquist Municipio en conjunto con Regi\u00f3n Sanitaria I del Ministerio de Salud.<\/p>\n","protected":false},"author":3,"featured_media":0,"comment_status":"closed","ping_status":"closed","sticky":false,"template":"","format":"standard","meta":{"footnotes":""},"categories":[34,28],"tags":[],"class_list":["post-73298","post","type-post","status-publish","format-standard","hentry","category-educacion","category-municipales"],"yoast_head":"<!-- This site is optimized with the Yoast SEO plugin v25.9 - https:\/\/yoast.com\/wordpress\/plugins\/seo\/ -->\n<title>Se desarroll\u00f3 el taller \u2018Salud Mental y Derechos Humanos para nuestros abuelos\u2019 - Noticias Radio Reflejos<\/title>\n<meta name=\"robots\" content=\"index, follow, max-snippet:-1, max-image-preview:large, max-video-preview:-1\" \/>\n<link rel=\"canonical\" href=\"https:\/\/www.noticiasradioreflejos.com.ar\/2021\/se-desarrollo-el-taller-salud-mental-y-derechos-humanos-para-nuestros-abuelos\/\" \/>\n<meta property=\"og:locale\" content=\"es_ES\" \/>\n<meta property=\"og:type\" content=\"article\" \/>\n<meta property=\"og:title\" content=\"Se desarroll\u00f3 el taller \u2018Salud Mental y Derechos Humanos para nuestros abuelos\u2019 - Noticias Radio Reflejos\" \/>\n<meta property=\"og:description\" content=\"Tal como estaba previsto, el \u00faltimo viernes se desarroll\u00f3 el Taller \u2018Salud Mental y Derechos Humanos para nuestros abuelos\u2019, organizado por la Subdirecci\u00f3n de Discapacidad y Tercera Edad de Tornquist Municipio en conjunto con Regi\u00f3n Sanitaria I del Ministerio de Salud.\" \/>\n<meta property=\"og:url\" content=\"https:\/\/www.noticiasradioreflejos.com.ar\/2021\/se-desarrollo-el-taller-salud-mental-y-derechos-humanos-para-nuestros-abuelos\/\" \/>\n<meta property=\"og:site_name\" content=\"Noticias Radio Reflejos\" \/>\n<meta property=\"article:published_time\" content=\"2022-06-06T16:49:54+00:00\" \/>\n<meta property=\"og:image\" content=\"https:\/\/live.staticflickr.com\/65535\/52127185644_67e5b0bb58_c.jpg\" \/>\n<meta name=\"author\" content=\"Arnaldo Botto\" \/>\n<meta name=\"twitter:card\" content=\"summary_large_image\" \/>\n<script type=\"application\/ld+json\" class=\"yoast-schema-graph\">{\"@context\":\"https:\/\/schema.org\",\"@graph\":[{\"@type\":\"WebPage\",\"@id\":\"https:\/\/www.noticiasradioreflejos.com.ar\/2021\/se-desarrollo-el-taller-salud-mental-y-derechos-humanos-para-nuestros-abuelos\/\",\"url\":\"https:\/\/www.noticiasradioreflejos.com.ar\/2021\/se-desarrollo-el-taller-salud-mental-y-derechos-humanos-para-nuestros-abuelos\/\",\"name\":\"Se desarroll\u00f3 el taller \u2018Salud Mental y Derechos Humanos para nuestros abuelos\u2019 - Noticias Radio Reflejos\",\"isPartOf\":{\"@id\":\"https:\/\/www.noticiasradioreflejos.com.ar\/2021\/#website\"},\"primaryImageOfPage\":{\"@id\":\"https:\/\/www.noticiasradioreflejos.com.ar\/2021\/se-desarrollo-el-taller-salud-mental-y-derechos-humanos-para-nuestros-abuelos\/#primaryimage\"},\"image\":{\"@id\":\"https:\/\/www.noticiasradioreflejos.com.ar\/2021\/se-desarrollo-el-taller-salud-mental-y-derechos-humanos-para-nuestros-abuelos\/#primaryimage\"},\"thumbnailUrl\":\"https:\/\/live.staticflickr.com\/65535\/52127185644_67e5b0bb58_c.jpg\",\"datePublished\":\"2022-06-06T16:49:54+00:00\",\"author\":{\"@id\":\"https:\/\/www.noticiasradioreflejos.com.ar\/2021\/#\/schema\/person\/ad82545263dcc5ec0996818884fd5fb1\"},\"breadcrumb\":{\"@id\":\"https:\/\/www.noticiasradioreflejos.com.ar\/2021\/se-desarrollo-el-taller-salud-mental-y-derechos-humanos-para-nuestros-abuelos\/#breadcrumb\"},\"inLanguage\":\"es\",\"potentialAction\":[{\"@type\":\"ReadAction\",\"target\":[\"https:\/\/www.noticiasradioreflejos.com.ar\/2021\/se-desarrollo-el-taller-salud-mental-y-derechos-humanos-para-nuestros-abuelos\/\"]}]},{\"@type\":\"ImageObject\",\"inLanguage\":\"es\",\"@id\":\"https:\/\/www.noticiasradioreflejos.com.ar\/2021\/se-desarrollo-el-taller-salud-mental-y-derechos-humanos-para-nuestros-abuelos\/#primaryimage\",\"url\":\"https:\/\/live.staticflickr.com\/65535\/52127185644_67e5b0bb58_c.jpg\",\"contentUrl\":\"https:\/\/live.staticflickr.com\/65535\/52127185644_67e5b0bb58_c.jpg\"},{\"@type\":\"BreadcrumbList\",\"@id\":\"https:\/\/www.noticiasradioreflejos.com.ar\/2021\/se-desarrollo-el-taller-salud-mental-y-derechos-humanos-para-nuestros-abuelos\/#breadcrumb\",\"itemListElement\":[{\"@type\":\"ListItem\",\"position\":1,\"name\":\"Portada\",\"item\":\"https:\/\/www.noticiasradioreflejos.com.ar\/2021\/\"},{\"@type\":\"ListItem\",\"position\":2,\"name\":\"Se desarroll\u00f3 el taller \u2018Salud Mental y Derechos Humanos para nuestros abuelos\u2019\"}]},{\"@type\":\"WebSite\",\"@id\":\"https:\/\/www.noticiasradioreflejos.com.ar\/2021\/#website\",\"url\":\"https:\/\/www.noticiasradioreflejos.com.ar\/2021\/\",\"name\":\"Noticias Radio Reflejos\",\"description\":\"Las noticias de mi comarca\",\"potentialAction\":[{\"@type\":\"SearchAction\",\"target\":{\"@type\":\"EntryPoint\",\"urlTemplate\":\"https:\/\/www.noticiasradioreflejos.com.ar\/2021\/?s={search_term_string}\"},\"query-input\":{\"@type\":\"PropertyValueSpecification\",\"valueRequired\":true,\"valueName\":\"search_term_string\"}}],\"inLanguage\":\"es\"},{\"@type\":\"Person\",\"@id\":\"https:\/\/www.noticiasradioreflejos.com.ar\/2021\/#\/schema\/person\/ad82545263dcc5ec0996818884fd5fb1\",\"name\":\"Arnaldo Botto\",\"image\":{\"@type\":\"ImageObject\",\"inLanguage\":\"es\",\"@id\":\"https:\/\/www.noticiasradioreflejos.com.ar\/2021\/#\/schema\/person\/image\/\",\"url\":\"https:\/\/secure.gravatar.com\/avatar\/55cb5e37c1efa326397366e6974cb338056df65cb50e7d64d1cf314e87504837?s=96&d=mm&r=g\",\"contentUrl\":\"https:\/\/secure.gravatar.com\/avatar\/55cb5e37c1efa326397366e6974cb338056df65cb50e7d64d1cf314e87504837?s=96&d=mm&r=g\",\"caption\":\"Arnaldo Botto\"},\"url\":\"https:\/\/www.noticiasradioreflejos.com.ar\/2021\/author\/arnaldo\/\"}]}<\/script>\n<!-- \/ Yoast SEO plugin. -->","yoast_head_json":{"title":"Se desarroll\u00f3 el taller \u2018Salud Mental y Derechos Humanos para nuestros abuelos\u2019 - Noticias Radio Reflejos","robots":{"index":"index","follow":"follow","max-snippet":"max-snippet:-1","max-image-preview":"max-image-preview:large","max-video-preview":"max-video-preview:-1"},"canonical":"https:\/\/www.noticiasradioreflejos.com.ar\/2021\/se-desarrollo-el-taller-salud-mental-y-derechos-humanos-para-nuestros-abuelos\/","og_locale":"es_ES","og_type":"article","og_title":"Se desarroll\u00f3 el taller \u2018Salud Mental y Derechos Humanos para nuestros abuelos\u2019 - Noticias Radio Reflejos","og_description":"Tal como estaba previsto, el \u00faltimo viernes se desarroll\u00f3 el Taller \u2018Salud Mental y Derechos Humanos para nuestros abuelos\u2019, organizado por la Subdirecci\u00f3n de Discapacidad y Tercera Edad de Tornquist Municipio en conjunto con Regi\u00f3n Sanitaria I del Ministerio de Salud.","og_url":"https:\/\/www.noticiasradioreflejos.com.ar\/2021\/se-desarrollo-el-taller-salud-mental-y-derechos-humanos-para-nuestros-abuelos\/","og_site_name":"Noticias Radio Reflejos","article_published_time":"2022-06-06T16:49:54+00:00","og_image":[{"url":"https:\/\/live.staticflickr.com\/65535\/52127185644_67e5b0bb58_c.jpg","type":"","width":"","height":""}],"author":"Arnaldo Botto","twitter_card":"summary_large_image","schema":{"@context":"https:\/\/schema.org","@graph":[{"@type":"WebPage","@id":"https:\/\/www.noticiasradioreflejos.com.ar\/2021\/se-desarrollo-el-taller-salud-mental-y-derechos-humanos-para-nuestros-abuelos\/","url":"https:\/\/www.noticiasradioreflejos.com.ar\/2021\/se-desarrollo-el-taller-salud-mental-y-derechos-humanos-para-nuestros-abuelos\/","name":"Se desarroll\u00f3 el taller \u2018Salud Mental y Derechos Humanos para nuestros abuelos\u2019 - Noticias Radio Reflejos","isPartOf":{"@id":"https:\/\/www.noticiasradioreflejos.com.ar\/2021\/#website"},"primaryImageOfPage":{"@id":"https:\/\/www.noticiasradioreflejos.com.ar\/2021\/se-desarrollo-el-taller-salud-mental-y-derechos-humanos-para-nuestros-abuelos\/#primaryimage"},"image":{"@id":"https:\/\/www.noticiasradioreflejos.com.ar\/2021\/se-desarrollo-el-taller-salud-mental-y-derechos-humanos-para-nuestros-abuelos\/#primaryimage"},"thumbnailUrl":"https:\/\/live.staticflickr.com\/65535\/52127185644_67e5b0bb58_c.jpg","datePublished":"2022-06-06T16:49:54+00:00","author":{"@id":"https:\/\/www.noticiasradioreflejos.com.ar\/2021\/#\/schema\/person\/ad82545263dcc5ec0996818884fd5fb1"},"breadcrumb":{"@id":"https:\/\/www.noticiasradioreflejos.com.ar\/2021\/se-desarrollo-el-taller-salud-mental-y-derechos-humanos-para-nuestros-abuelos\/#breadcrumb"},"inLanguage":"es","potentialAction":[{"@type":"ReadAction","target":["https:\/\/www.noticiasradioreflejos.com.ar\/2021\/se-desarrollo-el-taller-salud-mental-y-derechos-humanos-para-nuestros-abuelos\/"]}]},{"@type":"ImageObject","inLanguage":"es","@id":"https:\/\/www.noticiasradioreflejos.com.ar\/2021\/se-desarrollo-el-taller-salud-mental-y-derechos-humanos-para-nuestros-abuelos\/#primaryimage","url":"https:\/\/live.staticflickr.com\/65535\/52127185644_67e5b0bb58_c.jpg","contentUrl":"https:\/\/live.staticflickr.com\/65535\/52127185644_67e5b0bb58_c.jpg"},{"@type":"BreadcrumbList","@id":"https:\/\/www.noticiasradioreflejos.com.ar\/2021\/se-desarrollo-el-taller-salud-mental-y-derechos-humanos-para-nuestros-abuelos\/#breadcrumb","itemListElement":[{"@type":"ListItem","position":1,"name":"Portada","item":"https:\/\/www.noticiasradioreflejos.com.ar\/2021\/"},{"@type":"ListItem","position":2,"name":"Se desarroll\u00f3 el taller \u2018Salud Mental y Derechos Humanos para nuestros abuelos\u2019"}]},{"@type":"WebSite","@id":"https:\/\/www.noticiasradioreflejos.com.ar\/2021\/#website","url":"https:\/\/www.noticiasradioreflejos.com.ar\/2021\/","name":"Noticias Radio Reflejos","description":"Las noticias de mi comarca","potentialAction":[{"@type":"SearchAction","target":{"@type":"EntryPoint","urlTemplate":"https:\/\/www.noticiasradioreflejos.com.ar\/2021\/?s={search_term_string}"},"query-input":{"@type":"PropertyValueSpecification","valueRequired":true,"valueName":"search_term_string"}}],"inLanguage":"es"},{"@type":"Person","@id":"https:\/\/www.noticiasradioreflejos.com.ar\/2021\/#\/schema\/person\/ad82545263dcc5ec0996818884fd5fb1","name":"Arnaldo Botto","image":{"@type":"ImageObject","inLanguage":"es","@id":"https:\/\/www.noticiasradioreflejos.com.ar\/2021\/#\/schema\/person\/image\/","url":"https:\/\/secure.gravatar.com\/avatar\/55cb5e37c1efa326397366e6974cb338056df65cb50e7d64d1cf314e87504837?s=96&d=mm&r=g","contentUrl":"https:\/\/secure.gravatar.com\/avatar\/55cb5e37c1efa326397366e6974cb338056df65cb50e7d64d1cf314e87504837?s=96&d=mm&r=g","caption":"Arnaldo Botto"},"url":"https:\/\/www.noticiasradioreflejos.com.ar\/2021\/author\/arnaldo\/"}]}},"_links":{"self":[{"href":"https:\/\/www.noticiasradioreflejos.com.ar\/2021\/wp-json\/wp\/v2\/posts\/73298","targetHints":{"allow":["GET"]}}],"collection":[{"href":"https:\/\/www.noticiasradioreflejos.com.ar\/2021\/wp-json\/wp\/v2\/posts"}],"about":[{"href":"https:\/\/www.noticiasradioreflejos.com.ar\/2021\/wp-json\/wp\/v2\/types\/post"}],"author":[{"embeddable":true,"href":"https:\/\/www.noticiasradioreflejos.com.ar\/2021\/wp-json\/wp\/v2\/users\/3"}],"replies":[{"embeddable":true,"href":"https:\/\/www.noticiasradioreflejos.com.ar\/2021\/wp-json\/wp\/v2\/comments?post=73298"}],"version-history":[{"count":1,"href":"https:\/\/www.noticiasradioreflejos.com.ar\/2021\/wp-json\/wp\/v2\/posts\/73298\/revisions"}],"predecessor-version":[{"id":73301,"href":"https:\/\/www.noticiasradioreflejos.com.ar\/2021\/wp-json\/wp\/v2\/posts\/73298\/revisions\/73301"}],"wp:attachment":[{"href":"https:\/\/www.noticiasradioreflejos.com.ar\/2021\/wp-json\/wp\/v2\/media?parent=73298"}],"wp:term":[{"taxonomy":"category","embeddable":true,"href":"https:\/\/www.noticiasradioreflejos.com.ar\/2021\/wp-json\/wp\/v2\/categories?post=73298"},{"taxonomy":"post_tag","embeddable":true,"href":"https:\/\/www.noticiasradioreflejos.com.ar\/2021\/wp-json\/wp\/v2\/tags?post=73298"}],"curies":[{"name":"wp","href":"https:\/\/api.w.org\/{rel}","templated":true}]}}