{"id":73295,"date":"2022-06-06T18:00:35","date_gmt":"2022-06-06T18:00:35","guid":{"rendered":"http:\/\/www.noticiasradioreflejos.com.ar\/2021\/?p=73295"},"modified":"2022-06-06T18:00:35","modified_gmt":"2022-06-06T18:00:35","slug":"una-foto-de-antonela-pelorosso-coggan-fue-reconocida-a-nivel-provincial","status":"publish","type":"post","link":"https:\/\/www.noticiasradioreflejos.com.ar\/2021\/una-foto-de-antonela-pelorosso-coggan-fue-reconocida-a-nivel-provincial\/","title":{"rendered":"Una foto de Antonela Pelorosso Coggan fue reconocida a nivel provincial"},"content":{"rendered":"<p>Gan\u00f3 una menci\u00f3n en la <strong>Cuarta Edici\u00f3n del FEBA<\/strong> <strong>Cultura<\/strong>. \u201cEs una foto a la cual le tengo mucho cari\u00f1o y es fiel al tipo de retratos que hago\u201d afirm\u00f3\u201d.<!--more--><\/p>\n<p><a title=\"premios FEBA (2)\" href=\"https:\/\/www.flickr.com\/photos\/182279889@N02\/52118198963\/in\/dateposted-public\/\" data-flickr-embed=\"true\"><img loading=\"lazy\" decoding=\"async\" class=\"aligncenter\" src=\"https:\/\/live.staticflickr.com\/65535\/52118198963_a6e8a84d83.jpg\" alt=\"premios FEBA (2)\" width=\"637\" height=\"358\" \/><\/a><script async src=\"\/\/embedr.flickr.com\/assets\/client-code.js\" charset=\"utf-8\"><\/script><\/p>\n<p>La Federaci\u00f3n Econ\u00f3mica de la Provincia de Buenos Aires llev\u00f3 adelante su cuarta edici\u00f3n de la reconocida FEBA Cultura, y en esta ocasi\u00f3n una vecina de la comarca se llev\u00f3 los flashes en el \u00e1rea de fotograf\u00eda.<\/p>\n<p><strong>Antonela Pelorosso Coggan<\/strong> gan\u00f3 una menci\u00f3n por perspectiva de g\u00e9nero, en un evento que tuvo su premiaci\u00f3n d\u00edas atr\u00e1s en Capital Federal.<\/p>\n<p>Al respecto, Antonela record\u00f3: \u201cme hab\u00eda presentado anteriormente a trav\u00e9s de la C\u00e1mara de Comercio. Para m\u00ed fue una gran felicitad. No pude asistir ya que se entregaban un jueves, as\u00ed que en representaci\u00f3n fue Micaela Costa\u201d.<\/p>\n<p>De igual manera aclar\u00f3 que \u201ccualquier persona para se puede anotar. Yo me enter\u00e9 por redes sociales\u201d. Al mismo tiempo detall\u00f3 que \u201csaqu\u00e9 menci\u00f3n por perspectiva de g\u00e9nero. Yo vengo del fotoperiodismo desde Buenos Aires. Hace ya ocho a\u00f1os que estoy en Sierra. Siempre segu\u00ed la misma l\u00ednea fotogr\u00e1fica\u201d.<\/p>\n<p>Apuntando directamente a su obra premiada, Pelorosso Coggan admiti\u00f3 que \u201cla foto es del a\u00f1o pasado. Film\u00e9 a una chica que se llama Jorgelina que es de Bah\u00eda Blanca. Ella estaba haciendo un corto con unas amigas y justamente ese video trata de la perspectiva de g\u00e9nero. Cuando vino a Sierra, adem\u00e1s de filmarla, tambi\u00e9n la retrat\u00e9 y es la que envi\u00e9\u201d.<\/p>\n<p>Por \u00faltimo, y cerrando esa idea, coment\u00f3 que \u201ces una foto que a m\u00ed me gusta, que le tengo mucho cari\u00f1o y es fiel al tipo de fotograf\u00eda que hago\u201d.<\/p>\n<p>&nbsp;<\/p>\n<p><iframe loading=\"lazy\" src=\"https:\/\/w.soundcloud.com\/player\/?url=https%3A\/\/api.soundcloud.com\/tracks\/1281981322&amp;color=%23ff5500&amp;auto_play=false&amp;hide_related=false&amp;show_comments=true&amp;show_user=true&amp;show_reposts=false&amp;show_teaser=true\" width=\"100%\" height=\"166\" frameborder=\"no\" scrolling=\"no\"><\/iframe><\/p>\n<div style=\"font-size: 10px; color: #cccccc; line-break: anywhere; word-break: normal; overflow: hidden; white-space: nowrap; text-overflow: ellipsis; font-family: Interstate,Lucida Grande,Lucida Sans Unicode,Lucida Sans,Garuda,Verdana,Tahoma,sans-serif; font-weight: 100;\"><a style=\"color: #cccccc; text-decoration: none;\" title=\"fmreflejos 103.7\" href=\"https:\/\/soundcloud.com\/fmreflejos-103-7\" target=\"_blank\" rel=\"noopener\">fmreflejos 103.7<\/a> \u00b7 <a style=\"color: #cccccc; text-decoration: none;\" title=\"Antonela Pelorosso Coggan\" href=\"https:\/\/soundcloud.com\/fmreflejos-103-7\/antonela-pelorosso-coggan\" target=\"_blank\" rel=\"noopener\">Antonela Pelorosso Coggan<\/a><\/div>\n","protected":false},"excerpt":{"rendered":"<p>Gan\u00f3 una menci\u00f3n en la Cuarta Edici\u00f3n del FEBA Cultura. \u201cEs una foto a la cual le tengo mucho cari\u00f1o y es fiel al tipo de retratos que hago\u201d afirm\u00f3\u201d.<\/p>\n","protected":false},"author":3,"featured_media":0,"comment_status":"closed","ping_status":"closed","sticky":false,"template":"","format":"standard","meta":{"footnotes":""},"categories":[35,26],"tags":[48],"class_list":["post-73295","post","type-post","status-publish","format-standard","hentry","category-cultura","category-sociedad","tag-destacada"],"yoast_head":"<!-- This site is optimized with the Yoast SEO plugin v25.9 - https:\/\/yoast.com\/wordpress\/plugins\/seo\/ -->\n<title>Una foto de Antonela Pelorosso Coggan fue reconocida a nivel provincial - Noticias Radio Reflejos<\/title>\n<meta name=\"robots\" content=\"index, follow, max-snippet:-1, max-image-preview:large, max-video-preview:-1\" \/>\n<link rel=\"canonical\" href=\"https:\/\/www.noticiasradioreflejos.com.ar\/2021\/una-foto-de-antonela-pelorosso-coggan-fue-reconocida-a-nivel-provincial\/\" \/>\n<meta property=\"og:locale\" content=\"es_ES\" \/>\n<meta property=\"og:type\" content=\"article\" \/>\n<meta property=\"og:title\" content=\"Una foto de Antonela Pelorosso Coggan fue reconocida a nivel provincial - Noticias Radio Reflejos\" \/>\n<meta property=\"og:description\" content=\"Gan\u00f3 una menci\u00f3n en la Cuarta Edici\u00f3n del FEBA Cultura. \u201cEs una foto a la cual le tengo mucho cari\u00f1o y es fiel al tipo de retratos que hago\u201d afirm\u00f3\u201d.\" \/>\n<meta property=\"og:url\" content=\"https:\/\/www.noticiasradioreflejos.com.ar\/2021\/una-foto-de-antonela-pelorosso-coggan-fue-reconocida-a-nivel-provincial\/\" \/>\n<meta property=\"og:site_name\" content=\"Noticias Radio Reflejos\" \/>\n<meta property=\"article:published_time\" content=\"2022-06-06T18:00:35+00:00\" \/>\n<meta property=\"og:image\" content=\"https:\/\/live.staticflickr.com\/65535\/52118198963_a6e8a84d83.jpg\" \/>\n<meta name=\"author\" content=\"Arnaldo Botto\" \/>\n<meta name=\"twitter:card\" content=\"summary_large_image\" \/>\n<script type=\"application\/ld+json\" class=\"yoast-schema-graph\">{\"@context\":\"https:\/\/schema.org\",\"@graph\":[{\"@type\":\"WebPage\",\"@id\":\"https:\/\/www.noticiasradioreflejos.com.ar\/2021\/una-foto-de-antonela-pelorosso-coggan-fue-reconocida-a-nivel-provincial\/\",\"url\":\"https:\/\/www.noticiasradioreflejos.com.ar\/2021\/una-foto-de-antonela-pelorosso-coggan-fue-reconocida-a-nivel-provincial\/\",\"name\":\"Una foto de Antonela Pelorosso Coggan fue reconocida a nivel provincial - Noticias Radio Reflejos\",\"isPartOf\":{\"@id\":\"https:\/\/www.noticiasradioreflejos.com.ar\/2021\/#website\"},\"primaryImageOfPage\":{\"@id\":\"https:\/\/www.noticiasradioreflejos.com.ar\/2021\/una-foto-de-antonela-pelorosso-coggan-fue-reconocida-a-nivel-provincial\/#primaryimage\"},\"image\":{\"@id\":\"https:\/\/www.noticiasradioreflejos.com.ar\/2021\/una-foto-de-antonela-pelorosso-coggan-fue-reconocida-a-nivel-provincial\/#primaryimage\"},\"thumbnailUrl\":\"https:\/\/live.staticflickr.com\/65535\/52118198963_a6e8a84d83.jpg\",\"datePublished\":\"2022-06-06T18:00:35+00:00\",\"author\":{\"@id\":\"https:\/\/www.noticiasradioreflejos.com.ar\/2021\/#\/schema\/person\/ad82545263dcc5ec0996818884fd5fb1\"},\"breadcrumb\":{\"@id\":\"https:\/\/www.noticiasradioreflejos.com.ar\/2021\/una-foto-de-antonela-pelorosso-coggan-fue-reconocida-a-nivel-provincial\/#breadcrumb\"},\"inLanguage\":\"es\",\"potentialAction\":[{\"@type\":\"ReadAction\",\"target\":[\"https:\/\/www.noticiasradioreflejos.com.ar\/2021\/una-foto-de-antonela-pelorosso-coggan-fue-reconocida-a-nivel-provincial\/\"]}]},{\"@type\":\"ImageObject\",\"inLanguage\":\"es\",\"@id\":\"https:\/\/www.noticiasradioreflejos.com.ar\/2021\/una-foto-de-antonela-pelorosso-coggan-fue-reconocida-a-nivel-provincial\/#primaryimage\",\"url\":\"https:\/\/live.staticflickr.com\/65535\/52118198963_a6e8a84d83.jpg\",\"contentUrl\":\"https:\/\/live.staticflickr.com\/65535\/52118198963_a6e8a84d83.jpg\"},{\"@type\":\"BreadcrumbList\",\"@id\":\"https:\/\/www.noticiasradioreflejos.com.ar\/2021\/una-foto-de-antonela-pelorosso-coggan-fue-reconocida-a-nivel-provincial\/#breadcrumb\",\"itemListElement\":[{\"@type\":\"ListItem\",\"position\":1,\"name\":\"Portada\",\"item\":\"https:\/\/www.noticiasradioreflejos.com.ar\/2021\/\"},{\"@type\":\"ListItem\",\"position\":2,\"name\":\"Una foto de Antonela Pelorosso Coggan fue reconocida a nivel provincial\"}]},{\"@type\":\"WebSite\",\"@id\":\"https:\/\/www.noticiasradioreflejos.com.ar\/2021\/#website\",\"url\":\"https:\/\/www.noticiasradioreflejos.com.ar\/2021\/\",\"name\":\"Noticias Radio Reflejos\",\"description\":\"Las noticias de mi comarca\",\"potentialAction\":[{\"@type\":\"SearchAction\",\"target\":{\"@type\":\"EntryPoint\",\"urlTemplate\":\"https:\/\/www.noticiasradioreflejos.com.ar\/2021\/?s={search_term_string}\"},\"query-input\":{\"@type\":\"PropertyValueSpecification\",\"valueRequired\":true,\"valueName\":\"search_term_string\"}}],\"inLanguage\":\"es\"},{\"@type\":\"Person\",\"@id\":\"https:\/\/www.noticiasradioreflejos.com.ar\/2021\/#\/schema\/person\/ad82545263dcc5ec0996818884fd5fb1\",\"name\":\"Arnaldo Botto\",\"image\":{\"@type\":\"ImageObject\",\"inLanguage\":\"es\",\"@id\":\"https:\/\/www.noticiasradioreflejos.com.ar\/2021\/#\/schema\/person\/image\/\",\"url\":\"https:\/\/secure.gravatar.com\/avatar\/55cb5e37c1efa326397366e6974cb338056df65cb50e7d64d1cf314e87504837?s=96&d=mm&r=g\",\"contentUrl\":\"https:\/\/secure.gravatar.com\/avatar\/55cb5e37c1efa326397366e6974cb338056df65cb50e7d64d1cf314e87504837?s=96&d=mm&r=g\",\"caption\":\"Arnaldo Botto\"},\"url\":\"https:\/\/www.noticiasradioreflejos.com.ar\/2021\/author\/arnaldo\/\"}]}<\/script>\n<!-- \/ Yoast SEO plugin. -->","yoast_head_json":{"title":"Una foto de Antonela Pelorosso Coggan fue reconocida a nivel provincial - Noticias Radio Reflejos","robots":{"index":"index","follow":"follow","max-snippet":"max-snippet:-1","max-image-preview":"max-image-preview:large","max-video-preview":"max-video-preview:-1"},"canonical":"https:\/\/www.noticiasradioreflejos.com.ar\/2021\/una-foto-de-antonela-pelorosso-coggan-fue-reconocida-a-nivel-provincial\/","og_locale":"es_ES","og_type":"article","og_title":"Una foto de Antonela Pelorosso Coggan fue reconocida a nivel provincial - Noticias Radio Reflejos","og_description":"Gan\u00f3 una menci\u00f3n en la Cuarta Edici\u00f3n del FEBA Cultura. \u201cEs una foto a la cual le tengo mucho cari\u00f1o y es fiel al tipo de retratos que hago\u201d afirm\u00f3\u201d.","og_url":"https:\/\/www.noticiasradioreflejos.com.ar\/2021\/una-foto-de-antonela-pelorosso-coggan-fue-reconocida-a-nivel-provincial\/","og_site_name":"Noticias Radio Reflejos","article_published_time":"2022-06-06T18:00:35+00:00","og_image":[{"url":"https:\/\/live.staticflickr.com\/65535\/52118198963_a6e8a84d83.jpg","type":"","width":"","height":""}],"author":"Arnaldo Botto","twitter_card":"summary_large_image","schema":{"@context":"https:\/\/schema.org","@graph":[{"@type":"WebPage","@id":"https:\/\/www.noticiasradioreflejos.com.ar\/2021\/una-foto-de-antonela-pelorosso-coggan-fue-reconocida-a-nivel-provincial\/","url":"https:\/\/www.noticiasradioreflejos.com.ar\/2021\/una-foto-de-antonela-pelorosso-coggan-fue-reconocida-a-nivel-provincial\/","name":"Una foto de Antonela Pelorosso Coggan fue reconocida a nivel provincial - Noticias Radio Reflejos","isPartOf":{"@id":"https:\/\/www.noticiasradioreflejos.com.ar\/2021\/#website"},"primaryImageOfPage":{"@id":"https:\/\/www.noticiasradioreflejos.com.ar\/2021\/una-foto-de-antonela-pelorosso-coggan-fue-reconocida-a-nivel-provincial\/#primaryimage"},"image":{"@id":"https:\/\/www.noticiasradioreflejos.com.ar\/2021\/una-foto-de-antonela-pelorosso-coggan-fue-reconocida-a-nivel-provincial\/#primaryimage"},"thumbnailUrl":"https:\/\/live.staticflickr.com\/65535\/52118198963_a6e8a84d83.jpg","datePublished":"2022-06-06T18:00:35+00:00","author":{"@id":"https:\/\/www.noticiasradioreflejos.com.ar\/2021\/#\/schema\/person\/ad82545263dcc5ec0996818884fd5fb1"},"breadcrumb":{"@id":"https:\/\/www.noticiasradioreflejos.com.ar\/2021\/una-foto-de-antonela-pelorosso-coggan-fue-reconocida-a-nivel-provincial\/#breadcrumb"},"inLanguage":"es","potentialAction":[{"@type":"ReadAction","target":["https:\/\/www.noticiasradioreflejos.com.ar\/2021\/una-foto-de-antonela-pelorosso-coggan-fue-reconocida-a-nivel-provincial\/"]}]},{"@type":"ImageObject","inLanguage":"es","@id":"https:\/\/www.noticiasradioreflejos.com.ar\/2021\/una-foto-de-antonela-pelorosso-coggan-fue-reconocida-a-nivel-provincial\/#primaryimage","url":"https:\/\/live.staticflickr.com\/65535\/52118198963_a6e8a84d83.jpg","contentUrl":"https:\/\/live.staticflickr.com\/65535\/52118198963_a6e8a84d83.jpg"},{"@type":"BreadcrumbList","@id":"https:\/\/www.noticiasradioreflejos.com.ar\/2021\/una-foto-de-antonela-pelorosso-coggan-fue-reconocida-a-nivel-provincial\/#breadcrumb","itemListElement":[{"@type":"ListItem","position":1,"name":"Portada","item":"https:\/\/www.noticiasradioreflejos.com.ar\/2021\/"},{"@type":"ListItem","position":2,"name":"Una foto de Antonela Pelorosso Coggan fue reconocida a nivel provincial"}]},{"@type":"WebSite","@id":"https:\/\/www.noticiasradioreflejos.com.ar\/2021\/#website","url":"https:\/\/www.noticiasradioreflejos.com.ar\/2021\/","name":"Noticias Radio Reflejos","description":"Las noticias de mi comarca","potentialAction":[{"@type":"SearchAction","target":{"@type":"EntryPoint","urlTemplate":"https:\/\/www.noticiasradioreflejos.com.ar\/2021\/?s={search_term_string}"},"query-input":{"@type":"PropertyValueSpecification","valueRequired":true,"valueName":"search_term_string"}}],"inLanguage":"es"},{"@type":"Person","@id":"https:\/\/www.noticiasradioreflejos.com.ar\/2021\/#\/schema\/person\/ad82545263dcc5ec0996818884fd5fb1","name":"Arnaldo Botto","image":{"@type":"ImageObject","inLanguage":"es","@id":"https:\/\/www.noticiasradioreflejos.com.ar\/2021\/#\/schema\/person\/image\/","url":"https:\/\/secure.gravatar.com\/avatar\/55cb5e37c1efa326397366e6974cb338056df65cb50e7d64d1cf314e87504837?s=96&d=mm&r=g","contentUrl":"https:\/\/secure.gravatar.com\/avatar\/55cb5e37c1efa326397366e6974cb338056df65cb50e7d64d1cf314e87504837?s=96&d=mm&r=g","caption":"Arnaldo Botto"},"url":"https:\/\/www.noticiasradioreflejos.com.ar\/2021\/author\/arnaldo\/"}]}},"_links":{"self":[{"href":"https:\/\/www.noticiasradioreflejos.com.ar\/2021\/wp-json\/wp\/v2\/posts\/73295","targetHints":{"allow":["GET"]}}],"collection":[{"href":"https:\/\/www.noticiasradioreflejos.com.ar\/2021\/wp-json\/wp\/v2\/posts"}],"about":[{"href":"https:\/\/www.noticiasradioreflejos.com.ar\/2021\/wp-json\/wp\/v2\/types\/post"}],"author":[{"embeddable":true,"href":"https:\/\/www.noticiasradioreflejos.com.ar\/2021\/wp-json\/wp\/v2\/users\/3"}],"replies":[{"embeddable":true,"href":"https:\/\/www.noticiasradioreflejos.com.ar\/2021\/wp-json\/wp\/v2\/comments?post=73295"}],"version-history":[{"count":2,"href":"https:\/\/www.noticiasradioreflejos.com.ar\/2021\/wp-json\/wp\/v2\/posts\/73295\/revisions"}],"predecessor-version":[{"id":73327,"href":"https:\/\/www.noticiasradioreflejos.com.ar\/2021\/wp-json\/wp\/v2\/posts\/73295\/revisions\/73327"}],"wp:attachment":[{"href":"https:\/\/www.noticiasradioreflejos.com.ar\/2021\/wp-json\/wp\/v2\/media?parent=73295"}],"wp:term":[{"taxonomy":"category","embeddable":true,"href":"https:\/\/www.noticiasradioreflejos.com.ar\/2021\/wp-json\/wp\/v2\/categories?post=73295"},{"taxonomy":"post_tag","embeddable":true,"href":"https:\/\/www.noticiasradioreflejos.com.ar\/2021\/wp-json\/wp\/v2\/tags?post=73295"}],"curies":[{"name":"wp","href":"https:\/\/api.w.org\/{rel}","templated":true}]}}