{"id":73292,"date":"2022-06-06T14:48:31","date_gmt":"2022-06-06T14:48:31","guid":{"rendered":"http:\/\/www.noticiasradioreflejos.com.ar\/2021\/?p=73292"},"modified":"2022-06-06T14:48:31","modified_gmt":"2022-06-06T14:48:31","slug":"juicio-a-la-liga-la-fiscalia-pidio-penas-de-6-anos-de-prision-para-los-acusados","status":"publish","type":"post","link":"https:\/\/www.noticiasradioreflejos.com.ar\/2021\/juicio-a-la-liga-la-fiscalia-pidio-penas-de-6-anos-de-prision-para-los-acusados\/","title":{"rendered":"Juicio a \u201cLa Liga\u201d: la fiscal\u00eda pidi\u00f3 penas de 6 a\u00f1os de prisi\u00f3n para los acusados"},"content":{"rendered":"<p>En el marco del juicio que se le sigue a <strong>Claudio Oscar Del Valle y a Rodrigo Emanuel Garc\u00eda<\/strong> \u2013 por participar de distintas maniobras, directas o indirectas, vinculadas con el accionar de la banda que coaccionaba y estafaba en remates judiciales que se realizaban en Bah\u00eda Blanca y la zona autodenominada \u201cLa Liga\u201d- las partes realizaron los alegatos.<!--more--><\/p>\n<p>El <strong>fiscal Gustavo Zorzano<\/strong> solicit\u00f3 la pena de 6 a\u00f1os de prisi\u00f3n para Garc\u00eda y para Del Valle pidi\u00f3 una condena de 6 a\u00f1os y 6 meses.<\/p>\n<p>En tanto, la Dra. Fabiana Vannini defensora de Garc\u00eda, solicit\u00f3 su absoluci\u00f3n y subsidiariamente que se le impongan 3 a\u00f1os de prisi\u00f3n de ejecuci\u00f3n condicional. El Dr. Maximiliano De Mira, representante de Del Valle, pidi\u00f3 la absoluci\u00f3n de su defendido.<\/p>\n<p>La causa se inici\u00f3 en el a\u00f1o 2015 a trav\u00e9s de una investigaci\u00f3n realizada por la UFIJ N.\u00ba 9 e inicialmente se vinculaba a 16 personas con el accionar delictivo de la banda.<\/p>\n<p>El Tribunal en lo Criminal N\u00b03 dar\u00e1 a conocer el fallo, el d\u00eda el lunes 13 de junio en horas del mediod\u00eda.<\/p>\n<figure class=\"wp-block-image size-large\"><img loading=\"lazy\" decoding=\"async\" class=\"wp-image-6448\" src=\"https:\/\/agenciadenoticiasjudiciales.com\/wp-content\/uploads\/2022\/05\/La-Liga-2-1-1024x839.jpg\" sizes=\"auto, (max-width: 1024px) 100vw, 1024px\" srcset=\"https:\/\/agenciadenoticiasjudiciales.com\/wp-content\/uploads\/2022\/05\/La-Liga-2-1-1024x839.jpg 1024w, https:\/\/agenciadenoticiasjudiciales.com\/wp-content\/uploads\/2022\/05\/La-Liga-2-1-300x246.jpg 300w, https:\/\/agenciadenoticiasjudiciales.com\/wp-content\/uploads\/2022\/05\/La-Liga-2-1-768x629.jpg 768w, https:\/\/agenciadenoticiasjudiciales.com\/wp-content\/uploads\/2022\/05\/La-Liga-2-1-1536x1258.jpg 1536w, https:\/\/agenciadenoticiasjudiciales.com\/wp-content\/uploads\/2022\/05\/La-Liga-2-1-2048x1678.jpg 2048w\" alt=\"\" width=\"1024\" height=\"839\" \/><\/figure>\n<figure class=\"wp-block-image size-large\"><img loading=\"lazy\" decoding=\"async\" class=\"wp-image-6446\" src=\"https:\/\/agenciadenoticiasjudiciales.com\/wp-content\/uploads\/2022\/05\/La-Liga-fiscal-1024x852.jpg\" sizes=\"auto, (max-width: 1024px) 100vw, 1024px\" srcset=\"https:\/\/agenciadenoticiasjudiciales.com\/wp-content\/uploads\/2022\/05\/La-Liga-fiscal-1024x852.jpg 1024w, https:\/\/agenciadenoticiasjudiciales.com\/wp-content\/uploads\/2022\/05\/La-Liga-fiscal-300x250.jpg 300w, https:\/\/agenciadenoticiasjudiciales.com\/wp-content\/uploads\/2022\/05\/La-Liga-fiscal-768x639.jpg 768w, https:\/\/agenciadenoticiasjudiciales.com\/wp-content\/uploads\/2022\/05\/La-Liga-fiscal-1536x1278.jpg 1536w, https:\/\/agenciadenoticiasjudiciales.com\/wp-content\/uploads\/2022\/05\/La-Liga-fiscal-2048x1704.jpg 2048w\" alt=\"\" width=\"1024\" height=\"852\" \/><\/figure>\n<figure class=\"wp-block-image size-large\"><img loading=\"lazy\" decoding=\"async\" class=\"wp-image-6449\" src=\"https:\/\/agenciadenoticiasjudiciales.com\/wp-content\/uploads\/2022\/05\/La-liga-imputado-2-1024x813.jpg\" sizes=\"auto, (max-width: 1024px) 100vw, 1024px\" srcset=\"https:\/\/agenciadenoticiasjudiciales.com\/wp-content\/uploads\/2022\/05\/La-liga-imputado-2-1024x813.jpg 1024w, https:\/\/agenciadenoticiasjudiciales.com\/wp-content\/uploads\/2022\/05\/La-liga-imputado-2-300x238.jpg 300w, https:\/\/agenciadenoticiasjudiciales.com\/wp-content\/uploads\/2022\/05\/La-liga-imputado-2-768x610.jpg 768w, https:\/\/agenciadenoticiasjudiciales.com\/wp-content\/uploads\/2022\/05\/La-liga-imputado-2.jpg 1414w\" alt=\"\" width=\"1024\" height=\"813\" \/><\/figure>\n<figure class=\"wp-block-image size-large\"><img loading=\"lazy\" decoding=\"async\" class=\"wp-image-6451\" src=\"https:\/\/agenciadenoticiasjudiciales.com\/wp-content\/uploads\/2022\/05\/La-Liga-imputado-1-1024x880.jpg\" sizes=\"auto, (max-width: 1024px) 100vw, 1024px\" srcset=\"https:\/\/agenciadenoticiasjudiciales.com\/wp-content\/uploads\/2022\/05\/La-Liga-imputado-1-1024x880.jpg 1024w, https:\/\/agenciadenoticiasjudiciales.com\/wp-content\/uploads\/2022\/05\/La-Liga-imputado-1-300x258.jpg 300w, https:\/\/agenciadenoticiasjudiciales.com\/wp-content\/uploads\/2022\/05\/La-Liga-imputado-1-768x660.jpg 768w, https:\/\/agenciadenoticiasjudiciales.com\/wp-content\/uploads\/2022\/05\/La-Liga-imputado-1-1536x1320.jpg 1536w, https:\/\/agenciadenoticiasjudiciales.com\/wp-content\/uploads\/2022\/05\/La-Liga-imputado-1-2048x1760.jpg 2048w\" alt=\"\" width=\"1024\" height=\"880\" \/><\/figure>\n","protected":false},"excerpt":{"rendered":"<p>En el marco del juicio que se le sigue a Claudio Oscar Del Valle y a Rodrigo Emanuel Garc\u00eda \u2013 por participar de distintas maniobras, directas o indirectas, vinculadas con el accionar de la banda que coaccionaba y estafaba en remates judiciales que se realizaban en Bah\u00eda Blanca y la zona autodenominada \u201cLa Liga\u201d- las [&hellip;]<\/p>\n","protected":false},"author":3,"featured_media":0,"comment_status":"closed","ping_status":"closed","sticky":false,"template":"","format":"standard","meta":{"footnotes":""},"categories":[57],"tags":[],"class_list":["post-73292","post","type-post","status-publish","format-standard","hentry","category-judiciales"],"yoast_head":"<!-- This site is optimized with the Yoast SEO plugin v25.9 - https:\/\/yoast.com\/wordpress\/plugins\/seo\/ -->\n<title>Juicio a \u201cLa Liga\u201d: la fiscal\u00eda pidi\u00f3 penas de 6 a\u00f1os de prisi\u00f3n para los acusados - Noticias Radio Reflejos<\/title>\n<meta name=\"robots\" content=\"index, follow, max-snippet:-1, max-image-preview:large, max-video-preview:-1\" \/>\n<link rel=\"canonical\" href=\"https:\/\/www.noticiasradioreflejos.com.ar\/2021\/juicio-a-la-liga-la-fiscalia-pidio-penas-de-6-anos-de-prision-para-los-acusados\/\" \/>\n<meta property=\"og:locale\" content=\"es_ES\" \/>\n<meta property=\"og:type\" content=\"article\" \/>\n<meta property=\"og:title\" content=\"Juicio a \u201cLa Liga\u201d: la fiscal\u00eda pidi\u00f3 penas de 6 a\u00f1os de prisi\u00f3n para los acusados - Noticias Radio Reflejos\" \/>\n<meta property=\"og:description\" content=\"En el marco del juicio que se le sigue a Claudio Oscar Del Valle y a Rodrigo Emanuel Garc\u00eda \u2013 por participar de distintas maniobras, directas o indirectas, vinculadas con el accionar de la banda que coaccionaba y estafaba en remates judiciales que se realizaban en Bah\u00eda Blanca y la zona autodenominada \u201cLa Liga\u201d- las [&hellip;]\" \/>\n<meta property=\"og:url\" content=\"https:\/\/www.noticiasradioreflejos.com.ar\/2021\/juicio-a-la-liga-la-fiscalia-pidio-penas-de-6-anos-de-prision-para-los-acusados\/\" \/>\n<meta property=\"og:site_name\" content=\"Noticias Radio Reflejos\" \/>\n<meta property=\"article:published_time\" content=\"2022-06-06T14:48:31+00:00\" \/>\n<meta property=\"og:image\" content=\"https:\/\/agenciadenoticiasjudiciales.com\/wp-content\/uploads\/2022\/05\/La-Liga-2-1-1024x839.jpg\" \/>\n<meta name=\"author\" content=\"Arnaldo Botto\" \/>\n<meta name=\"twitter:card\" content=\"summary_large_image\" \/>\n<script type=\"application\/ld+json\" class=\"yoast-schema-graph\">{\"@context\":\"https:\/\/schema.org\",\"@graph\":[{\"@type\":\"WebPage\",\"@id\":\"https:\/\/www.noticiasradioreflejos.com.ar\/2021\/juicio-a-la-liga-la-fiscalia-pidio-penas-de-6-anos-de-prision-para-los-acusados\/\",\"url\":\"https:\/\/www.noticiasradioreflejos.com.ar\/2021\/juicio-a-la-liga-la-fiscalia-pidio-penas-de-6-anos-de-prision-para-los-acusados\/\",\"name\":\"Juicio a \u201cLa Liga\u201d: la fiscal\u00eda pidi\u00f3 penas de 6 a\u00f1os de prisi\u00f3n para los acusados - Noticias Radio Reflejos\",\"isPartOf\":{\"@id\":\"https:\/\/www.noticiasradioreflejos.com.ar\/2021\/#website\"},\"primaryImageOfPage\":{\"@id\":\"https:\/\/www.noticiasradioreflejos.com.ar\/2021\/juicio-a-la-liga-la-fiscalia-pidio-penas-de-6-anos-de-prision-para-los-acusados\/#primaryimage\"},\"image\":{\"@id\":\"https:\/\/www.noticiasradioreflejos.com.ar\/2021\/juicio-a-la-liga-la-fiscalia-pidio-penas-de-6-anos-de-prision-para-los-acusados\/#primaryimage\"},\"thumbnailUrl\":\"https:\/\/agenciadenoticiasjudiciales.com\/wp-content\/uploads\/2022\/05\/La-Liga-2-1-1024x839.jpg\",\"datePublished\":\"2022-06-06T14:48:31+00:00\",\"author\":{\"@id\":\"https:\/\/www.noticiasradioreflejos.com.ar\/2021\/#\/schema\/person\/ad82545263dcc5ec0996818884fd5fb1\"},\"breadcrumb\":{\"@id\":\"https:\/\/www.noticiasradioreflejos.com.ar\/2021\/juicio-a-la-liga-la-fiscalia-pidio-penas-de-6-anos-de-prision-para-los-acusados\/#breadcrumb\"},\"inLanguage\":\"es\",\"potentialAction\":[{\"@type\":\"ReadAction\",\"target\":[\"https:\/\/www.noticiasradioreflejos.com.ar\/2021\/juicio-a-la-liga-la-fiscalia-pidio-penas-de-6-anos-de-prision-para-los-acusados\/\"]}]},{\"@type\":\"ImageObject\",\"inLanguage\":\"es\",\"@id\":\"https:\/\/www.noticiasradioreflejos.com.ar\/2021\/juicio-a-la-liga-la-fiscalia-pidio-penas-de-6-anos-de-prision-para-los-acusados\/#primaryimage\",\"url\":\"https:\/\/agenciadenoticiasjudiciales.com\/wp-content\/uploads\/2022\/05\/La-Liga-2-1-1024x839.jpg\",\"contentUrl\":\"https:\/\/agenciadenoticiasjudiciales.com\/wp-content\/uploads\/2022\/05\/La-Liga-2-1-1024x839.jpg\"},{\"@type\":\"BreadcrumbList\",\"@id\":\"https:\/\/www.noticiasradioreflejos.com.ar\/2021\/juicio-a-la-liga-la-fiscalia-pidio-penas-de-6-anos-de-prision-para-los-acusados\/#breadcrumb\",\"itemListElement\":[{\"@type\":\"ListItem\",\"position\":1,\"name\":\"Portada\",\"item\":\"https:\/\/www.noticiasradioreflejos.com.ar\/2021\/\"},{\"@type\":\"ListItem\",\"position\":2,\"name\":\"Juicio a \u201cLa Liga\u201d: la fiscal\u00eda pidi\u00f3 penas de 6 a\u00f1os de prisi\u00f3n para los acusados\"}]},{\"@type\":\"WebSite\",\"@id\":\"https:\/\/www.noticiasradioreflejos.com.ar\/2021\/#website\",\"url\":\"https:\/\/www.noticiasradioreflejos.com.ar\/2021\/\",\"name\":\"Noticias Radio Reflejos\",\"description\":\"Las noticias de mi comarca\",\"potentialAction\":[{\"@type\":\"SearchAction\",\"target\":{\"@type\":\"EntryPoint\",\"urlTemplate\":\"https:\/\/www.noticiasradioreflejos.com.ar\/2021\/?s={search_term_string}\"},\"query-input\":{\"@type\":\"PropertyValueSpecification\",\"valueRequired\":true,\"valueName\":\"search_term_string\"}}],\"inLanguage\":\"es\"},{\"@type\":\"Person\",\"@id\":\"https:\/\/www.noticiasradioreflejos.com.ar\/2021\/#\/schema\/person\/ad82545263dcc5ec0996818884fd5fb1\",\"name\":\"Arnaldo Botto\",\"image\":{\"@type\":\"ImageObject\",\"inLanguage\":\"es\",\"@id\":\"https:\/\/www.noticiasradioreflejos.com.ar\/2021\/#\/schema\/person\/image\/\",\"url\":\"https:\/\/secure.gravatar.com\/avatar\/55cb5e37c1efa326397366e6974cb338056df65cb50e7d64d1cf314e87504837?s=96&d=mm&r=g\",\"contentUrl\":\"https:\/\/secure.gravatar.com\/avatar\/55cb5e37c1efa326397366e6974cb338056df65cb50e7d64d1cf314e87504837?s=96&d=mm&r=g\",\"caption\":\"Arnaldo Botto\"},\"url\":\"https:\/\/www.noticiasradioreflejos.com.ar\/2021\/author\/arnaldo\/\"}]}<\/script>\n<!-- \/ Yoast SEO plugin. -->","yoast_head_json":{"title":"Juicio a \u201cLa Liga\u201d: la fiscal\u00eda pidi\u00f3 penas de 6 a\u00f1os de prisi\u00f3n para los acusados - Noticias Radio Reflejos","robots":{"index":"index","follow":"follow","max-snippet":"max-snippet:-1","max-image-preview":"max-image-preview:large","max-video-preview":"max-video-preview:-1"},"canonical":"https:\/\/www.noticiasradioreflejos.com.ar\/2021\/juicio-a-la-liga-la-fiscalia-pidio-penas-de-6-anos-de-prision-para-los-acusados\/","og_locale":"es_ES","og_type":"article","og_title":"Juicio a \u201cLa Liga\u201d: la fiscal\u00eda pidi\u00f3 penas de 6 a\u00f1os de prisi\u00f3n para los acusados - Noticias Radio Reflejos","og_description":"En el marco del juicio que se le sigue a Claudio Oscar Del Valle y a Rodrigo Emanuel Garc\u00eda \u2013 por participar de distintas maniobras, directas o indirectas, vinculadas con el accionar de la banda que coaccionaba y estafaba en remates judiciales que se realizaban en Bah\u00eda Blanca y la zona autodenominada \u201cLa Liga\u201d- las [&hellip;]","og_url":"https:\/\/www.noticiasradioreflejos.com.ar\/2021\/juicio-a-la-liga-la-fiscalia-pidio-penas-de-6-anos-de-prision-para-los-acusados\/","og_site_name":"Noticias Radio Reflejos","article_published_time":"2022-06-06T14:48:31+00:00","og_image":[{"url":"https:\/\/agenciadenoticiasjudiciales.com\/wp-content\/uploads\/2022\/05\/La-Liga-2-1-1024x839.jpg","type":"","width":"","height":""}],"author":"Arnaldo Botto","twitter_card":"summary_large_image","schema":{"@context":"https:\/\/schema.org","@graph":[{"@type":"WebPage","@id":"https:\/\/www.noticiasradioreflejos.com.ar\/2021\/juicio-a-la-liga-la-fiscalia-pidio-penas-de-6-anos-de-prision-para-los-acusados\/","url":"https:\/\/www.noticiasradioreflejos.com.ar\/2021\/juicio-a-la-liga-la-fiscalia-pidio-penas-de-6-anos-de-prision-para-los-acusados\/","name":"Juicio a \u201cLa Liga\u201d: la fiscal\u00eda pidi\u00f3 penas de 6 a\u00f1os de prisi\u00f3n para los acusados - Noticias Radio Reflejos","isPartOf":{"@id":"https:\/\/www.noticiasradioreflejos.com.ar\/2021\/#website"},"primaryImageOfPage":{"@id":"https:\/\/www.noticiasradioreflejos.com.ar\/2021\/juicio-a-la-liga-la-fiscalia-pidio-penas-de-6-anos-de-prision-para-los-acusados\/#primaryimage"},"image":{"@id":"https:\/\/www.noticiasradioreflejos.com.ar\/2021\/juicio-a-la-liga-la-fiscalia-pidio-penas-de-6-anos-de-prision-para-los-acusados\/#primaryimage"},"thumbnailUrl":"https:\/\/agenciadenoticiasjudiciales.com\/wp-content\/uploads\/2022\/05\/La-Liga-2-1-1024x839.jpg","datePublished":"2022-06-06T14:48:31+00:00","author":{"@id":"https:\/\/www.noticiasradioreflejos.com.ar\/2021\/#\/schema\/person\/ad82545263dcc5ec0996818884fd5fb1"},"breadcrumb":{"@id":"https:\/\/www.noticiasradioreflejos.com.ar\/2021\/juicio-a-la-liga-la-fiscalia-pidio-penas-de-6-anos-de-prision-para-los-acusados\/#breadcrumb"},"inLanguage":"es","potentialAction":[{"@type":"ReadAction","target":["https:\/\/www.noticiasradioreflejos.com.ar\/2021\/juicio-a-la-liga-la-fiscalia-pidio-penas-de-6-anos-de-prision-para-los-acusados\/"]}]},{"@type":"ImageObject","inLanguage":"es","@id":"https:\/\/www.noticiasradioreflejos.com.ar\/2021\/juicio-a-la-liga-la-fiscalia-pidio-penas-de-6-anos-de-prision-para-los-acusados\/#primaryimage","url":"https:\/\/agenciadenoticiasjudiciales.com\/wp-content\/uploads\/2022\/05\/La-Liga-2-1-1024x839.jpg","contentUrl":"https:\/\/agenciadenoticiasjudiciales.com\/wp-content\/uploads\/2022\/05\/La-Liga-2-1-1024x839.jpg"},{"@type":"BreadcrumbList","@id":"https:\/\/www.noticiasradioreflejos.com.ar\/2021\/juicio-a-la-liga-la-fiscalia-pidio-penas-de-6-anos-de-prision-para-los-acusados\/#breadcrumb","itemListElement":[{"@type":"ListItem","position":1,"name":"Portada","item":"https:\/\/www.noticiasradioreflejos.com.ar\/2021\/"},{"@type":"ListItem","position":2,"name":"Juicio a \u201cLa Liga\u201d: la fiscal\u00eda pidi\u00f3 penas de 6 a\u00f1os de prisi\u00f3n para los acusados"}]},{"@type":"WebSite","@id":"https:\/\/www.noticiasradioreflejos.com.ar\/2021\/#website","url":"https:\/\/www.noticiasradioreflejos.com.ar\/2021\/","name":"Noticias Radio Reflejos","description":"Las noticias de mi comarca","potentialAction":[{"@type":"SearchAction","target":{"@type":"EntryPoint","urlTemplate":"https:\/\/www.noticiasradioreflejos.com.ar\/2021\/?s={search_term_string}"},"query-input":{"@type":"PropertyValueSpecification","valueRequired":true,"valueName":"search_term_string"}}],"inLanguage":"es"},{"@type":"Person","@id":"https:\/\/www.noticiasradioreflejos.com.ar\/2021\/#\/schema\/person\/ad82545263dcc5ec0996818884fd5fb1","name":"Arnaldo Botto","image":{"@type":"ImageObject","inLanguage":"es","@id":"https:\/\/www.noticiasradioreflejos.com.ar\/2021\/#\/schema\/person\/image\/","url":"https:\/\/secure.gravatar.com\/avatar\/55cb5e37c1efa326397366e6974cb338056df65cb50e7d64d1cf314e87504837?s=96&d=mm&r=g","contentUrl":"https:\/\/secure.gravatar.com\/avatar\/55cb5e37c1efa326397366e6974cb338056df65cb50e7d64d1cf314e87504837?s=96&d=mm&r=g","caption":"Arnaldo Botto"},"url":"https:\/\/www.noticiasradioreflejos.com.ar\/2021\/author\/arnaldo\/"}]}},"_links":{"self":[{"href":"https:\/\/www.noticiasradioreflejos.com.ar\/2021\/wp-json\/wp\/v2\/posts\/73292","targetHints":{"allow":["GET"]}}],"collection":[{"href":"https:\/\/www.noticiasradioreflejos.com.ar\/2021\/wp-json\/wp\/v2\/posts"}],"about":[{"href":"https:\/\/www.noticiasradioreflejos.com.ar\/2021\/wp-json\/wp\/v2\/types\/post"}],"author":[{"embeddable":true,"href":"https:\/\/www.noticiasradioreflejos.com.ar\/2021\/wp-json\/wp\/v2\/users\/3"}],"replies":[{"embeddable":true,"href":"https:\/\/www.noticiasradioreflejos.com.ar\/2021\/wp-json\/wp\/v2\/comments?post=73292"}],"version-history":[{"count":1,"href":"https:\/\/www.noticiasradioreflejos.com.ar\/2021\/wp-json\/wp\/v2\/posts\/73292\/revisions"}],"predecessor-version":[{"id":73294,"href":"https:\/\/www.noticiasradioreflejos.com.ar\/2021\/wp-json\/wp\/v2\/posts\/73292\/revisions\/73294"}],"wp:attachment":[{"href":"https:\/\/www.noticiasradioreflejos.com.ar\/2021\/wp-json\/wp\/v2\/media?parent=73292"}],"wp:term":[{"taxonomy":"category","embeddable":true,"href":"https:\/\/www.noticiasradioreflejos.com.ar\/2021\/wp-json\/wp\/v2\/categories?post=73292"},{"taxonomy":"post_tag","embeddable":true,"href":"https:\/\/www.noticiasradioreflejos.com.ar\/2021\/wp-json\/wp\/v2\/tags?post=73292"}],"curies":[{"name":"wp","href":"https:\/\/api.w.org\/{rel}","templated":true}]}}