{"id":73290,"date":"2022-06-06T14:18:17","date_gmt":"2022-06-06T14:18:17","guid":{"rendered":"http:\/\/www.noticiasradioreflejos.com.ar\/2021\/?p=73290"},"modified":"2022-06-06T14:18:17","modified_gmt":"2022-06-06T14:18:17","slug":"sileoni-recibe-a-gremios-para-analizar-la-problematica-de-la-falta-de-gas-en-escuelas","status":"publish","type":"post","link":"https:\/\/www.noticiasradioreflejos.com.ar\/2021\/sileoni-recibe-a-gremios-para-analizar-la-problematica-de-la-falta-de-gas-en-escuelas\/","title":{"rendered":"Sileoni recibe a gremios para analizar la problem\u00e1tica de la falta de gas en escuelas"},"content":{"rendered":"<p>Unos 350 colegios tuvieron que suspender las clases o acortar la jornada para evitar el fr\u00edo y la reuni\u00f3n con el director General de Cultura y Educaci\u00f3n bonaerense es para buscarle una soluci\u00f3n al tema.<!--more--><\/p>\n<figure class=\"mb-3\"><img decoding=\"async\" src=\"https:\/\/www.telam.com.ar\/thumbs\/bluesteel\/advf\/imagenes\/2021\/10\/615a2fb0d96b2_900.jpg\" alt=\"Los representantes sindicales sealaron que para el FUDB fundamental acceder a la informacin de los planes destinados a obras de gas encendido y mantenimiento de sistemas de calefaccin Foto Alejandro Amdan\" width=\"100%\" height=\"100%\" \/><\/p>\n<div class=\"media-icons\"><\/div><figcaption>Los representantes sindicales se\u00f1alaron que \u00abpara el FUDB fundamental acceder a la informaci\u00f3n de los planes destinados a obras de gas, encendido y mantenimiento de sistemas de calefacci\u00f3n\u00bb. Foto \/ Alejandro Amdan.<\/figcaption><\/figure>\n<p>El\u00a0<strong>director General de Cultura y Educaci\u00f3n bonaerense<\/strong>,<strong>\u00a0Alberto Sileoni<\/strong>, se reunir\u00e1 con los<strong>\u00a0gremios docentes<\/strong>\u00a0para<strong>\u00a0analizar<\/strong>\u00a0la problem\u00e1tica de la<strong>\u00a0falta de gas en unos 350 colegios de la provincia de Buenos Aires<\/strong>, informaron fuentes gremiales y gubernamentales.<\/p>\n<p>Tras la<strong>\u00a0suspensi\u00f3n de clases en algunas escuelas\u00a0<\/strong>y la<strong>\u00a0reducci\u00f3n de horas de clases en otras<\/strong>, el<strong>\u00a0Frente de Unidad<\/strong>\u00a0-que componen<strong>\u00a0FEB, Suteba, Sadop, AMET y Udocba<\/strong>&#8211; pidi\u00f3 el\u00a0<strong>encuentro<\/strong>\u00a0con el ministro para \u00abdar<strong>\u00a0tratamiento espec\u00edfico a las condiciones prioritarias para el desarrollo de clases en el per\u00edodo de bajas temperaturas<\/strong>\u00a0en las Escuelas bonaerenses\u00bb.<\/p>\n<p>Los representantes sindicales se\u00f1alaron que \u00abes para el FUDB fundamental acceder a la informaci\u00f3n de los planes y programas destinados a obras de gas, encendido y mantenimiento de sistemas de calefacci\u00f3n, y asimismo tomar conocimiento de los recursos transferidos a los consejos escolares y a los municipios para el desarrollo de las pol\u00edticas antes mencionadas\u00bb.<\/p>\n<p>Desde el Gobierno de la provincia de Buenos Aires se inform\u00f3 que\u00a0<strong>la actual gesti\u00f3n invirti\u00f3 m\u00e1s de 2.000 millones de pesos en la recuperaci\u00f3n y mejora de las instalaciones de gas para calefacci\u00f3n y cocina<\/strong>\u00a0de los establecimientos escolares bonaerenses.<\/p>\n<p>Un informe de la Direcci\u00f3n General de Cultura y Educaci\u00f3n indic\u00f3 que la administraci\u00f3n de Axel Kicillof realiz\u00f3 1.552 intervenciones en escuelas, de las cuales 888 ya se finalizaron y 664 se encuentran en ejecuci\u00f3n, para recuperar o mejorar las instalaciones de gas para calefacci\u00f3n y cocina por un monto total de $2.131 millones en t\u00e9rminos nominales.<\/p>\n","protected":false},"excerpt":{"rendered":"<p>Unos 350 colegios tuvieron que suspender las clases o acortar la jornada para evitar el fr\u00edo y la reuni\u00f3n con el director General de Cultura y Educaci\u00f3n bonaerense es para buscarle una soluci\u00f3n al tema.<\/p>\n","protected":false},"author":3,"featured_media":0,"comment_status":"closed","ping_status":"closed","sticky":false,"template":"","format":"standard","meta":{"footnotes":""},"categories":[34,58,24],"tags":[],"class_list":["post-73290","post","type-post","status-publish","format-standard","hentry","category-educacion","category-gobierno","category-politica"],"yoast_head":"<!-- This site is optimized with the Yoast SEO plugin v25.9 - https:\/\/yoast.com\/wordpress\/plugins\/seo\/ -->\n<title>Sileoni recibe a gremios para analizar la problem\u00e1tica de la falta de gas en escuelas - Noticias Radio Reflejos<\/title>\n<meta name=\"robots\" content=\"index, follow, max-snippet:-1, max-image-preview:large, max-video-preview:-1\" \/>\n<link rel=\"canonical\" href=\"https:\/\/www.noticiasradioreflejos.com.ar\/2021\/sileoni-recibe-a-gremios-para-analizar-la-problematica-de-la-falta-de-gas-en-escuelas\/\" \/>\n<meta property=\"og:locale\" content=\"es_ES\" \/>\n<meta property=\"og:type\" content=\"article\" \/>\n<meta property=\"og:title\" content=\"Sileoni recibe a gremios para analizar la problem\u00e1tica de la falta de gas en escuelas - Noticias Radio Reflejos\" \/>\n<meta property=\"og:description\" content=\"Unos 350 colegios tuvieron que suspender las clases o acortar la jornada para evitar el fr\u00edo y la reuni\u00f3n con el director General de Cultura y Educaci\u00f3n bonaerense es para buscarle una soluci\u00f3n al tema.\" \/>\n<meta property=\"og:url\" content=\"https:\/\/www.noticiasradioreflejos.com.ar\/2021\/sileoni-recibe-a-gremios-para-analizar-la-problematica-de-la-falta-de-gas-en-escuelas\/\" \/>\n<meta property=\"og:site_name\" content=\"Noticias Radio Reflejos\" \/>\n<meta property=\"article:published_time\" content=\"2022-06-06T14:18:17+00:00\" \/>\n<meta property=\"og:image\" content=\"https:\/\/www.telam.com.ar\/thumbs\/bluesteel\/advf\/imagenes\/2021\/10\/615a2fb0d96b2_900.jpg\" \/>\n<meta name=\"author\" content=\"Arnaldo Botto\" \/>\n<meta name=\"twitter:card\" content=\"summary_large_image\" \/>\n<script type=\"application\/ld+json\" class=\"yoast-schema-graph\">{\"@context\":\"https:\/\/schema.org\",\"@graph\":[{\"@type\":\"WebPage\",\"@id\":\"https:\/\/www.noticiasradioreflejos.com.ar\/2021\/sileoni-recibe-a-gremios-para-analizar-la-problematica-de-la-falta-de-gas-en-escuelas\/\",\"url\":\"https:\/\/www.noticiasradioreflejos.com.ar\/2021\/sileoni-recibe-a-gremios-para-analizar-la-problematica-de-la-falta-de-gas-en-escuelas\/\",\"name\":\"Sileoni recibe a gremios para analizar la problem\u00e1tica de la falta de gas en escuelas - Noticias Radio Reflejos\",\"isPartOf\":{\"@id\":\"https:\/\/www.noticiasradioreflejos.com.ar\/2021\/#website\"},\"primaryImageOfPage\":{\"@id\":\"https:\/\/www.noticiasradioreflejos.com.ar\/2021\/sileoni-recibe-a-gremios-para-analizar-la-problematica-de-la-falta-de-gas-en-escuelas\/#primaryimage\"},\"image\":{\"@id\":\"https:\/\/www.noticiasradioreflejos.com.ar\/2021\/sileoni-recibe-a-gremios-para-analizar-la-problematica-de-la-falta-de-gas-en-escuelas\/#primaryimage\"},\"thumbnailUrl\":\"https:\/\/www.telam.com.ar\/thumbs\/bluesteel\/advf\/imagenes\/2021\/10\/615a2fb0d96b2_900.jpg\",\"datePublished\":\"2022-06-06T14:18:17+00:00\",\"author\":{\"@id\":\"https:\/\/www.noticiasradioreflejos.com.ar\/2021\/#\/schema\/person\/ad82545263dcc5ec0996818884fd5fb1\"},\"breadcrumb\":{\"@id\":\"https:\/\/www.noticiasradioreflejos.com.ar\/2021\/sileoni-recibe-a-gremios-para-analizar-la-problematica-de-la-falta-de-gas-en-escuelas\/#breadcrumb\"},\"inLanguage\":\"es\",\"potentialAction\":[{\"@type\":\"ReadAction\",\"target\":[\"https:\/\/www.noticiasradioreflejos.com.ar\/2021\/sileoni-recibe-a-gremios-para-analizar-la-problematica-de-la-falta-de-gas-en-escuelas\/\"]}]},{\"@type\":\"ImageObject\",\"inLanguage\":\"es\",\"@id\":\"https:\/\/www.noticiasradioreflejos.com.ar\/2021\/sileoni-recibe-a-gremios-para-analizar-la-problematica-de-la-falta-de-gas-en-escuelas\/#primaryimage\",\"url\":\"https:\/\/www.telam.com.ar\/thumbs\/bluesteel\/advf\/imagenes\/2021\/10\/615a2fb0d96b2_900.jpg\",\"contentUrl\":\"https:\/\/www.telam.com.ar\/thumbs\/bluesteel\/advf\/imagenes\/2021\/10\/615a2fb0d96b2_900.jpg\"},{\"@type\":\"BreadcrumbList\",\"@id\":\"https:\/\/www.noticiasradioreflejos.com.ar\/2021\/sileoni-recibe-a-gremios-para-analizar-la-problematica-de-la-falta-de-gas-en-escuelas\/#breadcrumb\",\"itemListElement\":[{\"@type\":\"ListItem\",\"position\":1,\"name\":\"Portada\",\"item\":\"https:\/\/www.noticiasradioreflejos.com.ar\/2021\/\"},{\"@type\":\"ListItem\",\"position\":2,\"name\":\"Sileoni recibe a gremios para analizar la problem\u00e1tica de la falta de gas en escuelas\"}]},{\"@type\":\"WebSite\",\"@id\":\"https:\/\/www.noticiasradioreflejos.com.ar\/2021\/#website\",\"url\":\"https:\/\/www.noticiasradioreflejos.com.ar\/2021\/\",\"name\":\"Noticias Radio Reflejos\",\"description\":\"Las noticias de mi comarca\",\"potentialAction\":[{\"@type\":\"SearchAction\",\"target\":{\"@type\":\"EntryPoint\",\"urlTemplate\":\"https:\/\/www.noticiasradioreflejos.com.ar\/2021\/?s={search_term_string}\"},\"query-input\":{\"@type\":\"PropertyValueSpecification\",\"valueRequired\":true,\"valueName\":\"search_term_string\"}}],\"inLanguage\":\"es\"},{\"@type\":\"Person\",\"@id\":\"https:\/\/www.noticiasradioreflejos.com.ar\/2021\/#\/schema\/person\/ad82545263dcc5ec0996818884fd5fb1\",\"name\":\"Arnaldo Botto\",\"image\":{\"@type\":\"ImageObject\",\"inLanguage\":\"es\",\"@id\":\"https:\/\/www.noticiasradioreflejos.com.ar\/2021\/#\/schema\/person\/image\/\",\"url\":\"https:\/\/secure.gravatar.com\/avatar\/55cb5e37c1efa326397366e6974cb338056df65cb50e7d64d1cf314e87504837?s=96&d=mm&r=g\",\"contentUrl\":\"https:\/\/secure.gravatar.com\/avatar\/55cb5e37c1efa326397366e6974cb338056df65cb50e7d64d1cf314e87504837?s=96&d=mm&r=g\",\"caption\":\"Arnaldo Botto\"},\"url\":\"https:\/\/www.noticiasradioreflejos.com.ar\/2021\/author\/arnaldo\/\"}]}<\/script>\n<!-- \/ Yoast SEO plugin. -->","yoast_head_json":{"title":"Sileoni recibe a gremios para analizar la problem\u00e1tica de la falta de gas en escuelas - Noticias Radio Reflejos","robots":{"index":"index","follow":"follow","max-snippet":"max-snippet:-1","max-image-preview":"max-image-preview:large","max-video-preview":"max-video-preview:-1"},"canonical":"https:\/\/www.noticiasradioreflejos.com.ar\/2021\/sileoni-recibe-a-gremios-para-analizar-la-problematica-de-la-falta-de-gas-en-escuelas\/","og_locale":"es_ES","og_type":"article","og_title":"Sileoni recibe a gremios para analizar la problem\u00e1tica de la falta de gas en escuelas - Noticias Radio Reflejos","og_description":"Unos 350 colegios tuvieron que suspender las clases o acortar la jornada para evitar el fr\u00edo y la reuni\u00f3n con el director General de Cultura y Educaci\u00f3n bonaerense es para buscarle una soluci\u00f3n al tema.","og_url":"https:\/\/www.noticiasradioreflejos.com.ar\/2021\/sileoni-recibe-a-gremios-para-analizar-la-problematica-de-la-falta-de-gas-en-escuelas\/","og_site_name":"Noticias Radio Reflejos","article_published_time":"2022-06-06T14:18:17+00:00","og_image":[{"url":"https:\/\/www.telam.com.ar\/thumbs\/bluesteel\/advf\/imagenes\/2021\/10\/615a2fb0d96b2_900.jpg","type":"","width":"","height":""}],"author":"Arnaldo Botto","twitter_card":"summary_large_image","schema":{"@context":"https:\/\/schema.org","@graph":[{"@type":"WebPage","@id":"https:\/\/www.noticiasradioreflejos.com.ar\/2021\/sileoni-recibe-a-gremios-para-analizar-la-problematica-de-la-falta-de-gas-en-escuelas\/","url":"https:\/\/www.noticiasradioreflejos.com.ar\/2021\/sileoni-recibe-a-gremios-para-analizar-la-problematica-de-la-falta-de-gas-en-escuelas\/","name":"Sileoni recibe a gremios para analizar la problem\u00e1tica de la falta de gas en escuelas - Noticias Radio Reflejos","isPartOf":{"@id":"https:\/\/www.noticiasradioreflejos.com.ar\/2021\/#website"},"primaryImageOfPage":{"@id":"https:\/\/www.noticiasradioreflejos.com.ar\/2021\/sileoni-recibe-a-gremios-para-analizar-la-problematica-de-la-falta-de-gas-en-escuelas\/#primaryimage"},"image":{"@id":"https:\/\/www.noticiasradioreflejos.com.ar\/2021\/sileoni-recibe-a-gremios-para-analizar-la-problematica-de-la-falta-de-gas-en-escuelas\/#primaryimage"},"thumbnailUrl":"https:\/\/www.telam.com.ar\/thumbs\/bluesteel\/advf\/imagenes\/2021\/10\/615a2fb0d96b2_900.jpg","datePublished":"2022-06-06T14:18:17+00:00","author":{"@id":"https:\/\/www.noticiasradioreflejos.com.ar\/2021\/#\/schema\/person\/ad82545263dcc5ec0996818884fd5fb1"},"breadcrumb":{"@id":"https:\/\/www.noticiasradioreflejos.com.ar\/2021\/sileoni-recibe-a-gremios-para-analizar-la-problematica-de-la-falta-de-gas-en-escuelas\/#breadcrumb"},"inLanguage":"es","potentialAction":[{"@type":"ReadAction","target":["https:\/\/www.noticiasradioreflejos.com.ar\/2021\/sileoni-recibe-a-gremios-para-analizar-la-problematica-de-la-falta-de-gas-en-escuelas\/"]}]},{"@type":"ImageObject","inLanguage":"es","@id":"https:\/\/www.noticiasradioreflejos.com.ar\/2021\/sileoni-recibe-a-gremios-para-analizar-la-problematica-de-la-falta-de-gas-en-escuelas\/#primaryimage","url":"https:\/\/www.telam.com.ar\/thumbs\/bluesteel\/advf\/imagenes\/2021\/10\/615a2fb0d96b2_900.jpg","contentUrl":"https:\/\/www.telam.com.ar\/thumbs\/bluesteel\/advf\/imagenes\/2021\/10\/615a2fb0d96b2_900.jpg"},{"@type":"BreadcrumbList","@id":"https:\/\/www.noticiasradioreflejos.com.ar\/2021\/sileoni-recibe-a-gremios-para-analizar-la-problematica-de-la-falta-de-gas-en-escuelas\/#breadcrumb","itemListElement":[{"@type":"ListItem","position":1,"name":"Portada","item":"https:\/\/www.noticiasradioreflejos.com.ar\/2021\/"},{"@type":"ListItem","position":2,"name":"Sileoni recibe a gremios para analizar la problem\u00e1tica de la falta de gas en escuelas"}]},{"@type":"WebSite","@id":"https:\/\/www.noticiasradioreflejos.com.ar\/2021\/#website","url":"https:\/\/www.noticiasradioreflejos.com.ar\/2021\/","name":"Noticias Radio Reflejos","description":"Las noticias de mi comarca","potentialAction":[{"@type":"SearchAction","target":{"@type":"EntryPoint","urlTemplate":"https:\/\/www.noticiasradioreflejos.com.ar\/2021\/?s={search_term_string}"},"query-input":{"@type":"PropertyValueSpecification","valueRequired":true,"valueName":"search_term_string"}}],"inLanguage":"es"},{"@type":"Person","@id":"https:\/\/www.noticiasradioreflejos.com.ar\/2021\/#\/schema\/person\/ad82545263dcc5ec0996818884fd5fb1","name":"Arnaldo Botto","image":{"@type":"ImageObject","inLanguage":"es","@id":"https:\/\/www.noticiasradioreflejos.com.ar\/2021\/#\/schema\/person\/image\/","url":"https:\/\/secure.gravatar.com\/avatar\/55cb5e37c1efa326397366e6974cb338056df65cb50e7d64d1cf314e87504837?s=96&d=mm&r=g","contentUrl":"https:\/\/secure.gravatar.com\/avatar\/55cb5e37c1efa326397366e6974cb338056df65cb50e7d64d1cf314e87504837?s=96&d=mm&r=g","caption":"Arnaldo Botto"},"url":"https:\/\/www.noticiasradioreflejos.com.ar\/2021\/author\/arnaldo\/"}]}},"_links":{"self":[{"href":"https:\/\/www.noticiasradioreflejos.com.ar\/2021\/wp-json\/wp\/v2\/posts\/73290","targetHints":{"allow":["GET"]}}],"collection":[{"href":"https:\/\/www.noticiasradioreflejos.com.ar\/2021\/wp-json\/wp\/v2\/posts"}],"about":[{"href":"https:\/\/www.noticiasradioreflejos.com.ar\/2021\/wp-json\/wp\/v2\/types\/post"}],"author":[{"embeddable":true,"href":"https:\/\/www.noticiasradioreflejos.com.ar\/2021\/wp-json\/wp\/v2\/users\/3"}],"replies":[{"embeddable":true,"href":"https:\/\/www.noticiasradioreflejos.com.ar\/2021\/wp-json\/wp\/v2\/comments?post=73290"}],"version-history":[{"count":1,"href":"https:\/\/www.noticiasradioreflejos.com.ar\/2021\/wp-json\/wp\/v2\/posts\/73290\/revisions"}],"predecessor-version":[{"id":73291,"href":"https:\/\/www.noticiasradioreflejos.com.ar\/2021\/wp-json\/wp\/v2\/posts\/73290\/revisions\/73291"}],"wp:attachment":[{"href":"https:\/\/www.noticiasradioreflejos.com.ar\/2021\/wp-json\/wp\/v2\/media?parent=73290"}],"wp:term":[{"taxonomy":"category","embeddable":true,"href":"https:\/\/www.noticiasradioreflejos.com.ar\/2021\/wp-json\/wp\/v2\/categories?post=73290"},{"taxonomy":"post_tag","embeddable":true,"href":"https:\/\/www.noticiasradioreflejos.com.ar\/2021\/wp-json\/wp\/v2\/tags?post=73290"}],"curies":[{"name":"wp","href":"https:\/\/api.w.org\/{rel}","templated":true}]}}