{"id":73279,"date":"2022-06-06T11:26:29","date_gmt":"2022-06-06T11:26:29","guid":{"rendered":"http:\/\/www.noticiasradioreflejos.com.ar\/2021\/?p=73279"},"modified":"2022-06-06T11:32:00","modified_gmt":"2022-06-06T11:32:00","slug":"renta-inesperada-el-proyecto-que-presenta-hoy-el-gobierno","status":"publish","type":"post","link":"https:\/\/www.noticiasradioreflejos.com.ar\/2021\/renta-inesperada-el-proyecto-que-presenta-hoy-el-gobierno\/","title":{"rendered":"Renta Inesperada: el proyecto que presenta hoy el Gobierno"},"content":{"rendered":"<p>El Presidente dar\u00e1 a conocer los detalles de la iniciativa que est\u00e1 dirigida para quienes se vieron beneficiados a partir del aumento de los precios internacionales a causa del conflicto b\u00e9lico entre Rusia y Ucrania.<!--more--><\/p>\n<figure class=\"mb-3\"><img decoding=\"async\" src=\"https:\/\/www.telam.com.ar\/thumbs\/bluesteel\/advf\/imagenes\/2022\/05\/62700cc93e1fb.05.2022%20foto%20presidencia_900.jpg\" alt=\"Los criterios para la imposicin de la alcuota incluyen que la ganancia neta imponible real tiene que haber crecido en forma significativa en 2022 respecto a 2021Foto Presidencia\" width=\"100%\" height=\"100%\" \/><\/p>\n<div class=\"media-icons\"><\/div><figcaption>Los criterios para la imposici\u00f3n de la al\u00edcuota incluyen que la ganancia neta imponible real tiene que haber crecido en forma significativa en 2022 respecto a 2021Foto: Presidencia.<\/figcaption><\/figure>\n<p>El presidente de la Naci\u00f3n, Alberto Fern\u00e1ndez, encabezar\u00e1 este lunes\u00a0<strong>la presentaci\u00f3n del proyecto de Renta Inesperada para aquellas empresas que hayan tenido ganancias extraordinarias a partir del aumento de los precios internacionales derivados de la guerra entre Rusia y Ucrania<\/strong>.<\/p>\n<p>El anuncio ser\u00e1 a las 17 en el sal\u00f3n Museo del Bicentenario de Casa Rosada, informaron esta noche de domingo fuentes oficiales.<\/p>\n<p>El mandatario estar\u00e1 acompa\u00f1ado por el ministro de Econom\u00eda, Mart\u00edn Guzm\u00e1n, quien anunci\u00f3 la iniciativa el 18 de abril, durante un acto realizado en el Sal\u00f3n Blanco de Casa de Gobierno.<\/p>\n<p>En aquel momento,\u00a0<strong>el ministro detall\u00f3 que se tratar\u00eda de una al\u00edcuota que se enfocar\u00e1 en un conjunto de empresas con ganancias netas imponibles altas superiores a los 1.000 millones de pesos, que en 2021 abarc\u00f3 solo al 3,2% de las empresas<\/strong>.<\/p>\n<p>Los criterios para la imposici\u00f3n de la al\u00edcuota incluyen que la ganancia neta imponible real tiene que haber crecido en forma significativa en 2022 respecto a 2021 y, adem\u00e1s, se incluir\u00e1 un par\u00e1metro para que si la renta inesperada se canaliza hacia la reinversi\u00f3n productiva, la al\u00edcuota ser\u00e1 menor.<\/p>\n<h2 class=\"\">La agenda de los ministros<\/h2>\n<p>El jefe de Gabinete, Juan Manzur, junto al ministro de Educaci\u00f3n, Jaime Perczyk, y al presidente la Federaci\u00f3n de Centros Barriales Familia Grande Hogar de Cristo, Jos\u00e9 Mar\u00eda Di Paola, firmar\u00e1n este lunes, a las 12, un convenio para generar actividades educativas que favorezcan la revinculaci\u00f3n escolar de la poblaci\u00f3n en situaci\u00f3n de vulnerabilidad social.<\/p>\n<figure class=\"mb-3\"><img decoding=\"async\" src=\"https:\/\/www.telam.com.ar\/thumbs\/bluesteel\/advf\/imagenes\/2022\/06\/629de06243574_900.jpg\" alt=\"Se tratara de una alcuota que se enfocar en un conjunto de empresas con ganancias netas imponibles altas superiores a los 1000 millones de pesos\" width=\"100%\" height=\"100%\" \/><\/p>\n<div class=\"media-icons\"><\/div><figcaption>Se tratar\u00eda de una al\u00edcuota que se enfocar\u00e1 en un conjunto de empresas con ganancias netas imponibles altas superiores a los 1.000 millones de pesos<\/figcaption><\/figure>\n<p>En tanto que el ministro de Ciencia, Tecnolog\u00eda e Innovaci\u00f3n, Daniel Filmus, firmar\u00e1 a las 15.30 un Convenio de Cooperaci\u00f3n para la creaci\u00f3n del \u201cPremio Franco-Argentino en Comunicaci\u00f3n P\u00fablica de la Ciencia: Cient\u00edficas que Cuentan\u201d, en el Centro Cultural de la Ciencia, en la Ciudad Aut\u00f3noma de Buenos Aires.<\/p>\n<p>Y a las 16.15, participar\u00e1 del agasajo al doctor Alberto Kornblihtt, recientemente elegido miembro de la Academia de Ciencias de Francia y a las doctoras Mar\u00eda Florencia Cayrol y Alicia Dickenstein, quienes recibir\u00e1n en Francia el Premio L&#8217;Or\u00e9al-UNESCO \u201cPor las Mujeres en la Ciencia\u201d.<\/p>\n<p>El ministro de Defensa, Jorge Taiana, encabezar\u00e1 a las 11 el acto por el 143\u00b0 aniversario del Servicio de Hidrograf\u00eda Naval.<\/p>\n<p>A las 13, se reunir\u00e1 con el delegado argentino en la Comisi\u00f3n Administradora del R\u00edo Uruguay (CARU), Hern\u00e1n Orduna, y a las 16 recibir\u00e1 al embajador de Canad\u00e1 en la Argentina, Reid Douglas Sirrs.<\/p>\n","protected":false},"excerpt":{"rendered":"<p>El Presidente dar\u00e1 a conocer los detalles de la iniciativa que est\u00e1 dirigida para quienes se vieron beneficiados a partir del aumento de los precios internacionales a causa del conflicto b\u00e9lico entre Rusia y Ucrania.<\/p>\n","protected":false},"author":3,"featured_media":0,"comment_status":"closed","ping_status":"closed","sticky":false,"template":"","format":"standard","meta":{"footnotes":""},"categories":[36,58,24],"tags":[],"class_list":["post-73279","post","type-post","status-publish","format-standard","hentry","category-economia","category-gobierno","category-politica"],"yoast_head":"<!-- This site is optimized with the Yoast SEO plugin v25.9 - https:\/\/yoast.com\/wordpress\/plugins\/seo\/ -->\n<title>Renta Inesperada: el proyecto que presenta hoy el Gobierno - Noticias Radio Reflejos<\/title>\n<meta name=\"robots\" content=\"index, follow, max-snippet:-1, max-image-preview:large, max-video-preview:-1\" \/>\n<link rel=\"canonical\" href=\"https:\/\/www.noticiasradioreflejos.com.ar\/2021\/renta-inesperada-el-proyecto-que-presenta-hoy-el-gobierno\/\" \/>\n<meta property=\"og:locale\" content=\"es_ES\" \/>\n<meta property=\"og:type\" content=\"article\" \/>\n<meta property=\"og:title\" content=\"Renta Inesperada: el proyecto que presenta hoy el Gobierno - Noticias Radio Reflejos\" \/>\n<meta property=\"og:description\" content=\"El Presidente dar\u00e1 a conocer los detalles de la iniciativa que est\u00e1 dirigida para quienes se vieron beneficiados a partir del aumento de los precios internacionales a causa del conflicto b\u00e9lico entre Rusia y Ucrania.\" \/>\n<meta property=\"og:url\" content=\"https:\/\/www.noticiasradioreflejos.com.ar\/2021\/renta-inesperada-el-proyecto-que-presenta-hoy-el-gobierno\/\" \/>\n<meta property=\"og:site_name\" content=\"Noticias Radio Reflejos\" \/>\n<meta property=\"article:published_time\" content=\"2022-06-06T11:26:29+00:00\" \/>\n<meta property=\"article:modified_time\" content=\"2022-06-06T11:32:00+00:00\" \/>\n<meta property=\"og:image\" content=\"https:\/\/www.telam.com.ar\/thumbs\/bluesteel\/advf\/imagenes\/2022\/05\/62700cc93e1fb.05.2022%20foto%20presidencia_900.jpg\" \/>\n<meta name=\"author\" content=\"Arnaldo Botto\" \/>\n<meta name=\"twitter:card\" content=\"summary_large_image\" \/>\n<script type=\"application\/ld+json\" class=\"yoast-schema-graph\">{\"@context\":\"https:\/\/schema.org\",\"@graph\":[{\"@type\":\"WebPage\",\"@id\":\"https:\/\/www.noticiasradioreflejos.com.ar\/2021\/renta-inesperada-el-proyecto-que-presenta-hoy-el-gobierno\/\",\"url\":\"https:\/\/www.noticiasradioreflejos.com.ar\/2021\/renta-inesperada-el-proyecto-que-presenta-hoy-el-gobierno\/\",\"name\":\"Renta Inesperada: el proyecto que presenta hoy el Gobierno - Noticias Radio Reflejos\",\"isPartOf\":{\"@id\":\"https:\/\/www.noticiasradioreflejos.com.ar\/2021\/#website\"},\"primaryImageOfPage\":{\"@id\":\"https:\/\/www.noticiasradioreflejos.com.ar\/2021\/renta-inesperada-el-proyecto-que-presenta-hoy-el-gobierno\/#primaryimage\"},\"image\":{\"@id\":\"https:\/\/www.noticiasradioreflejos.com.ar\/2021\/renta-inesperada-el-proyecto-que-presenta-hoy-el-gobierno\/#primaryimage\"},\"thumbnailUrl\":\"https:\/\/www.telam.com.ar\/thumbs\/bluesteel\/advf\/imagenes\/2022\/05\/62700cc93e1fb.05.2022%20foto%20presidencia_900.jpg\",\"datePublished\":\"2022-06-06T11:26:29+00:00\",\"dateModified\":\"2022-06-06T11:32:00+00:00\",\"author\":{\"@id\":\"https:\/\/www.noticiasradioreflejos.com.ar\/2021\/#\/schema\/person\/ad82545263dcc5ec0996818884fd5fb1\"},\"breadcrumb\":{\"@id\":\"https:\/\/www.noticiasradioreflejos.com.ar\/2021\/renta-inesperada-el-proyecto-que-presenta-hoy-el-gobierno\/#breadcrumb\"},\"inLanguage\":\"es\",\"potentialAction\":[{\"@type\":\"ReadAction\",\"target\":[\"https:\/\/www.noticiasradioreflejos.com.ar\/2021\/renta-inesperada-el-proyecto-que-presenta-hoy-el-gobierno\/\"]}]},{\"@type\":\"ImageObject\",\"inLanguage\":\"es\",\"@id\":\"https:\/\/www.noticiasradioreflejos.com.ar\/2021\/renta-inesperada-el-proyecto-que-presenta-hoy-el-gobierno\/#primaryimage\",\"url\":\"https:\/\/www.telam.com.ar\/thumbs\/bluesteel\/advf\/imagenes\/2022\/05\/62700cc93e1fb.05.2022%20foto%20presidencia_900.jpg\",\"contentUrl\":\"https:\/\/www.telam.com.ar\/thumbs\/bluesteel\/advf\/imagenes\/2022\/05\/62700cc93e1fb.05.2022%20foto%20presidencia_900.jpg\"},{\"@type\":\"BreadcrumbList\",\"@id\":\"https:\/\/www.noticiasradioreflejos.com.ar\/2021\/renta-inesperada-el-proyecto-que-presenta-hoy-el-gobierno\/#breadcrumb\",\"itemListElement\":[{\"@type\":\"ListItem\",\"position\":1,\"name\":\"Portada\",\"item\":\"https:\/\/www.noticiasradioreflejos.com.ar\/2021\/\"},{\"@type\":\"ListItem\",\"position\":2,\"name\":\"Renta Inesperada: el proyecto que presenta hoy el Gobierno\"}]},{\"@type\":\"WebSite\",\"@id\":\"https:\/\/www.noticiasradioreflejos.com.ar\/2021\/#website\",\"url\":\"https:\/\/www.noticiasradioreflejos.com.ar\/2021\/\",\"name\":\"Noticias Radio Reflejos\",\"description\":\"Las noticias de mi comarca\",\"potentialAction\":[{\"@type\":\"SearchAction\",\"target\":{\"@type\":\"EntryPoint\",\"urlTemplate\":\"https:\/\/www.noticiasradioreflejos.com.ar\/2021\/?s={search_term_string}\"},\"query-input\":{\"@type\":\"PropertyValueSpecification\",\"valueRequired\":true,\"valueName\":\"search_term_string\"}}],\"inLanguage\":\"es\"},{\"@type\":\"Person\",\"@id\":\"https:\/\/www.noticiasradioreflejos.com.ar\/2021\/#\/schema\/person\/ad82545263dcc5ec0996818884fd5fb1\",\"name\":\"Arnaldo Botto\",\"image\":{\"@type\":\"ImageObject\",\"inLanguage\":\"es\",\"@id\":\"https:\/\/www.noticiasradioreflejos.com.ar\/2021\/#\/schema\/person\/image\/\",\"url\":\"https:\/\/secure.gravatar.com\/avatar\/55cb5e37c1efa326397366e6974cb338056df65cb50e7d64d1cf314e87504837?s=96&d=mm&r=g\",\"contentUrl\":\"https:\/\/secure.gravatar.com\/avatar\/55cb5e37c1efa326397366e6974cb338056df65cb50e7d64d1cf314e87504837?s=96&d=mm&r=g\",\"caption\":\"Arnaldo Botto\"},\"url\":\"https:\/\/www.noticiasradioreflejos.com.ar\/2021\/author\/arnaldo\/\"}]}<\/script>\n<!-- \/ Yoast SEO plugin. -->","yoast_head_json":{"title":"Renta Inesperada: el proyecto que presenta hoy el Gobierno - Noticias Radio Reflejos","robots":{"index":"index","follow":"follow","max-snippet":"max-snippet:-1","max-image-preview":"max-image-preview:large","max-video-preview":"max-video-preview:-1"},"canonical":"https:\/\/www.noticiasradioreflejos.com.ar\/2021\/renta-inesperada-el-proyecto-que-presenta-hoy-el-gobierno\/","og_locale":"es_ES","og_type":"article","og_title":"Renta Inesperada: el proyecto que presenta hoy el Gobierno - Noticias Radio Reflejos","og_description":"El Presidente dar\u00e1 a conocer los detalles de la iniciativa que est\u00e1 dirigida para quienes se vieron beneficiados a partir del aumento de los precios internacionales a causa del conflicto b\u00e9lico entre Rusia y Ucrania.","og_url":"https:\/\/www.noticiasradioreflejos.com.ar\/2021\/renta-inesperada-el-proyecto-que-presenta-hoy-el-gobierno\/","og_site_name":"Noticias Radio Reflejos","article_published_time":"2022-06-06T11:26:29+00:00","article_modified_time":"2022-06-06T11:32:00+00:00","og_image":[{"url":"https:\/\/www.telam.com.ar\/thumbs\/bluesteel\/advf\/imagenes\/2022\/05\/62700cc93e1fb.05.2022%20foto%20presidencia_900.jpg","type":"","width":"","height":""}],"author":"Arnaldo Botto","twitter_card":"summary_large_image","schema":{"@context":"https:\/\/schema.org","@graph":[{"@type":"WebPage","@id":"https:\/\/www.noticiasradioreflejos.com.ar\/2021\/renta-inesperada-el-proyecto-que-presenta-hoy-el-gobierno\/","url":"https:\/\/www.noticiasradioreflejos.com.ar\/2021\/renta-inesperada-el-proyecto-que-presenta-hoy-el-gobierno\/","name":"Renta Inesperada: el proyecto que presenta hoy el Gobierno - Noticias Radio Reflejos","isPartOf":{"@id":"https:\/\/www.noticiasradioreflejos.com.ar\/2021\/#website"},"primaryImageOfPage":{"@id":"https:\/\/www.noticiasradioreflejos.com.ar\/2021\/renta-inesperada-el-proyecto-que-presenta-hoy-el-gobierno\/#primaryimage"},"image":{"@id":"https:\/\/www.noticiasradioreflejos.com.ar\/2021\/renta-inesperada-el-proyecto-que-presenta-hoy-el-gobierno\/#primaryimage"},"thumbnailUrl":"https:\/\/www.telam.com.ar\/thumbs\/bluesteel\/advf\/imagenes\/2022\/05\/62700cc93e1fb.05.2022%20foto%20presidencia_900.jpg","datePublished":"2022-06-06T11:26:29+00:00","dateModified":"2022-06-06T11:32:00+00:00","author":{"@id":"https:\/\/www.noticiasradioreflejos.com.ar\/2021\/#\/schema\/person\/ad82545263dcc5ec0996818884fd5fb1"},"breadcrumb":{"@id":"https:\/\/www.noticiasradioreflejos.com.ar\/2021\/renta-inesperada-el-proyecto-que-presenta-hoy-el-gobierno\/#breadcrumb"},"inLanguage":"es","potentialAction":[{"@type":"ReadAction","target":["https:\/\/www.noticiasradioreflejos.com.ar\/2021\/renta-inesperada-el-proyecto-que-presenta-hoy-el-gobierno\/"]}]},{"@type":"ImageObject","inLanguage":"es","@id":"https:\/\/www.noticiasradioreflejos.com.ar\/2021\/renta-inesperada-el-proyecto-que-presenta-hoy-el-gobierno\/#primaryimage","url":"https:\/\/www.telam.com.ar\/thumbs\/bluesteel\/advf\/imagenes\/2022\/05\/62700cc93e1fb.05.2022%20foto%20presidencia_900.jpg","contentUrl":"https:\/\/www.telam.com.ar\/thumbs\/bluesteel\/advf\/imagenes\/2022\/05\/62700cc93e1fb.05.2022%20foto%20presidencia_900.jpg"},{"@type":"BreadcrumbList","@id":"https:\/\/www.noticiasradioreflejos.com.ar\/2021\/renta-inesperada-el-proyecto-que-presenta-hoy-el-gobierno\/#breadcrumb","itemListElement":[{"@type":"ListItem","position":1,"name":"Portada","item":"https:\/\/www.noticiasradioreflejos.com.ar\/2021\/"},{"@type":"ListItem","position":2,"name":"Renta Inesperada: el proyecto que presenta hoy el Gobierno"}]},{"@type":"WebSite","@id":"https:\/\/www.noticiasradioreflejos.com.ar\/2021\/#website","url":"https:\/\/www.noticiasradioreflejos.com.ar\/2021\/","name":"Noticias Radio Reflejos","description":"Las noticias de mi comarca","potentialAction":[{"@type":"SearchAction","target":{"@type":"EntryPoint","urlTemplate":"https:\/\/www.noticiasradioreflejos.com.ar\/2021\/?s={search_term_string}"},"query-input":{"@type":"PropertyValueSpecification","valueRequired":true,"valueName":"search_term_string"}}],"inLanguage":"es"},{"@type":"Person","@id":"https:\/\/www.noticiasradioreflejos.com.ar\/2021\/#\/schema\/person\/ad82545263dcc5ec0996818884fd5fb1","name":"Arnaldo Botto","image":{"@type":"ImageObject","inLanguage":"es","@id":"https:\/\/www.noticiasradioreflejos.com.ar\/2021\/#\/schema\/person\/image\/","url":"https:\/\/secure.gravatar.com\/avatar\/55cb5e37c1efa326397366e6974cb338056df65cb50e7d64d1cf314e87504837?s=96&d=mm&r=g","contentUrl":"https:\/\/secure.gravatar.com\/avatar\/55cb5e37c1efa326397366e6974cb338056df65cb50e7d64d1cf314e87504837?s=96&d=mm&r=g","caption":"Arnaldo Botto"},"url":"https:\/\/www.noticiasradioreflejos.com.ar\/2021\/author\/arnaldo\/"}]}},"_links":{"self":[{"href":"https:\/\/www.noticiasradioreflejos.com.ar\/2021\/wp-json\/wp\/v2\/posts\/73279","targetHints":{"allow":["GET"]}}],"collection":[{"href":"https:\/\/www.noticiasradioreflejos.com.ar\/2021\/wp-json\/wp\/v2\/posts"}],"about":[{"href":"https:\/\/www.noticiasradioreflejos.com.ar\/2021\/wp-json\/wp\/v2\/types\/post"}],"author":[{"embeddable":true,"href":"https:\/\/www.noticiasradioreflejos.com.ar\/2021\/wp-json\/wp\/v2\/users\/3"}],"replies":[{"embeddable":true,"href":"https:\/\/www.noticiasradioreflejos.com.ar\/2021\/wp-json\/wp\/v2\/comments?post=73279"}],"version-history":[{"count":1,"href":"https:\/\/www.noticiasradioreflejos.com.ar\/2021\/wp-json\/wp\/v2\/posts\/73279\/revisions"}],"predecessor-version":[{"id":73281,"href":"https:\/\/www.noticiasradioreflejos.com.ar\/2021\/wp-json\/wp\/v2\/posts\/73279\/revisions\/73281"}],"wp:attachment":[{"href":"https:\/\/www.noticiasradioreflejos.com.ar\/2021\/wp-json\/wp\/v2\/media?parent=73279"}],"wp:term":[{"taxonomy":"category","embeddable":true,"href":"https:\/\/www.noticiasradioreflejos.com.ar\/2021\/wp-json\/wp\/v2\/categories?post=73279"},{"taxonomy":"post_tag","embeddable":true,"href":"https:\/\/www.noticiasradioreflejos.com.ar\/2021\/wp-json\/wp\/v2\/tags?post=73279"}],"curies":[{"name":"wp","href":"https:\/\/api.w.org\/{rel}","templated":true}]}}