{"id":73276,"date":"2022-06-06T11:24:19","date_gmt":"2022-06-06T11:24:19","guid":{"rendered":"http:\/\/www.noticiasradioreflejos.com.ar\/2021\/?p=73276"},"modified":"2022-06-06T11:24:19","modified_gmt":"2022-06-06T11:24:19","slug":"mar-del-plata-detuvieron-a-un-joven-por-robar-un-carpincho-en-una-reserva-natural","status":"publish","type":"post","link":"https:\/\/www.noticiasradioreflejos.com.ar\/2021\/mar-del-plata-detuvieron-a-un-joven-por-robar-un-carpincho-en-una-reserva-natural\/","title":{"rendered":"Mar del Plata: Detuvieron a un joven por robar un carpincho en una reserva natural"},"content":{"rendered":"<p>El robo del animal hab\u00eda sido denunciado el 22 de mayo y tras un allanamiento en el barrio San Mart\u00edn de la localidad balnearia, el ejemplar fue devuelto a su h\u00e1bitat natural.<!--more--><\/p>\n<figure class=\"mb-3\"><img decoding=\"async\" src=\"https:\/\/www.telam.com.ar\/thumbs\/bluesteel\/advf\/imagenes\/2022\/06\/629d385c090fd_900.jpg\" alt=\"El animal fue devuelto a su hbitat natural\" width=\"100%\" height=\"100%\" \/><\/p>\n<div class=\"media-icons\"><\/div><figcaption>El animal fue devuelto a su h\u00e1bitat natural.<\/figcaption><\/figure>\n<p>Un joven de 22 a\u00f1os fue\u00a0<strong>aprehendido\u00a0<\/strong>este domingo en la ciudad de Mar del Plata, acusado de haber\u00a0<strong>robado un carpincho<\/strong>\u00a0en la reserva natural de\u00a0<strong>Laguna de los Padres<\/strong>\u00a0y mantenerlo en cautiverio durante dos semanas, informaron fuentes policiales.<\/p>\n<p>Fuentes policiales indicaron que el hecho fue denunciado en la Comisar\u00eda 14ta, con jurisdicci\u00f3n en la zona de la reserva ubicada 15 kil\u00f3metros al oeste de\u00a0<strong>Mar del Plat<\/strong>a, por una mujer que paseaba por el lugar.<\/p>\n<p>El robo del animal hab\u00eda sido denunciado el 22 de mayo, y tras un allanamiento en el barrio San Mart\u00edn de la localidad balnearia, el ejemplar, conocido por los lugare\u00f1os de la laguna como \u00abEl Toti\u00bb, fue devuelto a su h\u00e1bitat natural.<\/p>\n<p>De acuerdo a la denuncia, un hombre y una mujer \u00ab<strong>se abalanzaron sobre un carpincho y lo taparon con una frazada para luego subirlo en una camioneta<\/strong>\u00ab.<\/p>\n<p>A partir de esa informaci\u00f3n y del an\u00e1lisis de c\u00e1maras de la zona, y se logr\u00f3 determinar en qu\u00e9 vivienda se encontraba el animal.<\/p>\n<p>El fiscal que intervino en el caso, Alejandro Pellegrinelli, titular de la Unidad Funcional de Instrucci\u00f3n 5, pidi\u00f3 el\u00a0<strong>allanamiento\u00a0<\/strong>del inmueble, que fue autorizado por la Justicia de Garant\u00edas.<\/p>\n<p>Adem\u00e1s de efectivos policiales, en el procedimiento, realizado en la tarde del domingo, intervinieron guarda parques, que\u00a0<strong>lograron rescatar al animal<\/strong>, que permanec\u00eda encerrado en una jaula en el patio de la vivienda.<\/p>\n<p>El fiscal dispuso que el carpincho fuera devuelto a su h\u00e1bitat natural, y el acusado fue<strong>\u00a0imputado por el delito de \u00abhurto<\/strong>\u00ab.<\/p>\n","protected":false},"excerpt":{"rendered":"<p>El robo del animal hab\u00eda sido denunciado el 22 de mayo y tras un allanamiento en el barrio San Mart\u00edn de la localidad balnearia, el ejemplar fue devuelto a su h\u00e1bitat natural.<\/p>\n","protected":false},"author":3,"featured_media":0,"comment_status":"closed","ping_status":"closed","sticky":false,"template":"","format":"standard","meta":{"footnotes":""},"categories":[29],"tags":[],"class_list":["post-73276","post","type-post","status-publish","format-standard","hentry","category-policiales"],"yoast_head":"<!-- This site is optimized with the Yoast SEO plugin v25.9 - https:\/\/yoast.com\/wordpress\/plugins\/seo\/ -->\n<title>Mar del Plata: Detuvieron a un joven por robar un carpincho en una reserva natural - Noticias Radio Reflejos<\/title>\n<meta name=\"robots\" content=\"index, follow, max-snippet:-1, max-image-preview:large, max-video-preview:-1\" \/>\n<link rel=\"canonical\" href=\"https:\/\/www.noticiasradioreflejos.com.ar\/2021\/mar-del-plata-detuvieron-a-un-joven-por-robar-un-carpincho-en-una-reserva-natural\/\" \/>\n<meta property=\"og:locale\" content=\"es_ES\" \/>\n<meta property=\"og:type\" content=\"article\" \/>\n<meta property=\"og:title\" content=\"Mar del Plata: Detuvieron a un joven por robar un carpincho en una reserva natural - Noticias Radio Reflejos\" \/>\n<meta property=\"og:description\" content=\"El robo del animal hab\u00eda sido denunciado el 22 de mayo y tras un allanamiento en el barrio San Mart\u00edn de la localidad balnearia, el ejemplar fue devuelto a su h\u00e1bitat natural.\" \/>\n<meta property=\"og:url\" content=\"https:\/\/www.noticiasradioreflejos.com.ar\/2021\/mar-del-plata-detuvieron-a-un-joven-por-robar-un-carpincho-en-una-reserva-natural\/\" \/>\n<meta property=\"og:site_name\" content=\"Noticias Radio Reflejos\" \/>\n<meta property=\"article:published_time\" content=\"2022-06-06T11:24:19+00:00\" \/>\n<meta property=\"og:image\" content=\"https:\/\/www.telam.com.ar\/thumbs\/bluesteel\/advf\/imagenes\/2022\/06\/629d385c090fd_900.jpg\" \/>\n<meta name=\"author\" content=\"Arnaldo Botto\" \/>\n<meta name=\"twitter:card\" content=\"summary_large_image\" \/>\n<script type=\"application\/ld+json\" class=\"yoast-schema-graph\">{\"@context\":\"https:\/\/schema.org\",\"@graph\":[{\"@type\":\"WebPage\",\"@id\":\"https:\/\/www.noticiasradioreflejos.com.ar\/2021\/mar-del-plata-detuvieron-a-un-joven-por-robar-un-carpincho-en-una-reserva-natural\/\",\"url\":\"https:\/\/www.noticiasradioreflejos.com.ar\/2021\/mar-del-plata-detuvieron-a-un-joven-por-robar-un-carpincho-en-una-reserva-natural\/\",\"name\":\"Mar del Plata: Detuvieron a un joven por robar un carpincho en una reserva natural - Noticias Radio Reflejos\",\"isPartOf\":{\"@id\":\"https:\/\/www.noticiasradioreflejos.com.ar\/2021\/#website\"},\"primaryImageOfPage\":{\"@id\":\"https:\/\/www.noticiasradioreflejos.com.ar\/2021\/mar-del-plata-detuvieron-a-un-joven-por-robar-un-carpincho-en-una-reserva-natural\/#primaryimage\"},\"image\":{\"@id\":\"https:\/\/www.noticiasradioreflejos.com.ar\/2021\/mar-del-plata-detuvieron-a-un-joven-por-robar-un-carpincho-en-una-reserva-natural\/#primaryimage\"},\"thumbnailUrl\":\"https:\/\/www.telam.com.ar\/thumbs\/bluesteel\/advf\/imagenes\/2022\/06\/629d385c090fd_900.jpg\",\"datePublished\":\"2022-06-06T11:24:19+00:00\",\"author\":{\"@id\":\"https:\/\/www.noticiasradioreflejos.com.ar\/2021\/#\/schema\/person\/ad82545263dcc5ec0996818884fd5fb1\"},\"breadcrumb\":{\"@id\":\"https:\/\/www.noticiasradioreflejos.com.ar\/2021\/mar-del-plata-detuvieron-a-un-joven-por-robar-un-carpincho-en-una-reserva-natural\/#breadcrumb\"},\"inLanguage\":\"es\",\"potentialAction\":[{\"@type\":\"ReadAction\",\"target\":[\"https:\/\/www.noticiasradioreflejos.com.ar\/2021\/mar-del-plata-detuvieron-a-un-joven-por-robar-un-carpincho-en-una-reserva-natural\/\"]}]},{\"@type\":\"ImageObject\",\"inLanguage\":\"es\",\"@id\":\"https:\/\/www.noticiasradioreflejos.com.ar\/2021\/mar-del-plata-detuvieron-a-un-joven-por-robar-un-carpincho-en-una-reserva-natural\/#primaryimage\",\"url\":\"https:\/\/www.telam.com.ar\/thumbs\/bluesteel\/advf\/imagenes\/2022\/06\/629d385c090fd_900.jpg\",\"contentUrl\":\"https:\/\/www.telam.com.ar\/thumbs\/bluesteel\/advf\/imagenes\/2022\/06\/629d385c090fd_900.jpg\"},{\"@type\":\"BreadcrumbList\",\"@id\":\"https:\/\/www.noticiasradioreflejos.com.ar\/2021\/mar-del-plata-detuvieron-a-un-joven-por-robar-un-carpincho-en-una-reserva-natural\/#breadcrumb\",\"itemListElement\":[{\"@type\":\"ListItem\",\"position\":1,\"name\":\"Portada\",\"item\":\"https:\/\/www.noticiasradioreflejos.com.ar\/2021\/\"},{\"@type\":\"ListItem\",\"position\":2,\"name\":\"Mar del Plata: Detuvieron a un joven por robar un carpincho en una reserva natural\"}]},{\"@type\":\"WebSite\",\"@id\":\"https:\/\/www.noticiasradioreflejos.com.ar\/2021\/#website\",\"url\":\"https:\/\/www.noticiasradioreflejos.com.ar\/2021\/\",\"name\":\"Noticias Radio Reflejos\",\"description\":\"Las noticias de mi comarca\",\"potentialAction\":[{\"@type\":\"SearchAction\",\"target\":{\"@type\":\"EntryPoint\",\"urlTemplate\":\"https:\/\/www.noticiasradioreflejos.com.ar\/2021\/?s={search_term_string}\"},\"query-input\":{\"@type\":\"PropertyValueSpecification\",\"valueRequired\":true,\"valueName\":\"search_term_string\"}}],\"inLanguage\":\"es\"},{\"@type\":\"Person\",\"@id\":\"https:\/\/www.noticiasradioreflejos.com.ar\/2021\/#\/schema\/person\/ad82545263dcc5ec0996818884fd5fb1\",\"name\":\"Arnaldo Botto\",\"image\":{\"@type\":\"ImageObject\",\"inLanguage\":\"es\",\"@id\":\"https:\/\/www.noticiasradioreflejos.com.ar\/2021\/#\/schema\/person\/image\/\",\"url\":\"https:\/\/secure.gravatar.com\/avatar\/55cb5e37c1efa326397366e6974cb338056df65cb50e7d64d1cf314e87504837?s=96&d=mm&r=g\",\"contentUrl\":\"https:\/\/secure.gravatar.com\/avatar\/55cb5e37c1efa326397366e6974cb338056df65cb50e7d64d1cf314e87504837?s=96&d=mm&r=g\",\"caption\":\"Arnaldo Botto\"},\"url\":\"https:\/\/www.noticiasradioreflejos.com.ar\/2021\/author\/arnaldo\/\"}]}<\/script>\n<!-- \/ Yoast SEO plugin. -->","yoast_head_json":{"title":"Mar del Plata: Detuvieron a un joven por robar un carpincho en una reserva natural - Noticias Radio Reflejos","robots":{"index":"index","follow":"follow","max-snippet":"max-snippet:-1","max-image-preview":"max-image-preview:large","max-video-preview":"max-video-preview:-1"},"canonical":"https:\/\/www.noticiasradioreflejos.com.ar\/2021\/mar-del-plata-detuvieron-a-un-joven-por-robar-un-carpincho-en-una-reserva-natural\/","og_locale":"es_ES","og_type":"article","og_title":"Mar del Plata: Detuvieron a un joven por robar un carpincho en una reserva natural - Noticias Radio Reflejos","og_description":"El robo del animal hab\u00eda sido denunciado el 22 de mayo y tras un allanamiento en el barrio San Mart\u00edn de la localidad balnearia, el ejemplar fue devuelto a su h\u00e1bitat natural.","og_url":"https:\/\/www.noticiasradioreflejos.com.ar\/2021\/mar-del-plata-detuvieron-a-un-joven-por-robar-un-carpincho-en-una-reserva-natural\/","og_site_name":"Noticias Radio Reflejos","article_published_time":"2022-06-06T11:24:19+00:00","og_image":[{"url":"https:\/\/www.telam.com.ar\/thumbs\/bluesteel\/advf\/imagenes\/2022\/06\/629d385c090fd_900.jpg","type":"","width":"","height":""}],"author":"Arnaldo Botto","twitter_card":"summary_large_image","schema":{"@context":"https:\/\/schema.org","@graph":[{"@type":"WebPage","@id":"https:\/\/www.noticiasradioreflejos.com.ar\/2021\/mar-del-plata-detuvieron-a-un-joven-por-robar-un-carpincho-en-una-reserva-natural\/","url":"https:\/\/www.noticiasradioreflejos.com.ar\/2021\/mar-del-plata-detuvieron-a-un-joven-por-robar-un-carpincho-en-una-reserva-natural\/","name":"Mar del Plata: Detuvieron a un joven por robar un carpincho en una reserva natural - Noticias Radio Reflejos","isPartOf":{"@id":"https:\/\/www.noticiasradioreflejos.com.ar\/2021\/#website"},"primaryImageOfPage":{"@id":"https:\/\/www.noticiasradioreflejos.com.ar\/2021\/mar-del-plata-detuvieron-a-un-joven-por-robar-un-carpincho-en-una-reserva-natural\/#primaryimage"},"image":{"@id":"https:\/\/www.noticiasradioreflejos.com.ar\/2021\/mar-del-plata-detuvieron-a-un-joven-por-robar-un-carpincho-en-una-reserva-natural\/#primaryimage"},"thumbnailUrl":"https:\/\/www.telam.com.ar\/thumbs\/bluesteel\/advf\/imagenes\/2022\/06\/629d385c090fd_900.jpg","datePublished":"2022-06-06T11:24:19+00:00","author":{"@id":"https:\/\/www.noticiasradioreflejos.com.ar\/2021\/#\/schema\/person\/ad82545263dcc5ec0996818884fd5fb1"},"breadcrumb":{"@id":"https:\/\/www.noticiasradioreflejos.com.ar\/2021\/mar-del-plata-detuvieron-a-un-joven-por-robar-un-carpincho-en-una-reserva-natural\/#breadcrumb"},"inLanguage":"es","potentialAction":[{"@type":"ReadAction","target":["https:\/\/www.noticiasradioreflejos.com.ar\/2021\/mar-del-plata-detuvieron-a-un-joven-por-robar-un-carpincho-en-una-reserva-natural\/"]}]},{"@type":"ImageObject","inLanguage":"es","@id":"https:\/\/www.noticiasradioreflejos.com.ar\/2021\/mar-del-plata-detuvieron-a-un-joven-por-robar-un-carpincho-en-una-reserva-natural\/#primaryimage","url":"https:\/\/www.telam.com.ar\/thumbs\/bluesteel\/advf\/imagenes\/2022\/06\/629d385c090fd_900.jpg","contentUrl":"https:\/\/www.telam.com.ar\/thumbs\/bluesteel\/advf\/imagenes\/2022\/06\/629d385c090fd_900.jpg"},{"@type":"BreadcrumbList","@id":"https:\/\/www.noticiasradioreflejos.com.ar\/2021\/mar-del-plata-detuvieron-a-un-joven-por-robar-un-carpincho-en-una-reserva-natural\/#breadcrumb","itemListElement":[{"@type":"ListItem","position":1,"name":"Portada","item":"https:\/\/www.noticiasradioreflejos.com.ar\/2021\/"},{"@type":"ListItem","position":2,"name":"Mar del Plata: Detuvieron a un joven por robar un carpincho en una reserva natural"}]},{"@type":"WebSite","@id":"https:\/\/www.noticiasradioreflejos.com.ar\/2021\/#website","url":"https:\/\/www.noticiasradioreflejos.com.ar\/2021\/","name":"Noticias Radio Reflejos","description":"Las noticias de mi comarca","potentialAction":[{"@type":"SearchAction","target":{"@type":"EntryPoint","urlTemplate":"https:\/\/www.noticiasradioreflejos.com.ar\/2021\/?s={search_term_string}"},"query-input":{"@type":"PropertyValueSpecification","valueRequired":true,"valueName":"search_term_string"}}],"inLanguage":"es"},{"@type":"Person","@id":"https:\/\/www.noticiasradioreflejos.com.ar\/2021\/#\/schema\/person\/ad82545263dcc5ec0996818884fd5fb1","name":"Arnaldo Botto","image":{"@type":"ImageObject","inLanguage":"es","@id":"https:\/\/www.noticiasradioreflejos.com.ar\/2021\/#\/schema\/person\/image\/","url":"https:\/\/secure.gravatar.com\/avatar\/55cb5e37c1efa326397366e6974cb338056df65cb50e7d64d1cf314e87504837?s=96&d=mm&r=g","contentUrl":"https:\/\/secure.gravatar.com\/avatar\/55cb5e37c1efa326397366e6974cb338056df65cb50e7d64d1cf314e87504837?s=96&d=mm&r=g","caption":"Arnaldo Botto"},"url":"https:\/\/www.noticiasradioreflejos.com.ar\/2021\/author\/arnaldo\/"}]}},"_links":{"self":[{"href":"https:\/\/www.noticiasradioreflejos.com.ar\/2021\/wp-json\/wp\/v2\/posts\/73276","targetHints":{"allow":["GET"]}}],"collection":[{"href":"https:\/\/www.noticiasradioreflejos.com.ar\/2021\/wp-json\/wp\/v2\/posts"}],"about":[{"href":"https:\/\/www.noticiasradioreflejos.com.ar\/2021\/wp-json\/wp\/v2\/types\/post"}],"author":[{"embeddable":true,"href":"https:\/\/www.noticiasradioreflejos.com.ar\/2021\/wp-json\/wp\/v2\/users\/3"}],"replies":[{"embeddable":true,"href":"https:\/\/www.noticiasradioreflejos.com.ar\/2021\/wp-json\/wp\/v2\/comments?post=73276"}],"version-history":[{"count":1,"href":"https:\/\/www.noticiasradioreflejos.com.ar\/2021\/wp-json\/wp\/v2\/posts\/73276\/revisions"}],"predecessor-version":[{"id":73278,"href":"https:\/\/www.noticiasradioreflejos.com.ar\/2021\/wp-json\/wp\/v2\/posts\/73276\/revisions\/73278"}],"wp:attachment":[{"href":"https:\/\/www.noticiasradioreflejos.com.ar\/2021\/wp-json\/wp\/v2\/media?parent=73276"}],"wp:term":[{"taxonomy":"category","embeddable":true,"href":"https:\/\/www.noticiasradioreflejos.com.ar\/2021\/wp-json\/wp\/v2\/categories?post=73276"},{"taxonomy":"post_tag","embeddable":true,"href":"https:\/\/www.noticiasradioreflejos.com.ar\/2021\/wp-json\/wp\/v2\/tags?post=73276"}],"curies":[{"name":"wp","href":"https:\/\/api.w.org\/{rel}","templated":true}]}}