{"id":73237,"date":"2022-06-04T13:38:25","date_gmt":"2022-06-04T13:38:25","guid":{"rendered":"http:\/\/www.noticiasradioreflejos.com.ar\/2021\/?p=73237"},"modified":"2022-06-04T13:38:25","modified_gmt":"2022-06-04T13:38:25","slug":"que-pasa-cuando-venza-la-moratoria-previsional-mas-de-un-millon-de-personas-con-riesgo-de-quedarse-sin-jubilacion","status":"publish","type":"post","link":"https:\/\/www.noticiasradioreflejos.com.ar\/2021\/que-pasa-cuando-venza-la-moratoria-previsional-mas-de-un-millon-de-personas-con-riesgo-de-quedarse-sin-jubilacion\/","title":{"rendered":"Qu\u00e9 pasa cuando venza la moratoria previsional: m\u00e1s de un mill\u00f3n de personas con riesgo de quedarse sin jubilaci\u00f3n\u00a0"},"content":{"rendered":"<div class=\"section-2-col article-header\">\n<div class=\"col 2-col\">\n<p>Los planes de inclusi\u00f3n jubilatoria del kirchnerismo necesitan de nuevas leyes para que m\u00e1s de un mill\u00f3n de personas no queden al margen de ese derecho. Los proyectos en danza y las diferencias con lo que hizo Juntos por el Cambio.<\/p>\n<div class=\"author\">\n<div class=\"author-inner\">\n<div class=\"author-thumbnail\"><\/div>\n<\/div>\n<\/div>\n<\/div>\n<\/div>\n<p><!--more--><\/p>\n<div class=\"section-2-col article-main-image\">\n<div class=\"col 2-col\">\n<div class=\"article-main-media-image__container\">\n<div class=\"image-wrapper\">\n<figure>\n<figure class=\"object-fit-block--contain intrinsic-container intrinsic-container-3x2\"><img decoding=\"async\" class=\" \" src=\"https:\/\/images.pagina12.com.ar\/styles\/focal_3_2_960x640\/public\/2022-06\/551905-whatsapp-20image-202022-06-03-20at-207-23-50-20pm.jpeg?itok=TnMH_QO2\" alt=\"Qu\u00e9 pasa cuando venza la moratoria previsional: m\u00e1s de un mill\u00f3n de personas con riesgo de quedarse sin jubilaci\u00f3n.\" \/><\/figure><figcaption>Qu\u00e9 pasa cuando venza la moratoria previsional: m\u00e1s de un mill\u00f3n de personas con riesgo de quedarse sin jubilaci\u00f3n.<\/figcaption><\/figure>\n<\/div>\n<\/div>\n<\/div>\n<\/div>\n<div class=\"section-2-col article-main-content\">\n<div class=\"col 1-col\"><\/div>\n<div class=\"col 2-col\">\n<div class=\"article-main-content article-text \">\n<p><b>En poco m\u00e1s de un mes, el 23 de julio, vencer\u00e1 la moratoria previsional sancionada en 2014<\/b>, durante el gobierno de Cristina Fern\u00e1ndez de Kirchner. Si no se renueva, miles de mujeres perder\u00e1n la posibilidad de completar aportes y acceder a una jubilaci\u00f3n plena. El Frente de Todos avanza con nuevos proyectos en el Congreso: uno para prorrogar la vigencia de ese plan y otro, m\u00e1s amplio, para sumar tambi\u00e9n a los hombres y extender los plazos de regularizaci\u00f3n de deudas previsionales.\u00a0<b>El objetivo es evitar que nueve de cada diez mujeres y siete de cada diez hombres a partir de este a\u00f1o tengan que conformarse con la PUAM<\/b>, la Presentaci\u00f3n Universal para el Adulto Mayor que cre\u00f3 el gobierno de Mauricio Macri, la cual significa una degradaci\u00f3n en los derechos de los adultos mayores.<\/p>\n<div id=\"talkFireEvent\"><\/div>\n<p><b>El Poder Ejecutivo, por ahora, deja hacer a los legisladores del oficialismo pero no dio indicios de cu\u00e1l ser\u00e1 la pol\u00edtica<\/b>. Solo la titular de la Anses, Fernanda Raverta, expres\u00f3 un enf\u00e1tico apoy\u00f3 el proyecto de ley para generar un plan de pagos para futuros jubilados. Se trata de una iniciativa de los senadores Mariano Recalde y Anabel Fern\u00e1ndez Sagasti, quienes estuvieron acompa\u00f1ados en su presentaci\u00f3n, a principios de mayo, por Jos\u00e9 Mayans y Juliana Di Tullio, autoridades del interbloque del FdT en la C\u00e1mara alta.<\/p>\n<p><b>La propuesta busca dar soluci\u00f3n a aquellas personas que ya alcanzaron la edad de retiro, 60 a\u00f1os las mujeres y 65 los hombres, pero no re\u00fanen los 30 a\u00f1os de aportes para cobrar la jubilaci\u00f3n<\/b>. Son 742 mil personas: 447 mil mujeres y 295 mil varones. Las cifras fueron cotejadas con la Anses, explicaron los autores, quienes se\u00f1alaron que la propuesta es que puedan saldar las deudas de aportes hasta diciembre de 2008, en planes de 1, 30, 60 y hasta 120 cuotas. El pago mensual ser\u00e1 equivalente al 29 por ciento de la remuneraci\u00f3n m\u00ednima imponible, y busca que en el mediano plazo se \u00abrobustezca\u00bb el Fondo de Garant\u00eda de Sustentabilidad de la Anses.<\/p>\n<div class=\"teads-inread teads-display sm-screen\">\n<div>\n<div class=\"teads-ui-components-adchoices\"><\/div>\n<div id=\"teads0\" class=\"teads-player\"><\/div>\n<\/div>\n<\/div>\n<p>La otra pata del proyecto es permitir a las personas que les falta hasta diez a\u00f1os para alcanzar la edad jubilatoria, pero que ya saben que carecen de aportes suficientes, que puedan ir cubriendo ese bache desde este momento. Hay 552 mil mujeres de entre 50 y 59 a\u00f1os y 327 mil varones de entre 55 y 64 a\u00f1os que podr\u00edan utilizar el beneficio y garantizarse la jubilaci\u00f3n de manera anticipada. En la comisi\u00f3n de Previsi\u00f3n del Senado ya hubo reuniones de asesores y para la pr\u00f3xima semana se esperan avances m\u00e1s concretos en el tratamiento de la iniciativa.<\/p>\n<p>La demanda pol\u00edtica para dar este paso crece en espacios afines al Frente de Todos, con la organizaci\u00f3n de eventos y conferencias que buscan instalar el tema en la agenda nacional. En esa l\u00ednea, la diputada Gisela Marziota (FdT) present\u00f3 otro proyecto de ley para prorrogar la moratoria de 2014 que vence el 23 de julio.\u00a0<b>\u00abNo mantener abierta la posibilidad de que miles de personas puedan acceder a la jubilaci\u00f3n ser\u00eda incumplir el contrato electoral de 2019\u00bb<\/b>, advirti\u00f3 la legisladora.<\/p>\n<p>De hecho, hasta el gobierno de Macri prorrog\u00f3 ese instrumento en dos oportunidades, en 2016 y 2019, aunque lo hizo solo para las mujeres \u2013los hombres fueron excluidos- y sin extender el l\u00edmite de a\u00f1os a regularizar, que qued\u00f3 clavado en diciembre de 2003. Aquellas mujeres que necesiten saldar deudas previsionales posteriores a esa fecha no pueden hacerlo y para ellas la moratoria se convierte en letra muerta.<\/p>\n<p><b>La pol\u00edtica de inclusi\u00f3n jubilatoria que desplegaron N\u00e9stor Kirchner desde 2005 y luego Cristina es uno de los hitos de reconocimiento de derechos sociales<\/b>\u00a0que tanto irritan a personajes como el vicepresidente de la Corte Suprema, Carlos Rozenkrantz. Permiti\u00f3 que m\u00e1s de 3,5 millones de personas se incorporaran al sistema previsional, con todos los beneficios a\u00f1adidos. Sin esa decisi\u00f3n, cinco de cada diez personas en edad de retiro hubieran quedado al margen de la cobertura.<\/p>\n<p><b>El gobierno de Juntos por el Cambio degrad\u00f3 ese plan de manera sistem\u00e1tica<\/b>, guiado por el mismo argumento que ahora expuso el ministro de la Corte: los recursos no alcanzan. Como se indic\u00f3, lo primero que hizo fue dejar a un costado a los hombres del alcance de la moratoria de 2014, creada por la ley 26.970, con posibilidad de completar aportes hasta diciembre de 2003. Para ellos solo permanece en vigencia la moratoria que estableci\u00f3 Kirchner en 2005, pero su efectividad en la actualidad es acotada porque solo sirve para saldar deudas previsionales anteriores a septiembre de 1993.<\/p>\n<p>En lugar de los programas para incorporar jubilados, la transformaci\u00f3n estructural que produjo Juntos por el Cambio fue la creaci\u00f3n de una figura de pensiones de segundo orden, que ya no son jubilaciones, sino pagos asistenciales que apenas alcanzan para evitar que los adultos mayores caigan en la indigencia. Se trata de la Pensi\u00f3n Universal para el Adulto Mayor (PUAM), que perciben tanto hombres y mujeres que no pudieron completar los 30 a\u00f1os de aportes para jubilarse.<\/p>\n<p>El monto de esta prestaci\u00f3n es el 80 por ciento de la jubilaci\u00f3n m\u00ednima: 30.020 pesos desde este mes, frente a los 37.525 del haber m\u00ednimo. En ambos casos los montos son absolutamente insuficientes, pero para nueve de cada diez mujeres y siete de cada diez hombres su destino a partir de este a\u00f1o ser\u00e1 cobrar el ingreso m\u00e1s bajo, ya que no est\u00e1n en condiciones de jubilarse.\u00a0<b>Sin pr\u00f3rroga de la moratoria que est\u00e1 por vencer y, sobre todo, sin la sanci\u00f3n de una nueva, m\u00e1s amplia, la enorme mayor\u00eda deber\u00e1 subsistir con la PUAM<\/b>.<\/p>\n<p>La PUAM, adem\u00e1s, signific\u00f3 para las mujeres un alargamiento de cinco a\u00f1os para empezar a recibir ingresos. Tanto ellas como los varones la cobran desde los 65 a\u00f1os, pero antes, con las moratorias, las mujeres obten\u00edan su jubilaci\u00f3n a partir de los 60 e iban pagando las cuotas de los aportes adeudados con descuentos en el propio haber. Por otra parte, la PUAM no da derecho a pensi\u00f3n, por lo que frente al fallecimiento del titular, el o la c\u00f3nyuge dejan de recibir ese dinero para sostener el hogar.<\/p>\n<p>\u00abEs importante que el Congreso est\u00e9 analizando proyectos para reflotar las moratorias. Las ideas pueden ser perfectibles, pero lo importante es avanzar con planes de inclusi\u00f3n\u00bb, indic\u00f3 la especialista en derecho previsional B\u00e1rbara Schargorodsky. \u00abLas declaraciones de Rozenkrantz ponen en evidencia lo dif\u00edcil que es la pelea por el reconocimiento de derechos. Lo que dijo es causal de recusaci\u00f3n frente a cualquier demanda que involucre el resguardo de derechos sociales para las mayor\u00edas\u00bb, agreg\u00f3 su colega Federico Bobrovsky.<\/p>\n<p>&nbsp;<\/p>\n<p>El Congreso tiene poco m\u00e1s de un mes para aprobar un nuevo mecanismo que garantice el acceso a la jubilaci\u00f3n. Y el Poder Ejecutivo tambi\u00e9n lo debe impulsar. Es una promesa de campa\u00f1a y un compromiso con la historia.<\/p>\n<\/div>\n<\/div>\n<\/div>\n<p>&nbsp;<\/p>\n<div class=\"author-thumbnail\">\n<figure><img loading=\"lazy\" decoding=\"async\" class=\" \" src=\"https:\/\/images.pagina12.com.ar\/styles\/thumbnail\/public\/2016-10\/David-Cufr%C3%A9.png?itok=BPMCPcBv\" alt=\"David Cufr\u00e9\" width=\"163\" height=\"135\" \/><\/figure>\n<\/div>\n<div class=\"author-name\"><strong>Por David Cufr\u00e9 para P\u00e1gina 12<\/strong><\/div>\n","protected":false},"excerpt":{"rendered":"<p>Los planes de inclusi\u00f3n jubilatoria del kirchnerismo necesitan de nuevas leyes para que m\u00e1s de un mill\u00f3n de personas no queden al margen de ese derecho. Los proyectos en danza y las diferencias con lo que hizo Juntos por el Cambio.<\/p>\n","protected":false},"author":3,"featured_media":0,"comment_status":"closed","ping_status":"closed","sticky":false,"template":"","format":"standard","meta":{"footnotes":""},"categories":[24,26],"tags":[],"class_list":["post-73237","post","type-post","status-publish","format-standard","hentry","category-politica","category-sociedad"],"yoast_head":"<!-- This site is optimized with the Yoast SEO plugin v25.9 - https:\/\/yoast.com\/wordpress\/plugins\/seo\/ -->\n<title>Qu\u00e9 pasa cuando venza la moratoria previsional: m\u00e1s de un mill\u00f3n de personas con riesgo de quedarse sin jubilaci\u00f3n\u00a0 - Noticias Radio Reflejos<\/title>\n<meta name=\"robots\" content=\"index, follow, max-snippet:-1, max-image-preview:large, max-video-preview:-1\" \/>\n<link rel=\"canonical\" href=\"https:\/\/www.noticiasradioreflejos.com.ar\/2021\/que-pasa-cuando-venza-la-moratoria-previsional-mas-de-un-millon-de-personas-con-riesgo-de-quedarse-sin-jubilacion\/\" \/>\n<meta property=\"og:locale\" content=\"es_ES\" \/>\n<meta property=\"og:type\" content=\"article\" \/>\n<meta property=\"og:title\" content=\"Qu\u00e9 pasa cuando venza la moratoria previsional: m\u00e1s de un mill\u00f3n de personas con riesgo de quedarse sin jubilaci\u00f3n\u00a0 - Noticias Radio Reflejos\" \/>\n<meta property=\"og:description\" content=\"Los planes de inclusi\u00f3n jubilatoria del kirchnerismo necesitan de nuevas leyes para que m\u00e1s de un mill\u00f3n de personas no queden al margen de ese derecho. Los proyectos en danza y las diferencias con lo que hizo Juntos por el Cambio.\" \/>\n<meta property=\"og:url\" content=\"https:\/\/www.noticiasradioreflejos.com.ar\/2021\/que-pasa-cuando-venza-la-moratoria-previsional-mas-de-un-millon-de-personas-con-riesgo-de-quedarse-sin-jubilacion\/\" \/>\n<meta property=\"og:site_name\" content=\"Noticias Radio Reflejos\" \/>\n<meta property=\"article:published_time\" content=\"2022-06-04T13:38:25+00:00\" \/>\n<meta property=\"og:image\" content=\"https:\/\/images.pagina12.com.ar\/styles\/focal_3_2_960x640\/public\/2022-06\/551905-whatsapp-20image-202022-06-03-20at-207-23-50-20pm.jpeg?itok=TnMH_QO2\" \/>\n<meta name=\"author\" content=\"Arnaldo Botto\" \/>\n<meta name=\"twitter:card\" content=\"summary_large_image\" \/>\n<script type=\"application\/ld+json\" class=\"yoast-schema-graph\">{\"@context\":\"https:\/\/schema.org\",\"@graph\":[{\"@type\":\"WebPage\",\"@id\":\"https:\/\/www.noticiasradioreflejos.com.ar\/2021\/que-pasa-cuando-venza-la-moratoria-previsional-mas-de-un-millon-de-personas-con-riesgo-de-quedarse-sin-jubilacion\/\",\"url\":\"https:\/\/www.noticiasradioreflejos.com.ar\/2021\/que-pasa-cuando-venza-la-moratoria-previsional-mas-de-un-millon-de-personas-con-riesgo-de-quedarse-sin-jubilacion\/\",\"name\":\"Qu\u00e9 pasa cuando venza la moratoria previsional: m\u00e1s de un mill\u00f3n de personas con riesgo de quedarse sin jubilaci\u00f3n\u00a0 - Noticias Radio Reflejos\",\"isPartOf\":{\"@id\":\"https:\/\/www.noticiasradioreflejos.com.ar\/2021\/#website\"},\"primaryImageOfPage\":{\"@id\":\"https:\/\/www.noticiasradioreflejos.com.ar\/2021\/que-pasa-cuando-venza-la-moratoria-previsional-mas-de-un-millon-de-personas-con-riesgo-de-quedarse-sin-jubilacion\/#primaryimage\"},\"image\":{\"@id\":\"https:\/\/www.noticiasradioreflejos.com.ar\/2021\/que-pasa-cuando-venza-la-moratoria-previsional-mas-de-un-millon-de-personas-con-riesgo-de-quedarse-sin-jubilacion\/#primaryimage\"},\"thumbnailUrl\":\"https:\/\/images.pagina12.com.ar\/styles\/focal_3_2_960x640\/public\/2022-06\/551905-whatsapp-20image-202022-06-03-20at-207-23-50-20pm.jpeg?itok=TnMH_QO2\",\"datePublished\":\"2022-06-04T13:38:25+00:00\",\"author\":{\"@id\":\"https:\/\/www.noticiasradioreflejos.com.ar\/2021\/#\/schema\/person\/ad82545263dcc5ec0996818884fd5fb1\"},\"breadcrumb\":{\"@id\":\"https:\/\/www.noticiasradioreflejos.com.ar\/2021\/que-pasa-cuando-venza-la-moratoria-previsional-mas-de-un-millon-de-personas-con-riesgo-de-quedarse-sin-jubilacion\/#breadcrumb\"},\"inLanguage\":\"es\",\"potentialAction\":[{\"@type\":\"ReadAction\",\"target\":[\"https:\/\/www.noticiasradioreflejos.com.ar\/2021\/que-pasa-cuando-venza-la-moratoria-previsional-mas-de-un-millon-de-personas-con-riesgo-de-quedarse-sin-jubilacion\/\"]}]},{\"@type\":\"ImageObject\",\"inLanguage\":\"es\",\"@id\":\"https:\/\/www.noticiasradioreflejos.com.ar\/2021\/que-pasa-cuando-venza-la-moratoria-previsional-mas-de-un-millon-de-personas-con-riesgo-de-quedarse-sin-jubilacion\/#primaryimage\",\"url\":\"https:\/\/images.pagina12.com.ar\/styles\/focal_3_2_960x640\/public\/2022-06\/551905-whatsapp-20image-202022-06-03-20at-207-23-50-20pm.jpeg?itok=TnMH_QO2\",\"contentUrl\":\"https:\/\/images.pagina12.com.ar\/styles\/focal_3_2_960x640\/public\/2022-06\/551905-whatsapp-20image-202022-06-03-20at-207-23-50-20pm.jpeg?itok=TnMH_QO2\"},{\"@type\":\"BreadcrumbList\",\"@id\":\"https:\/\/www.noticiasradioreflejos.com.ar\/2021\/que-pasa-cuando-venza-la-moratoria-previsional-mas-de-un-millon-de-personas-con-riesgo-de-quedarse-sin-jubilacion\/#breadcrumb\",\"itemListElement\":[{\"@type\":\"ListItem\",\"position\":1,\"name\":\"Portada\",\"item\":\"https:\/\/www.noticiasradioreflejos.com.ar\/2021\/\"},{\"@type\":\"ListItem\",\"position\":2,\"name\":\"Qu\u00e9 pasa cuando venza la moratoria previsional: m\u00e1s de un mill\u00f3n de personas con riesgo de quedarse sin jubilaci\u00f3n\u00a0\"}]},{\"@type\":\"WebSite\",\"@id\":\"https:\/\/www.noticiasradioreflejos.com.ar\/2021\/#website\",\"url\":\"https:\/\/www.noticiasradioreflejos.com.ar\/2021\/\",\"name\":\"Noticias Radio Reflejos\",\"description\":\"Las noticias de mi comarca\",\"potentialAction\":[{\"@type\":\"SearchAction\",\"target\":{\"@type\":\"EntryPoint\",\"urlTemplate\":\"https:\/\/www.noticiasradioreflejos.com.ar\/2021\/?s={search_term_string}\"},\"query-input\":{\"@type\":\"PropertyValueSpecification\",\"valueRequired\":true,\"valueName\":\"search_term_string\"}}],\"inLanguage\":\"es\"},{\"@type\":\"Person\",\"@id\":\"https:\/\/www.noticiasradioreflejos.com.ar\/2021\/#\/schema\/person\/ad82545263dcc5ec0996818884fd5fb1\",\"name\":\"Arnaldo Botto\",\"image\":{\"@type\":\"ImageObject\",\"inLanguage\":\"es\",\"@id\":\"https:\/\/www.noticiasradioreflejos.com.ar\/2021\/#\/schema\/person\/image\/\",\"url\":\"https:\/\/secure.gravatar.com\/avatar\/55cb5e37c1efa326397366e6974cb338056df65cb50e7d64d1cf314e87504837?s=96&d=mm&r=g\",\"contentUrl\":\"https:\/\/secure.gravatar.com\/avatar\/55cb5e37c1efa326397366e6974cb338056df65cb50e7d64d1cf314e87504837?s=96&d=mm&r=g\",\"caption\":\"Arnaldo Botto\"},\"url\":\"https:\/\/www.noticiasradioreflejos.com.ar\/2021\/author\/arnaldo\/\"}]}<\/script>\n<!-- \/ Yoast SEO plugin. -->","yoast_head_json":{"title":"Qu\u00e9 pasa cuando venza la moratoria previsional: m\u00e1s de un mill\u00f3n de personas con riesgo de quedarse sin jubilaci\u00f3n\u00a0 - Noticias Radio Reflejos","robots":{"index":"index","follow":"follow","max-snippet":"max-snippet:-1","max-image-preview":"max-image-preview:large","max-video-preview":"max-video-preview:-1"},"canonical":"https:\/\/www.noticiasradioreflejos.com.ar\/2021\/que-pasa-cuando-venza-la-moratoria-previsional-mas-de-un-millon-de-personas-con-riesgo-de-quedarse-sin-jubilacion\/","og_locale":"es_ES","og_type":"article","og_title":"Qu\u00e9 pasa cuando venza la moratoria previsional: m\u00e1s de un mill\u00f3n de personas con riesgo de quedarse sin jubilaci\u00f3n\u00a0 - Noticias Radio Reflejos","og_description":"Los planes de inclusi\u00f3n jubilatoria del kirchnerismo necesitan de nuevas leyes para que m\u00e1s de un mill\u00f3n de personas no queden al margen de ese derecho. Los proyectos en danza y las diferencias con lo que hizo Juntos por el Cambio.","og_url":"https:\/\/www.noticiasradioreflejos.com.ar\/2021\/que-pasa-cuando-venza-la-moratoria-previsional-mas-de-un-millon-de-personas-con-riesgo-de-quedarse-sin-jubilacion\/","og_site_name":"Noticias Radio Reflejos","article_published_time":"2022-06-04T13:38:25+00:00","og_image":[{"url":"https:\/\/images.pagina12.com.ar\/styles\/focal_3_2_960x640\/public\/2022-06\/551905-whatsapp-20image-202022-06-03-20at-207-23-50-20pm.jpeg?itok=TnMH_QO2","type":"","width":"","height":""}],"author":"Arnaldo Botto","twitter_card":"summary_large_image","schema":{"@context":"https:\/\/schema.org","@graph":[{"@type":"WebPage","@id":"https:\/\/www.noticiasradioreflejos.com.ar\/2021\/que-pasa-cuando-venza-la-moratoria-previsional-mas-de-un-millon-de-personas-con-riesgo-de-quedarse-sin-jubilacion\/","url":"https:\/\/www.noticiasradioreflejos.com.ar\/2021\/que-pasa-cuando-venza-la-moratoria-previsional-mas-de-un-millon-de-personas-con-riesgo-de-quedarse-sin-jubilacion\/","name":"Qu\u00e9 pasa cuando venza la moratoria previsional: m\u00e1s de un mill\u00f3n de personas con riesgo de quedarse sin jubilaci\u00f3n\u00a0 - Noticias Radio Reflejos","isPartOf":{"@id":"https:\/\/www.noticiasradioreflejos.com.ar\/2021\/#website"},"primaryImageOfPage":{"@id":"https:\/\/www.noticiasradioreflejos.com.ar\/2021\/que-pasa-cuando-venza-la-moratoria-previsional-mas-de-un-millon-de-personas-con-riesgo-de-quedarse-sin-jubilacion\/#primaryimage"},"image":{"@id":"https:\/\/www.noticiasradioreflejos.com.ar\/2021\/que-pasa-cuando-venza-la-moratoria-previsional-mas-de-un-millon-de-personas-con-riesgo-de-quedarse-sin-jubilacion\/#primaryimage"},"thumbnailUrl":"https:\/\/images.pagina12.com.ar\/styles\/focal_3_2_960x640\/public\/2022-06\/551905-whatsapp-20image-202022-06-03-20at-207-23-50-20pm.jpeg?itok=TnMH_QO2","datePublished":"2022-06-04T13:38:25+00:00","author":{"@id":"https:\/\/www.noticiasradioreflejos.com.ar\/2021\/#\/schema\/person\/ad82545263dcc5ec0996818884fd5fb1"},"breadcrumb":{"@id":"https:\/\/www.noticiasradioreflejos.com.ar\/2021\/que-pasa-cuando-venza-la-moratoria-previsional-mas-de-un-millon-de-personas-con-riesgo-de-quedarse-sin-jubilacion\/#breadcrumb"},"inLanguage":"es","potentialAction":[{"@type":"ReadAction","target":["https:\/\/www.noticiasradioreflejos.com.ar\/2021\/que-pasa-cuando-venza-la-moratoria-previsional-mas-de-un-millon-de-personas-con-riesgo-de-quedarse-sin-jubilacion\/"]}]},{"@type":"ImageObject","inLanguage":"es","@id":"https:\/\/www.noticiasradioreflejos.com.ar\/2021\/que-pasa-cuando-venza-la-moratoria-previsional-mas-de-un-millon-de-personas-con-riesgo-de-quedarse-sin-jubilacion\/#primaryimage","url":"https:\/\/images.pagina12.com.ar\/styles\/focal_3_2_960x640\/public\/2022-06\/551905-whatsapp-20image-202022-06-03-20at-207-23-50-20pm.jpeg?itok=TnMH_QO2","contentUrl":"https:\/\/images.pagina12.com.ar\/styles\/focal_3_2_960x640\/public\/2022-06\/551905-whatsapp-20image-202022-06-03-20at-207-23-50-20pm.jpeg?itok=TnMH_QO2"},{"@type":"BreadcrumbList","@id":"https:\/\/www.noticiasradioreflejos.com.ar\/2021\/que-pasa-cuando-venza-la-moratoria-previsional-mas-de-un-millon-de-personas-con-riesgo-de-quedarse-sin-jubilacion\/#breadcrumb","itemListElement":[{"@type":"ListItem","position":1,"name":"Portada","item":"https:\/\/www.noticiasradioreflejos.com.ar\/2021\/"},{"@type":"ListItem","position":2,"name":"Qu\u00e9 pasa cuando venza la moratoria previsional: m\u00e1s de un mill\u00f3n de personas con riesgo de quedarse sin jubilaci\u00f3n\u00a0"}]},{"@type":"WebSite","@id":"https:\/\/www.noticiasradioreflejos.com.ar\/2021\/#website","url":"https:\/\/www.noticiasradioreflejos.com.ar\/2021\/","name":"Noticias Radio Reflejos","description":"Las noticias de mi comarca","potentialAction":[{"@type":"SearchAction","target":{"@type":"EntryPoint","urlTemplate":"https:\/\/www.noticiasradioreflejos.com.ar\/2021\/?s={search_term_string}"},"query-input":{"@type":"PropertyValueSpecification","valueRequired":true,"valueName":"search_term_string"}}],"inLanguage":"es"},{"@type":"Person","@id":"https:\/\/www.noticiasradioreflejos.com.ar\/2021\/#\/schema\/person\/ad82545263dcc5ec0996818884fd5fb1","name":"Arnaldo Botto","image":{"@type":"ImageObject","inLanguage":"es","@id":"https:\/\/www.noticiasradioreflejos.com.ar\/2021\/#\/schema\/person\/image\/","url":"https:\/\/secure.gravatar.com\/avatar\/55cb5e37c1efa326397366e6974cb338056df65cb50e7d64d1cf314e87504837?s=96&d=mm&r=g","contentUrl":"https:\/\/secure.gravatar.com\/avatar\/55cb5e37c1efa326397366e6974cb338056df65cb50e7d64d1cf314e87504837?s=96&d=mm&r=g","caption":"Arnaldo Botto"},"url":"https:\/\/www.noticiasradioreflejos.com.ar\/2021\/author\/arnaldo\/"}]}},"_links":{"self":[{"href":"https:\/\/www.noticiasradioreflejos.com.ar\/2021\/wp-json\/wp\/v2\/posts\/73237","targetHints":{"allow":["GET"]}}],"collection":[{"href":"https:\/\/www.noticiasradioreflejos.com.ar\/2021\/wp-json\/wp\/v2\/posts"}],"about":[{"href":"https:\/\/www.noticiasradioreflejos.com.ar\/2021\/wp-json\/wp\/v2\/types\/post"}],"author":[{"embeddable":true,"href":"https:\/\/www.noticiasradioreflejos.com.ar\/2021\/wp-json\/wp\/v2\/users\/3"}],"replies":[{"embeddable":true,"href":"https:\/\/www.noticiasradioreflejos.com.ar\/2021\/wp-json\/wp\/v2\/comments?post=73237"}],"version-history":[{"count":1,"href":"https:\/\/www.noticiasradioreflejos.com.ar\/2021\/wp-json\/wp\/v2\/posts\/73237\/revisions"}],"predecessor-version":[{"id":73239,"href":"https:\/\/www.noticiasradioreflejos.com.ar\/2021\/wp-json\/wp\/v2\/posts\/73237\/revisions\/73239"}],"wp:attachment":[{"href":"https:\/\/www.noticiasradioreflejos.com.ar\/2021\/wp-json\/wp\/v2\/media?parent=73237"}],"wp:term":[{"taxonomy":"category","embeddable":true,"href":"https:\/\/www.noticiasradioreflejos.com.ar\/2021\/wp-json\/wp\/v2\/categories?post=73237"},{"taxonomy":"post_tag","embeddable":true,"href":"https:\/\/www.noticiasradioreflejos.com.ar\/2021\/wp-json\/wp\/v2\/tags?post=73237"}],"curies":[{"name":"wp","href":"https:\/\/api.w.org\/{rel}","templated":true}]}}