{"id":73234,"date":"2022-06-04T13:08:46","date_gmt":"2022-06-04T13:08:46","guid":{"rendered":"http:\/\/www.noticiasradioreflejos.com.ar\/2021\/?p=73234"},"modified":"2022-06-04T13:08:46","modified_gmt":"2022-06-04T13:08:46","slug":"tevez-confirmo-su-retiro-del-futbol-y-dijo-que-le-gustaria-ser-entrenador-de-boca-en-un-futuro","status":"publish","type":"post","link":"https:\/\/www.noticiasradioreflejos.com.ar\/2021\/tevez-confirmo-su-retiro-del-futbol-y-dijo-que-le-gustaria-ser-entrenador-de-boca-en-un-futuro\/","title":{"rendered":"T\u00e9vez confirm\u00f3 su retiro del f\u00fatbol y dijo que le gustar\u00eda ser entrenador de Boca en un futuro"},"content":{"rendered":"<p>\u00abEstoy retirado del f\u00fatbol. Me ofrecieron jugar en los Estados Unidos pero no acept\u00e9, que como jugador di todo lo que ten\u00eda en mi coraz\u00f3n\u00bb, confes\u00f3 el \u00faltimo gran \u00eddolo de Boca, de 38 a\u00f1os, en una entrevista que concedi\u00f3 al programa televisivo Animales Sueltos.<!--more--><\/p>\n<figure class=\"mb-3\"><img decoding=\"async\" src=\"https:\/\/www.telam.com.ar\/thumbs\/bluesteel\/advf\/imagenes\/2022\/06\/629b45f234f63_900.jpg\" alt=\"El Apache se retir del ftbol Foto Archivo\" width=\"100%\" height=\"100%\" \/><\/p>\n<div class=\"media-icons\"><\/div><figcaption>El \u00abApache\u00bb se retir\u00f3 del f\u00fatbol \/ Foto: Archivo<\/figcaption><\/figure>\n<p><strong>Carlos Tevez<\/strong>, el \u00faltimo gran \u00eddolo de Boca Juniors,\u00a0<strong>anunci\u00f3 oficialmente lo que era un secreto a voces, su retiro definitivo del f\u00fatbol profesional<\/strong>, y adelant\u00f3 que le gustar\u00eda ser entrenador y\u00a0<strong>dirigir a los \u00abXeneizes\u00bb en el futuro.<\/strong><\/p>\n<p>\u00abEstoy retirado del f\u00fatbol. Me ofrecieron jugar en los Estados Unidos pero no acept\u00e9, siento que ya di todo, que como jugador di todo lo que ten\u00eda en mi coraz\u00f3n\u00bb, confes\u00f3 el \u00abApache\u00bb Tevez, de 38 a\u00f1os, en una entrevista que concedi\u00f3 al programa televisivo Animales Sueltos, de Am\u00e9rica TV.<\/p>\n<p>El \u00eddolo boquense nacido en \u00abFuerte Apache\u00bb, Ciudadela, el 5 de febrero de 1984, jug\u00f3 por \u00faltima vez con la camiseta de Boca hace un a\u00f1o y luego se alej\u00f3 del club, con la posibilidad de jugar en equipos del exterior, especialmente de la MLS, la liga estadounidense, aunque finalmente no acept\u00f3 ninguna propuesta.<\/p>\n<p>\u00abEl \u00faltimo a\u00f1o m\u00edo jugando fue muy duro porque mi pap\u00e1 (Segundo Tevez) estaba internado y ten\u00eda muerte cerebral. Un d\u00eda me levant\u00e9 y le dije a mi mujer (Vanesa Mansilla) que no jugaba m\u00e1s. Luego llam\u00e9 a mi representante (Adri\u00e1n Ruocco) para adelantarle mi retiro y m\u00e1s tarde a Riquelme para explicarle que har\u00eda una conferencia para decir que me iba de Boca\u00bb, relat\u00f3 el ex delantero en la entrevista televisiva.<\/p>\n<div class=\"twitter-tweet twitter-tweet-rendered\"><\/div>\n<p>\u00abDej\u00e9 de jugar porque perd\u00ed a mi fan n\u00famero uno, a mi viejo. Ten\u00eda ocho a\u00f1os cuando empec\u00e9 y el que me ven\u00eda a ver era \u00e9l. Cuando falleci\u00f3 me dec\u00eda a m\u00ed mismo para qu\u00e9 m\u00e1s, para qu\u00e9 seguir. Me levant\u00e9 y dije no juego m\u00e1s para nadie, fue la \u00fanica vez que pens\u00e9 en mi\u00bb, a\u00f1adi\u00f3 el \u00eddolo boquense.<\/p>\n<p><strong>Tevez complet\u00f3 una carrera brillante en la que sobresali\u00f3 no solo con la camiseta de Boca, sino que fue campe\u00f3n en casi todos los clubes en los que jug\u00f3 desde su debut con 17 a\u00f1os el 21 de octubre de 2001<\/strong>, en un partido ante Talleres, en C\u00f3rdoba, con una formaci\u00f3n \u00abXeneize\u00bb dirigida por Carlos Bianchi.<\/p>\n<p>En Boca dej\u00f3 una huella imborrable en las tres etapas que estuvo en el club (2001-2004; 2015-2016 y 2017-2021), en las que complet\u00f3 279 partidos, 94 goles y 11 t\u00edtulos.<\/p>\n<p>Su carrera comenz\u00f3 en Boca y luego visti\u00f3 las camisetas de Corinthians, West Ham United, Manchester United, Manchester City, Juventus, nuevamente Boca, un paso fugaz por el Shanghai Shenhua de China y otra vez Boca.<\/p>\n<p>Con la camiseta del seleccionado argentino jug\u00f3 las Copas del Mundo de Alemania 2006 y Sud\u00e1frica 2010, en ambas ocasiones los \u00abalbicelestes\u00bb llegaron hasta los cuartos de final, y adem\u00e1s fue campe\u00f3n Sudamericano Sub-20 en 2003 en Montevideo y Oro Ol\u00edmpico en los Juegos de Atenas 2004.<\/p>\n<p>\u00abQuiero ser t\u00e9cnico, siento que estoy para dirigir. Hace unos meses me estoy preparando, estoy trabajando con el \u00abChapa\u00bb Retegui, tenemos un proyecto juntos y sue\u00f1o con dirigir a Boca, me est\u00e1 dando ese cosquilleo igual que cuando jugaba, por eso estoy seguro de lo que quiero hacer\u00bb, revel\u00f3 Tevez.<\/p>\n<p>El futbolista, quien gan\u00f3 las Copa Libertadores e Intercontinental con Boca, y tambi\u00e9n conquist\u00f3 la Liga de Campeones de Europa y el Mundial de Clubes con el Manchester United, se prepara para iniciar su carrera como DT con Carlos Retegui, exentrenador de Las Leonas y Los Leones, actualmente subsecretario de Deportes de la Ciudad de Buenos Aires.<\/p>\n<p>Entre otros logros individuales para resaltar en la brillante carrera de Tevez, sobresale que se trata del cuarto argentino con m\u00e1s t\u00edtulos (30), detr\u00e1s de Lionel Messi (40), \u00c1ngel Di Mar\u00eda (32) y Luis \u00abLucho\u00bb Gonz\u00e1lez (31).<\/p>\n<p>Adem\u00e1s, en Boca qued\u00f3 d\u00e9cimo entre los goleadores hist\u00f3ricos del club con 94 anotaciones, en un rubro que lidera otro \u00eddolo \u00abXeneize\u00bb como Mart\u00edn Palermo con 236.<\/p>\n","protected":false},"excerpt":{"rendered":"<p>\u00abEstoy retirado del f\u00fatbol. Me ofrecieron jugar en los Estados Unidos pero no acept\u00e9, que como jugador di todo lo que ten\u00eda en mi coraz\u00f3n\u00bb, confes\u00f3 el \u00faltimo gran \u00eddolo de Boca, de 38 a\u00f1os, en una entrevista que concedi\u00f3 al programa televisivo Animales Sueltos.<\/p>\n","protected":false},"author":3,"featured_media":0,"comment_status":"closed","ping_status":"closed","sticky":false,"template":"","format":"standard","meta":{"footnotes":""},"categories":[27],"tags":[],"class_list":["post-73234","post","type-post","status-publish","format-standard","hentry","category-deportes"],"yoast_head":"<!-- This site is optimized with the Yoast SEO plugin v25.9 - https:\/\/yoast.com\/wordpress\/plugins\/seo\/ -->\n<title>T\u00e9vez confirm\u00f3 su retiro del f\u00fatbol y dijo que le gustar\u00eda ser entrenador de Boca en un futuro - Noticias Radio Reflejos<\/title>\n<meta name=\"robots\" content=\"index, follow, max-snippet:-1, max-image-preview:large, max-video-preview:-1\" \/>\n<link rel=\"canonical\" href=\"https:\/\/www.noticiasradioreflejos.com.ar\/2021\/tevez-confirmo-su-retiro-del-futbol-y-dijo-que-le-gustaria-ser-entrenador-de-boca-en-un-futuro\/\" \/>\n<meta property=\"og:locale\" content=\"es_ES\" \/>\n<meta property=\"og:type\" content=\"article\" \/>\n<meta property=\"og:title\" content=\"T\u00e9vez confirm\u00f3 su retiro del f\u00fatbol y dijo que le gustar\u00eda ser entrenador de Boca en un futuro - Noticias Radio Reflejos\" \/>\n<meta property=\"og:description\" content=\"\u00abEstoy retirado del f\u00fatbol. Me ofrecieron jugar en los Estados Unidos pero no acept\u00e9, que como jugador di todo lo que ten\u00eda en mi coraz\u00f3n\u00bb, confes\u00f3 el \u00faltimo gran \u00eddolo de Boca, de 38 a\u00f1os, en una entrevista que concedi\u00f3 al programa televisivo Animales Sueltos.\" \/>\n<meta property=\"og:url\" content=\"https:\/\/www.noticiasradioreflejos.com.ar\/2021\/tevez-confirmo-su-retiro-del-futbol-y-dijo-que-le-gustaria-ser-entrenador-de-boca-en-un-futuro\/\" \/>\n<meta property=\"og:site_name\" content=\"Noticias Radio Reflejos\" \/>\n<meta property=\"article:published_time\" content=\"2022-06-04T13:08:46+00:00\" \/>\n<meta property=\"og:image\" content=\"https:\/\/www.telam.com.ar\/thumbs\/bluesteel\/advf\/imagenes\/2022\/06\/629b45f234f63_900.jpg\" \/>\n<meta name=\"author\" content=\"Arnaldo Botto\" \/>\n<meta name=\"twitter:card\" content=\"summary_large_image\" \/>\n<script type=\"application\/ld+json\" class=\"yoast-schema-graph\">{\"@context\":\"https:\/\/schema.org\",\"@graph\":[{\"@type\":\"WebPage\",\"@id\":\"https:\/\/www.noticiasradioreflejos.com.ar\/2021\/tevez-confirmo-su-retiro-del-futbol-y-dijo-que-le-gustaria-ser-entrenador-de-boca-en-un-futuro\/\",\"url\":\"https:\/\/www.noticiasradioreflejos.com.ar\/2021\/tevez-confirmo-su-retiro-del-futbol-y-dijo-que-le-gustaria-ser-entrenador-de-boca-en-un-futuro\/\",\"name\":\"T\u00e9vez confirm\u00f3 su retiro del f\u00fatbol y dijo que le gustar\u00eda ser entrenador de Boca en un futuro - Noticias Radio Reflejos\",\"isPartOf\":{\"@id\":\"https:\/\/www.noticiasradioreflejos.com.ar\/2021\/#website\"},\"primaryImageOfPage\":{\"@id\":\"https:\/\/www.noticiasradioreflejos.com.ar\/2021\/tevez-confirmo-su-retiro-del-futbol-y-dijo-que-le-gustaria-ser-entrenador-de-boca-en-un-futuro\/#primaryimage\"},\"image\":{\"@id\":\"https:\/\/www.noticiasradioreflejos.com.ar\/2021\/tevez-confirmo-su-retiro-del-futbol-y-dijo-que-le-gustaria-ser-entrenador-de-boca-en-un-futuro\/#primaryimage\"},\"thumbnailUrl\":\"https:\/\/www.telam.com.ar\/thumbs\/bluesteel\/advf\/imagenes\/2022\/06\/629b45f234f63_900.jpg\",\"datePublished\":\"2022-06-04T13:08:46+00:00\",\"author\":{\"@id\":\"https:\/\/www.noticiasradioreflejos.com.ar\/2021\/#\/schema\/person\/ad82545263dcc5ec0996818884fd5fb1\"},\"breadcrumb\":{\"@id\":\"https:\/\/www.noticiasradioreflejos.com.ar\/2021\/tevez-confirmo-su-retiro-del-futbol-y-dijo-que-le-gustaria-ser-entrenador-de-boca-en-un-futuro\/#breadcrumb\"},\"inLanguage\":\"es\",\"potentialAction\":[{\"@type\":\"ReadAction\",\"target\":[\"https:\/\/www.noticiasradioreflejos.com.ar\/2021\/tevez-confirmo-su-retiro-del-futbol-y-dijo-que-le-gustaria-ser-entrenador-de-boca-en-un-futuro\/\"]}]},{\"@type\":\"ImageObject\",\"inLanguage\":\"es\",\"@id\":\"https:\/\/www.noticiasradioreflejos.com.ar\/2021\/tevez-confirmo-su-retiro-del-futbol-y-dijo-que-le-gustaria-ser-entrenador-de-boca-en-un-futuro\/#primaryimage\",\"url\":\"https:\/\/www.telam.com.ar\/thumbs\/bluesteel\/advf\/imagenes\/2022\/06\/629b45f234f63_900.jpg\",\"contentUrl\":\"https:\/\/www.telam.com.ar\/thumbs\/bluesteel\/advf\/imagenes\/2022\/06\/629b45f234f63_900.jpg\"},{\"@type\":\"BreadcrumbList\",\"@id\":\"https:\/\/www.noticiasradioreflejos.com.ar\/2021\/tevez-confirmo-su-retiro-del-futbol-y-dijo-que-le-gustaria-ser-entrenador-de-boca-en-un-futuro\/#breadcrumb\",\"itemListElement\":[{\"@type\":\"ListItem\",\"position\":1,\"name\":\"Portada\",\"item\":\"https:\/\/www.noticiasradioreflejos.com.ar\/2021\/\"},{\"@type\":\"ListItem\",\"position\":2,\"name\":\"T\u00e9vez confirm\u00f3 su retiro del f\u00fatbol y dijo que le gustar\u00eda ser entrenador de Boca en un futuro\"}]},{\"@type\":\"WebSite\",\"@id\":\"https:\/\/www.noticiasradioreflejos.com.ar\/2021\/#website\",\"url\":\"https:\/\/www.noticiasradioreflejos.com.ar\/2021\/\",\"name\":\"Noticias Radio Reflejos\",\"description\":\"Las noticias de mi comarca\",\"potentialAction\":[{\"@type\":\"SearchAction\",\"target\":{\"@type\":\"EntryPoint\",\"urlTemplate\":\"https:\/\/www.noticiasradioreflejos.com.ar\/2021\/?s={search_term_string}\"},\"query-input\":{\"@type\":\"PropertyValueSpecification\",\"valueRequired\":true,\"valueName\":\"search_term_string\"}}],\"inLanguage\":\"es\"},{\"@type\":\"Person\",\"@id\":\"https:\/\/www.noticiasradioreflejos.com.ar\/2021\/#\/schema\/person\/ad82545263dcc5ec0996818884fd5fb1\",\"name\":\"Arnaldo Botto\",\"image\":{\"@type\":\"ImageObject\",\"inLanguage\":\"es\",\"@id\":\"https:\/\/www.noticiasradioreflejos.com.ar\/2021\/#\/schema\/person\/image\/\",\"url\":\"https:\/\/secure.gravatar.com\/avatar\/55cb5e37c1efa326397366e6974cb338056df65cb50e7d64d1cf314e87504837?s=96&d=mm&r=g\",\"contentUrl\":\"https:\/\/secure.gravatar.com\/avatar\/55cb5e37c1efa326397366e6974cb338056df65cb50e7d64d1cf314e87504837?s=96&d=mm&r=g\",\"caption\":\"Arnaldo Botto\"},\"url\":\"https:\/\/www.noticiasradioreflejos.com.ar\/2021\/author\/arnaldo\/\"}]}<\/script>\n<!-- \/ Yoast SEO plugin. -->","yoast_head_json":{"title":"T\u00e9vez confirm\u00f3 su retiro del f\u00fatbol y dijo que le gustar\u00eda ser entrenador de Boca en un futuro - Noticias Radio Reflejos","robots":{"index":"index","follow":"follow","max-snippet":"max-snippet:-1","max-image-preview":"max-image-preview:large","max-video-preview":"max-video-preview:-1"},"canonical":"https:\/\/www.noticiasradioreflejos.com.ar\/2021\/tevez-confirmo-su-retiro-del-futbol-y-dijo-que-le-gustaria-ser-entrenador-de-boca-en-un-futuro\/","og_locale":"es_ES","og_type":"article","og_title":"T\u00e9vez confirm\u00f3 su retiro del f\u00fatbol y dijo que le gustar\u00eda ser entrenador de Boca en un futuro - Noticias Radio Reflejos","og_description":"\u00abEstoy retirado del f\u00fatbol. Me ofrecieron jugar en los Estados Unidos pero no acept\u00e9, que como jugador di todo lo que ten\u00eda en mi coraz\u00f3n\u00bb, confes\u00f3 el \u00faltimo gran \u00eddolo de Boca, de 38 a\u00f1os, en una entrevista que concedi\u00f3 al programa televisivo Animales Sueltos.","og_url":"https:\/\/www.noticiasradioreflejos.com.ar\/2021\/tevez-confirmo-su-retiro-del-futbol-y-dijo-que-le-gustaria-ser-entrenador-de-boca-en-un-futuro\/","og_site_name":"Noticias Radio Reflejos","article_published_time":"2022-06-04T13:08:46+00:00","og_image":[{"url":"https:\/\/www.telam.com.ar\/thumbs\/bluesteel\/advf\/imagenes\/2022\/06\/629b45f234f63_900.jpg","type":"","width":"","height":""}],"author":"Arnaldo Botto","twitter_card":"summary_large_image","schema":{"@context":"https:\/\/schema.org","@graph":[{"@type":"WebPage","@id":"https:\/\/www.noticiasradioreflejos.com.ar\/2021\/tevez-confirmo-su-retiro-del-futbol-y-dijo-que-le-gustaria-ser-entrenador-de-boca-en-un-futuro\/","url":"https:\/\/www.noticiasradioreflejos.com.ar\/2021\/tevez-confirmo-su-retiro-del-futbol-y-dijo-que-le-gustaria-ser-entrenador-de-boca-en-un-futuro\/","name":"T\u00e9vez confirm\u00f3 su retiro del f\u00fatbol y dijo que le gustar\u00eda ser entrenador de Boca en un futuro - Noticias Radio Reflejos","isPartOf":{"@id":"https:\/\/www.noticiasradioreflejos.com.ar\/2021\/#website"},"primaryImageOfPage":{"@id":"https:\/\/www.noticiasradioreflejos.com.ar\/2021\/tevez-confirmo-su-retiro-del-futbol-y-dijo-que-le-gustaria-ser-entrenador-de-boca-en-un-futuro\/#primaryimage"},"image":{"@id":"https:\/\/www.noticiasradioreflejos.com.ar\/2021\/tevez-confirmo-su-retiro-del-futbol-y-dijo-que-le-gustaria-ser-entrenador-de-boca-en-un-futuro\/#primaryimage"},"thumbnailUrl":"https:\/\/www.telam.com.ar\/thumbs\/bluesteel\/advf\/imagenes\/2022\/06\/629b45f234f63_900.jpg","datePublished":"2022-06-04T13:08:46+00:00","author":{"@id":"https:\/\/www.noticiasradioreflejos.com.ar\/2021\/#\/schema\/person\/ad82545263dcc5ec0996818884fd5fb1"},"breadcrumb":{"@id":"https:\/\/www.noticiasradioreflejos.com.ar\/2021\/tevez-confirmo-su-retiro-del-futbol-y-dijo-que-le-gustaria-ser-entrenador-de-boca-en-un-futuro\/#breadcrumb"},"inLanguage":"es","potentialAction":[{"@type":"ReadAction","target":["https:\/\/www.noticiasradioreflejos.com.ar\/2021\/tevez-confirmo-su-retiro-del-futbol-y-dijo-que-le-gustaria-ser-entrenador-de-boca-en-un-futuro\/"]}]},{"@type":"ImageObject","inLanguage":"es","@id":"https:\/\/www.noticiasradioreflejos.com.ar\/2021\/tevez-confirmo-su-retiro-del-futbol-y-dijo-que-le-gustaria-ser-entrenador-de-boca-en-un-futuro\/#primaryimage","url":"https:\/\/www.telam.com.ar\/thumbs\/bluesteel\/advf\/imagenes\/2022\/06\/629b45f234f63_900.jpg","contentUrl":"https:\/\/www.telam.com.ar\/thumbs\/bluesteel\/advf\/imagenes\/2022\/06\/629b45f234f63_900.jpg"},{"@type":"BreadcrumbList","@id":"https:\/\/www.noticiasradioreflejos.com.ar\/2021\/tevez-confirmo-su-retiro-del-futbol-y-dijo-que-le-gustaria-ser-entrenador-de-boca-en-un-futuro\/#breadcrumb","itemListElement":[{"@type":"ListItem","position":1,"name":"Portada","item":"https:\/\/www.noticiasradioreflejos.com.ar\/2021\/"},{"@type":"ListItem","position":2,"name":"T\u00e9vez confirm\u00f3 su retiro del f\u00fatbol y dijo que le gustar\u00eda ser entrenador de Boca en un futuro"}]},{"@type":"WebSite","@id":"https:\/\/www.noticiasradioreflejos.com.ar\/2021\/#website","url":"https:\/\/www.noticiasradioreflejos.com.ar\/2021\/","name":"Noticias Radio Reflejos","description":"Las noticias de mi comarca","potentialAction":[{"@type":"SearchAction","target":{"@type":"EntryPoint","urlTemplate":"https:\/\/www.noticiasradioreflejos.com.ar\/2021\/?s={search_term_string}"},"query-input":{"@type":"PropertyValueSpecification","valueRequired":true,"valueName":"search_term_string"}}],"inLanguage":"es"},{"@type":"Person","@id":"https:\/\/www.noticiasradioreflejos.com.ar\/2021\/#\/schema\/person\/ad82545263dcc5ec0996818884fd5fb1","name":"Arnaldo Botto","image":{"@type":"ImageObject","inLanguage":"es","@id":"https:\/\/www.noticiasradioreflejos.com.ar\/2021\/#\/schema\/person\/image\/","url":"https:\/\/secure.gravatar.com\/avatar\/55cb5e37c1efa326397366e6974cb338056df65cb50e7d64d1cf314e87504837?s=96&d=mm&r=g","contentUrl":"https:\/\/secure.gravatar.com\/avatar\/55cb5e37c1efa326397366e6974cb338056df65cb50e7d64d1cf314e87504837?s=96&d=mm&r=g","caption":"Arnaldo Botto"},"url":"https:\/\/www.noticiasradioreflejos.com.ar\/2021\/author\/arnaldo\/"}]}},"_links":{"self":[{"href":"https:\/\/www.noticiasradioreflejos.com.ar\/2021\/wp-json\/wp\/v2\/posts\/73234","targetHints":{"allow":["GET"]}}],"collection":[{"href":"https:\/\/www.noticiasradioreflejos.com.ar\/2021\/wp-json\/wp\/v2\/posts"}],"about":[{"href":"https:\/\/www.noticiasradioreflejos.com.ar\/2021\/wp-json\/wp\/v2\/types\/post"}],"author":[{"embeddable":true,"href":"https:\/\/www.noticiasradioreflejos.com.ar\/2021\/wp-json\/wp\/v2\/users\/3"}],"replies":[{"embeddable":true,"href":"https:\/\/www.noticiasradioreflejos.com.ar\/2021\/wp-json\/wp\/v2\/comments?post=73234"}],"version-history":[{"count":1,"href":"https:\/\/www.noticiasradioreflejos.com.ar\/2021\/wp-json\/wp\/v2\/posts\/73234\/revisions"}],"predecessor-version":[{"id":73236,"href":"https:\/\/www.noticiasradioreflejos.com.ar\/2021\/wp-json\/wp\/v2\/posts\/73234\/revisions\/73236"}],"wp:attachment":[{"href":"https:\/\/www.noticiasradioreflejos.com.ar\/2021\/wp-json\/wp\/v2\/media?parent=73234"}],"wp:term":[{"taxonomy":"category","embeddable":true,"href":"https:\/\/www.noticiasradioreflejos.com.ar\/2021\/wp-json\/wp\/v2\/categories?post=73234"},{"taxonomy":"post_tag","embeddable":true,"href":"https:\/\/www.noticiasradioreflejos.com.ar\/2021\/wp-json\/wp\/v2\/tags?post=73234"}],"curies":[{"name":"wp","href":"https:\/\/api.w.org\/{rel}","templated":true}]}}