{"id":73231,"date":"2022-06-04T13:04:26","date_gmt":"2022-06-04T13:04:26","guid":{"rendered":"http:\/\/www.noticiasradioreflejos.com.ar\/2021\/?p=73231"},"modified":"2022-06-04T13:04:26","modified_gmt":"2022-06-04T13:04:26","slug":"vendia-armas-por-internet-tenia-fusiles-una-ametralladora-y-hasta-un-lanzamisiles","status":"publish","type":"post","link":"https:\/\/www.noticiasradioreflejos.com.ar\/2021\/vendia-armas-por-internet-tenia-fusiles-una-ametralladora-y-hasta-un-lanzamisiles\/","title":{"rendered":"Vend\u00eda armas por internet: ten\u00eda fusiles, una ametralladora y hasta un lanzamisiles"},"content":{"rendered":"<div class=\"wrapper-header\">\n<div class=\"container-xl\">\n<div class=\"row\">\n<div class=\"col-12\">\n<div class=\"head-content mb-4\">\n<div class=\"volanta\"><\/div>\n<div class=\"my-3\">\n<div class=\"social mt-3\">Durante el allanamiento al domicilio de Gast\u00f3n Garbus, de 35 a\u00f1os, los uniformados secuestraron un importante arsenal. El hombre qued\u00f3 detenido por \u00abtenencia ilegal de armas de guerra, de arma de uso civil y de material explosivo\u00bb.<\/div>\n<\/div>\n<\/div>\n<\/div>\n<\/div>\n<\/div>\n<\/div>\n<p><!--more--><\/p>\n<div class=\"wrapper-editable-content\">\n<div>\n<div class=\"wrapper-editable-content\">\n<div>\n<div class=\"container-md\">\n<div class=\"row\">\n<div class=\"col-md-12 speak\">\n<div class=\"paragraph\">\n<figure class=\"mb-3\"><img decoding=\"async\" src=\"https:\/\/www.telam.com.ar\/thumbs\/bluesteel\/advf\/imagenes\/2022\/06\/629a4e72e18bd_900.jpg\" alt=\"Un verdadero arsenal tena en su poder el hombre de Martnez Foto Prensa\" width=\"100%\" height=\"100%\" \/><\/p>\n<div class=\"media-icons\"><\/div><figcaption>Un verdadero arsenal ten\u00eda en su poder el hombre de Mart\u00ednez \/ Foto: Prensa.<\/figcaption><\/figure>\n<p>Un hombre de 35 a\u00f1os fue detenido en la localidad bonaerense de Mart\u00ednez acusado de comercializar v\u00eda internet repuestos de armas de fuego y municiones, y en el allanamiento en su domicilio se hall\u00f3 un arsenal que inclu\u00eda tres fusiles, dos rifles, diez armas de pu\u00f1o, una ametralladora y hasta un lanzamisiles port\u00e1til, informaron este viernes fuentes policiales.<\/p>\n<p>El procedimiento fue realizado por detectives de la Delegaci\u00f3n Departamental de Investigaciones (DDI) de San Isidro, en una vivienda ubicada en la calle Francisco Mu\u00f1iz al 800 de la mencionada localidad del norte del conurbano, desde donde, seg\u00fan la investigaci\u00f3n del fiscal de Mart\u00ednez, Gast\u00f3n Garbus, comercializaba armas, repuestos y municiones.<\/p>\n<p>Entre los elementos secuestrados, se hallaron:\u00a0<strong>tres pistolas calibre 22, siete rev\u00f3lveres calibres 32 y 38 special, una escopeta, dos rifles, tres fusiles, una pistola ametralladora mini Uzi y un lanzamisil militar port\u00e1til<\/strong>.<\/p>\n<p>Tambi\u00e9n se incautaron de\u00a0<strong>500 cartuchos de escopeta, 500 cartuchos para pistolas y rev\u00f3lveres de diversos calibres, 500 cartuchos ya utilizados, y 300 vainas para ser reutilizadas, puntas de diferentes calibres y un proyectil calibre 50<\/strong>\u00a0y dos espoletas de proyectil bal\u00edstico que fueron detonados por personal de Explosivos de San Isidro acorde al protocolo.<\/p>\n<p>Al carecer todos estos elementos de documentaci\u00f3n correspondiente y al encontrarse prohibida su tenencia de manera civil, el hombre de 35 a\u00f1os qued\u00f3 aprehendido por los delitos de \u00abtenencia ilegal de arma de guerra, de arma de uso civil y de material explosivo\u00bb.<\/p>\n<p>En el operativo cumplieron tareas de apoyo efectivos de la Estaci\u00f3n de Polic\u00eda Departamental de Seguridad (EPDS) de San Isidro, bajo la supervisi\u00f3n del Ministerio de Seguridad a trav\u00e9s de la Superintendencia de Investigaciones.<\/p><\/div>\n<\/div>\n<\/div>\n<\/div>\n<\/div>\n<\/div>\n<\/div>\n<\/div>\n","protected":false},"excerpt":{"rendered":"<p>Durante el allanamiento al domicilio de Gast\u00f3n Garbus, de 35 a\u00f1os, los uniformados secuestraron un importante arsenal. El hombre qued\u00f3 detenido por \u00abtenencia ilegal de armas de guerra, de arma de uso civil y de material explosivo\u00bb.<\/p>\n","protected":false},"author":3,"featured_media":0,"comment_status":"closed","ping_status":"closed","sticky":false,"template":"","format":"standard","meta":{"footnotes":""},"categories":[1],"tags":[],"class_list":["post-73231","post","type-post","status-publish","format-standard","hentry","category-sin-categoria"],"yoast_head":"<!-- This site is optimized with the Yoast SEO plugin v25.9 - https:\/\/yoast.com\/wordpress\/plugins\/seo\/ -->\n<title>Vend\u00eda armas por internet: ten\u00eda fusiles, una ametralladora y hasta un lanzamisiles - Noticias Radio Reflejos<\/title>\n<meta name=\"robots\" content=\"index, follow, max-snippet:-1, max-image-preview:large, max-video-preview:-1\" \/>\n<link rel=\"canonical\" href=\"https:\/\/www.noticiasradioreflejos.com.ar\/2021\/vendia-armas-por-internet-tenia-fusiles-una-ametralladora-y-hasta-un-lanzamisiles\/\" \/>\n<meta property=\"og:locale\" content=\"es_ES\" \/>\n<meta property=\"og:type\" content=\"article\" \/>\n<meta property=\"og:title\" content=\"Vend\u00eda armas por internet: ten\u00eda fusiles, una ametralladora y hasta un lanzamisiles - Noticias Radio Reflejos\" \/>\n<meta property=\"og:description\" content=\"Durante el allanamiento al domicilio de Gast\u00f3n Garbus, de 35 a\u00f1os, los uniformados secuestraron un importante arsenal. El hombre qued\u00f3 detenido por \u00abtenencia ilegal de armas de guerra, de arma de uso civil y de material explosivo\u00bb.\" \/>\n<meta property=\"og:url\" content=\"https:\/\/www.noticiasradioreflejos.com.ar\/2021\/vendia-armas-por-internet-tenia-fusiles-una-ametralladora-y-hasta-un-lanzamisiles\/\" \/>\n<meta property=\"og:site_name\" content=\"Noticias Radio Reflejos\" \/>\n<meta property=\"article:published_time\" content=\"2022-06-04T13:04:26+00:00\" \/>\n<meta property=\"og:image\" content=\"https:\/\/www.telam.com.ar\/thumbs\/bluesteel\/advf\/imagenes\/2022\/06\/629a4e72e18bd_900.jpg\" \/>\n<meta name=\"author\" content=\"Arnaldo Botto\" \/>\n<meta name=\"twitter:card\" content=\"summary_large_image\" \/>\n<script type=\"application\/ld+json\" class=\"yoast-schema-graph\">{\"@context\":\"https:\/\/schema.org\",\"@graph\":[{\"@type\":\"WebPage\",\"@id\":\"https:\/\/www.noticiasradioreflejos.com.ar\/2021\/vendia-armas-por-internet-tenia-fusiles-una-ametralladora-y-hasta-un-lanzamisiles\/\",\"url\":\"https:\/\/www.noticiasradioreflejos.com.ar\/2021\/vendia-armas-por-internet-tenia-fusiles-una-ametralladora-y-hasta-un-lanzamisiles\/\",\"name\":\"Vend\u00eda armas por internet: ten\u00eda fusiles, una ametralladora y hasta un lanzamisiles - Noticias Radio Reflejos\",\"isPartOf\":{\"@id\":\"https:\/\/www.noticiasradioreflejos.com.ar\/2021\/#website\"},\"primaryImageOfPage\":{\"@id\":\"https:\/\/www.noticiasradioreflejos.com.ar\/2021\/vendia-armas-por-internet-tenia-fusiles-una-ametralladora-y-hasta-un-lanzamisiles\/#primaryimage\"},\"image\":{\"@id\":\"https:\/\/www.noticiasradioreflejos.com.ar\/2021\/vendia-armas-por-internet-tenia-fusiles-una-ametralladora-y-hasta-un-lanzamisiles\/#primaryimage\"},\"thumbnailUrl\":\"https:\/\/www.telam.com.ar\/thumbs\/bluesteel\/advf\/imagenes\/2022\/06\/629a4e72e18bd_900.jpg\",\"datePublished\":\"2022-06-04T13:04:26+00:00\",\"author\":{\"@id\":\"https:\/\/www.noticiasradioreflejos.com.ar\/2021\/#\/schema\/person\/ad82545263dcc5ec0996818884fd5fb1\"},\"breadcrumb\":{\"@id\":\"https:\/\/www.noticiasradioreflejos.com.ar\/2021\/vendia-armas-por-internet-tenia-fusiles-una-ametralladora-y-hasta-un-lanzamisiles\/#breadcrumb\"},\"inLanguage\":\"es\",\"potentialAction\":[{\"@type\":\"ReadAction\",\"target\":[\"https:\/\/www.noticiasradioreflejos.com.ar\/2021\/vendia-armas-por-internet-tenia-fusiles-una-ametralladora-y-hasta-un-lanzamisiles\/\"]}]},{\"@type\":\"ImageObject\",\"inLanguage\":\"es\",\"@id\":\"https:\/\/www.noticiasradioreflejos.com.ar\/2021\/vendia-armas-por-internet-tenia-fusiles-una-ametralladora-y-hasta-un-lanzamisiles\/#primaryimage\",\"url\":\"https:\/\/www.telam.com.ar\/thumbs\/bluesteel\/advf\/imagenes\/2022\/06\/629a4e72e18bd_900.jpg\",\"contentUrl\":\"https:\/\/www.telam.com.ar\/thumbs\/bluesteel\/advf\/imagenes\/2022\/06\/629a4e72e18bd_900.jpg\"},{\"@type\":\"BreadcrumbList\",\"@id\":\"https:\/\/www.noticiasradioreflejos.com.ar\/2021\/vendia-armas-por-internet-tenia-fusiles-una-ametralladora-y-hasta-un-lanzamisiles\/#breadcrumb\",\"itemListElement\":[{\"@type\":\"ListItem\",\"position\":1,\"name\":\"Portada\",\"item\":\"https:\/\/www.noticiasradioreflejos.com.ar\/2021\/\"},{\"@type\":\"ListItem\",\"position\":2,\"name\":\"Vend\u00eda armas por internet: ten\u00eda fusiles, una ametralladora y hasta un lanzamisiles\"}]},{\"@type\":\"WebSite\",\"@id\":\"https:\/\/www.noticiasradioreflejos.com.ar\/2021\/#website\",\"url\":\"https:\/\/www.noticiasradioreflejos.com.ar\/2021\/\",\"name\":\"Noticias Radio Reflejos\",\"description\":\"Las noticias de mi comarca\",\"potentialAction\":[{\"@type\":\"SearchAction\",\"target\":{\"@type\":\"EntryPoint\",\"urlTemplate\":\"https:\/\/www.noticiasradioreflejos.com.ar\/2021\/?s={search_term_string}\"},\"query-input\":{\"@type\":\"PropertyValueSpecification\",\"valueRequired\":true,\"valueName\":\"search_term_string\"}}],\"inLanguage\":\"es\"},{\"@type\":\"Person\",\"@id\":\"https:\/\/www.noticiasradioreflejos.com.ar\/2021\/#\/schema\/person\/ad82545263dcc5ec0996818884fd5fb1\",\"name\":\"Arnaldo Botto\",\"image\":{\"@type\":\"ImageObject\",\"inLanguage\":\"es\",\"@id\":\"https:\/\/www.noticiasradioreflejos.com.ar\/2021\/#\/schema\/person\/image\/\",\"url\":\"https:\/\/secure.gravatar.com\/avatar\/55cb5e37c1efa326397366e6974cb338056df65cb50e7d64d1cf314e87504837?s=96&d=mm&r=g\",\"contentUrl\":\"https:\/\/secure.gravatar.com\/avatar\/55cb5e37c1efa326397366e6974cb338056df65cb50e7d64d1cf314e87504837?s=96&d=mm&r=g\",\"caption\":\"Arnaldo Botto\"},\"url\":\"https:\/\/www.noticiasradioreflejos.com.ar\/2021\/author\/arnaldo\/\"}]}<\/script>\n<!-- \/ Yoast SEO plugin. -->","yoast_head_json":{"title":"Vend\u00eda armas por internet: ten\u00eda fusiles, una ametralladora y hasta un lanzamisiles - Noticias Radio Reflejos","robots":{"index":"index","follow":"follow","max-snippet":"max-snippet:-1","max-image-preview":"max-image-preview:large","max-video-preview":"max-video-preview:-1"},"canonical":"https:\/\/www.noticiasradioreflejos.com.ar\/2021\/vendia-armas-por-internet-tenia-fusiles-una-ametralladora-y-hasta-un-lanzamisiles\/","og_locale":"es_ES","og_type":"article","og_title":"Vend\u00eda armas por internet: ten\u00eda fusiles, una ametralladora y hasta un lanzamisiles - Noticias Radio Reflejos","og_description":"Durante el allanamiento al domicilio de Gast\u00f3n Garbus, de 35 a\u00f1os, los uniformados secuestraron un importante arsenal. El hombre qued\u00f3 detenido por \u00abtenencia ilegal de armas de guerra, de arma de uso civil y de material explosivo\u00bb.","og_url":"https:\/\/www.noticiasradioreflejos.com.ar\/2021\/vendia-armas-por-internet-tenia-fusiles-una-ametralladora-y-hasta-un-lanzamisiles\/","og_site_name":"Noticias Radio Reflejos","article_published_time":"2022-06-04T13:04:26+00:00","og_image":[{"url":"https:\/\/www.telam.com.ar\/thumbs\/bluesteel\/advf\/imagenes\/2022\/06\/629a4e72e18bd_900.jpg","type":"","width":"","height":""}],"author":"Arnaldo Botto","twitter_card":"summary_large_image","schema":{"@context":"https:\/\/schema.org","@graph":[{"@type":"WebPage","@id":"https:\/\/www.noticiasradioreflejos.com.ar\/2021\/vendia-armas-por-internet-tenia-fusiles-una-ametralladora-y-hasta-un-lanzamisiles\/","url":"https:\/\/www.noticiasradioreflejos.com.ar\/2021\/vendia-armas-por-internet-tenia-fusiles-una-ametralladora-y-hasta-un-lanzamisiles\/","name":"Vend\u00eda armas por internet: ten\u00eda fusiles, una ametralladora y hasta un lanzamisiles - Noticias Radio Reflejos","isPartOf":{"@id":"https:\/\/www.noticiasradioreflejos.com.ar\/2021\/#website"},"primaryImageOfPage":{"@id":"https:\/\/www.noticiasradioreflejos.com.ar\/2021\/vendia-armas-por-internet-tenia-fusiles-una-ametralladora-y-hasta-un-lanzamisiles\/#primaryimage"},"image":{"@id":"https:\/\/www.noticiasradioreflejos.com.ar\/2021\/vendia-armas-por-internet-tenia-fusiles-una-ametralladora-y-hasta-un-lanzamisiles\/#primaryimage"},"thumbnailUrl":"https:\/\/www.telam.com.ar\/thumbs\/bluesteel\/advf\/imagenes\/2022\/06\/629a4e72e18bd_900.jpg","datePublished":"2022-06-04T13:04:26+00:00","author":{"@id":"https:\/\/www.noticiasradioreflejos.com.ar\/2021\/#\/schema\/person\/ad82545263dcc5ec0996818884fd5fb1"},"breadcrumb":{"@id":"https:\/\/www.noticiasradioreflejos.com.ar\/2021\/vendia-armas-por-internet-tenia-fusiles-una-ametralladora-y-hasta-un-lanzamisiles\/#breadcrumb"},"inLanguage":"es","potentialAction":[{"@type":"ReadAction","target":["https:\/\/www.noticiasradioreflejos.com.ar\/2021\/vendia-armas-por-internet-tenia-fusiles-una-ametralladora-y-hasta-un-lanzamisiles\/"]}]},{"@type":"ImageObject","inLanguage":"es","@id":"https:\/\/www.noticiasradioreflejos.com.ar\/2021\/vendia-armas-por-internet-tenia-fusiles-una-ametralladora-y-hasta-un-lanzamisiles\/#primaryimage","url":"https:\/\/www.telam.com.ar\/thumbs\/bluesteel\/advf\/imagenes\/2022\/06\/629a4e72e18bd_900.jpg","contentUrl":"https:\/\/www.telam.com.ar\/thumbs\/bluesteel\/advf\/imagenes\/2022\/06\/629a4e72e18bd_900.jpg"},{"@type":"BreadcrumbList","@id":"https:\/\/www.noticiasradioreflejos.com.ar\/2021\/vendia-armas-por-internet-tenia-fusiles-una-ametralladora-y-hasta-un-lanzamisiles\/#breadcrumb","itemListElement":[{"@type":"ListItem","position":1,"name":"Portada","item":"https:\/\/www.noticiasradioreflejos.com.ar\/2021\/"},{"@type":"ListItem","position":2,"name":"Vend\u00eda armas por internet: ten\u00eda fusiles, una ametralladora y hasta un lanzamisiles"}]},{"@type":"WebSite","@id":"https:\/\/www.noticiasradioreflejos.com.ar\/2021\/#website","url":"https:\/\/www.noticiasradioreflejos.com.ar\/2021\/","name":"Noticias Radio Reflejos","description":"Las noticias de mi comarca","potentialAction":[{"@type":"SearchAction","target":{"@type":"EntryPoint","urlTemplate":"https:\/\/www.noticiasradioreflejos.com.ar\/2021\/?s={search_term_string}"},"query-input":{"@type":"PropertyValueSpecification","valueRequired":true,"valueName":"search_term_string"}}],"inLanguage":"es"},{"@type":"Person","@id":"https:\/\/www.noticiasradioreflejos.com.ar\/2021\/#\/schema\/person\/ad82545263dcc5ec0996818884fd5fb1","name":"Arnaldo Botto","image":{"@type":"ImageObject","inLanguage":"es","@id":"https:\/\/www.noticiasradioreflejos.com.ar\/2021\/#\/schema\/person\/image\/","url":"https:\/\/secure.gravatar.com\/avatar\/55cb5e37c1efa326397366e6974cb338056df65cb50e7d64d1cf314e87504837?s=96&d=mm&r=g","contentUrl":"https:\/\/secure.gravatar.com\/avatar\/55cb5e37c1efa326397366e6974cb338056df65cb50e7d64d1cf314e87504837?s=96&d=mm&r=g","caption":"Arnaldo Botto"},"url":"https:\/\/www.noticiasradioreflejos.com.ar\/2021\/author\/arnaldo\/"}]}},"_links":{"self":[{"href":"https:\/\/www.noticiasradioreflejos.com.ar\/2021\/wp-json\/wp\/v2\/posts\/73231","targetHints":{"allow":["GET"]}}],"collection":[{"href":"https:\/\/www.noticiasradioreflejos.com.ar\/2021\/wp-json\/wp\/v2\/posts"}],"about":[{"href":"https:\/\/www.noticiasradioreflejos.com.ar\/2021\/wp-json\/wp\/v2\/types\/post"}],"author":[{"embeddable":true,"href":"https:\/\/www.noticiasradioreflejos.com.ar\/2021\/wp-json\/wp\/v2\/users\/3"}],"replies":[{"embeddable":true,"href":"https:\/\/www.noticiasradioreflejos.com.ar\/2021\/wp-json\/wp\/v2\/comments?post=73231"}],"version-history":[{"count":1,"href":"https:\/\/www.noticiasradioreflejos.com.ar\/2021\/wp-json\/wp\/v2\/posts\/73231\/revisions"}],"predecessor-version":[{"id":73233,"href":"https:\/\/www.noticiasradioreflejos.com.ar\/2021\/wp-json\/wp\/v2\/posts\/73231\/revisions\/73233"}],"wp:attachment":[{"href":"https:\/\/www.noticiasradioreflejos.com.ar\/2021\/wp-json\/wp\/v2\/media?parent=73231"}],"wp:term":[{"taxonomy":"category","embeddable":true,"href":"https:\/\/www.noticiasradioreflejos.com.ar\/2021\/wp-json\/wp\/v2\/categories?post=73231"},{"taxonomy":"post_tag","embeddable":true,"href":"https:\/\/www.noticiasradioreflejos.com.ar\/2021\/wp-json\/wp\/v2\/tags?post=73231"}],"curies":[{"name":"wp","href":"https:\/\/api.w.org\/{rel}","templated":true}]}}